{"id":46224,"date":"2020-03-16T21:58:03","date_gmt":"2020-03-17T03:58:03","guid":{"rendered":"http:\/\/www.grieta.org.mx\/?p=46224"},"modified":"2020-03-16T22:03:23","modified_gmt":"2020-03-17T04:03:23","slug":"por-coronavirus-el-ezln-cierra-caracoles-y-llama-a-no-abandonar-las-luchas-actuales-comunicado","status":"publish","type":"post","link":"https:\/\/www.grieta.org.mx\/index.php\/2020\/03\/16\/por-coronavirus-el-ezln-cierra-caracoles-y-llama-a-no-abandonar-las-luchas-actuales-comunicado\/","title":{"rendered":"POR CORONAVIRUS EL EZLN CIERRA CARACOLES Y LLAMA A NO ABANDONAR LAS LUCHAS ACTUALES (COMUNICADO)"},"content":{"rendered":"<p><img loading=\"lazy\" decoding=\"async\" data-attachment-id=\"46225\" data-permalink=\"https:\/\/www.grieta.org.mx\/index.php\/2020\/03\/16\/por-coronavirus-el-ezln-cierra-caracoles-y-llama-a-no-abandonar-las-luchas-actuales-comunicado\/21841-ezln-ejercito-zapatista_400px\/\" data-orig-file=\"https:\/\/www.grieta.org.mx\/wp-content\/uploads\/2020\/03\/21841-ezln-ejercito-zapatista_400px.jpg\" data-orig-size=\"413,276\" data-comments-opened=\"0\" data-image-meta=\"{&quot;aperture&quot;:&quot;0&quot;,&quot;credit&quot;:&quot;&quot;,&quot;camera&quot;:&quot;&quot;,&quot;caption&quot;:&quot;&quot;,&quot;created_timestamp&quot;:&quot;0&quot;,&quot;copyright&quot;:&quot;&quot;,&quot;focal_length&quot;:&quot;0&quot;,&quot;iso&quot;:&quot;0&quot;,&quot;shutter_speed&quot;:&quot;0&quot;,&quot;title&quot;:&quot;&quot;,&quot;orientation&quot;:&quot;0&quot;}\" data-image-title=\"21841-ezln-ejercito-zapatista_400px\" data-image-description=\"\" data-image-caption=\"\" data-medium-file=\"https:\/\/www.grieta.org.mx\/wp-content\/uploads\/2020\/03\/21841-ezln-ejercito-zapatista_400px-300x200.jpg\" data-large-file=\"https:\/\/www.grieta.org.mx\/wp-content\/uploads\/2020\/03\/21841-ezln-ejercito-zapatista_400px.jpg\" class=\"aligncenter wp-image-46225\" src=\"http:\/\/www.grieta.org.mx\/wp-content\/uploads\/2020\/03\/21841-ezln-ejercito-zapatista_400px.jpg\" alt=\"\" width=\"800\" height=\"534\" srcset=\"https:\/\/www.grieta.org.mx\/wp-content\/uploads\/2020\/03\/21841-ezln-ejercito-zapatista_400px.jpg 413w, https:\/\/www.grieta.org.mx\/wp-content\/uploads\/2020\/03\/21841-ezln-ejercito-zapatista_400px-300x200.jpg 300w\" sizes=\"auto, (max-width: 800px) 100vw, 800px\" \/><\/p>\n<p style=\"text-align: center;\"><strong>COMUNICADO DEL COMIT\u00c9 CLANDESTINO REVOLUCIONARIO IND\u00cdGENA-COMANDANCIA GENERAL DEL EJ\u00c9RCITO ZAPATISTA DE LIBERACI\u00d3N NACIONAL.<\/strong><\/p>\n<p style=\"text-align: center;\"><strong>M\u00c9XICO.<\/strong><\/p>\n<p>16 DE MARZO DEL 2020.<\/p>\n<p>AL PUEBLO DE MEXICO:<br \/>\nA LOS PUEBLOS DEL MUNDO:<br \/>\nAL CONGRESO NACIONAL IND\u00cdGENA \u2013 CONCEJO IND\u00cdGENA DE GOBIERNO:<br \/>\nA LA SEXTA NACIONAL E INTERNACIONAL:<br \/>\nA LAS REDES DE RESISTENCIA Y REBELD\u00cdA:<\/p>\n<p>HERMANAS, HERMANOS, HERMANOAS:<br \/>\nCOMPA\u00d1EROS, COMPA\u00d1ERAS, COMPA\u00d1EROAS:<\/p>\n<p>LES COMUNICAMOS QUE:<\/p>\n<p>CONSIDERANDO LA AMENAZA REAL, COMPROBADA CIENT\u00cdFICAMENTE, PARA LA VIDA HUMANA QUE REPRESENTA EL CONTAGIO DEL COVID-19, TAMBI\u00c9N CONOCIDO COMO \u201cCORONAVIRUS\u201d.<\/p>\n<p>CONSIDERANDO LA FR\u00cdVOLA IRRESPONSABILIDAD Y LA FALTA DE SERIEDAD DE LOS MALOS GOBIERNOS Y DE LA CLASE POL\u00cdTICA EN SU TOTALIDAD, QUE HACEN USO DE UN PROBLEMA HUMANITARIO PARA ATACARSE MUTUAMENTE, EN LUGAR DE TOMAR LAS MEDIDAS NECESARIAS PARA ENFRENTAR ESE PELIGRO QUE AMENAZA LA VIDA SIN DISTINCI\u00d3N DE NACIONALIDAD, SEXO, RAZA, LENGUA, CREENCIA RELIGIOSA, MILITANCIA POL\u00cdTICA, CONDICI\u00d3N SOCIAL E HISTORIA.<\/p>\n<p>CONSIDERANDO LA FALTA DE INFORMACI\u00d3N VERAZ Y OPORTUNA SOBRE EL ALCANCE Y GRAVEDAD DEL CONTAGIO, AS\u00cd COMO LA AUSENCIA DE UN PLAN REAL PARA AFRONTAR LA AMENAZA.<\/p>\n<p>CONSIDERANDO EL COMPROMISO ZAPATISTA EN NUESTRA LUCHA POR LA VIDA.<\/p>\n<p>&nbsp;<\/p>\n<p>HEMOS DECIDIDO:<\/p>\n<p>PRIMERO.- DECRETAR LA ALERTA ROJA EN NUESTROS PUEBLOS, COMUNIDADES Y BARRIOS, Y EN TODAS LAS INSTANCIAS ORGANIZATIVAS ZAPATISTAS.<\/p>\n<p>SEGUNDO.- RECOMENDAR A LAS JUNTAS DE BUEN GOBIERNO Y MUNICIPIOS AUTON\u00d3MOS REBELDES ZAPATISTAS, EL CIERRE TOTAL DE LOS CARACOLES Y CENTROS DE RESISTENCIA Y REBELD\u00cdA, DE FORMA INMEDIATA.<\/p>\n<p>TERCERO.- RECOMENDAR A LAS BASES DE APOYO Y A TODA LA ESTRUCTURA ORGANIZATIVA SEGUIR UNA SERIE DE RECOMENDACIONES Y MEDIDAS DE HIGIENE EXTRAORDINARIAS QUE LES SER\u00c1N TRASMITIDAS EN LAS COMUNIDADES, PUEBLOS Y BARRIOS ZAPATISTAS.<\/p>\n<p>CUARTO.- ANTE LA AUSENCIA DE LOS MALOS GOBIERNOS, EXHORTAR A TODAS, A TODOS Y A\u00a0<strong><em>TODOAS<\/em><\/strong>, EN M\u00c9XICO Y EL MUNDO, A QUE TOMEN LAS MEDIDAS SANITARIAS NECESARIAS QUE, CON BASES CIENT\u00cdFICAS, LES PERMITAN SALIR ADELANTE Y CON VIDA DE ESTA PANDEMIA.<\/p>\n<p>QUINTO.- LLAMAMOS A NO DEJAR CAER LA LUCHA CONTRA LA VIOLENCIA FEMINICIDA, A CONTINUAR LA LUCHA EN DEFENSA DEL TERRITORIO Y LA MADRE TIERRA, A MANTENER LA LUCHA POR L@S DESAPARECID@S, ASESINAD@S Y ENCARCELAD@S, Y A LEVANTAR BIEN ALTO LA BANDERA DE LA LUCHA POR LA HUMANIDAD.<\/p>\n<p>SEXTO.- LLAMAMOS A NO PERDER EL CONTACTO HUMANO, SINO A CAMBIAR TEMPORALMENTE LAS FORMAS PARA SABERNOS COMPA\u00d1ERAS, COMPA\u00d1EROS, COMPA\u00d1EROAS, HERMANAS, HERMANOS, HERMANOAS.<\/p>\n<p>LA PALABRA Y EL O\u00cdDO, CON EL CORAZ\u00d3N, TIENEN MUCHOS CAMINOS, MUCHOS MODOS, MUCHOS CALENDARIOS Y MUCHAS GEOGRAF\u00cdAS PARA ENCONTRARSE.\u00a0 Y ESTA LUCHA POR LA VIDA PUEDE SER UNO DE ELLOS.<\/p>\n<p>ES TODO.<\/p>\n<p style=\"text-align: center;\">DESDE LAS MONTA\u00d1AS DEL SURESTE MEXICANO.<br \/>\nPor el Comit\u00e9 Clandestino Revolucionario Ind\u00edgena-Comandancia General del<br \/>\nEj\u00e9rcito Zapatista de Liberaci\u00f3n Nacional.<\/p>\n<p style=\"text-align: center;\">Subcomandante Insurgente Mois\u00e9s.<br \/>\nM\u00e9xico, marzo del 2020.<\/p>\n<p><a href=\"http:\/\/enlacezapatista.ezln.org.mx\/2020\/03\/16\/por-coronavirus-el-ezln-cierra-caracoles-y-llama-a-no-abandonar-las-luchas-actuales\/\">http:\/\/enlacezapatista.ezln.org.mx\/2020\/03\/16\/por-coronavirus-el-ezln-cierra-caracoles-y-llama-a-no-abandonar-las-luchas-actuales\/<\/a><\/p>\n","protected":false},"excerpt":{"rendered":"<p>COMUNICADO DEL COMIT\u00c9 CLANDESTINO REVOLUCIONARIO IND\u00cdGENA-COMANDANCIA GENERAL DEL EJ\u00c9RCITO ZAPATISTA DE LIBERACI\u00d3N NACIONAL. M\u00c9XICO. 16 DE MARZO DEL 2020. AL PUEBLO DE MEXICO: A LOS PUEBLOS DEL MUNDO: AL CONGRESO &hellip; <a href=\"https:\/\/www.grieta.org.mx\/index.php\/2020\/03\/16\/por-coronavirus-el-ezln-cierra-caracoles-y-llama-a-no-abandonar-las-luchas-actuales-comunicado\/\" class=\"more-link\">Leer m\u00e1s<\/a><\/p>\n","protected":false},"author":2,"featured_media":46225,"comment_status":"closed","ping_status":"closed","sticky":false,"template":"","format":"standard","meta":{"ngg_post_thumbnail":0,"_jetpack_newsletter_access":"","_jetpack_dont_email_post_to_subs":false,"_jetpack_newsletter_tier_id":0,"_jetpack_memberships_contains_paywalled_content":false,"_jetpack_memberships_contains_paid_content":false,"footnotes":""},"categories":[80,74,907],"tags":[2839,466],"class_list":["post-46224","post","type-post","status-publish","format-standard","has-post-thumbnail","hentry","category-cintillo","category-ezln","category-ezln-2","tag-comunicados-ezln","tag-ezln","entry"],"jetpack_featured_media_url":"https:\/\/www.grieta.org.mx\/wp-content\/uploads\/2020\/03\/21841-ezln-ejercito-zapatista_400px.jpg","jetpack_sharing_enabled":true,"jetpack_shortlink":"https:\/\/wp.me\/p7ZJR4-c1y","jetpack_likes_enabled":false,"jetpack-related-posts":[{"id":27703,"url":"https:\/\/www.grieta.org.mx\/index.php\/2018\/11\/24\/comunicado-del-cni-cig-y-ezln-al-pueblo-mapuche\/","url_meta":{"origin":46224,"position":0},"title":"Comunicado [conjunto del CNI, CIG y EZLN] al pueblo Mapuche","author":"grieta","date":"24 noviembre, 2018","format":false,"excerpt":"Comunicado: Al pueblo mapuche Al pueblo chileno A los pueblos originarios de Am\u00e9rica A la Sexta Internacional Hermanos y hermanas del digno pueblo mapuche, Los pueblos, naciones, tribus y barrios que conformamos el Congreso Nacional Ind\u00edgena, el Concejo Ind\u00edgena de Gobierno y el EZLN abrazamos solidariamente la familia del compa\u00f1ero\u2026","rel":"","context":"En &quot;CINTILLO&quot;","block_context":{"text":"CINTILLO","link":"https:\/\/www.grieta.org.mx\/index.php\/category\/cintillo\/"},"img":{"alt_text":"","src":"","width":0,"height":0},"classes":[]},{"id":70981,"url":"https:\/\/www.grieta.org.mx\/index.php\/2025\/02\/16\/alto-a-los-ataques-contra-la-ucizoni-pronunciamiento-del-congreso-nacional-indigena-y-el-ezln-en-apoyo-a-quienes-resisten-en-el-istmo\/","url_meta":{"origin":46224,"position":1},"title":"ALTO A LOS ATAQUES CONTRA LA UCIZONI. PRONUNCIAMIENTO DEL CONGRESO NACIONAL IND\u00cdGENA Y EL EZLN EN APOYO A QUIENES RESISTEN EN EL ISTMO","author":"grieta","date":"16 febrero, 2025","format":false,"excerpt":"ALTO A LOS ATAQUES CONTRA LA UCIZONI PRONUNCIAMIENTO DEL CONGRESO NACIONAL IND\u00cdGENA Y EL EZLN EN APOYO A QUIENES RESISTEN EN EL ISTMO. A los pueblos ind\u00edgenas de M\u00e9xico y del mundo A las organizaciones en resistencia A la sociedad civil nacional e internacional Hermanas y hermanos: Desde el Congreso\u2026","rel":"","context":"En &quot;CINTILLO&quot;","block_context":{"text":"CINTILLO","link":"https:\/\/www.grieta.org.mx\/index.php\/category\/cintillo\/"},"img":{"alt_text":"","src":"https:\/\/i0.wp.com\/www.grieta.org.mx\/wp-content\/uploads\/2025\/02\/ucizoni.png?resize=350%2C200&ssl=1","width":350,"height":200,"srcset":"https:\/\/i0.wp.com\/www.grieta.org.mx\/wp-content\/uploads\/2025\/02\/ucizoni.png?resize=350%2C200&ssl=1 1x, https:\/\/i0.wp.com\/www.grieta.org.mx\/wp-content\/uploads\/2025\/02\/ucizoni.png?resize=525%2C300&ssl=1 1.5x, https:\/\/i0.wp.com\/www.grieta.org.mx\/wp-content\/uploads\/2025\/02\/ucizoni.png?resize=700%2C400&ssl=1 2x"},"classes":[]},{"id":31394,"url":"https:\/\/www.grieta.org.mx\/index.php\/2019\/03\/29\/comunicado-del-cni-cig-y-el-ezln-ante-nueva-situacion-de-consulta-para-imponer-mega-proyectos-en-el-istmo-de-tehuantepec\/","url_meta":{"origin":46224,"position":2},"title":"Comunicado del CNI-CIG y el EZLN ante nueva situaci\u00f3n de consulta para imponer mega proyectos en el Istmo de Tehuantepec","author":"grieta","date":"29 marzo, 2019","format":false,"excerpt":"COMUNICADO DEL CONGRESO NACIONAL IND\u00cdGENA Y EL CONCEJO IND\u00cdGENA DE GOBIERNO Y EL EJ\u00c9RCITO ZAPATISTA DE LIBERACI\u00d3N NACIONAL ANTE NUEVA SIMULACI\u00d3N DE CONSULTA PARA IMPONER MEGA PROYECTOS EN EL ISTMO DE TEHUANTEPEC Al pueblo de M\u00e9xico A los pueblos del mundo A las Redes de Apoyo al CIG A las\u2026","rel":"","context":"En &quot;CINTILLO&quot;","block_context":{"text":"CINTILLO","link":"https:\/\/www.grieta.org.mx\/index.php\/category\/cintillo\/"},"img":{"alt_text":"","src":"https:\/\/i0.wp.com\/www.grieta.org.mx\/wp-content\/uploads\/2018\/03\/14524434_1106112876131411_958039263622046936_o.jpg?resize=350%2C200&ssl=1","width":350,"height":200,"srcset":"https:\/\/i0.wp.com\/www.grieta.org.mx\/wp-content\/uploads\/2018\/03\/14524434_1106112876131411_958039263622046936_o.jpg?resize=350%2C200&ssl=1 1x, https:\/\/i0.wp.com\/www.grieta.org.mx\/wp-content\/uploads\/2018\/03\/14524434_1106112876131411_958039263622046936_o.jpg?resize=525%2C300&ssl=1 1.5x, https:\/\/i0.wp.com\/www.grieta.org.mx\/wp-content\/uploads\/2018\/03\/14524434_1106112876131411_958039263622046936_o.jpg?resize=700%2C400&ssl=1 2x"},"classes":[]},{"id":33010,"url":"https:\/\/www.grieta.org.mx\/index.php\/2019\/05\/05\/comunicado-del-cni-cig-y-el-ezln-ante-el-cobarde-secuestro-y-asesinato-de-los-companeros-del-concejo-indigena-y-popular-de-guerrero-emiliano-zapata\/","url_meta":{"origin":46224,"position":3},"title":"COMUNICADO DEL CNI-CIG Y EL EZLN ANTE EL COBARDE SECUESTRO Y ASESINATO DE LOS COMPA\u00d1EROS DEL CONCEJO IND\u00cdGENA Y POPULAR DE GUERRERO \u2013 EMILIANO ZAPATA.","author":"grieta","date":"5 mayo, 2019","format":false,"excerpt":"COMUNICADO DEL CNI-CIG Y EL EZLN ANTE EL COBARDE SECUESTRO Y ASESINATO DE LOS COMPA\u00d1EROS DEL CONCEJO IND\u00cdGENA Y POPULAR DE GUERRERO \u2013 EMILIANO ZAPATA. El Congreso Nacional Ind\u00edgena, el Concejo Ind\u00edgena de Gobierno y el Ej\u00e9rcito Zapatista de Liberaci\u00f3n Nacional, con dolor e indignaci\u00f3n, condenamos el secuestro y asesinato\u2026","rel":"","context":"En &quot;CIG&quot;","block_context":{"text":"CIG","link":"https:\/\/www.grieta.org.mx\/index.php\/category\/cig\/"},"img":{"alt_text":"","src":"https:\/\/i0.wp.com\/www.grieta.org.mx\/wp-content\/uploads\/2019\/05\/logo-CNI-To.png?resize=350%2C200&ssl=1","width":350,"height":200,"srcset":"https:\/\/i0.wp.com\/www.grieta.org.mx\/wp-content\/uploads\/2019\/05\/logo-CNI-To.png?resize=350%2C200&ssl=1 1x, https:\/\/i0.wp.com\/www.grieta.org.mx\/wp-content\/uploads\/2019\/05\/logo-CNI-To.png?resize=525%2C300&ssl=1 1.5x"},"classes":[]},{"id":72401,"url":"https:\/\/www.grieta.org.mx\/index.php\/2025\/10\/14\/comunicado-urgente-llamamos-a-la-solidaridad-urgente-con-los-pueblos-originarios-de-la-sierra-norte-de-veracruz-afectados-por-las-intensas-lluvias-de-los-ultimos-dias\/","url_meta":{"origin":46224,"position":4},"title":"COMUNICADO URGENTE LLAMAMOS A LA SOLIDARIDAD URGENTE CON LOS PUEBLOS ORIGINARIOS DE LA SIERRA NORTE DE VERACRUZ AFECTADOS POR LAS INTENSAS LLUVIAS DE LOS \u00daLTIMOS D\u00cdAS","author":"Admin","date":"14 octubre, 2025","format":false,"excerpt":"COMUNICADO URGENTE LLAMAMOS A LA SOLIDARIDAD URGENTE CON LOS PUEBLOS ORIGINARIOS DE LA SIERRA NORTE DE VERACRUZ AFECTADOS POR LAS INTENSAS LLUVIAS DE LOS \u00daLTIMOS D\u00cdAS A los pueblos de M\u00e9xico y del mundo, A los organismos y colectivos defensores de derechos humanos, A las Redes de Resistencia y Rebeld\u00eda,\u2026","rel":"","context":"En &quot;CINTILLO&quot;","block_context":{"text":"CINTILLO","link":"https:\/\/www.grieta.org.mx\/index.php\/category\/cintillo\/"},"img":{"alt_text":"","src":"https:\/\/i0.wp.com\/www.grieta.org.mx\/wp-content\/uploads\/2025\/10\/Cint_Verac.png?resize=350%2C200&ssl=1","width":350,"height":200,"srcset":"https:\/\/i0.wp.com\/www.grieta.org.mx\/wp-content\/uploads\/2025\/10\/Cint_Verac.png?resize=350%2C200&ssl=1 1x, https:\/\/i0.wp.com\/www.grieta.org.mx\/wp-content\/uploads\/2025\/10\/Cint_Verac.png?resize=525%2C300&ssl=1 1.5x, https:\/\/i0.wp.com\/www.grieta.org.mx\/wp-content\/uploads\/2025\/10\/Cint_Verac.png?resize=700%2C400&ssl=1 2x"},"classes":[]},{"id":72408,"url":"https:\/\/www.grieta.org.mx\/index.php\/2025\/10\/17\/informe-del-congreso-nacional-indigena-y-el-ejercito-zapatista-de-liberacion-nacional-sobre-lo-recaudado-para-las-comunidades-de-la-sierra-norte-de-veracruz-afectadas-por-las-intensas-lluvias-de-los-u\/","url_meta":{"origin":46224,"position":5},"title":"INFORME DEL CONGRESO NACIONAL IND\u00cdGENA Y EL EJ\u00c9RCITO ZAPATISTA DE LIBERACI\u00d3N NACIONAL SOBRE LO RECAUDADO PARA LAS COMUNIDADES DE LA SIERRA NORTE DE VERACRUZ AFECTADAS POR LAS INTENSAS LLUVIAS DE LOS \u00daLTIMOS D\u00cdAS","author":"grieta","date":"17 octubre, 2025","format":false,"excerpt":"INFORME DEL CONGRESO NACIONAL IND\u00cdGENA Y EL EJ\u00c9RCITO ZAPATISTA DE LIBERACI\u00d3N NACIONAL SOBRE LO RECAUDADO PARA LAS COMUNIDADES DE LA SIERRA NORTE DE VERACRUZ AFECTADAS POR LAS INTENSAS LLUVIAS DE LOS \u00daLTIMOS D\u00cdAS A nuestras hermanas y hermanos de los pueblos originarios de la Sierra Norte de Veracruz. Al Congreso\u2026","rel":"","context":"En &quot;CINTILLO&quot;","block_context":{"text":"CINTILLO","link":"https:\/\/www.grieta.org.mx\/index.php\/category\/cintillo\/"},"img":{"alt_text":"","src":"https:\/\/i0.wp.com\/www.grieta.org.mx\/wp-content\/uploads\/2025\/10\/CINTILLO_informe.jpg?resize=350%2C200&ssl=1","width":350,"height":200,"srcset":"https:\/\/i0.wp.com\/www.grieta.org.mx\/wp-content\/uploads\/2025\/10\/CINTILLO_informe.jpg?resize=350%2C200&ssl=1 1x, https:\/\/i0.wp.com\/www.grieta.org.mx\/wp-content\/uploads\/2025\/10\/CINTILLO_informe.jpg?resize=525%2C300&ssl=1 1.5x, https:\/\/i0.wp.com\/www.grieta.org.mx\/wp-content\/uploads\/2025\/10\/CINTILLO_informe.jpg?resize=700%2C400&ssl=1 2x"},"classes":[]}],"_links":{"self":[{"href":"https:\/\/www.grieta.org.mx\/index.php\/wp-json\/wp\/v2\/posts\/46224","targetHints":{"allow":["GET"]}}],"collection":[{"href":"https:\/\/www.grieta.org.mx\/index.php\/wp-json\/wp\/v2\/posts"}],"about":[{"href":"https:\/\/www.grieta.org.mx\/index.php\/wp-json\/wp\/v2\/types\/post"}],"author":[{"embeddable":true,"href":"https:\/\/www.grieta.org.mx\/index.php\/wp-json\/wp\/v2\/users\/2"}],"replies":[{"embeddable":true,"href":"https:\/\/www.grieta.org.mx\/index.php\/wp-json\/wp\/v2\/comments?post=46224"}],"version-history":[{"count":1,"href":"https:\/\/www.grieta.org.mx\/index.php\/wp-json\/wp\/v2\/posts\/46224\/revisions"}],"predecessor-version":[{"id":46228,"href":"https:\/\/www.grieta.org.mx\/index.php\/wp-json\/wp\/v2\/posts\/46224\/revisions\/46228"}],"wp:featuredmedia":[{"embeddable":true,"href":"https:\/\/www.grieta.org.mx\/index.php\/wp-json\/wp\/v2\/media\/46225"}],"wp:attachment":[{"href":"https:\/\/www.grieta.org.mx\/index.php\/wp-json\/wp\/v2\/media?parent=46224"}],"wp:term":[{"taxonomy":"category","embeddable":true,"href":"https:\/\/www.grieta.org.mx\/index.php\/wp-json\/wp\/v2\/categories?post=46224"},{"taxonomy":"post_tag","embeddable":true,"href":"https:\/\/www.grieta.org.mx\/index.php\/wp-json\/wp\/v2\/tags?post=46224"}],"curies":[{"name":"wp","href":"https:\/\/api.w.org\/{rel}","templated":true}]}}