{"id":46215,"date":"2020-03-10T18:45:25","date_gmt":"2020-03-11T00:45:25","guid":{"rendered":"http:\/\/www.grieta.org.mx\/?p=46215"},"modified":"2020-03-15T18:56:49","modified_gmt":"2020-03-16T00:56:49","slug":"el-nueve-nadie-se-movio-la-protesta-en-aguascalientes","status":"publish","type":"post","link":"https:\/\/www.grieta.org.mx\/index.php\/2020\/03\/10\/el-nueve-nadie-se-movio-la-protesta-en-aguascalientes\/","title":{"rendered":"EL NUEVE NADIE SE MOVI\u00d3, LA PROTESTA EN AGUASCALIENTES"},"content":{"rendered":"<p>Adrian Javier Flores Nieves\/La Jornada Aguascalientes<br \/>\n10 marzo 2020<\/p>\n<p><img loading=\"lazy\" decoding=\"async\" data-attachment-id=\"46216\" data-permalink=\"https:\/\/www.grieta.org.mx\/index.php\/2020\/03\/10\/el-nueve-nadie-se-movio-la-protesta-en-aguascalientes\/49642426667_da096d0759_c\/\" data-orig-file=\"https:\/\/www.grieta.org.mx\/wp-content\/uploads\/2020\/03\/49642426667_da096d0759_c.jpg\" data-orig-size=\"750,500\" data-comments-opened=\"0\" data-image-meta=\"{&quot;aperture&quot;:&quot;0&quot;,&quot;credit&quot;:&quot;&quot;,&quot;camera&quot;:&quot;&quot;,&quot;caption&quot;:&quot;&quot;,&quot;created_timestamp&quot;:&quot;0&quot;,&quot;copyright&quot;:&quot;&quot;,&quot;focal_length&quot;:&quot;0&quot;,&quot;iso&quot;:&quot;0&quot;,&quot;shutter_speed&quot;:&quot;0&quot;,&quot;title&quot;:&quot;&quot;,&quot;orientation&quot;:&quot;0&quot;}\" data-image-title=\"49642426667_da096d0759_c\" data-image-description=\"\" data-image-caption=\"\" data-medium-file=\"https:\/\/www.grieta.org.mx\/wp-content\/uploads\/2020\/03\/49642426667_da096d0759_c-300x200.jpg\" data-large-file=\"https:\/\/www.grieta.org.mx\/wp-content\/uploads\/2020\/03\/49642426667_da096d0759_c.jpg\" src=\"http:\/\/www.grieta.org.mx\/wp-content\/uploads\/2020\/03\/49642426667_da096d0759_c.jpg\" alt=\"\" width=\"750\" height=\"500\" class=\"aligncenter size-full wp-image-46216\" srcset=\"https:\/\/www.grieta.org.mx\/wp-content\/uploads\/2020\/03\/49642426667_da096d0759_c.jpg 750w, https:\/\/www.grieta.org.mx\/wp-content\/uploads\/2020\/03\/49642426667_da096d0759_c-300x200.jpg 300w\" sizes=\"auto, (max-width: 750px) 100vw, 750px\" \/><\/p>\n<blockquote><p>Calles y avenidas con menos tr\u00e1fico del usual; transporte p\u00fablico m\u00e1s vac\u00edo, comercios y negocios cerrados, todo ello debido el paro laboral convocado por el movimiento feminista<br \/>\n\u201cNi una mujer en las calles. Ni una mujer en los trabajos. Ni una ni\u00f1a en las escuelas. Ni una joven en las universidades. Ni una mujer comprando. Nos adherimos al paro nacional\u201d, se ley\u00f3 en algunos negocios de la entidad\n <\/p><\/blockquote>\n<p>Con motivo de la conmemoraci\u00f3n de la lucha de las mujeres por sus derechos a trav\u00e9s de la celebraci\u00f3n del D\u00eda Internacional de la Mujer, el movimiento feminista de M\u00e9xico convoc\u00f3 un paro laboral a nivel nacional con el fin de protestar sobre los abusos, acosos y violaciones sexuales que hist\u00f3ricamente ha sufrido el sexo femenino. Bajo los hashtags #ElNueveNadieSeMueve, #UnD\u00edaSinNosotras, #Paro9DeMarzo, entre otras consignas, se invit\u00f3 a la mujer a que participara en el paro laboral, que tambi\u00e9n inclu\u00eda dejar de lado las labores dom\u00e9sticas, escolares, as\u00ed como apartarse de las redes sociales para denotar la ausencia. La r\u00e9plica tuvo tanta fuerza en el pa\u00eds, que Aguascalientes no fue la excepci\u00f3n. <\/p>\n<p>Algunos sectores de la poblaci\u00f3n no pudieron unirse a la protesta dado que la importancia de la mujer en ellos es sumamente relevante, dicho sea el caso del de la salud, o el de algunas escuelas, sin embargo, algunos otros sectores de Aguascalientes s\u00ed se unieron a la manifestaci\u00f3n pac\u00edfica. <\/p>\n<p>En un ejercicio de observaci\u00f3n, LJA.MX recorri\u00f3 algunas de las calles o avenidas que entre las dos y las tres de la tarde suelen estar atiborradas por el tr\u00e1fico, situaci\u00f3n que ayer, 9 de marzo, no sucedi\u00f3. Autobuses que tambi\u00e9n deber\u00edan de estar repletos, pasaban a media capacidad y testimonios de choferes comentaron que s\u00ed se not\u00f3 un cambio. No s\u00f3lo era distinguible un una minor\u00eda de autos transitando en la ciudad, sino que tambi\u00e9n algunos negocios, comercios, o peque\u00f1as empresas se unieron a la moci\u00f3n, cerraron y avisaron a la clientela sobre el movimiento del paro nacional.<\/p>\n<p><img loading=\"lazy\" decoding=\"async\" data-attachment-id=\"46217\" data-permalink=\"https:\/\/www.grieta.org.mx\/index.php\/2020\/03\/10\/el-nueve-nadie-se-movio-la-protesta-en-aguascalientes\/49642206021_1db4c0228d_c\/\" data-orig-file=\"https:\/\/www.grieta.org.mx\/wp-content\/uploads\/2020\/03\/49642206021_1db4c0228d_c.jpg\" data-orig-size=\"800,600\" data-comments-opened=\"0\" data-image-meta=\"{&quot;aperture&quot;:&quot;0&quot;,&quot;credit&quot;:&quot;&quot;,&quot;camera&quot;:&quot;&quot;,&quot;caption&quot;:&quot;&quot;,&quot;created_timestamp&quot;:&quot;0&quot;,&quot;copyright&quot;:&quot;&quot;,&quot;focal_length&quot;:&quot;0&quot;,&quot;iso&quot;:&quot;0&quot;,&quot;shutter_speed&quot;:&quot;0&quot;,&quot;title&quot;:&quot;&quot;,&quot;orientation&quot;:&quot;0&quot;}\" data-image-title=\"49642206021_1db4c0228d_c\" data-image-description=\"\" data-image-caption=\"\" data-medium-file=\"https:\/\/www.grieta.org.mx\/wp-content\/uploads\/2020\/03\/49642206021_1db4c0228d_c-300x225.jpg\" data-large-file=\"https:\/\/www.grieta.org.mx\/wp-content\/uploads\/2020\/03\/49642206021_1db4c0228d_c.jpg\" src=\"http:\/\/www.grieta.org.mx\/wp-content\/uploads\/2020\/03\/49642206021_1db4c0228d_c.jpg\" alt=\"\" width=\"800\" height=\"600\" class=\"aligncenter size-full wp-image-46217\" srcset=\"https:\/\/www.grieta.org.mx\/wp-content\/uploads\/2020\/03\/49642206021_1db4c0228d_c.jpg 800w, https:\/\/www.grieta.org.mx\/wp-content\/uploads\/2020\/03\/49642206021_1db4c0228d_c-300x225.jpg 300w, https:\/\/www.grieta.org.mx\/wp-content\/uploads\/2020\/03\/49642206021_1db4c0228d_c-768x576.jpg 768w, https:\/\/www.grieta.org.mx\/wp-content\/uploads\/2020\/03\/49642206021_1db4c0228d_c-667x500.jpg 667w\" sizes=\"auto, (max-width: 800px) 100vw, 800px\" \/><\/p>\n<p><img loading=\"lazy\" decoding=\"async\" data-attachment-id=\"46218\" data-permalink=\"https:\/\/www.grieta.org.mx\/index.php\/2020\/03\/10\/el-nueve-nadie-se-movio-la-protesta-en-aguascalientes\/49641682623_bfd81189a1_c\/\" data-orig-file=\"https:\/\/www.grieta.org.mx\/wp-content\/uploads\/2020\/03\/49641682623_bfd81189a1_c.jpg\" data-orig-size=\"800,600\" data-comments-opened=\"0\" data-image-meta=\"{&quot;aperture&quot;:&quot;0&quot;,&quot;credit&quot;:&quot;&quot;,&quot;camera&quot;:&quot;&quot;,&quot;caption&quot;:&quot;&quot;,&quot;created_timestamp&quot;:&quot;0&quot;,&quot;copyright&quot;:&quot;&quot;,&quot;focal_length&quot;:&quot;0&quot;,&quot;iso&quot;:&quot;0&quot;,&quot;shutter_speed&quot;:&quot;0&quot;,&quot;title&quot;:&quot;&quot;,&quot;orientation&quot;:&quot;0&quot;}\" data-image-title=\"49641682623_bfd81189a1_c\" data-image-description=\"\" data-image-caption=\"\" data-medium-file=\"https:\/\/www.grieta.org.mx\/wp-content\/uploads\/2020\/03\/49641682623_bfd81189a1_c-300x225.jpg\" data-large-file=\"https:\/\/www.grieta.org.mx\/wp-content\/uploads\/2020\/03\/49641682623_bfd81189a1_c.jpg\" src=\"http:\/\/www.grieta.org.mx\/wp-content\/uploads\/2020\/03\/49641682623_bfd81189a1_c.jpg\" alt=\"\" width=\"800\" height=\"600\" class=\"aligncenter size-full wp-image-46218\" srcset=\"https:\/\/www.grieta.org.mx\/wp-content\/uploads\/2020\/03\/49641682623_bfd81189a1_c.jpg 800w, https:\/\/www.grieta.org.mx\/wp-content\/uploads\/2020\/03\/49641682623_bfd81189a1_c-300x225.jpg 300w, https:\/\/www.grieta.org.mx\/wp-content\/uploads\/2020\/03\/49641682623_bfd81189a1_c-768x576.jpg 768w, https:\/\/www.grieta.org.mx\/wp-content\/uploads\/2020\/03\/49641682623_bfd81189a1_c-667x500.jpg 667w\" sizes=\"auto, (max-width: 800px) 100vw, 800px\" \/><\/p>\n<p>En Plaza Universidad, tiendas de ropa, comida, tintorer\u00edas, papeler\u00edas, as\u00ed como negocios de otros giros, atendieron al llamado feminista. Estos son algunos de los mensajes que se le\u00edan en sus puertas cerradas: \u201c\u00a1El nueve ninguna se mueve! #UnD\u00edaSinNosotras Paro Nacional. Ni una mujer en las calles. Ni una mujer en los trabajos. Ni una ni\u00f1a en las escuelas. Ni una joven en las universidades. Ni una mujer comprando. Nos adherimos al paro nacional. El Nueve Ninguna Se Mueve, por lo cual nuestros locales permanecer\u00e1n cerrados este d\u00eda. Por un M\u00e9xico seguro para todas y todos\u201d, \u201cEl d\u00eda lunes 9 de marzo permaneceremos cerrado. Gracias\u201d, \u201cConsiderando que muchas de ellas participar\u00e1n en el movimiento #UnD\u00edaSinNosotras, esta sucursal permanecer\u00e1 cerrada durante el d\u00eda de hoy y retomar\u00e1 su operaci\u00f3n regular el d\u00eda de ma\u00f1ana, agradecemos tu comprensi\u00f3n\u201d.<\/p>\n<p>La Universidad Aut\u00f3noma de Aguascalientes (UAA) fue uno de los institutos en los que m\u00e1s resonancia tuvo el paro nacional de manera local. De acuerdo a datos proporcionados por la instancia de educaci\u00f3n aut\u00f3noma, la comunidad universitaria est\u00e1 conformada por 12 mil mujeres; 10,542 alumnas, 940 docentes y 725 administrativas. En el turno matutino se estim\u00f3 que un 90% de las estudiantes se ausentaron, solidariz\u00e1ndose as\u00ed con la manifestaci\u00f3n nacional. <\/p>\n<p><img loading=\"lazy\" decoding=\"async\" data-attachment-id=\"46219\" data-permalink=\"https:\/\/www.grieta.org.mx\/index.php\/2020\/03\/10\/el-nueve-nadie-se-movio-la-protesta-en-aguascalientes\/49642478667_189fd12743_c\/\" data-orig-file=\"https:\/\/www.grieta.org.mx\/wp-content\/uploads\/2020\/03\/49642478667_189fd12743_c.jpg\" data-orig-size=\"800,600\" data-comments-opened=\"0\" data-image-meta=\"{&quot;aperture&quot;:&quot;0&quot;,&quot;credit&quot;:&quot;&quot;,&quot;camera&quot;:&quot;&quot;,&quot;caption&quot;:&quot;&quot;,&quot;created_timestamp&quot;:&quot;0&quot;,&quot;copyright&quot;:&quot;&quot;,&quot;focal_length&quot;:&quot;0&quot;,&quot;iso&quot;:&quot;0&quot;,&quot;shutter_speed&quot;:&quot;0&quot;,&quot;title&quot;:&quot;&quot;,&quot;orientation&quot;:&quot;0&quot;}\" data-image-title=\"49642478667_189fd12743_c\" data-image-description=\"\" data-image-caption=\"\" data-medium-file=\"https:\/\/www.grieta.org.mx\/wp-content\/uploads\/2020\/03\/49642478667_189fd12743_c-300x225.jpg\" data-large-file=\"https:\/\/www.grieta.org.mx\/wp-content\/uploads\/2020\/03\/49642478667_189fd12743_c.jpg\" src=\"http:\/\/www.grieta.org.mx\/wp-content\/uploads\/2020\/03\/49642478667_189fd12743_c.jpg\" alt=\"\" width=\"800\" height=\"600\" class=\"aligncenter size-full wp-image-46219\" srcset=\"https:\/\/www.grieta.org.mx\/wp-content\/uploads\/2020\/03\/49642478667_189fd12743_c.jpg 800w, https:\/\/www.grieta.org.mx\/wp-content\/uploads\/2020\/03\/49642478667_189fd12743_c-300x225.jpg 300w, https:\/\/www.grieta.org.mx\/wp-content\/uploads\/2020\/03\/49642478667_189fd12743_c-768x576.jpg 768w, https:\/\/www.grieta.org.mx\/wp-content\/uploads\/2020\/03\/49642478667_189fd12743_c-667x500.jpg 667w\" sizes=\"auto, (max-width: 800px) 100vw, 800px\" \/><\/p>\n<p><img loading=\"lazy\" decoding=\"async\" data-attachment-id=\"46220\" data-permalink=\"https:\/\/www.grieta.org.mx\/index.php\/2020\/03\/10\/el-nueve-nadie-se-movio-la-protesta-en-aguascalientes\/49642205356_2d638bea83_c\/\" data-orig-file=\"https:\/\/www.grieta.org.mx\/wp-content\/uploads\/2020\/03\/49642205356_2d638bea83_c.jpg\" data-orig-size=\"800,600\" data-comments-opened=\"0\" data-image-meta=\"{&quot;aperture&quot;:&quot;0&quot;,&quot;credit&quot;:&quot;&quot;,&quot;camera&quot;:&quot;&quot;,&quot;caption&quot;:&quot;&quot;,&quot;created_timestamp&quot;:&quot;0&quot;,&quot;copyright&quot;:&quot;&quot;,&quot;focal_length&quot;:&quot;0&quot;,&quot;iso&quot;:&quot;0&quot;,&quot;shutter_speed&quot;:&quot;0&quot;,&quot;title&quot;:&quot;&quot;,&quot;orientation&quot;:&quot;0&quot;}\" data-image-title=\"49642205356_2d638bea83_c\" data-image-description=\"\" data-image-caption=\"\" data-medium-file=\"https:\/\/www.grieta.org.mx\/wp-content\/uploads\/2020\/03\/49642205356_2d638bea83_c-300x225.jpg\" data-large-file=\"https:\/\/www.grieta.org.mx\/wp-content\/uploads\/2020\/03\/49642205356_2d638bea83_c.jpg\" src=\"http:\/\/www.grieta.org.mx\/wp-content\/uploads\/2020\/03\/49642205356_2d638bea83_c.jpg\" alt=\"\" width=\"800\" height=\"600\" class=\"aligncenter size-full wp-image-46220\" srcset=\"https:\/\/www.grieta.org.mx\/wp-content\/uploads\/2020\/03\/49642205356_2d638bea83_c.jpg 800w, https:\/\/www.grieta.org.mx\/wp-content\/uploads\/2020\/03\/49642205356_2d638bea83_c-300x225.jpg 300w, https:\/\/www.grieta.org.mx\/wp-content\/uploads\/2020\/03\/49642205356_2d638bea83_c-768x576.jpg 768w, https:\/\/www.grieta.org.mx\/wp-content\/uploads\/2020\/03\/49642205356_2d638bea83_c-667x500.jpg 667w\" sizes=\"auto, (max-width: 800px) 100vw, 800px\" \/><\/p>\n<p>Al entrar a la universidad, result\u00f3 f\u00e1cil percatarse de una ausencia remarcable: los estacionamiento al filo de estar vac\u00edos; los pasillos, apenas transitados por hombres, algunos de ellos con distintivos morados; las mujeres que se encontraban eran pocas; los salones, en su mayor\u00eda, vac\u00edos, al igual que la biblioteca. En las ventanas de las aulas hab\u00eda mensajes solidarios con la manifestaci\u00f3n; y en el pasillo principal hab\u00edan pinturas realizadas por estudiantes de carreras de dise\u00f1o, hasta urbanismo, con mensajes en pro de la defensa de los derechos de las mujeres. <\/p>\n<p>\u201cNo somos hist\u00e9ricas, somos hist\u00f3ricas\u201d, \u201cGirls can\u201d, \u201cJuntas nos levantamos\u201d \u201cNos queremos libres\u201d, \u201cGirl Power\u201d, as\u00ed como pinturas que sobresaltaban la importancia y la realidad de las problem\u00e1ticas actuales que vive la mujer, son algunas de las cosas que se pudo leer ayer en la universidad. <\/p>\n<p><img loading=\"lazy\" decoding=\"async\" data-attachment-id=\"46221\" data-permalink=\"https:\/\/www.grieta.org.mx\/index.php\/2020\/03\/10\/el-nueve-nadie-se-movio-la-protesta-en-aguascalientes\/49641687703_6bd78b14ab_c\/\" data-orig-file=\"https:\/\/www.grieta.org.mx\/wp-content\/uploads\/2020\/03\/49641687703_6bd78b14ab_c.jpg\" data-orig-size=\"800,534\" data-comments-opened=\"0\" data-image-meta=\"{&quot;aperture&quot;:&quot;0&quot;,&quot;credit&quot;:&quot;Leon Zuniga Fotografo&quot;,&quot;camera&quot;:&quot;&quot;,&quot;caption&quot;:&quot;&quot;,&quot;created_timestamp&quot;:&quot;0&quot;,&quot;copyright&quot;:&quot;Leon Zuniga Fotografo&quot;,&quot;focal_length&quot;:&quot;0&quot;,&quot;iso&quot;:&quot;0&quot;,&quot;shutter_speed&quot;:&quot;0&quot;,&quot;title&quot;:&quot;&quot;,&quot;orientation&quot;:&quot;0&quot;}\" data-image-title=\"49641687703_6bd78b14ab_c\" data-image-description=\"\" data-image-caption=\"\" data-medium-file=\"https:\/\/www.grieta.org.mx\/wp-content\/uploads\/2020\/03\/49641687703_6bd78b14ab_c-300x200.jpg\" data-large-file=\"https:\/\/www.grieta.org.mx\/wp-content\/uploads\/2020\/03\/49641687703_6bd78b14ab_c.jpg\" src=\"http:\/\/www.grieta.org.mx\/wp-content\/uploads\/2020\/03\/49641687703_6bd78b14ab_c.jpg\" alt=\"\" width=\"800\" height=\"534\" class=\"aligncenter size-full wp-image-46221\" srcset=\"https:\/\/www.grieta.org.mx\/wp-content\/uploads\/2020\/03\/49641687703_6bd78b14ab_c.jpg 800w, https:\/\/www.grieta.org.mx\/wp-content\/uploads\/2020\/03\/49641687703_6bd78b14ab_c-300x200.jpg 300w, https:\/\/www.grieta.org.mx\/wp-content\/uploads\/2020\/03\/49641687703_6bd78b14ab_c-768x513.jpg 768w, https:\/\/www.grieta.org.mx\/wp-content\/uploads\/2020\/03\/49641687703_6bd78b14ab_c-749x500.jpg 749w\" sizes=\"auto, (max-width: 800px) 100vw, 800px\" \/><\/p>\n<p>As\u00ed como la zona por la que el ojo de LJA.MX recorri\u00f3 y observ\u00f3, otras zonas, comercios y calles de Aguascalientes se sumaron al movimiento, el cual, nunca pidi\u00f3 permiso de las instituciones, de las dependencias, ni buscaban el \u201capoyo\u201d que se presumi\u00f3 en un sinf\u00edn de comunicados; el verdadero apoyo est\u00e1 un cambio real de actitudes, en la educaci\u00f3n con perspectiva de g\u00e9nero, en las pol\u00edticas p\u00fablicas que protejan los derechos de la mujer, en la inclusi\u00f3n de voz y voto de la mujer en el gobierno y en las esferas econ\u00f3micas. Eso es lo que verdaderamente se busca.<\/p>\n<p><a href=\"https:\/\/www.lja.mx\/2020\/03\/el-nueve-nadie-se-movio-la-protesta-en-aguascalientes\/\" rel=\"noopener noreferrer\" target=\"_blank\">https:\/\/www.lja.mx\/2020\/03\/el-nueve-nadie-se-movio-la-protesta-en-aguascalientes\/<\/a><\/p>\n","protected":false},"excerpt":{"rendered":"<p>Adrian Javier Flores Nieves\/La Jornada Aguascalientes 10 marzo 2020 Calles y avenidas con menos tr\u00e1fico del usual; transporte p\u00fablico m\u00e1s vac\u00edo, comercios y negocios cerrados, todo ello debido el paro &hellip; <a href=\"https:\/\/www.grieta.org.mx\/index.php\/2020\/03\/10\/el-nueve-nadie-se-movio-la-protesta-en-aguascalientes\/\" class=\"more-link\">Leer m\u00e1s<\/a><\/p>\n","protected":false},"author":2,"featured_media":46216,"comment_status":"closed","ping_status":"closed","sticky":false,"template":"","format":"standard","meta":{"ngg_post_thumbnail":0,"_jetpack_newsletter_access":"","_jetpack_dont_email_post_to_subs":false,"_jetpack_newsletter_tier_id":0,"_jetpack_memberships_contains_paywalled_content":false,"_jetpack_memberships_contains_paid_content":false,"footnotes":""},"categories":[4,80,2,1938,2491],"tags":[3162,2317,3177,1630],"class_list":["post-46215","post","type-post","status-publish","format-standard","has-post-thumbnail","hentry","category-aguascalientes","category-cintillo","category-noticias-nacionales","category-criminalizacion-del-derecho-a-decidir-en-aguascalientes","category-violencia-contra-las-mujeres-en-aguascalientes","tag-8m-2020","tag-manifestaciones-de-mujeres","tag-paro-de-mujeres","tag-violencia-contra-las-mujeres","entry"],"jetpack_featured_media_url":"https:\/\/www.grieta.org.mx\/wp-content\/uploads\/2020\/03\/49642426667_da096d0759_c.jpg","jetpack_sharing_enabled":true,"jetpack_shortlink":"https:\/\/wp.me\/p7ZJR4-c1p","jetpack_likes_enabled":false,"jetpack-related-posts":[{"id":46197,"url":"https:\/\/www.grieta.org.mx\/index.php\/2020\/03\/04\/mujeres-no-se-sienten-seguras-en-aguascalientes\/","url_meta":{"origin":46215,"position":0},"title":"Mujeres no se sienten seguras en Aguascalientes","author":"grieta","date":"4 marzo, 2020","format":false,"excerpt":"Alejandro Manrique\/Newsweek Aguascalientes 4 marzo 2020 Pocas mujeres se sienten seguras en Aguascalientes, seg\u00fan se pudo conocer durante un sondeo realizado por Newsweek Aguascalientes en la zona centro de la capital, de ah\u00ed que muchas se sientan identificadas con el movimiento del pr\u00f3ximo 9 de marzo. \u201cTodos los d\u00edas soy\u2026","rel":"","context":"En &quot;Aguascalientes&quot;","block_context":{"text":"Aguascalientes","link":"https:\/\/www.grieta.org.mx\/index.php\/category\/noticias-nacionales\/aguascalientes\/"},"img":{"alt_text":"","src":"https:\/\/i0.wp.com\/www.grieta.org.mx\/wp-content\/uploads\/2020\/03\/39953873854_278d855e09_c.jpg?resize=350%2C200&ssl=1","width":350,"height":200,"srcset":"https:\/\/i0.wp.com\/www.grieta.org.mx\/wp-content\/uploads\/2020\/03\/39953873854_278d855e09_c.jpg?resize=350%2C200&ssl=1 1x, https:\/\/i0.wp.com\/www.grieta.org.mx\/wp-content\/uploads\/2020\/03\/39953873854_278d855e09_c.jpg?resize=525%2C300&ssl=1 1.5x"},"classes":[]},{"id":46203,"url":"https:\/\/www.grieta.org.mx\/index.php\/2020\/03\/08\/miles-de-mujeres-claman-justicia-en-aguascalientes\/","url_meta":{"origin":46215,"position":1},"title":"Miles de mujeres claman justicia en Aguascalientes","author":"grieta","date":"8 marzo, 2020","format":false,"excerpt":"Alejandro Romo\/Newsweek Aguascalientes 8 marzo 2020 Unidas en un mismo grito para exigir justicia para las mujeres que han sido v\u00edctimas de violencia o de feminicidios, miles de mujeres tomaron las calles del centro hist\u00f3rico de Aguascalientes, para sumarse al movimiento nacional e internacional por el D\u00eda Internacional de la\u2026","rel":"","context":"En &quot;Aguascalientes&quot;","block_context":{"text":"Aguascalientes","link":"https:\/\/www.grieta.org.mx\/index.php\/category\/noticias-nacionales\/aguascalientes\/"},"img":{"alt_text":"","src":"https:\/\/i0.wp.com\/www.grieta.org.mx\/wp-content\/uploads\/2020\/03\/marcha-8M-Aguascalientes.jpg?resize=350%2C200&ssl=1","width":350,"height":200,"srcset":"https:\/\/i0.wp.com\/www.grieta.org.mx\/wp-content\/uploads\/2020\/03\/marcha-8M-Aguascalientes.jpg?resize=350%2C200&ssl=1 1x, https:\/\/i0.wp.com\/www.grieta.org.mx\/wp-content\/uploads\/2020\/03\/marcha-8M-Aguascalientes.jpg?resize=525%2C300&ssl=1 1.5x"},"classes":[]},{"id":57538,"url":"https:\/\/www.grieta.org.mx\/index.php\/2021\/03\/09\/mujeres-de-aguascalientes-denuncian-agresiones-y-detenciones-en-marcha-del-8m\/","url_meta":{"origin":46215,"position":2},"title":"Mujeres de Aguascalientes denuncian agresiones y detenciones en marcha del 8M","author":"grieta","date":"9 marzo, 2021","format":false,"excerpt":"De 23 mujeres detenidas ya se pag\u00f3 la fianza de 15. La Comunidad Feminista de Aguascalientes pide ayuda para localizar a tres de sus compa\u00f1eras. Facebook Brigada Centinela Redacci\u00f3n\/Animal Pol\u00edtico 9 marzo 2021 En un comunicado, la Brigada Centinela denunci\u00f3 que las autoridades estatales actuaron con violencia y reprimieron a\u2026","rel":"","context":"En &quot;Aguascalientes&quot;","block_context":{"text":"Aguascalientes","link":"https:\/\/www.grieta.org.mx\/index.php\/category\/noticias-nacionales\/aguascalientes\/"},"img":{"alt_text":"","src":"https:\/\/i0.wp.com\/www.grieta.org.mx\/wp-content\/uploads\/2021\/03\/marcha-8m-21.jpeg?resize=350%2C200&ssl=1","width":350,"height":200,"srcset":"https:\/\/i0.wp.com\/www.grieta.org.mx\/wp-content\/uploads\/2021\/03\/marcha-8m-21.jpeg?resize=350%2C200&ssl=1 1x, https:\/\/i0.wp.com\/www.grieta.org.mx\/wp-content\/uploads\/2021\/03\/marcha-8m-21.jpeg?resize=525%2C300&ssl=1 1.5x, https:\/\/i0.wp.com\/www.grieta.org.mx\/wp-content\/uploads\/2021\/03\/marcha-8m-21.jpeg?resize=700%2C400&ssl=1 2x, https:\/\/i0.wp.com\/www.grieta.org.mx\/wp-content\/uploads\/2021\/03\/marcha-8m-21.jpeg?resize=1050%2C600&ssl=1 3x"},"classes":[]},{"id":46200,"url":"https:\/\/www.grieta.org.mx\/index.php\/2020\/03\/08\/previo-al-8m-feministas-realizan-cacerolazo-en-aguascalientes\/","url_meta":{"origin":46215,"position":3},"title":"Previo al #8M, feministas realizan \u2018cacerolazo\u2019 en Aguascalientes","author":"grieta","date":"8 marzo, 2020","format":false,"excerpt":"Notimex\/Exclesior 8 marzo 2020 \u2018No estoy aceptando lo que no puedo cambiar...estoy cambiando lo que no puedo aceptar\u2019 se le\u00eda en una pancarta; se prev\u00e9n este domingo marchas en el pa\u00eds Foto:@angieconter AGUASCALIENTES Colectivos de feministas llevaron a cabo la v\u00edspera un \"cacerolazo\" como pre\u00e1mbulo al D\u00eda Internacional de la\u2026","rel":"","context":"En &quot;Aguascalientes&quot;","block_context":{"text":"Aguascalientes","link":"https:\/\/www.grieta.org.mx\/index.php\/category\/noticias-nacionales\/aguascalientes\/"},"img":{"alt_text":"","src":"https:\/\/i0.wp.com\/www.grieta.org.mx\/wp-content\/uploads\/2020\/03\/2320546.jpg?resize=350%2C200&ssl=1","width":350,"height":200,"srcset":"https:\/\/i0.wp.com\/www.grieta.org.mx\/wp-content\/uploads\/2020\/03\/2320546.jpg?resize=350%2C200&ssl=1 1x, https:\/\/i0.wp.com\/www.grieta.org.mx\/wp-content\/uploads\/2020\/03\/2320546.jpg?resize=525%2C300&ssl=1 1.5x"},"classes":[]},{"id":63678,"url":"https:\/\/www.grieta.org.mx\/index.php\/2022\/03\/09\/8m-en-memoria-de-las-que-ya-no-estan-aguascalientes\/","url_meta":{"origin":46215,"position":4},"title":"8M: En Memoria de las que ya no est\u00e1n&#8230; (Aguascalientes)","author":"grieta","date":"9 marzo, 2022","format":false,"excerpt":"Silvia Ortiz\/Hidroc\u00e1lido Digital 9 marzo 2022 M\u00e1s de nueve mil mujeres salieron a marchar por las calles de la ciudad en memoria de las que ya no est\u00e1n, de aquellas que fueron violentadas, desaparecidas y asesinadas. Bajo las consignas de \u201cAguascalientes feminicida\u201d, \u201cNo que no, s\u00ed que s\u00ed, ya volvimos\u2026","rel":"","context":"En &quot;Aguascalientes&quot;","block_context":{"text":"Aguascalientes","link":"https:\/\/www.grieta.org.mx\/index.php\/category\/noticias-nacionales\/aguascalientes\/"},"img":{"alt_text":"","src":"https:\/\/i0.wp.com\/www.grieta.org.mx\/wp-content\/uploads\/2022\/03\/hidro7-6-1280x853-1.jpg?resize=350%2C200&ssl=1","width":350,"height":200,"srcset":"https:\/\/i0.wp.com\/www.grieta.org.mx\/wp-content\/uploads\/2022\/03\/hidro7-6-1280x853-1.jpg?resize=350%2C200&ssl=1 1x, https:\/\/i0.wp.com\/www.grieta.org.mx\/wp-content\/uploads\/2022\/03\/hidro7-6-1280x853-1.jpg?resize=525%2C300&ssl=1 1.5x, https:\/\/i0.wp.com\/www.grieta.org.mx\/wp-content\/uploads\/2022\/03\/hidro7-6-1280x853-1.jpg?resize=700%2C400&ssl=1 2x, https:\/\/i0.wp.com\/www.grieta.org.mx\/wp-content\/uploads\/2022\/03\/hidro7-6-1280x853-1.jpg?resize=1050%2C600&ssl=1 3x"},"classes":[]},{"id":41865,"url":"https:\/\/www.grieta.org.mx\/index.php\/2019\/11\/26\/exige-comunidad-feminista-un-aguascalientes-libre-y-seguro\/","url_meta":{"origin":46215,"position":5},"title":"EXIGE COMUNIDAD FEMINISTA UN AGUASCALIENTES LIBRE Y SEGURO","author":"grieta","date":"26 noviembre, 2019","format":false,"excerpt":"Redacci\u00f3n\/La Jornada Aguascalientes 26 noviembre 2019 Este 25 de noviembre, la Comunidad Feminista de Aguascalientes llev\u00f3 a cabo una movilizaci\u00f3n con motivo del D\u00eda Internacional de la Eliminaci\u00f3n de la Violencia contra la Mujer \u201cEs alarmante que en pleno 2019 persista una falta de reconocimiento del Poder Judicial del Estado\u2026","rel":"","context":"En &quot;Aguascalientes&quot;","block_context":{"text":"Aguascalientes","link":"https:\/\/www.grieta.org.mx\/index.php\/category\/noticias-nacionales\/aguascalientes\/"},"img":{"alt_text":"","src":"https:\/\/i0.wp.com\/www.grieta.org.mx\/wp-content\/uploads\/2019\/12\/49125848797_fcaca72bb4_c.jpg?resize=350%2C200&ssl=1","width":350,"height":200,"srcset":"https:\/\/i0.wp.com\/www.grieta.org.mx\/wp-content\/uploads\/2019\/12\/49125848797_fcaca72bb4_c.jpg?resize=350%2C200&ssl=1 1x, https:\/\/i0.wp.com\/www.grieta.org.mx\/wp-content\/uploads\/2019\/12\/49125848797_fcaca72bb4_c.jpg?resize=525%2C300&ssl=1 1.5x, https:\/\/i0.wp.com\/www.grieta.org.mx\/wp-content\/uploads\/2019\/12\/49125848797_fcaca72bb4_c.jpg?resize=700%2C400&ssl=1 2x"},"classes":[]}],"_links":{"self":[{"href":"https:\/\/www.grieta.org.mx\/index.php\/wp-json\/wp\/v2\/posts\/46215","targetHints":{"allow":["GET"]}}],"collection":[{"href":"https:\/\/www.grieta.org.mx\/index.php\/wp-json\/wp\/v2\/posts"}],"about":[{"href":"https:\/\/www.grieta.org.mx\/index.php\/wp-json\/wp\/v2\/types\/post"}],"author":[{"embeddable":true,"href":"https:\/\/www.grieta.org.mx\/index.php\/wp-json\/wp\/v2\/users\/2"}],"replies":[{"embeddable":true,"href":"https:\/\/www.grieta.org.mx\/index.php\/wp-json\/wp\/v2\/comments?post=46215"}],"version-history":[{"count":1,"href":"https:\/\/www.grieta.org.mx\/index.php\/wp-json\/wp\/v2\/posts\/46215\/revisions"}],"predecessor-version":[{"id":46222,"href":"https:\/\/www.grieta.org.mx\/index.php\/wp-json\/wp\/v2\/posts\/46215\/revisions\/46222"}],"wp:featuredmedia":[{"embeddable":true,"href":"https:\/\/www.grieta.org.mx\/index.php\/wp-json\/wp\/v2\/media\/46216"}],"wp:attachment":[{"href":"https:\/\/www.grieta.org.mx\/index.php\/wp-json\/wp\/v2\/media?parent=46215"}],"wp:term":[{"taxonomy":"category","embeddable":true,"href":"https:\/\/www.grieta.org.mx\/index.php\/wp-json\/wp\/v2\/categories?post=46215"},{"taxonomy":"post_tag","embeddable":true,"href":"https:\/\/www.grieta.org.mx\/index.php\/wp-json\/wp\/v2\/tags?post=46215"}],"curies":[{"name":"wp","href":"https:\/\/api.w.org\/{rel}","templated":true}]}}