{"id":46203,"date":"2020-03-08T18:17:50","date_gmt":"2020-03-09T00:17:50","guid":{"rendered":"http:\/\/www.grieta.org.mx\/?p=46203"},"modified":"2020-03-15T18:31:59","modified_gmt":"2020-03-16T00:31:59","slug":"miles-de-mujeres-claman-justicia-en-aguascalientes","status":"publish","type":"post","link":"https:\/\/www.grieta.org.mx\/index.php\/2020\/03\/08\/miles-de-mujeres-claman-justicia-en-aguascalientes\/","title":{"rendered":"Miles de mujeres claman justicia en Aguascalientes"},"content":{"rendered":"<p>Alejandro Romo\/Newsweek Aguascalientes<br \/>\n8 marzo 2020<\/p>\n<p><img loading=\"lazy\" decoding=\"async\" data-attachment-id=\"46204\" data-permalink=\"https:\/\/www.grieta.org.mx\/index.php\/2020\/03\/08\/miles-de-mujeres-claman-justicia-en-aguascalientes\/marcha-8m-aguascalientes\/\" data-orig-file=\"https:\/\/www.grieta.org.mx\/wp-content\/uploads\/2020\/03\/marcha-8M-Aguascalientes.jpg\" data-orig-size=\"651,400\" data-comments-opened=\"0\" data-image-meta=\"{&quot;aperture&quot;:&quot;0&quot;,&quot;credit&quot;:&quot;&quot;,&quot;camera&quot;:&quot;&quot;,&quot;caption&quot;:&quot;&quot;,&quot;created_timestamp&quot;:&quot;0&quot;,&quot;copyright&quot;:&quot;&quot;,&quot;focal_length&quot;:&quot;0&quot;,&quot;iso&quot;:&quot;0&quot;,&quot;shutter_speed&quot;:&quot;0&quot;,&quot;title&quot;:&quot;&quot;,&quot;orientation&quot;:&quot;0&quot;}\" data-image-title=\"marcha-8M-Aguascalientes\" data-image-description=\"\" data-image-caption=\"\" data-medium-file=\"https:\/\/www.grieta.org.mx\/wp-content\/uploads\/2020\/03\/marcha-8M-Aguascalientes-300x184.jpg\" data-large-file=\"https:\/\/www.grieta.org.mx\/wp-content\/uploads\/2020\/03\/marcha-8M-Aguascalientes.jpg\" src=\"http:\/\/www.grieta.org.mx\/wp-content\/uploads\/2020\/03\/marcha-8M-Aguascalientes.jpg\" alt=\"\" width=\"651\" height=\"400\" class=\"aligncenter size-full wp-image-46204\" srcset=\"https:\/\/www.grieta.org.mx\/wp-content\/uploads\/2020\/03\/marcha-8M-Aguascalientes.jpg 651w, https:\/\/www.grieta.org.mx\/wp-content\/uploads\/2020\/03\/marcha-8M-Aguascalientes-300x184.jpg 300w\" sizes=\"auto, (max-width: 651px) 100vw, 651px\" \/><\/p>\n<p>Unidas en un mismo grito para exigir justicia para las mujeres que han sido v\u00edctimas de violencia o de feminicidios, miles de mujeres tomaron las calles del centro hist\u00f3rico de Aguascalientes, para sumarse al movimiento nacional e internacional por el D\u00eda Internacional de la Mujer.<\/p>\n<p>De a poco comenzaron a llegar cientos de mujeres con playeras moradas, pa\u00f1uelos verdes y pancartas en mano con condenas contra la violencia, el acoso y el hostigamiento sexual; unas m\u00e1s llevaron globos de color morado, roza, azul o blanco, que fueron liberando en el transcurso de la marcha, que inici\u00f3 en el cruce de las calles Madero y Cos\u00edo y concluy\u00f3 en la Plaza Principal de Aguascalientes.<\/p>\n<p>El calor que se sent\u00eda -a pesar de las nubes que se aferraban a cubrir el cielo- no fue impedimento para que mujeres de todas las edades y sectores de la poblaci\u00f3n como empresarias, acad\u00e9micas y funcionaras p\u00fablicas salieran a las calles para expresar un \u201cya basta\u201d a los episodios de violencia que se han registrado contra las mujeres.<\/p>\n<p>Seg\u00fan estimaciones de la Coordinaci\u00f3n Municipal de Protecci\u00f3n Civil de Aguascalientes, la afluencia de asistentes fue mayor a 10 mil mujeres.<\/p>\n<p>\u201cNi una menos, vivas las queremos\u201d, \u201cArriba, abajo, machismo va al carajo\u201d, \u201cSi tocan a una, respondemos todas\u201d, fueron algunas de las protestas que expresaron las mujeres del contingente.<\/p>\n<p><img loading=\"lazy\" decoding=\"async\" data-attachment-id=\"46205\" data-permalink=\"https:\/\/www.grieta.org.mx\/index.php\/2020\/03\/08\/miles-de-mujeres-claman-justicia-en-aguascalientes\/whatsapp-image-2020-03-08-at-7-55-28-pm-768x512\/\" data-orig-file=\"https:\/\/www.grieta.org.mx\/wp-content\/uploads\/2020\/03\/WhatsApp-Image-2020-03-08-at-7.55.28-PM-768x512.jpeg\" data-orig-size=\"768,512\" data-comments-opened=\"0\" data-image-meta=\"{&quot;aperture&quot;:&quot;0&quot;,&quot;credit&quot;:&quot;&quot;,&quot;camera&quot;:&quot;&quot;,&quot;caption&quot;:&quot;&quot;,&quot;created_timestamp&quot;:&quot;0&quot;,&quot;copyright&quot;:&quot;&quot;,&quot;focal_length&quot;:&quot;0&quot;,&quot;iso&quot;:&quot;0&quot;,&quot;shutter_speed&quot;:&quot;0&quot;,&quot;title&quot;:&quot;&quot;,&quot;orientation&quot;:&quot;0&quot;}\" data-image-title=\"WhatsApp-Image-2020-03-08-at-7.55.28-PM-768&amp;#215;512\" data-image-description=\"\" data-image-caption=\"\" data-medium-file=\"https:\/\/www.grieta.org.mx\/wp-content\/uploads\/2020\/03\/WhatsApp-Image-2020-03-08-at-7.55.28-PM-768x512-300x200.jpeg\" data-large-file=\"https:\/\/www.grieta.org.mx\/wp-content\/uploads\/2020\/03\/WhatsApp-Image-2020-03-08-at-7.55.28-PM-768x512.jpeg\" src=\"http:\/\/www.grieta.org.mx\/wp-content\/uploads\/2020\/03\/WhatsApp-Image-2020-03-08-at-7.55.28-PM-768x512.jpeg\" alt=\"\" width=\"768\" height=\"512\" class=\"aligncenter size-full wp-image-46205\" srcset=\"https:\/\/www.grieta.org.mx\/wp-content\/uploads\/2020\/03\/WhatsApp-Image-2020-03-08-at-7.55.28-PM-768x512.jpeg 768w, https:\/\/www.grieta.org.mx\/wp-content\/uploads\/2020\/03\/WhatsApp-Image-2020-03-08-at-7.55.28-PM-768x512-300x200.jpeg 300w, https:\/\/www.grieta.org.mx\/wp-content\/uploads\/2020\/03\/WhatsApp-Image-2020-03-08-at-7.55.28-PM-768x512-750x500.jpeg 750w\" sizes=\"auto, (max-width: 768px) 100vw, 768px\" \/><\/p>\n<p>Un grupo de mujeres portaban un avi\u00f3n de papel a escala, simulando el avi\u00f3n presidencial del gobierno federal, en el que mujeres v\u00edctimas de violencia marcaron con plum\u00f3n el nombre de hombres acosadores o agresores de mujeres. Al concluir la marcha en el asta bandera de la Plaza Principal, el avi\u00f3n fue rociado con gasolina para luego prenderle fuego.<\/p>\n<p><img loading=\"lazy\" decoding=\"async\" data-attachment-id=\"46206\" data-permalink=\"https:\/\/www.grieta.org.mx\/index.php\/2020\/03\/08\/miles-de-mujeres-claman-justicia-en-aguascalientes\/whatsapp-image-2020-03-08-at-7-55-27-pm-1-768x512\/\" data-orig-file=\"https:\/\/www.grieta.org.mx\/wp-content\/uploads\/2020\/03\/WhatsApp-Image-2020-03-08-at-7.55.27-PM-1-768x512.jpeg\" data-orig-size=\"768,512\" data-comments-opened=\"0\" data-image-meta=\"{&quot;aperture&quot;:&quot;0&quot;,&quot;credit&quot;:&quot;&quot;,&quot;camera&quot;:&quot;&quot;,&quot;caption&quot;:&quot;&quot;,&quot;created_timestamp&quot;:&quot;0&quot;,&quot;copyright&quot;:&quot;&quot;,&quot;focal_length&quot;:&quot;0&quot;,&quot;iso&quot;:&quot;0&quot;,&quot;shutter_speed&quot;:&quot;0&quot;,&quot;title&quot;:&quot;&quot;,&quot;orientation&quot;:&quot;0&quot;}\" data-image-title=\"WhatsApp-Image-2020-03-08-at-7.55.27-PM-1-768&amp;#215;512\" data-image-description=\"\" data-image-caption=\"\" data-medium-file=\"https:\/\/www.grieta.org.mx\/wp-content\/uploads\/2020\/03\/WhatsApp-Image-2020-03-08-at-7.55.27-PM-1-768x512-300x200.jpeg\" data-large-file=\"https:\/\/www.grieta.org.mx\/wp-content\/uploads\/2020\/03\/WhatsApp-Image-2020-03-08-at-7.55.27-PM-1-768x512.jpeg\" src=\"http:\/\/www.grieta.org.mx\/wp-content\/uploads\/2020\/03\/WhatsApp-Image-2020-03-08-at-7.55.27-PM-1-768x512.jpeg\" alt=\"\" width=\"768\" height=\"512\" class=\"aligncenter size-full wp-image-46206\" srcset=\"https:\/\/www.grieta.org.mx\/wp-content\/uploads\/2020\/03\/WhatsApp-Image-2020-03-08-at-7.55.27-PM-1-768x512.jpeg 768w, https:\/\/www.grieta.org.mx\/wp-content\/uploads\/2020\/03\/WhatsApp-Image-2020-03-08-at-7.55.27-PM-1-768x512-300x200.jpeg 300w, https:\/\/www.grieta.org.mx\/wp-content\/uploads\/2020\/03\/WhatsApp-Image-2020-03-08-at-7.55.27-PM-1-768x512-750x500.jpeg 750w\" sizes=\"auto, (max-width: 768px) 100vw, 768px\" \/><\/p>\n<p>Durante la manifestaci\u00f3n en la calle Madero, algunas mujeres pegaron calcas en el mobiliario urbano con las fichas informativas de las mujeres v\u00edctimas de feminicidio. Incluso, algunas de ellas fueron colocadas en las puertas y fachada del Palacio de Gobierno Estatal.<\/p>\n<p>Aunque en la convocatoria se solicit\u00f3 la no participaci\u00f3n de partidos pol\u00edticos, acudieron algunas servidoras p\u00fablicas, como la presidenta municipal de Aguascalientes, Teresa Jim\u00e9nez Esquivel, o la ex senadora del Partido de la Revoluci\u00f3n Democr\u00e1tica (PRD), Ang\u00e9lica de la Pe\u00f1a, aunque participaron portando prendas de color morado y sin portar distintivos de sus partidos pol\u00edticos, por lo que fueron integradas al movimiento.<\/p>\n<p>Al llegar a la plancha de la plaza, las mujeres se colocaron alrededor del asta bandera, en donde continuaron exclamando sus consignas y c\u00e1nticos, levantando sus pu\u00f1os cerrados y pancartas en todo lo alto.<\/p>\n<p><img loading=\"lazy\" decoding=\"async\" data-attachment-id=\"46207\" data-permalink=\"https:\/\/www.grieta.org.mx\/index.php\/2020\/03\/08\/miles-de-mujeres-claman-justicia-en-aguascalientes\/whatsapp-image-2020-03-08-at-7-55-27-pm-768x512\/\" data-orig-file=\"https:\/\/www.grieta.org.mx\/wp-content\/uploads\/2020\/03\/WhatsApp-Image-2020-03-08-at-7.55.27-PM-768x512.jpeg\" data-orig-size=\"768,512\" data-comments-opened=\"0\" data-image-meta=\"{&quot;aperture&quot;:&quot;0&quot;,&quot;credit&quot;:&quot;&quot;,&quot;camera&quot;:&quot;&quot;,&quot;caption&quot;:&quot;&quot;,&quot;created_timestamp&quot;:&quot;0&quot;,&quot;copyright&quot;:&quot;&quot;,&quot;focal_length&quot;:&quot;0&quot;,&quot;iso&quot;:&quot;0&quot;,&quot;shutter_speed&quot;:&quot;0&quot;,&quot;title&quot;:&quot;&quot;,&quot;orientation&quot;:&quot;0&quot;}\" data-image-title=\"WhatsApp-Image-2020-03-08-at-7.55.27-PM-768&amp;#215;512\" data-image-description=\"\" data-image-caption=\"\" data-medium-file=\"https:\/\/www.grieta.org.mx\/wp-content\/uploads\/2020\/03\/WhatsApp-Image-2020-03-08-at-7.55.27-PM-768x512-300x200.jpeg\" data-large-file=\"https:\/\/www.grieta.org.mx\/wp-content\/uploads\/2020\/03\/WhatsApp-Image-2020-03-08-at-7.55.27-PM-768x512.jpeg\" src=\"http:\/\/www.grieta.org.mx\/wp-content\/uploads\/2020\/03\/WhatsApp-Image-2020-03-08-at-7.55.27-PM-768x512.jpeg\" alt=\"\" width=\"768\" height=\"512\" class=\"aligncenter size-full wp-image-46207\" srcset=\"https:\/\/www.grieta.org.mx\/wp-content\/uploads\/2020\/03\/WhatsApp-Image-2020-03-08-at-7.55.27-PM-768x512.jpeg 768w, https:\/\/www.grieta.org.mx\/wp-content\/uploads\/2020\/03\/WhatsApp-Image-2020-03-08-at-7.55.27-PM-768x512-300x200.jpeg 300w, https:\/\/www.grieta.org.mx\/wp-content\/uploads\/2020\/03\/WhatsApp-Image-2020-03-08-at-7.55.27-PM-768x512-750x500.jpeg 750w\" sizes=\"auto, (max-width: 768px) 100vw, 768px\" \/><\/p>\n<p>Despu\u00e9s de prender fuego a la escala del avi\u00f3n presidencial, hicieron uso del micr\u00f3fono la hermana y la madre de Andrea Nohem\u00ed Ch\u00e1vez Galv\u00e1n -adolescente que fue asesinada por su pareja sentimental el 27 de julio de 2012-, para exigir justicia y mayores condiciones de seguridad para todas las mujeres de Aguascalientes.<\/p>\n<p>\u201cHace a\u00f1os dec\u00edamos en mi familia, \u00bfpor qu\u00e9 me rega\u00f1as mam\u00e1?, si no me va a pasar nada, ahora salimos con miedo a las calles porque no sabemos si vamos a regresar vivas, sigamos luchando compa\u00f1eras para que podamos decir que no nos va a pasar nada\u201d, expres\u00f3 la hermana de Andrea.<\/p>\n<p>Ya entrada la noche, y al final de la manifestaci\u00f3n, las mujeres encendieron veladoras en memoria de las v\u00edctimas de feminicidio en la entidad.<\/p>\n<p>Tambi\u00e9n un grupo de j\u00f3venes hicieron pintas en el piso de la Exedra y en las instalaciones del Congreso del Estado.<\/p>\n<p><img loading=\"lazy\" decoding=\"async\" data-attachment-id=\"46208\" data-permalink=\"https:\/\/www.grieta.org.mx\/index.php\/2020\/03\/08\/miles-de-mujeres-claman-justicia-en-aguascalientes\/89801611_3783903031650646_2891169364290043904_o-768x432\/\" data-orig-file=\"https:\/\/www.grieta.org.mx\/wp-content\/uploads\/2020\/03\/89801611_3783903031650646_2891169364290043904_o-768x432.jpg\" data-orig-size=\"768,432\" data-comments-opened=\"0\" data-image-meta=\"{&quot;aperture&quot;:&quot;0&quot;,&quot;credit&quot;:&quot;&quot;,&quot;camera&quot;:&quot;&quot;,&quot;caption&quot;:&quot;&quot;,&quot;created_timestamp&quot;:&quot;0&quot;,&quot;copyright&quot;:&quot;&quot;,&quot;focal_length&quot;:&quot;0&quot;,&quot;iso&quot;:&quot;0&quot;,&quot;shutter_speed&quot;:&quot;0&quot;,&quot;title&quot;:&quot;&quot;,&quot;orientation&quot;:&quot;0&quot;}\" data-image-title=\"89801611_3783903031650646_2891169364290043904_o-768&amp;#215;432\" data-image-description=\"\" data-image-caption=\"\" data-medium-file=\"https:\/\/www.grieta.org.mx\/wp-content\/uploads\/2020\/03\/89801611_3783903031650646_2891169364290043904_o-768x432-300x169.jpg\" data-large-file=\"https:\/\/www.grieta.org.mx\/wp-content\/uploads\/2020\/03\/89801611_3783903031650646_2891169364290043904_o-768x432.jpg\" src=\"http:\/\/www.grieta.org.mx\/wp-content\/uploads\/2020\/03\/89801611_3783903031650646_2891169364290043904_o-768x432.jpg\" alt=\"\" width=\"768\" height=\"432\" class=\"aligncenter size-full wp-image-46208\" srcset=\"https:\/\/www.grieta.org.mx\/wp-content\/uploads\/2020\/03\/89801611_3783903031650646_2891169364290043904_o-768x432.jpg 768w, https:\/\/www.grieta.org.mx\/wp-content\/uploads\/2020\/03\/89801611_3783903031650646_2891169364290043904_o-768x432-300x169.jpg 300w\" sizes=\"auto, (max-width: 768px) 100vw, 768px\" \/><\/p>\n<p><img loading=\"lazy\" decoding=\"async\" data-attachment-id=\"46209\" data-permalink=\"https:\/\/www.grieta.org.mx\/index.php\/2020\/03\/08\/miles-de-mujeres-claman-justicia-en-aguascalientes\/85102950_3783903064983976_6154716374577971200_o-768x432\/\" data-orig-file=\"https:\/\/www.grieta.org.mx\/wp-content\/uploads\/2020\/03\/85102950_3783903064983976_6154716374577971200_o-768x432.jpg\" data-orig-size=\"768,432\" data-comments-opened=\"0\" data-image-meta=\"{&quot;aperture&quot;:&quot;0&quot;,&quot;credit&quot;:&quot;&quot;,&quot;camera&quot;:&quot;&quot;,&quot;caption&quot;:&quot;&quot;,&quot;created_timestamp&quot;:&quot;0&quot;,&quot;copyright&quot;:&quot;&quot;,&quot;focal_length&quot;:&quot;0&quot;,&quot;iso&quot;:&quot;0&quot;,&quot;shutter_speed&quot;:&quot;0&quot;,&quot;title&quot;:&quot;&quot;,&quot;orientation&quot;:&quot;0&quot;}\" data-image-title=\"85102950_3783903064983976_6154716374577971200_o-768&amp;#215;432\" data-image-description=\"\" data-image-caption=\"\" data-medium-file=\"https:\/\/www.grieta.org.mx\/wp-content\/uploads\/2020\/03\/85102950_3783903064983976_6154716374577971200_o-768x432-300x169.jpg\" data-large-file=\"https:\/\/www.grieta.org.mx\/wp-content\/uploads\/2020\/03\/85102950_3783903064983976_6154716374577971200_o-768x432.jpg\" src=\"http:\/\/www.grieta.org.mx\/wp-content\/uploads\/2020\/03\/85102950_3783903064983976_6154716374577971200_o-768x432.jpg\" alt=\"\" width=\"768\" height=\"432\" class=\"aligncenter size-full wp-image-46209\" srcset=\"https:\/\/www.grieta.org.mx\/wp-content\/uploads\/2020\/03\/85102950_3783903064983976_6154716374577971200_o-768x432.jpg 768w, https:\/\/www.grieta.org.mx\/wp-content\/uploads\/2020\/03\/85102950_3783903064983976_6154716374577971200_o-768x432-300x169.jpg 300w\" sizes=\"auto, (max-width: 768px) 100vw, 768px\" \/><\/p>\n<p><a href=\"https:\/\/newsweekespanol.com\/2020\/03\/miles-de-mujeres-claman-justicia-en-aguascalientes\/\" rel=\"noopener noreferrer\" target=\"_blank\">https:\/\/newsweekespanol.com\/2020\/03\/miles-de-mujeres-claman-justicia-en-aguascalientes\/<\/a><\/p>\n","protected":false},"excerpt":{"rendered":"<p>Alejandro Romo\/Newsweek Aguascalientes 8 marzo 2020 Unidas en un mismo grito para exigir justicia para las mujeres que han sido v\u00edctimas de violencia o de feminicidios, miles de mujeres tomaron &hellip; <a href=\"https:\/\/www.grieta.org.mx\/index.php\/2020\/03\/08\/miles-de-mujeres-claman-justicia-en-aguascalientes\/\" class=\"more-link\">Leer m\u00e1s<\/a><\/p>\n","protected":false},"author":2,"featured_media":46204,"comment_status":"closed","ping_status":"closed","sticky":false,"template":"","format":"standard","meta":{"ngg_post_thumbnail":0,"_jetpack_newsletter_access":"","_jetpack_dont_email_post_to_subs":false,"_jetpack_newsletter_tier_id":0,"_jetpack_memberships_contains_paywalled_content":false,"_jetpack_memberships_contains_paid_content":false,"footnotes":""},"categories":[4,80,2,1938,2491],"tags":[3162,2317],"class_list":["post-46203","post","type-post","status-publish","format-standard","has-post-thumbnail","hentry","category-aguascalientes","category-cintillo","category-noticias-nacionales","category-criminalizacion-del-derecho-a-decidir-en-aguascalientes","category-violencia-contra-las-mujeres-en-aguascalientes","tag-8m-2020","tag-manifestaciones-de-mujeres","entry"],"jetpack_featured_media_url":"https:\/\/www.grieta.org.mx\/wp-content\/uploads\/2020\/03\/marcha-8M-Aguascalientes.jpg","jetpack_sharing_enabled":true,"jetpack_shortlink":"https:\/\/wp.me\/p7ZJR4-c1d","jetpack_likes_enabled":false,"jetpack-related-posts":[{"id":41865,"url":"https:\/\/www.grieta.org.mx\/index.php\/2019\/11\/26\/exige-comunidad-feminista-un-aguascalientes-libre-y-seguro\/","url_meta":{"origin":46203,"position":0},"title":"EXIGE COMUNIDAD FEMINISTA UN AGUASCALIENTES LIBRE Y SEGURO","author":"grieta","date":"26 noviembre, 2019","format":false,"excerpt":"Redacci\u00f3n\/La Jornada Aguascalientes 26 noviembre 2019 Este 25 de noviembre, la Comunidad Feminista de Aguascalientes llev\u00f3 a cabo una movilizaci\u00f3n con motivo del D\u00eda Internacional de la Eliminaci\u00f3n de la Violencia contra la Mujer \u201cEs alarmante que en pleno 2019 persista una falta de reconocimiento del Poder Judicial del Estado\u2026","rel":"","context":"En &quot;Aguascalientes&quot;","block_context":{"text":"Aguascalientes","link":"https:\/\/www.grieta.org.mx\/index.php\/category\/noticias-nacionales\/aguascalientes\/"},"img":{"alt_text":"","src":"https:\/\/i0.wp.com\/www.grieta.org.mx\/wp-content\/uploads\/2019\/12\/49125848797_fcaca72bb4_c.jpg?resize=350%2C200&ssl=1","width":350,"height":200,"srcset":"https:\/\/i0.wp.com\/www.grieta.org.mx\/wp-content\/uploads\/2019\/12\/49125848797_fcaca72bb4_c.jpg?resize=350%2C200&ssl=1 1x, https:\/\/i0.wp.com\/www.grieta.org.mx\/wp-content\/uploads\/2019\/12\/49125848797_fcaca72bb4_c.jpg?resize=525%2C300&ssl=1 1.5x, https:\/\/i0.wp.com\/www.grieta.org.mx\/wp-content\/uploads\/2019\/12\/49125848797_fcaca72bb4_c.jpg?resize=700%2C400&ssl=1 2x"},"classes":[]},{"id":11160,"url":"https:\/\/www.grieta.org.mx\/index.php\/2016\/05\/29\/movilizacion-contra-la-violencia-hacia-las-mujeres-en-aguascalientes\/","url_meta":{"origin":46203,"position":1},"title":"Movilizaci\u00f3n contra la violencia hacia las mujeres en Aguascalientes","author":"grieta","date":"29 mayo, 2016","format":false,"excerpt":"29\/05\/16. Edad promedio de mujeres ante primer acoso en Aguascalientes es de 14 a\u00f1os La Jornada Aguascalientes 24\/04\/16. Movilizaci\u00f3n en contra de las violencias machistas La Jornada Aguascalientes","rel":"","context":"En &quot;Aguascalientes&quot;","block_context":{"text":"Aguascalientes","link":"https:\/\/www.grieta.org.mx\/index.php\/category\/noticias-nacionales\/aguascalientes\/"},"img":{"alt_text":"","src":"https:\/\/i0.wp.com\/www.grieta.org.mx\/wp-content\/uploads\/2018\/03\/14524434_1106112876131411_958039263622046936_o.jpg?resize=350%2C200&ssl=1","width":350,"height":200,"srcset":"https:\/\/i0.wp.com\/www.grieta.org.mx\/wp-content\/uploads\/2018\/03\/14524434_1106112876131411_958039263622046936_o.jpg?resize=350%2C200&ssl=1 1x, https:\/\/i0.wp.com\/www.grieta.org.mx\/wp-content\/uploads\/2018\/03\/14524434_1106112876131411_958039263622046936_o.jpg?resize=525%2C300&ssl=1 1.5x, https:\/\/i0.wp.com\/www.grieta.org.mx\/wp-content\/uploads\/2018\/03\/14524434_1106112876131411_958039263622046936_o.jpg?resize=700%2C400&ssl=1 2x"},"classes":[]},{"id":49876,"url":"https:\/\/www.grieta.org.mx\/index.php\/2020\/05\/26\/se-atendieron-132-llamadas-por-violencia-a-mujeres-en-aguascalientes-en-abril\/","url_meta":{"origin":46203,"position":2},"title":"Se atendieron 132 llamadas por violencia a mujeres en Aguascalientes en abril","author":"grieta","date":"26 mayo, 2020","format":false,"excerpt":"Alejandro Romo\/Newsweek Aguascalientes 26 mayo 2020 Foto: Pixabay Durante el periodo de contingencia sanitaria por el coronavirus Covid-19 en abril, el servicio de emergencias 911 report\u00f3 132 llamadas de mujeres que padecieron alg\u00fan tipo de violencia al interior de sus hogares, principalmente, seg\u00fan los datos del Secretariado Ejecutivo del Sistema\u2026","rel":"","context":"En &quot;Aguascalientes&quot;","block_context":{"text":"Aguascalientes","link":"https:\/\/www.grieta.org.mx\/index.php\/category\/noticias-nacionales\/aguascalientes\/"},"img":{"alt_text":"","src":"https:\/\/i0.wp.com\/www.grieta.org.mx\/wp-content\/uploads\/2020\/05\/violencia.-violaci%C3%B3n.jpg?resize=350%2C200&ssl=1","width":350,"height":200,"srcset":"https:\/\/i0.wp.com\/www.grieta.org.mx\/wp-content\/uploads\/2020\/05\/violencia.-violaci%C3%B3n.jpg?resize=350%2C200&ssl=1 1x, https:\/\/i0.wp.com\/www.grieta.org.mx\/wp-content\/uploads\/2020\/05\/violencia.-violaci%C3%B3n.jpg?resize=525%2C300&ssl=1 1.5x"},"classes":[]},{"id":57538,"url":"https:\/\/www.grieta.org.mx\/index.php\/2021\/03\/09\/mujeres-de-aguascalientes-denuncian-agresiones-y-detenciones-en-marcha-del-8m\/","url_meta":{"origin":46203,"position":3},"title":"Mujeres de Aguascalientes denuncian agresiones y detenciones en marcha del 8M","author":"grieta","date":"9 marzo, 2021","format":false,"excerpt":"De 23 mujeres detenidas ya se pag\u00f3 la fianza de 15. La Comunidad Feminista de Aguascalientes pide ayuda para localizar a tres de sus compa\u00f1eras. Facebook Brigada Centinela Redacci\u00f3n\/Animal Pol\u00edtico 9 marzo 2021 En un comunicado, la Brigada Centinela denunci\u00f3 que las autoridades estatales actuaron con violencia y reprimieron a\u2026","rel":"","context":"En &quot;Aguascalientes&quot;","block_context":{"text":"Aguascalientes","link":"https:\/\/www.grieta.org.mx\/index.php\/category\/noticias-nacionales\/aguascalientes\/"},"img":{"alt_text":"","src":"https:\/\/i0.wp.com\/www.grieta.org.mx\/wp-content\/uploads\/2021\/03\/marcha-8m-21.jpeg?resize=350%2C200&ssl=1","width":350,"height":200,"srcset":"https:\/\/i0.wp.com\/www.grieta.org.mx\/wp-content\/uploads\/2021\/03\/marcha-8m-21.jpeg?resize=350%2C200&ssl=1 1x, https:\/\/i0.wp.com\/www.grieta.org.mx\/wp-content\/uploads\/2021\/03\/marcha-8m-21.jpeg?resize=525%2C300&ssl=1 1.5x, https:\/\/i0.wp.com\/www.grieta.org.mx\/wp-content\/uploads\/2021\/03\/marcha-8m-21.jpeg?resize=700%2C400&ssl=1 2x, https:\/\/i0.wp.com\/www.grieta.org.mx\/wp-content\/uploads\/2021\/03\/marcha-8m-21.jpeg?resize=1050%2C600&ssl=1 3x"},"classes":[]},{"id":46200,"url":"https:\/\/www.grieta.org.mx\/index.php\/2020\/03\/08\/previo-al-8m-feministas-realizan-cacerolazo-en-aguascalientes\/","url_meta":{"origin":46203,"position":4},"title":"Previo al #8M, feministas realizan \u2018cacerolazo\u2019 en Aguascalientes","author":"grieta","date":"8 marzo, 2020","format":false,"excerpt":"Notimex\/Exclesior 8 marzo 2020 \u2018No estoy aceptando lo que no puedo cambiar...estoy cambiando lo que no puedo aceptar\u2019 se le\u00eda en una pancarta; se prev\u00e9n este domingo marchas en el pa\u00eds Foto:@angieconter AGUASCALIENTES Colectivos de feministas llevaron a cabo la v\u00edspera un \"cacerolazo\" como pre\u00e1mbulo al D\u00eda Internacional de la\u2026","rel":"","context":"En &quot;Aguascalientes&quot;","block_context":{"text":"Aguascalientes","link":"https:\/\/www.grieta.org.mx\/index.php\/category\/noticias-nacionales\/aguascalientes\/"},"img":{"alt_text":"","src":"https:\/\/i0.wp.com\/www.grieta.org.mx\/wp-content\/uploads\/2020\/03\/2320546.jpg?resize=350%2C200&ssl=1","width":350,"height":200,"srcset":"https:\/\/i0.wp.com\/www.grieta.org.mx\/wp-content\/uploads\/2020\/03\/2320546.jpg?resize=350%2C200&ssl=1 1x, https:\/\/i0.wp.com\/www.grieta.org.mx\/wp-content\/uploads\/2020\/03\/2320546.jpg?resize=525%2C300&ssl=1 1.5x"},"classes":[]},{"id":70194,"url":"https:\/\/www.grieta.org.mx\/index.php\/2024\/10\/20\/madres-buscadoras-y-victimas-de-tortura-se-reunen-en-aguascalientes\/","url_meta":{"origin":46203,"position":5},"title":"Madres buscadoras y v\u00edctimas de tortura se re\u00fanen en Aguascalientes","author":"grieta","date":"20 octubre, 2024","format":false,"excerpt":"Dulce Rodr\u00edguez\/Newsweek Espa\u00f1ol 15 octubre 2024 El III Encuentro de Mujeres Buscadoras, Familiares de V\u00edctimas y Sobrevivientes de Tortura o Violencia Sexual comenz\u00f3 el 11 de octubre de 2024 en Aguascalientes. Este evento re\u00fane a 65 mujeres buscadoras, activistas y defensoras de derechos humanos de diferentes estados de M\u00e9xico, como\u2026","rel":"","context":"En &quot;Aguascalientes&quot;","block_context":{"text":"Aguascalientes","link":"https:\/\/www.grieta.org.mx\/index.php\/category\/noticias-nacionales\/aguascalientes\/"},"img":{"alt_text":"","src":"https:\/\/i0.wp.com\/www.grieta.org.mx\/wp-content\/uploads\/2024\/10\/WhatsApp-Image-2024-10-11-at-2.15.05-PM-1140x570-1.jpeg?resize=350%2C200&ssl=1","width":350,"height":200,"srcset":"https:\/\/i0.wp.com\/www.grieta.org.mx\/wp-content\/uploads\/2024\/10\/WhatsApp-Image-2024-10-11-at-2.15.05-PM-1140x570-1.jpeg?resize=350%2C200&ssl=1 1x, https:\/\/i0.wp.com\/www.grieta.org.mx\/wp-content\/uploads\/2024\/10\/WhatsApp-Image-2024-10-11-at-2.15.05-PM-1140x570-1.jpeg?resize=525%2C300&ssl=1 1.5x, https:\/\/i0.wp.com\/www.grieta.org.mx\/wp-content\/uploads\/2024\/10\/WhatsApp-Image-2024-10-11-at-2.15.05-PM-1140x570-1.jpeg?resize=700%2C400&ssl=1 2x, https:\/\/i0.wp.com\/www.grieta.org.mx\/wp-content\/uploads\/2024\/10\/WhatsApp-Image-2024-10-11-at-2.15.05-PM-1140x570-1.jpeg?resize=1050%2C600&ssl=1 3x"},"classes":[]}],"_links":{"self":[{"href":"https:\/\/www.grieta.org.mx\/index.php\/wp-json\/wp\/v2\/posts\/46203","targetHints":{"allow":["GET"]}}],"collection":[{"href":"https:\/\/www.grieta.org.mx\/index.php\/wp-json\/wp\/v2\/posts"}],"about":[{"href":"https:\/\/www.grieta.org.mx\/index.php\/wp-json\/wp\/v2\/types\/post"}],"author":[{"embeddable":true,"href":"https:\/\/www.grieta.org.mx\/index.php\/wp-json\/wp\/v2\/users\/2"}],"replies":[{"embeddable":true,"href":"https:\/\/www.grieta.org.mx\/index.php\/wp-json\/wp\/v2\/comments?post=46203"}],"version-history":[{"count":1,"href":"https:\/\/www.grieta.org.mx\/index.php\/wp-json\/wp\/v2\/posts\/46203\/revisions"}],"predecessor-version":[{"id":46210,"href":"https:\/\/www.grieta.org.mx\/index.php\/wp-json\/wp\/v2\/posts\/46203\/revisions\/46210"}],"wp:featuredmedia":[{"embeddable":true,"href":"https:\/\/www.grieta.org.mx\/index.php\/wp-json\/wp\/v2\/media\/46204"}],"wp:attachment":[{"href":"https:\/\/www.grieta.org.mx\/index.php\/wp-json\/wp\/v2\/media?parent=46203"}],"wp:term":[{"taxonomy":"category","embeddable":true,"href":"https:\/\/www.grieta.org.mx\/index.php\/wp-json\/wp\/v2\/categories?post=46203"},{"taxonomy":"post_tag","embeddable":true,"href":"https:\/\/www.grieta.org.mx\/index.php\/wp-json\/wp\/v2\/tags?post=46203"}],"curies":[{"name":"wp","href":"https:\/\/api.w.org\/{rel}","templated":true}]}}