{"id":46197,"date":"2020-03-04T17:54:55","date_gmt":"2020-03-04T23:54:55","guid":{"rendered":"http:\/\/www.grieta.org.mx\/?p=46197"},"modified":"2020-03-15T17:59:25","modified_gmt":"2020-03-15T23:59:25","slug":"mujeres-no-se-sienten-seguras-en-aguascalientes","status":"publish","type":"post","link":"https:\/\/www.grieta.org.mx\/index.php\/2020\/03\/04\/mujeres-no-se-sienten-seguras-en-aguascalientes\/","title":{"rendered":"Mujeres no se sienten seguras en Aguascalientes"},"content":{"rendered":"<p>Alejandro Manrique\/Newsweek Aguascalientes<br \/>\n4 marzo 2020<\/p>\n<p><img loading=\"lazy\" decoding=\"async\" data-attachment-id=\"46198\" data-permalink=\"https:\/\/www.grieta.org.mx\/index.php\/2020\/03\/04\/mujeres-no-se-sienten-seguras-en-aguascalientes\/39953873854_278d855e09_c\/\" data-orig-file=\"https:\/\/www.grieta.org.mx\/wp-content\/uploads\/2020\/03\/39953873854_278d855e09_c.jpg\" data-orig-size=\"674,450\" data-comments-opened=\"0\" data-image-meta=\"{&quot;aperture&quot;:&quot;0&quot;,&quot;credit&quot;:&quot;Cynthia de Paul&quot;,&quot;camera&quot;:&quot;&quot;,&quot;caption&quot;:&quot;&quot;,&quot;created_timestamp&quot;:&quot;0&quot;,&quot;copyright&quot;:&quot;&quot;,&quot;focal_length&quot;:&quot;0&quot;,&quot;iso&quot;:&quot;0&quot;,&quot;shutter_speed&quot;:&quot;0&quot;,&quot;title&quot;:&quot;&quot;,&quot;orientation&quot;:&quot;0&quot;}\" data-image-title=\"39953873854_278d855e09_c\" data-image-description=\"\" data-image-caption=\"\" data-medium-file=\"https:\/\/www.grieta.org.mx\/wp-content\/uploads\/2020\/03\/39953873854_278d855e09_c-300x200.jpg\" data-large-file=\"https:\/\/www.grieta.org.mx\/wp-content\/uploads\/2020\/03\/39953873854_278d855e09_c.jpg\" src=\"http:\/\/www.grieta.org.mx\/wp-content\/uploads\/2020\/03\/39953873854_278d855e09_c.jpg\" alt=\"\" width=\"674\" height=\"450\" class=\"aligncenter size-full wp-image-46198\" srcset=\"https:\/\/www.grieta.org.mx\/wp-content\/uploads\/2020\/03\/39953873854_278d855e09_c.jpg 674w, https:\/\/www.grieta.org.mx\/wp-content\/uploads\/2020\/03\/39953873854_278d855e09_c-300x200.jpg 300w\" sizes=\"auto, (max-width: 674px) 100vw, 674px\" \/><\/p>\n<p>Pocas mujeres se sienten seguras en Aguascalientes, seg\u00fan se pudo conocer durante un sondeo realizado por Newsweek Aguascalientes en la zona centro de la capital, de ah\u00ed que muchas se sientan identificadas con el movimiento del pr\u00f3ximo 9 de marzo.<\/p>\n<p>\u201cTodos los d\u00edas soy v\u00edctima de acoso, por parte de polic\u00edas tambi\u00e9n, por eso no me siento segura\u201d afirm\u00f3 una joven estudiante y barista de una cafeter\u00eda en Carranza.<\/p>\n<p>La mayor\u00eda de las mujeres respondieron que no se sent\u00edan seguras ni protegidas en Aguascalientes, algunas aseguraron que s\u00f3lo en ocasiones y s\u00f3lo una respondi\u00f3 que s\u00ed, hasta el momento. Los motivos que dieron es que han sido v\u00edctimas de acoso o han presenciado actos de violencia hacia alguna mujer, sin que los responsables hayan sido castigados, adem\u00e1s de los \u00faltimos casos de feminicidios que se han dad a conocer a nivel nacional.<\/p>\n<p>\u201cEn parte s\u00ed me siento identificada por el movimiento feminista, hay algunas partes que no van con mis ideales ni mi forma de pensar, pero s\u00ed estoy de acuerdo en que debemos manifestar nuestra molestia por la inseguridad\u201d mencion\u00f3 Lizbeth, una docente de nivel universitario.<\/p>\n<p>La mayor\u00eda de las mujeres dijeron sentirse identificadas con el movimiento Un D\u00eda sin Nosotras, a causa de la inseguridad y violencia de g\u00e9nero que sufren o han sufrido y que esperan que un d\u00eda dejen de verse como algo natural, por lo que se dijeron de acuerdo con las diferentes manifestaciones en contra de la violencia.<\/p>\n<p>\u201cEs importante acudir a la marcha del 8 de marzo y ser parte del D\u00eda sin Mujeres el d\u00eda 9 de para solidarizarse con las v\u00edctimas y demostrar que sin nosotras el mundo estar\u00eda de cabeza, porque importamos m\u00e1s que un boleto de rifa, porque estamos cansadas de no sentirnos seguras ni en la escuela, el trabajo y hasta en la casa. Si falta una, faltamos todas\u201d respondi\u00f3 Fernanda Alonso, estudiante de derecho de la Universidad Aut\u00f3noma de Aguascalientes.<\/p>\n<p>Todas mencionaron que ser\u00e1n part\u00edcipes el 9 de marzo del paro nacional Un D\u00eda sin Nosotras, sin embargo, s\u00f3lo alrededor de la mitad de las mujeres entrevistadas para el sondeo, confirmaron su asistencia a la marcha que se realizar\u00e1 por el D\u00eda de la Mujer que se conmemora el 8 de marzo.<\/p>\n<p><a href=\"https:\/\/newsweekespanol.com\/2020\/03\/mujeres-no-se-sienten-seguras-en-aguascalientes\/\" rel=\"noopener noreferrer\" target=\"_blank\">https:\/\/newsweekespanol.com\/2020\/03\/mujeres-no-se-sienten-seguras-en-aguascalientes\/<\/a><\/p>\n","protected":false},"excerpt":{"rendered":"<p>Alejandro Manrique\/Newsweek Aguascalientes 4 marzo 2020 Pocas mujeres se sienten seguras en Aguascalientes, seg\u00fan se pudo conocer durante un sondeo realizado por Newsweek Aguascalientes en la zona centro de la &hellip; <a href=\"https:\/\/www.grieta.org.mx\/index.php\/2020\/03\/04\/mujeres-no-se-sienten-seguras-en-aguascalientes\/\" class=\"more-link\">Leer m\u00e1s<\/a><\/p>\n","protected":false},"author":2,"featured_media":46198,"comment_status":"closed","ping_status":"closed","sticky":false,"template":"","format":"standard","meta":{"ngg_post_thumbnail":0,"_jetpack_newsletter_access":"","_jetpack_dont_email_post_to_subs":false,"_jetpack_newsletter_tier_id":0,"_jetpack_memberships_contains_paywalled_content":false,"_jetpack_memberships_contains_paid_content":false,"footnotes":""},"categories":[4,80,2,1938,2491],"tags":[99,1630],"class_list":["post-46197","post","type-post","status-publish","format-standard","has-post-thumbnail","hentry","category-aguascalientes","category-cintillo","category-noticias-nacionales","category-criminalizacion-del-derecho-a-decidir-en-aguascalientes","category-violencia-contra-las-mujeres-en-aguascalientes","tag-inseguridad","tag-violencia-contra-las-mujeres","entry"],"jetpack_featured_media_url":"https:\/\/www.grieta.org.mx\/wp-content\/uploads\/2020\/03\/39953873854_278d855e09_c.jpg","jetpack_sharing_enabled":true,"jetpack_shortlink":"https:\/\/wp.me\/p7ZJR4-c17","jetpack_likes_enabled":false,"jetpack-related-posts":[{"id":49876,"url":"https:\/\/www.grieta.org.mx\/index.php\/2020\/05\/26\/se-atendieron-132-llamadas-por-violencia-a-mujeres-en-aguascalientes-en-abril\/","url_meta":{"origin":46197,"position":0},"title":"Se atendieron 132 llamadas por violencia a mujeres en Aguascalientes en abril","author":"grieta","date":"26 mayo, 2020","format":false,"excerpt":"Alejandro Romo\/Newsweek Aguascalientes 26 mayo 2020 Foto: Pixabay Durante el periodo de contingencia sanitaria por el coronavirus Covid-19 en abril, el servicio de emergencias 911 report\u00f3 132 llamadas de mujeres que padecieron alg\u00fan tipo de violencia al interior de sus hogares, principalmente, seg\u00fan los datos del Secretariado Ejecutivo del Sistema\u2026","rel":"","context":"En &quot;Aguascalientes&quot;","block_context":{"text":"Aguascalientes","link":"https:\/\/www.grieta.org.mx\/index.php\/category\/noticias-nacionales\/aguascalientes\/"},"img":{"alt_text":"","src":"https:\/\/i0.wp.com\/www.grieta.org.mx\/wp-content\/uploads\/2020\/05\/violencia.-violaci%C3%B3n.jpg?resize=350%2C200&ssl=1","width":350,"height":200,"srcset":"https:\/\/i0.wp.com\/www.grieta.org.mx\/wp-content\/uploads\/2020\/05\/violencia.-violaci%C3%B3n.jpg?resize=350%2C200&ssl=1 1x, https:\/\/i0.wp.com\/www.grieta.org.mx\/wp-content\/uploads\/2020\/05\/violencia.-violaci%C3%B3n.jpg?resize=525%2C300&ssl=1 1.5x"},"classes":[]},{"id":11160,"url":"https:\/\/www.grieta.org.mx\/index.php\/2016\/05\/29\/movilizacion-contra-la-violencia-hacia-las-mujeres-en-aguascalientes\/","url_meta":{"origin":46197,"position":1},"title":"Movilizaci\u00f3n contra la violencia hacia las mujeres en Aguascalientes","author":"grieta","date":"29 mayo, 2016","format":false,"excerpt":"29\/05\/16. Edad promedio de mujeres ante primer acoso en Aguascalientes es de 14 a\u00f1os La Jornada Aguascalientes 24\/04\/16. Movilizaci\u00f3n en contra de las violencias machistas La Jornada Aguascalientes","rel":"","context":"En &quot;Aguascalientes&quot;","block_context":{"text":"Aguascalientes","link":"https:\/\/www.grieta.org.mx\/index.php\/category\/noticias-nacionales\/aguascalientes\/"},"img":{"alt_text":"","src":"https:\/\/i0.wp.com\/www.grieta.org.mx\/wp-content\/uploads\/2018\/03\/14524434_1106112876131411_958039263622046936_o.jpg?resize=350%2C200&ssl=1","width":350,"height":200,"srcset":"https:\/\/i0.wp.com\/www.grieta.org.mx\/wp-content\/uploads\/2018\/03\/14524434_1106112876131411_958039263622046936_o.jpg?resize=350%2C200&ssl=1 1x, https:\/\/i0.wp.com\/www.grieta.org.mx\/wp-content\/uploads\/2018\/03\/14524434_1106112876131411_958039263622046936_o.jpg?resize=525%2C300&ssl=1 1.5x, https:\/\/i0.wp.com\/www.grieta.org.mx\/wp-content\/uploads\/2018\/03\/14524434_1106112876131411_958039263622046936_o.jpg?resize=700%2C400&ssl=1 2x"},"classes":[]},{"id":70194,"url":"https:\/\/www.grieta.org.mx\/index.php\/2024\/10\/20\/madres-buscadoras-y-victimas-de-tortura-se-reunen-en-aguascalientes\/","url_meta":{"origin":46197,"position":2},"title":"Madres buscadoras y v\u00edctimas de tortura se re\u00fanen en Aguascalientes","author":"grieta","date":"20 octubre, 2024","format":false,"excerpt":"Dulce Rodr\u00edguez\/Newsweek Espa\u00f1ol 15 octubre 2024 El III Encuentro de Mujeres Buscadoras, Familiares de V\u00edctimas y Sobrevivientes de Tortura o Violencia Sexual comenz\u00f3 el 11 de octubre de 2024 en Aguascalientes. Este evento re\u00fane a 65 mujeres buscadoras, activistas y defensoras de derechos humanos de diferentes estados de M\u00e9xico, como\u2026","rel":"","context":"En &quot;Aguascalientes&quot;","block_context":{"text":"Aguascalientes","link":"https:\/\/www.grieta.org.mx\/index.php\/category\/noticias-nacionales\/aguascalientes\/"},"img":{"alt_text":"","src":"https:\/\/i0.wp.com\/www.grieta.org.mx\/wp-content\/uploads\/2024\/10\/WhatsApp-Image-2024-10-11-at-2.15.05-PM-1140x570-1.jpeg?resize=350%2C200&ssl=1","width":350,"height":200,"srcset":"https:\/\/i0.wp.com\/www.grieta.org.mx\/wp-content\/uploads\/2024\/10\/WhatsApp-Image-2024-10-11-at-2.15.05-PM-1140x570-1.jpeg?resize=350%2C200&ssl=1 1x, https:\/\/i0.wp.com\/www.grieta.org.mx\/wp-content\/uploads\/2024\/10\/WhatsApp-Image-2024-10-11-at-2.15.05-PM-1140x570-1.jpeg?resize=525%2C300&ssl=1 1.5x, https:\/\/i0.wp.com\/www.grieta.org.mx\/wp-content\/uploads\/2024\/10\/WhatsApp-Image-2024-10-11-at-2.15.05-PM-1140x570-1.jpeg?resize=700%2C400&ssl=1 2x, https:\/\/i0.wp.com\/www.grieta.org.mx\/wp-content\/uploads\/2024\/10\/WhatsApp-Image-2024-10-11-at-2.15.05-PM-1140x570-1.jpeg?resize=1050%2C600&ssl=1 3x"},"classes":[]},{"id":46203,"url":"https:\/\/www.grieta.org.mx\/index.php\/2020\/03\/08\/miles-de-mujeres-claman-justicia-en-aguascalientes\/","url_meta":{"origin":46197,"position":3},"title":"Miles de mujeres claman justicia en Aguascalientes","author":"grieta","date":"8 marzo, 2020","format":false,"excerpt":"Alejandro Romo\/Newsweek Aguascalientes 8 marzo 2020 Unidas en un mismo grito para exigir justicia para las mujeres que han sido v\u00edctimas de violencia o de feminicidios, miles de mujeres tomaron las calles del centro hist\u00f3rico de Aguascalientes, para sumarse al movimiento nacional e internacional por el D\u00eda Internacional de la\u2026","rel":"","context":"En &quot;Aguascalientes&quot;","block_context":{"text":"Aguascalientes","link":"https:\/\/www.grieta.org.mx\/index.php\/category\/noticias-nacionales\/aguascalientes\/"},"img":{"alt_text":"","src":"https:\/\/i0.wp.com\/www.grieta.org.mx\/wp-content\/uploads\/2020\/03\/marcha-8M-Aguascalientes.jpg?resize=350%2C200&ssl=1","width":350,"height":200,"srcset":"https:\/\/i0.wp.com\/www.grieta.org.mx\/wp-content\/uploads\/2020\/03\/marcha-8M-Aguascalientes.jpg?resize=350%2C200&ssl=1 1x, https:\/\/i0.wp.com\/www.grieta.org.mx\/wp-content\/uploads\/2020\/03\/marcha-8M-Aguascalientes.jpg?resize=525%2C300&ssl=1 1.5x"},"classes":[]},{"id":57538,"url":"https:\/\/www.grieta.org.mx\/index.php\/2021\/03\/09\/mujeres-de-aguascalientes-denuncian-agresiones-y-detenciones-en-marcha-del-8m\/","url_meta":{"origin":46197,"position":4},"title":"Mujeres de Aguascalientes denuncian agresiones y detenciones en marcha del 8M","author":"grieta","date":"9 marzo, 2021","format":false,"excerpt":"De 23 mujeres detenidas ya se pag\u00f3 la fianza de 15. La Comunidad Feminista de Aguascalientes pide ayuda para localizar a tres de sus compa\u00f1eras. Facebook Brigada Centinela Redacci\u00f3n\/Animal Pol\u00edtico 9 marzo 2021 En un comunicado, la Brigada Centinela denunci\u00f3 que las autoridades estatales actuaron con violencia y reprimieron a\u2026","rel":"","context":"En &quot;Aguascalientes&quot;","block_context":{"text":"Aguascalientes","link":"https:\/\/www.grieta.org.mx\/index.php\/category\/noticias-nacionales\/aguascalientes\/"},"img":{"alt_text":"","src":"https:\/\/i0.wp.com\/www.grieta.org.mx\/wp-content\/uploads\/2021\/03\/marcha-8m-21.jpeg?resize=350%2C200&ssl=1","width":350,"height":200,"srcset":"https:\/\/i0.wp.com\/www.grieta.org.mx\/wp-content\/uploads\/2021\/03\/marcha-8m-21.jpeg?resize=350%2C200&ssl=1 1x, https:\/\/i0.wp.com\/www.grieta.org.mx\/wp-content\/uploads\/2021\/03\/marcha-8m-21.jpeg?resize=525%2C300&ssl=1 1.5x, https:\/\/i0.wp.com\/www.grieta.org.mx\/wp-content\/uploads\/2021\/03\/marcha-8m-21.jpeg?resize=700%2C400&ssl=1 2x, https:\/\/i0.wp.com\/www.grieta.org.mx\/wp-content\/uploads\/2021\/03\/marcha-8m-21.jpeg?resize=1050%2C600&ssl=1 3x"},"classes":[]},{"id":46200,"url":"https:\/\/www.grieta.org.mx\/index.php\/2020\/03\/08\/previo-al-8m-feministas-realizan-cacerolazo-en-aguascalientes\/","url_meta":{"origin":46197,"position":5},"title":"Previo al #8M, feministas realizan \u2018cacerolazo\u2019 en Aguascalientes","author":"grieta","date":"8 marzo, 2020","format":false,"excerpt":"Notimex\/Exclesior 8 marzo 2020 \u2018No estoy aceptando lo que no puedo cambiar...estoy cambiando lo que no puedo aceptar\u2019 se le\u00eda en una pancarta; se prev\u00e9n este domingo marchas en el pa\u00eds Foto:@angieconter AGUASCALIENTES Colectivos de feministas llevaron a cabo la v\u00edspera un \"cacerolazo\" como pre\u00e1mbulo al D\u00eda Internacional de la\u2026","rel":"","context":"En &quot;Aguascalientes&quot;","block_context":{"text":"Aguascalientes","link":"https:\/\/www.grieta.org.mx\/index.php\/category\/noticias-nacionales\/aguascalientes\/"},"img":{"alt_text":"","src":"https:\/\/i0.wp.com\/www.grieta.org.mx\/wp-content\/uploads\/2020\/03\/2320546.jpg?resize=350%2C200&ssl=1","width":350,"height":200,"srcset":"https:\/\/i0.wp.com\/www.grieta.org.mx\/wp-content\/uploads\/2020\/03\/2320546.jpg?resize=350%2C200&ssl=1 1x, https:\/\/i0.wp.com\/www.grieta.org.mx\/wp-content\/uploads\/2020\/03\/2320546.jpg?resize=525%2C300&ssl=1 1.5x"},"classes":[]}],"_links":{"self":[{"href":"https:\/\/www.grieta.org.mx\/index.php\/wp-json\/wp\/v2\/posts\/46197","targetHints":{"allow":["GET"]}}],"collection":[{"href":"https:\/\/www.grieta.org.mx\/index.php\/wp-json\/wp\/v2\/posts"}],"about":[{"href":"https:\/\/www.grieta.org.mx\/index.php\/wp-json\/wp\/v2\/types\/post"}],"author":[{"embeddable":true,"href":"https:\/\/www.grieta.org.mx\/index.php\/wp-json\/wp\/v2\/users\/2"}],"replies":[{"embeddable":true,"href":"https:\/\/www.grieta.org.mx\/index.php\/wp-json\/wp\/v2\/comments?post=46197"}],"version-history":[{"count":1,"href":"https:\/\/www.grieta.org.mx\/index.php\/wp-json\/wp\/v2\/posts\/46197\/revisions"}],"predecessor-version":[{"id":46199,"href":"https:\/\/www.grieta.org.mx\/index.php\/wp-json\/wp\/v2\/posts\/46197\/revisions\/46199"}],"wp:featuredmedia":[{"embeddable":true,"href":"https:\/\/www.grieta.org.mx\/index.php\/wp-json\/wp\/v2\/media\/46198"}],"wp:attachment":[{"href":"https:\/\/www.grieta.org.mx\/index.php\/wp-json\/wp\/v2\/media?parent=46197"}],"wp:term":[{"taxonomy":"category","embeddable":true,"href":"https:\/\/www.grieta.org.mx\/index.php\/wp-json\/wp\/v2\/categories?post=46197"},{"taxonomy":"post_tag","embeddable":true,"href":"https:\/\/www.grieta.org.mx\/index.php\/wp-json\/wp\/v2\/tags?post=46197"}],"curies":[{"name":"wp","href":"https:\/\/api.w.org\/{rel}","templated":true}]}}