{"id":46167,"date":"2020-03-08T23:42:22","date_gmt":"2020-03-09T05:42:22","guid":{"rendered":"http:\/\/www.grieta.org.mx\/?p=46167"},"modified":"2020-03-14T23:50:22","modified_gmt":"2020-03-15T05:50:22","slug":"marchan-mujeres-vallartenses-jalisco","status":"publish","type":"post","link":"https:\/\/www.grieta.org.mx\/index.php\/2020\/03\/08\/marchan-mujeres-vallartenses-jalisco\/","title":{"rendered":"Marchan mujeres vallartenses (Jalisco)"},"content":{"rendered":"<p><img loading=\"lazy\" decoding=\"async\" data-attachment-id=\"46168\" data-permalink=\"https:\/\/www.grieta.org.mx\/index.php\/2020\/03\/08\/marchan-mujeres-vallartenses-jalisco\/ve0nqgv5otldbr5qxiatqisssmmzhibecavo4dxl-p\/\" data-orig-file=\"https:\/\/www.grieta.org.mx\/wp-content\/uploads\/2020\/03\/VE0nQgV5otlDbr5qxIAtqisSSMMZhibeCAVo4DXL-p.jpg\" data-orig-size=\"820,615\" data-comments-opened=\"0\" data-image-meta=\"{&quot;aperture&quot;:&quot;0&quot;,&quot;credit&quot;:&quot;&quot;,&quot;camera&quot;:&quot;&quot;,&quot;caption&quot;:&quot;&quot;,&quot;created_timestamp&quot;:&quot;0&quot;,&quot;copyright&quot;:&quot;&quot;,&quot;focal_length&quot;:&quot;0&quot;,&quot;iso&quot;:&quot;0&quot;,&quot;shutter_speed&quot;:&quot;0&quot;,&quot;title&quot;:&quot;&quot;,&quot;orientation&quot;:&quot;0&quot;}\" data-image-title=\"VE0nQgV5otlDbr5qxIAtqisSSMMZhibeCAVo4DXL-p\" data-image-description=\"\" data-image-caption=\"\" data-medium-file=\"https:\/\/www.grieta.org.mx\/wp-content\/uploads\/2020\/03\/VE0nQgV5otlDbr5qxIAtqisSSMMZhibeCAVo4DXL-p-300x225.jpg\" data-large-file=\"https:\/\/www.grieta.org.mx\/wp-content\/uploads\/2020\/03\/VE0nQgV5otlDbr5qxIAtqisSSMMZhibeCAVo4DXL-p.jpg\" class=\"aligncenter wp-image-46168\" src=\"http:\/\/www.grieta.org.mx\/wp-content\/uploads\/2020\/03\/VE0nQgV5otlDbr5qxIAtqisSSMMZhibeCAVo4DXL-p.jpg\" alt=\"\" width=\"800\" height=\"600\" srcset=\"https:\/\/www.grieta.org.mx\/wp-content\/uploads\/2020\/03\/VE0nQgV5otlDbr5qxIAtqisSSMMZhibeCAVo4DXL-p.jpg 820w, https:\/\/www.grieta.org.mx\/wp-content\/uploads\/2020\/03\/VE0nQgV5otlDbr5qxIAtqisSSMMZhibeCAVo4DXL-p-300x225.jpg 300w, https:\/\/www.grieta.org.mx\/wp-content\/uploads\/2020\/03\/VE0nQgV5otlDbr5qxIAtqisSSMMZhibeCAVo4DXL-p-768x576.jpg 768w, https:\/\/www.grieta.org.mx\/wp-content\/uploads\/2020\/03\/VE0nQgV5otlDbr5qxIAtqisSSMMZhibeCAVo4DXL-p-667x500.jpg 667w\" sizes=\"auto, (max-width: 800px) 100vw, 800px\" \/><\/p>\n<p>Foto: Tribuna de la Bah\u00eda<\/p>\n<p>Brenda Beltr\u00e1n \/ Tribuna de la Bah\u00eda<\/p>\n<p>Cientos de mujeres marcharon este domingo, en el marco del D\u00eda de la Mujer, exigiendo mayor seguridad, protocolos con perspectivas de g\u00e9nero, entre otras demandas, esto convocado por el colectivo Vallarta Fem.<\/p>\n<p>Por m\u00e1s de media hora marcharon desde el malec\u00f3n al Parque L\u00e1zaro C\u00e1rdenas. Algunas de ellas compartieron sus testimonios de violencia que vivieron en donde estuvieron casi al borde la muerte.<\/p>\n<p>Cabe mencionar que durante esta marcha se pudieron leer algunas pancartas como: &#8220;Queremos justicia no Flores&#8221;<\/p>\n<p>&#8220;Yo si te creo&#8221;, &#8220;Ser\u00e1 un feliz d\u00eda cuando no falte ninguna&#8221;.<\/p>\n<p>&#8220;Somos el coraz\u00f3n de las que laten&#8221;.<\/p>\n<p>Al grito de \u201cEl violador eres t\u00fa\u201d, \u201cVivas se las llevaron, vivas las queremos\u201d entre otros cantos, se manifestaron cientos de mujeres vallartenses este domingo en el marco del D\u00eda de la Mujer, exigiendo lo principal seguridad para ellas y que haya un protocolo para que se trate los feminicidios de una manera m\u00e1s eficaz. Lo anterior, lo manifest\u00f3, Herova Olmos, directora del colectivo Vallarta Fem.<\/p>\n<p>Cabe mencionar que la marcha sali\u00f3 del malec\u00f3n y lleg\u00f3 hasta el parque L\u00e1zaro C\u00e1rdenas del R\u00edo.<\/p>\n<p>En cuanto al paro de mujeres este lunes, coment\u00f3 que muchas trabajadoras, estudiantes y m\u00e1s se van a sumar ya que est\u00e1n desapareciendo a las mujeres y con ello saber qu\u00e9 pasar\u00eda si alg\u00fan familiar mujer faltar\u00eda y el impacto que tendr\u00eda.<\/p>\n<p>Por m\u00e1s de media hora marcharon y con pancartas se pod\u00edan leer algunos mensajes como: &#8220;Queremos justicia no Flores&#8221;. &#8220;Yo si te creo&#8221;, &#8220;Ser\u00e1 un feliz d\u00eda cuando lo falte ninguno&#8221;. &#8220;Somos el coraz\u00f3n de las que laten&#8221;.<\/p>\n<p>Al llegar al parque L\u00e1zaro C\u00e1rdenas del R\u00edo, algunas participantes comenzaron a compartir su historia de violencia intrafamiliar, abuso sexual lo cual las ha llevado a hacerse da\u00f1o o incluso la muerte.<\/p>\n<p>\u201cYo ten\u00eda, entre cinco o seis a\u00f1os cuando mi mam\u00e1 me obligaba a visitar a mi pap\u00e1, al cual no lo consideraba como mi pap\u00e1 y ella no lo sabe pero me gustar\u00eda que lo supiera\u2026 me obligaba a tocarme y ver porno, fue doloroso para m\u00ed pero no le superado. \u00c9l est\u00e1 en la c\u00e1rcel por otras cosas pero me obligan a irlo a visitarlo y es dif\u00edcil\u201d.<\/p>\n<p>\u201cA los ocho a\u00f1os un ni\u00f1o con S\u00edndrome de Down trat\u00f3 de violarme, trat\u00e9 de cubrir mi belleza para no atraer a los hombres y que no me volvieran a lastimar\u201d.<\/p>\n<p>Cabe mencionar que las actividades de este colectivo terminaron con una feria sorora en donde se dieron charlas, hubo poes\u00eda y conferencias.<\/p>\n<p><a href=\"https:\/\/www.tribunadelabahia.com.mx\/noticias\/puerto-vallarta\/marchan-mujeres-vallartenses-demandando-seguridad-32035\">https:\/\/www.tribunadelabahia.com.mx\/noticias\/puerto-vallarta\/marchan-mujeres-vallartenses-demandando-seguridad-32035<\/a><\/p>\n","protected":false},"excerpt":{"rendered":"<p>Foto: Tribuna de la Bah\u00eda Brenda Beltr\u00e1n \/ Tribuna de la Bah\u00eda Cientos de mujeres marcharon este domingo, en el marco del D\u00eda de la Mujer, exigiendo mayor seguridad, protocolos &hellip; <a href=\"https:\/\/www.grieta.org.mx\/index.php\/2020\/03\/08\/marchan-mujeres-vallartenses-jalisco\/\" class=\"more-link\">Leer m\u00e1s<\/a><\/p>\n","protected":false},"author":2,"featured_media":46168,"comment_status":"closed","ping_status":"closed","sticky":false,"template":"","format":"standard","meta":{"ngg_post_thumbnail":0,"_jetpack_newsletter_access":"","_jetpack_dont_email_post_to_subs":false,"_jetpack_newsletter_tier_id":0,"_jetpack_memberships_contains_paywalled_content":false,"_jetpack_memberships_contains_paid_content":false,"footnotes":""},"categories":[80,2107,20,2,83,2504],"tags":[81,2317,1630],"class_list":["post-46167","post","type-post","status-publish","format-standard","has-post-thumbnail","hentry","category-cintillo","category-feminicidios-en-jalisco","category-jalisco","category-noticias-nacionales","category-temas-nacionales","category-violencia-contra-las-mujeres-en-jalisco","tag-feminicidios","tag-manifestaciones-de-mujeres","tag-violencia-contra-las-mujeres","entry"],"jetpack_featured_media_url":"https:\/\/www.grieta.org.mx\/wp-content\/uploads\/2020\/03\/VE0nQgV5otlDbr5qxIAtqisSSMMZhibeCAVo4DXL-p.jpg","jetpack_sharing_enabled":true,"jetpack_shortlink":"https:\/\/wp.me\/p7ZJR4-c0D","jetpack_likes_enabled":false,"jetpack-related-posts":[{"id":62790,"url":"https:\/\/www.grieta.org.mx\/index.php\/2021\/11\/25\/marchan-mujeres-para-exigir-alto-a-la-violencia-en-vallarta-jalisco\/","url_meta":{"origin":46167,"position":0},"title":"Marchan mujeres para exigir alto a la violencia en Vallarta (Jalisco)","author":"grieta","date":"25 noviembre, 2021","format":false,"excerpt":"Foto: Tribuna de la Bah\u00eda Brenda Beltr\u00e1n \/ Tribuna de la Bah\u00eda Este jueves, colectivos de mujeres, hombres y ciudadanos en general, marcharon para exigir un alto a la violencia contra las mujeres de\u00a0Puerto Vallarta, saliendo del parque de\u00a0Las Mujeres hasta llegar a Los Arcos del Malec\u00f3n. Como ya se\u2026","rel":"","context":"En &quot;CINTILLO&quot;","block_context":{"text":"CINTILLO","link":"https:\/\/www.grieta.org.mx\/index.php\/category\/cintillo\/"},"img":{"alt_text":"","src":"https:\/\/i0.wp.com\/www.grieta.org.mx\/wp-content\/uploads\/2021\/11\/marcha-contra-violencia-vallarta-2-cover.jpg?resize=350%2C200&ssl=1","width":350,"height":200,"srcset":"https:\/\/i0.wp.com\/www.grieta.org.mx\/wp-content\/uploads\/2021\/11\/marcha-contra-violencia-vallarta-2-cover.jpg?resize=350%2C200&ssl=1 1x, https:\/\/i0.wp.com\/www.grieta.org.mx\/wp-content\/uploads\/2021\/11\/marcha-contra-violencia-vallarta-2-cover.jpg?resize=525%2C300&ssl=1 1.5x, https:\/\/i0.wp.com\/www.grieta.org.mx\/wp-content\/uploads\/2021\/11\/marcha-contra-violencia-vallarta-2-cover.jpg?resize=700%2C400&ssl=1 2x"},"classes":[]},{"id":63695,"url":"https:\/\/www.grieta.org.mx\/index.php\/2022\/03\/08\/marchan-mujeres-de-vallarta-para-exigir-respeto-y-seguridad-jalisco\/","url_meta":{"origin":46167,"position":1},"title":"Marchan mujeres de Vallarta para exigir respeto y seguridad (Jalisco)","author":"grieta","date":"8 marzo, 2022","format":false,"excerpt":"Foto: Tribuna de la Bah\u00eda Brenda Beltr\u00e1n \/ Tribuna de la Bah\u00eda Cientos de mujeres, pertenecientes a colectivos de\u00a0Puerto Vallarta, estudiantes, madres de familias y m\u00e1s, salieron a\u00a0marchar este 8 de marzo\u00a0de forma pac\u00edfica, exigiendo a las autoridades que sean escuchadas ante la violencia que se vive en la ciudad.\u2026","rel":"","context":"En &quot;CINTILLO&quot;","block_context":{"text":"CINTILLO","link":"https:\/\/www.grieta.org.mx\/index.php\/category\/cintillo\/"},"img":{"alt_text":"","src":"https:\/\/i0.wp.com\/www.grieta.org.mx\/wp-content\/uploads\/2022\/03\/marcha-8m-cover.jpg?resize=350%2C200&ssl=1","width":350,"height":200,"srcset":"https:\/\/i0.wp.com\/www.grieta.org.mx\/wp-content\/uploads\/2022\/03\/marcha-8m-cover.jpg?resize=350%2C200&ssl=1 1x, https:\/\/i0.wp.com\/www.grieta.org.mx\/wp-content\/uploads\/2022\/03\/marcha-8m-cover.jpg?resize=525%2C300&ssl=1 1.5x, https:\/\/i0.wp.com\/www.grieta.org.mx\/wp-content\/uploads\/2022\/03\/marcha-8m-cover.jpg?resize=700%2C400&ssl=1 2x"},"classes":[]},{"id":57685,"url":"https:\/\/www.grieta.org.mx\/index.php\/2021\/03\/08\/tambien-las-mujeres-de-puerto-vallarta-alzan-la-voz-el-8-de-marzo-jalisco\/","url_meta":{"origin":46167,"position":2},"title":"Tambi\u00e9n las mujeres de Puerto Vallarta alzan la voz el 8 de marzo (Jalisco)","author":"grieta","date":"8 marzo, 2021","format":false,"excerpt":"Foto: Tribuna de la Bah\u00eda Brenda Beltr\u00e1n \/ Tribuna de la Bah\u00eda En Puerto Vallarta tambi\u00e9n alzan la voz las mujeres este 8M para pedir este lunes 8 de Marzo, D\u00eda Internacional de la Mujer, mayor seguridad por parte de los tres niveles de Gobierno, erradicaci\u00f3n de la violencia, justicia\u2026","rel":"","context":"En &quot;CINTILLO&quot;","block_context":{"text":"CINTILLO","link":"https:\/\/www.grieta.org.mx\/index.php\/category\/cintillo\/"},"img":{"alt_text":"","src":"https:\/\/i0.wp.com\/www.grieta.org.mx\/wp-content\/uploads\/2021\/03\/0iaxAK8TywuPiaQnkHVzhlAqwGVq7Pkq24600QBD-portada.jpg?resize=350%2C200&ssl=1","width":350,"height":200,"srcset":"https:\/\/i0.wp.com\/www.grieta.org.mx\/wp-content\/uploads\/2021\/03\/0iaxAK8TywuPiaQnkHVzhlAqwGVq7Pkq24600QBD-portada.jpg?resize=350%2C200&ssl=1 1x, https:\/\/i0.wp.com\/www.grieta.org.mx\/wp-content\/uploads\/2021\/03\/0iaxAK8TywuPiaQnkHVzhlAqwGVq7Pkq24600QBD-portada.jpg?resize=525%2C300&ssl=1 1.5x, https:\/\/i0.wp.com\/www.grieta.org.mx\/wp-content\/uploads\/2021\/03\/0iaxAK8TywuPiaQnkHVzhlAqwGVq7Pkq24600QBD-portada.jpg?resize=700%2C400&ssl=1 2x"},"classes":[]},{"id":65804,"url":"https:\/\/www.grieta.org.mx\/index.php\/2022\/11\/26\/estado-feminicida-denuncian-colectivos-feministas-vallarta-entre-los-municipios-con-mas-feminicidios-del-pais-jalisco\/","url_meta":{"origin":46167,"position":3},"title":"\u201cEstado feminicida\u201d denuncian colectivos feministas, Vallarta entre los municipios con mas feminicidios del pa\u00eds (Jalisco)","author":"grieta","date":"26 noviembre, 2022","format":false,"excerpt":"Imagen: Tribuna de la Bah\u00eda Carolina G\u00f3mez Agui\u00f1aga \/ Tribuna de la Bah\u00eda Como \u201cEstado feminicida\u201d calificaron los colectivos feministas de Puerto Vallarta a Jalisco durante la marcha que realizaron del Parque de las Mujeres a Los Arcos del Malec\u00f3n en el D\u00eda Internacional de la Eliminaci\u00f3n de la Violencia\u2026","rel":"","context":"En &quot;CINTILLO&quot;","block_context":{"text":"CINTILLO","link":"https:\/\/www.grieta.org.mx\/index.php\/category\/cintillo\/"},"img":{"alt_text":"","src":"https:\/\/i0.wp.com\/www.grieta.org.mx\/wp-content\/uploads\/2022\/11\/marcha-feminista-25-noviembre-2-cover.jpg?resize=350%2C200&ssl=1","width":350,"height":200,"srcset":"https:\/\/i0.wp.com\/www.grieta.org.mx\/wp-content\/uploads\/2022\/11\/marcha-feminista-25-noviembre-2-cover.jpg?resize=350%2C200&ssl=1 1x, https:\/\/i0.wp.com\/www.grieta.org.mx\/wp-content\/uploads\/2022\/11\/marcha-feminista-25-noviembre-2-cover.jpg?resize=525%2C300&ssl=1 1.5x, https:\/\/i0.wp.com\/www.grieta.org.mx\/wp-content\/uploads\/2022\/11\/marcha-feminista-25-noviembre-2-cover.jpg?resize=700%2C400&ssl=1 2x"},"classes":[]},{"id":52647,"url":"https:\/\/www.grieta.org.mx\/index.php\/2020\/08\/12\/https-www-somoselmedio-com-2020-08-12-colectivas-feministas-declaran-en-semaforo-rojo-a-los-municipios-de-puerto-vallarta-y-bahia-de-banderas-por-violencia-sexual-y-feminicida\/","url_meta":{"origin":46167,"position":4},"title":"Colectivas feministas declaran en Sem\u00e1foro Rojo a los municipios de Puerto Vallarta y Bah\u00eda de Banderas por violencia sexual y feminicida (Nayarit, Jalisco)","author":"grieta","date":"12 agosto, 2020","format":false,"excerpt":"Foto: Somos el Medio Redacci\u00f3n \/ @Somoselmeio Esta tarde, el Comit\u00e9 para Am\u00e9rica Latina y el Caribe para la Defensa de los Derechos de las Mujeres (Cladem), el Colectivo Mujeres Puerto Vallarta, el Colectivo MAM y mujeres feministas, declararon en\u00a0Sem\u00e1foro Rojo a los municipios de Puerto Vallarta y Bah\u00eda de\u2026","rel":"","context":"En &quot;CINTILLO&quot;","block_context":{"text":"CINTILLO","link":"https:\/\/www.grieta.org.mx\/index.php\/category\/cintillo\/"},"img":{"alt_text":"","src":"https:\/\/i0.wp.com\/www.grieta.org.mx\/wp-content\/uploads\/2020\/08\/feminicidios-768x1024.jpg?resize=350%2C200&ssl=1","width":350,"height":200,"srcset":"https:\/\/i0.wp.com\/www.grieta.org.mx\/wp-content\/uploads\/2020\/08\/feminicidios-768x1024.jpg?resize=350%2C200&ssl=1 1x, https:\/\/i0.wp.com\/www.grieta.org.mx\/wp-content\/uploads\/2020\/08\/feminicidios-768x1024.jpg?resize=525%2C300&ssl=1 1.5x, https:\/\/i0.wp.com\/www.grieta.org.mx\/wp-content\/uploads\/2020\/08\/feminicidios-768x1024.jpg?resize=700%2C400&ssl=1 2x"},"classes":[]},{"id":63952,"url":"https:\/\/www.grieta.org.mx\/index.php\/2022\/04\/06\/colectivos-reclaman-por-retiro-de-memorial-a-victimas-de-feminicidio-jalisco\/","url_meta":{"origin":46167,"position":5},"title":"Colectivos reclaman por retiro de memorial a v\u00edctimas de feminicidio (Jalisco)","author":"grieta","date":"6 abril, 2022","format":false,"excerpt":"Foto: Tribuna de la Bah\u00eda Berta Beltr\u00e1n \/ Tribuna de la Bah\u00eda Este mi\u00e9rcoles, diferentes colectivos de mujeres de\u00a0Puerto Vallarta, se\u00f1alaron que el Ayuntamiento municipal,\u00a0quit\u00f3 la cruz rosa que estaba colocada en el parque\u00a0de las Mujeres desde el 2018 y que forma parte de un memorial de las v\u00edctimas de\u2026","rel":"","context":"En &quot;CINTILLO&quot;","block_context":{"text":"CINTILLO","link":"https:\/\/www.grieta.org.mx\/index.php\/category\/cintillo\/"},"img":{"alt_text":"","src":"https:\/\/i0.wp.com\/www.grieta.org.mx\/wp-content\/uploads\/2022\/04\/violencia-contra-las-mujeres-2-cover.jpg?resize=350%2C200&ssl=1","width":350,"height":200,"srcset":"https:\/\/i0.wp.com\/www.grieta.org.mx\/wp-content\/uploads\/2022\/04\/violencia-contra-las-mujeres-2-cover.jpg?resize=350%2C200&ssl=1 1x, https:\/\/i0.wp.com\/www.grieta.org.mx\/wp-content\/uploads\/2022\/04\/violencia-contra-las-mujeres-2-cover.jpg?resize=525%2C300&ssl=1 1.5x, https:\/\/i0.wp.com\/www.grieta.org.mx\/wp-content\/uploads\/2022\/04\/violencia-contra-las-mujeres-2-cover.jpg?resize=700%2C400&ssl=1 2x"},"classes":[]}],"_links":{"self":[{"href":"https:\/\/www.grieta.org.mx\/index.php\/wp-json\/wp\/v2\/posts\/46167","targetHints":{"allow":["GET"]}}],"collection":[{"href":"https:\/\/www.grieta.org.mx\/index.php\/wp-json\/wp\/v2\/posts"}],"about":[{"href":"https:\/\/www.grieta.org.mx\/index.php\/wp-json\/wp\/v2\/types\/post"}],"author":[{"embeddable":true,"href":"https:\/\/www.grieta.org.mx\/index.php\/wp-json\/wp\/v2\/users\/2"}],"replies":[{"embeddable":true,"href":"https:\/\/www.grieta.org.mx\/index.php\/wp-json\/wp\/v2\/comments?post=46167"}],"version-history":[{"count":1,"href":"https:\/\/www.grieta.org.mx\/index.php\/wp-json\/wp\/v2\/posts\/46167\/revisions"}],"predecessor-version":[{"id":46169,"href":"https:\/\/www.grieta.org.mx\/index.php\/wp-json\/wp\/v2\/posts\/46167\/revisions\/46169"}],"wp:featuredmedia":[{"embeddable":true,"href":"https:\/\/www.grieta.org.mx\/index.php\/wp-json\/wp\/v2\/media\/46168"}],"wp:attachment":[{"href":"https:\/\/www.grieta.org.mx\/index.php\/wp-json\/wp\/v2\/media?parent=46167"}],"wp:term":[{"taxonomy":"category","embeddable":true,"href":"https:\/\/www.grieta.org.mx\/index.php\/wp-json\/wp\/v2\/categories?post=46167"},{"taxonomy":"post_tag","embeddable":true,"href":"https:\/\/www.grieta.org.mx\/index.php\/wp-json\/wp\/v2\/tags?post=46167"}],"curies":[{"name":"wp","href":"https:\/\/api.w.org\/{rel}","templated":true}]}}