{"id":46164,"date":"2020-03-08T23:28:26","date_gmt":"2020-03-09T05:28:26","guid":{"rendered":"http:\/\/www.grieta.org.mx\/?p=46164"},"modified":"2020-03-14T23:37:43","modified_gmt":"2020-03-15T05:37:43","slug":"queremos-vivir-exigen-mujeres-tonaltecas-jalisco","status":"publish","type":"post","link":"https:\/\/www.grieta.org.mx\/index.php\/2020\/03\/08\/queremos-vivir-exigen-mujeres-tonaltecas-jalisco\/","title":{"rendered":"&#8220;Queremos vivir&#8221;, exigen mujeres tonaltecas (Jalisco)"},"content":{"rendered":"<p><img loading=\"lazy\" decoding=\"async\" data-attachment-id=\"46165\" data-permalink=\"https:\/\/www.grieta.org.mx\/index.php\/2020\/03\/08\/queremos-vivir-exigen-mujeres-tonaltecas-jalisco\/2020-03-08_09-03-28___9013\/\" data-orig-file=\"https:\/\/www.grieta.org.mx\/wp-content\/uploads\/2020\/03\/2020-03-08_09-03-28___9013.jpg\" data-orig-size=\"750,500\" data-comments-opened=\"0\" data-image-meta=\"{&quot;aperture&quot;:&quot;0&quot;,&quot;credit&quot;:&quot;&quot;,&quot;camera&quot;:&quot;&quot;,&quot;caption&quot;:&quot;&quot;,&quot;created_timestamp&quot;:&quot;0&quot;,&quot;copyright&quot;:&quot;&quot;,&quot;focal_length&quot;:&quot;0&quot;,&quot;iso&quot;:&quot;0&quot;,&quot;shutter_speed&quot;:&quot;0&quot;,&quot;title&quot;:&quot;&quot;,&quot;orientation&quot;:&quot;0&quot;}\" data-image-title=\"2020-03-08_09-03-28___9013\" data-image-description=\"\" data-image-caption=\"\" data-medium-file=\"https:\/\/www.grieta.org.mx\/wp-content\/uploads\/2020\/03\/2020-03-08_09-03-28___9013-300x200.jpg\" data-large-file=\"https:\/\/www.grieta.org.mx\/wp-content\/uploads\/2020\/03\/2020-03-08_09-03-28___9013.jpg\" class=\"aligncenter wp-image-46165\" src=\"http:\/\/www.grieta.org.mx\/wp-content\/uploads\/2020\/03\/2020-03-08_09-03-28___9013.jpg\" alt=\"\" width=\"800\" height=\"533\" srcset=\"https:\/\/www.grieta.org.mx\/wp-content\/uploads\/2020\/03\/2020-03-08_09-03-28___9013.jpg 750w, https:\/\/www.grieta.org.mx\/wp-content\/uploads\/2020\/03\/2020-03-08_09-03-28___9013-300x200.jpg 300w\" sizes=\"auto, (max-width: 800px) 100vw, 800px\" \/><\/p>\n<p>Foto: Liraanat<\/p>\n<p>Lauro Rodr\u00edguez \/ El Noticiero NTR<\/p>\n<p>Al pie de la reina\u00a0Cihualpilli,\u00a0en el\u00a0Pase\u00f3 de los Guardianes de la Reina,\u00a0un grupo de mujeres vestidas de negro en se\u00f1al de luto, con\u00a0velas encendidas y en silencio\u00a0se\u00a0manifest\u00f3\u00a0en Tonal\u00e1.<\/p>\n<p>La protesta tuvo la intenci\u00f3n de se\u00f1alar que la Cuna Alfarera\u00a0es de los\u00a0municipios\u00a0m\u00e1s violentos en el estado para las mujeres\u00a0y\u00a0que a las autoridades parece no preocuparle, expuso\u00a0Teresa Figueroa, del Observatorio Ciudadano de Mujeres de Tonal\u00e1.<\/p>\n<p>De manera an\u00f3nima, las mujeres hicieron p\u00fablicas,\u00a0a trav\u00e9s de pancartas, violaciones a sus derechos que han padecido desde ni\u00f1as.<\/p>\n<p>\u201cTen\u00eda 6 a\u00f1os cuando un familiar me tocaba sin mi permiso,\u00a0\u00bfera mi culpa?\u201d, cuestion\u00f3 una mujer mediante una cartulina.<\/p>\n<p>\u201cTengo miedo a quedarme\u00a0dormida en el cami\u00f3n, despierte\u00a0y que un hombre a lado de m\u00ed se est\u00e9 masturbando y con mi miedo e impotencia, no pueda decir nada\u201d, se\u00a0pudo\u00a0leer en otra denuncia.<\/p>\n<p>Figueroa expuso que la inseguridad es tal en Tonal\u00e1\u00a0que\u00a0sus habitantes viven\u00a0un toque de queda en la noche,\u00a0pues servicios como el transporte\u00a0simplemente dejan de prestarse,\u00a0lo que deja en la indefensi\u00f3n, principalmente,\u00a0a las mujeres.<\/p>\n<p>\u201cEn el transporte, a cierta hora,\u00a0ya no llegan camiones a Tonal\u00e1. Las muchachas, si van a Guadalajara, ya no hay modo de venirse. Los taxis de plataforma llegan hasta cierto punto y no quieren entrar a ciertas zonas de Tonal\u00e1, por la violencia que hay\u201d, coment\u00f3.<\/p>\n<p>Las\u00a0tonaltecas, a\u00f1adi\u00f3, tambi\u00e9n padecen violencia\u00a0laboral, pues\u00a0muchas se dedican a elaborar artesan\u00edas, pero\u00a0los hombres las venden a nombre de ellos.<\/p>\n<p>\u201cSiempre se\u00a0habla de los maestros artesanos\u00a0y siempre han salido los artesanos, y no es sabido que quienes hacen las piezas de artesan\u00eda\u00a0son las mujeres en su casa. Los hombres las presentan a los concursos, los hombres las sacan a\u00a0la venta. Eso est\u00e1 bien normalizado, nadie, ni las mujeres lo ven mal, pero si lo observamos a la luz de los derechos de la mujer, es totalmente\u00a0invisibilizado\u00a0el trabajo de la mujer\u201d, a\u00f1adi\u00f3.<\/p>\n<p>Tras la protesta, el martes a las 10 horas\u00a0acudir\u00e1n a presidencia municipal para entregar un pliego petitorio\u00a0en el que solicitar\u00e1n\u00a0que el ayuntamiento integre una\u00a0comisi\u00f3n de g\u00e9nero que funcione y elabore\u00a0un programa de seguridad para la mujer, que sea espec\u00edfico y logre\u00a0que baje la violencia hacia este sector\u00a0en el municipio.<\/p>\n<p>El reclamo,\u00a0concluy\u00f3, es \u201cqueremos vivir\u201d.<\/p>\n<p><a href=\"https:\/\/www.ntrguadalajara.com\/post.php?id_nota=144983\">https:\/\/www.ntrguadalajara.com\/post.php?id_nota=144983<\/a><\/p>\n","protected":false},"excerpt":{"rendered":"<p>Foto: Liraanat Lauro Rodr\u00edguez \/ El Noticiero NTR Al pie de la reina\u00a0Cihualpilli,\u00a0en el\u00a0Pase\u00f3 de los Guardianes de la Reina,\u00a0un grupo de mujeres vestidas de negro en se\u00f1al de luto, &hellip; <a href=\"https:\/\/www.grieta.org.mx\/index.php\/2020\/03\/08\/queremos-vivir-exigen-mujeres-tonaltecas-jalisco\/\" class=\"more-link\">Leer m\u00e1s<\/a><\/p>\n","protected":false},"author":2,"featured_media":46165,"comment_status":"closed","ping_status":"closed","sticky":false,"template":"","format":"standard","meta":{"ngg_post_thumbnail":0,"_jetpack_newsletter_access":"","_jetpack_dont_email_post_to_subs":false,"_jetpack_newsletter_tier_id":0,"_jetpack_memberships_contains_paywalled_content":false,"_jetpack_memberships_contains_paid_content":false,"footnotes":""},"categories":[80,84,2107,20,2,83,2504],"tags":[81,2317,1719,1630],"class_list":["post-46164","post","type-post","status-publish","format-standard","has-post-thumbnail","hentry","category-cintillo","category-feminicidios","category-feminicidios-en-jalisco","category-jalisco","category-noticias-nacionales","category-temas-nacionales","category-violencia-contra-las-mujeres-en-jalisco","tag-feminicidios","tag-manifestaciones-de-mujeres","tag-violencia-contra-indigenas","tag-violencia-contra-las-mujeres","entry"],"jetpack_featured_media_url":"https:\/\/www.grieta.org.mx\/wp-content\/uploads\/2020\/03\/2020-03-08_09-03-28___9013.jpg","jetpack_sharing_enabled":true,"jetpack_shortlink":"https:\/\/wp.me\/p7ZJR4-c0A","jetpack_likes_enabled":false,"jetpack-related-posts":[{"id":60509,"url":"https:\/\/www.grieta.org.mx\/index.php\/2021\/07\/11\/asesinan-a-cinco-mujeres-trans-en-un-mes-en-mexico-dos-de-ellas-de-el-salto-y-tonala-jalisco\/","url_meta":{"origin":46164,"position":0},"title":"Asesinan a cinco mujeres trans en un mes en M\u00e9xico; dos de ellas de El Salto y Tonal\u00e1 (Jalisco)","author":"grieta","date":"11 julio, 2021","format":false,"excerpt":"Foto: Ignacio P\u00e9rez Vega El mes de junio y lo que va de julio han sido letales para la comunidad trans en M\u00e9xico. En un lapso de 30 d\u00edas, cinco mujeres trans han sido asesinadas, estos posibles feminicidios se cometieron entre el 7 de junio y el 7 de julio:\u2026","rel":"","context":"En &quot;Baja California&quot;","block_context":{"text":"Baja California","link":"https:\/\/www.grieta.org.mx\/index.php\/category\/noticias-nacionales\/baja-california\/"},"img":{"alt_text":"","src":"https:\/\/i0.wp.com\/www.grieta.org.mx\/wp-content\/uploads\/2021\/07\/Cri%CC%81menes-de-odio-Ignacio-Pere%CC%81z-Vega.jpeg?resize=350%2C200&ssl=1","width":350,"height":200,"srcset":"https:\/\/i0.wp.com\/www.grieta.org.mx\/wp-content\/uploads\/2021\/07\/Cri%CC%81menes-de-odio-Ignacio-Pere%CC%81z-Vega.jpeg?resize=350%2C200&ssl=1 1x, https:\/\/i0.wp.com\/www.grieta.org.mx\/wp-content\/uploads\/2021\/07\/Cri%CC%81menes-de-odio-Ignacio-Pere%CC%81z-Vega.jpeg?resize=525%2C300&ssl=1 1.5x"},"classes":[]},{"id":64119,"url":"https:\/\/www.grieta.org.mx\/index.php\/2022\/04\/24\/en-guadalajara-amigos-y-familiares-exigen-justicia-para-quimberly-anay-aceves-joven-de-18-anos-asesinada-en-tonala-jalisco\/","url_meta":{"origin":46164,"position":1},"title":"En Guadalajara amigos y familiares exigen justicia para Quimberly Anay Aceves, joven de 18 a\u00f1os asesinada en Tonal\u00e1, Jalisco","author":"grieta","date":"24 abril, 2022","format":false,"excerpt":"Foto: Mario Marlo \/ En Guadalajara, amigos y familiares exigieron justicia para Quimberly Anay Aceves Franco, joven de 18 a\u00f1os v\u00edctima de feminicidio en Tonal\u00e1, Jalisco. Su cuerpo fue localizado sin vida, un d\u00eda despu\u00e9s de que se le report\u00f3 como desaparecida. Mario Marlo \/ Somos El Medio Guadalajara, Jalisco-\u00a0La\u2026","rel":"","context":"En &quot;CINTILLO&quot;","block_context":{"text":"CINTILLO","link":"https:\/\/www.grieta.org.mx\/index.php\/category\/cintillo\/"},"img":{"alt_text":"","src":"https:\/\/i0.wp.com\/www.grieta.org.mx\/wp-content\/uploads\/2022\/05\/Quimberly-Anay-5-1536x1024-1.jpg?resize=350%2C200&ssl=1","width":350,"height":200,"srcset":"https:\/\/i0.wp.com\/www.grieta.org.mx\/wp-content\/uploads\/2022\/05\/Quimberly-Anay-5-1536x1024-1.jpg?resize=350%2C200&ssl=1 1x, https:\/\/i0.wp.com\/www.grieta.org.mx\/wp-content\/uploads\/2022\/05\/Quimberly-Anay-5-1536x1024-1.jpg?resize=525%2C300&ssl=1 1.5x, https:\/\/i0.wp.com\/www.grieta.org.mx\/wp-content\/uploads\/2022\/05\/Quimberly-Anay-5-1536x1024-1.jpg?resize=700%2C400&ssl=1 2x, https:\/\/i0.wp.com\/www.grieta.org.mx\/wp-content\/uploads\/2022\/05\/Quimberly-Anay-5-1536x1024-1.jpg?resize=1050%2C600&ssl=1 3x, https:\/\/i0.wp.com\/www.grieta.org.mx\/wp-content\/uploads\/2022\/05\/Quimberly-Anay-5-1536x1024-1.jpg?resize=1400%2C800&ssl=1 4x"},"classes":[]},{"id":51440,"url":"https:\/\/www.grieta.org.mx\/index.php\/2020\/06\/26\/acumula-jalisco-106-asesinatos-de-mujeres\/","url_meta":{"origin":46164,"position":2},"title":"Acumula Jalisco 106 asesinatos de mujeres","author":"grieta","date":"26 junio, 2020","format":false,"excerpt":"Foto: Especial Juan Levario \/ El Diario NTR La violencia contra las mujeres no cesa en el estado. Este a\u00f1o ya van 106 v\u00edctimas de violencia\u00a0feminicida. De acuerdo con datos del\u00a0Secretariado Ejecutivo del Sistema Nacional de Seguridad P\u00fablica (SESNSP), durante todo 2015 hubo 139 mujeres v\u00edctimas de asesinato en Jalisco,\u2026","rel":"","context":"En &quot;CINTILLO&quot;","block_context":{"text":"CINTILLO","link":"https:\/\/www.grieta.org.mx\/index.php\/category\/cintillo\/"},"img":{"alt_text":"","src":"https:\/\/i0.wp.com\/www.grieta.org.mx\/wp-content\/uploads\/2020\/06\/2020-06-26_12-06-26___8375.jpg?resize=350%2C200&ssl=1","width":350,"height":200,"srcset":"https:\/\/i0.wp.com\/www.grieta.org.mx\/wp-content\/uploads\/2020\/06\/2020-06-26_12-06-26___8375.jpg?resize=350%2C200&ssl=1 1x, https:\/\/i0.wp.com\/www.grieta.org.mx\/wp-content\/uploads\/2020\/06\/2020-06-26_12-06-26___8375.jpg?resize=525%2C300&ssl=1 1.5x, https:\/\/i0.wp.com\/www.grieta.org.mx\/wp-content\/uploads\/2020\/06\/2020-06-26_12-06-26___8375.jpg?resize=700%2C400&ssl=1 2x"},"classes":[]},{"id":62790,"url":"https:\/\/www.grieta.org.mx\/index.php\/2021\/11\/25\/marchan-mujeres-para-exigir-alto-a-la-violencia-en-vallarta-jalisco\/","url_meta":{"origin":46164,"position":3},"title":"Marchan mujeres para exigir alto a la violencia en Vallarta (Jalisco)","author":"grieta","date":"25 noviembre, 2021","format":false,"excerpt":"Foto: Tribuna de la Bah\u00eda Brenda Beltr\u00e1n \/ Tribuna de la Bah\u00eda Este jueves, colectivos de mujeres, hombres y ciudadanos en general, marcharon para exigir un alto a la violencia contra las mujeres de\u00a0Puerto Vallarta, saliendo del parque de\u00a0Las Mujeres hasta llegar a Los Arcos del Malec\u00f3n. Como ya se\u2026","rel":"","context":"En &quot;CINTILLO&quot;","block_context":{"text":"CINTILLO","link":"https:\/\/www.grieta.org.mx\/index.php\/category\/cintillo\/"},"img":{"alt_text":"","src":"https:\/\/i0.wp.com\/www.grieta.org.mx\/wp-content\/uploads\/2021\/11\/marcha-contra-violencia-vallarta-2-cover.jpg?resize=350%2C200&ssl=1","width":350,"height":200,"srcset":"https:\/\/i0.wp.com\/www.grieta.org.mx\/wp-content\/uploads\/2021\/11\/marcha-contra-violencia-vallarta-2-cover.jpg?resize=350%2C200&ssl=1 1x, https:\/\/i0.wp.com\/www.grieta.org.mx\/wp-content\/uploads\/2021\/11\/marcha-contra-violencia-vallarta-2-cover.jpg?resize=525%2C300&ssl=1 1.5x, https:\/\/i0.wp.com\/www.grieta.org.mx\/wp-content\/uploads\/2021\/11\/marcha-contra-violencia-vallarta-2-cover.jpg?resize=700%2C400&ssl=1 2x"},"classes":[]},{"id":62896,"url":"https:\/\/www.grieta.org.mx\/index.php\/2021\/12\/06\/reportan-11-asesinatos-de-mujeres-trans-en-jalisco\/","url_meta":{"origin":46164,"position":4},"title":"Reportan 11 asesinatos de mujeres trans en Jalisco","author":"grieta","date":"6 diciembre, 2021","format":false,"excerpt":"Foto: Tomada de la Red Juan Levario \/ El Diario NTR De 2019 al 13 de junio de este a\u00f1o, en Jalisco ocurrieron 11 asesinatos de mujeres transexuales. Tras una solicitud de informaci\u00f3n, la Fiscal\u00eda del Estado dio a conocer que tiene registro de 10 v\u00edctimas entre 2019 y junio\u2026","rel":"","context":"En &quot;CINTILLO&quot;","block_context":{"text":"CINTILLO","link":"https:\/\/www.grieta.org.mx\/index.php\/category\/cintillo\/"},"img":{"alt_text":"","src":"","width":0,"height":0},"classes":[]},{"id":63695,"url":"https:\/\/www.grieta.org.mx\/index.php\/2022\/03\/08\/marchan-mujeres-de-vallarta-para-exigir-respeto-y-seguridad-jalisco\/","url_meta":{"origin":46164,"position":5},"title":"Marchan mujeres de Vallarta para exigir respeto y seguridad (Jalisco)","author":"grieta","date":"8 marzo, 2022","format":false,"excerpt":"Foto: Tribuna de la Bah\u00eda Brenda Beltr\u00e1n \/ Tribuna de la Bah\u00eda Cientos de mujeres, pertenecientes a colectivos de\u00a0Puerto Vallarta, estudiantes, madres de familias y m\u00e1s, salieron a\u00a0marchar este 8 de marzo\u00a0de forma pac\u00edfica, exigiendo a las autoridades que sean escuchadas ante la violencia que se vive en la ciudad.\u2026","rel":"","context":"En &quot;CINTILLO&quot;","block_context":{"text":"CINTILLO","link":"https:\/\/www.grieta.org.mx\/index.php\/category\/cintillo\/"},"img":{"alt_text":"","src":"https:\/\/i0.wp.com\/www.grieta.org.mx\/wp-content\/uploads\/2022\/03\/marcha-8m-cover.jpg?resize=350%2C200&ssl=1","width":350,"height":200,"srcset":"https:\/\/i0.wp.com\/www.grieta.org.mx\/wp-content\/uploads\/2022\/03\/marcha-8m-cover.jpg?resize=350%2C200&ssl=1 1x, https:\/\/i0.wp.com\/www.grieta.org.mx\/wp-content\/uploads\/2022\/03\/marcha-8m-cover.jpg?resize=525%2C300&ssl=1 1.5x, https:\/\/i0.wp.com\/www.grieta.org.mx\/wp-content\/uploads\/2022\/03\/marcha-8m-cover.jpg?resize=700%2C400&ssl=1 2x"},"classes":[]}],"_links":{"self":[{"href":"https:\/\/www.grieta.org.mx\/index.php\/wp-json\/wp\/v2\/posts\/46164","targetHints":{"allow":["GET"]}}],"collection":[{"href":"https:\/\/www.grieta.org.mx\/index.php\/wp-json\/wp\/v2\/posts"}],"about":[{"href":"https:\/\/www.grieta.org.mx\/index.php\/wp-json\/wp\/v2\/types\/post"}],"author":[{"embeddable":true,"href":"https:\/\/www.grieta.org.mx\/index.php\/wp-json\/wp\/v2\/users\/2"}],"replies":[{"embeddable":true,"href":"https:\/\/www.grieta.org.mx\/index.php\/wp-json\/wp\/v2\/comments?post=46164"}],"version-history":[{"count":1,"href":"https:\/\/www.grieta.org.mx\/index.php\/wp-json\/wp\/v2\/posts\/46164\/revisions"}],"predecessor-version":[{"id":46166,"href":"https:\/\/www.grieta.org.mx\/index.php\/wp-json\/wp\/v2\/posts\/46164\/revisions\/46166"}],"wp:featuredmedia":[{"embeddable":true,"href":"https:\/\/www.grieta.org.mx\/index.php\/wp-json\/wp\/v2\/media\/46165"}],"wp:attachment":[{"href":"https:\/\/www.grieta.org.mx\/index.php\/wp-json\/wp\/v2\/media?parent=46164"}],"wp:term":[{"taxonomy":"category","embeddable":true,"href":"https:\/\/www.grieta.org.mx\/index.php\/wp-json\/wp\/v2\/categories?post=46164"},{"taxonomy":"post_tag","embeddable":true,"href":"https:\/\/www.grieta.org.mx\/index.php\/wp-json\/wp\/v2\/tags?post=46164"}],"curies":[{"name":"wp","href":"https:\/\/api.w.org\/{rel}","templated":true}]}}