{"id":46155,"date":"2020-03-07T22:22:42","date_gmt":"2020-03-08T04:22:42","guid":{"rendered":"http:\/\/www.grieta.org.mx\/?p=46155"},"modified":"2020-03-14T22:31:34","modified_gmt":"2020-03-15T04:31:34","slug":"fabiola-asesinada-por-su-expareja-no-fue-apoyada-por-las-instituciones-colima","status":"publish","type":"post","link":"https:\/\/www.grieta.org.mx\/index.php\/2020\/03\/07\/fabiola-asesinada-por-su-expareja-no-fue-apoyada-por-las-instituciones-colima\/","title":{"rendered":"Fabiola, asesinada por su expareja, no fue apoyada por las instituciones (Colima)"},"content":{"rendered":"<p><img loading=\"lazy\" decoding=\"async\" data-attachment-id=\"46156\" data-permalink=\"https:\/\/www.grieta.org.mx\/index.php\/2020\/03\/07\/fabiola-asesinada-por-su-expareja-no-fue-apoyada-por-las-instituciones-colima\/88204951_137074861172165_5897194761189588992_n\/\" data-orig-file=\"https:\/\/www.grieta.org.mx\/wp-content\/uploads\/2020\/03\/88204951_137074861172165_5897194761189588992_n.jpg\" data-orig-size=\"720,959\" data-comments-opened=\"0\" data-image-meta=\"{&quot;aperture&quot;:&quot;0&quot;,&quot;credit&quot;:&quot;&quot;,&quot;camera&quot;:&quot;&quot;,&quot;caption&quot;:&quot;&quot;,&quot;created_timestamp&quot;:&quot;0&quot;,&quot;copyright&quot;:&quot;&quot;,&quot;focal_length&quot;:&quot;0&quot;,&quot;iso&quot;:&quot;0&quot;,&quot;shutter_speed&quot;:&quot;0&quot;,&quot;title&quot;:&quot;&quot;,&quot;orientation&quot;:&quot;0&quot;}\" data-image-title=\"88204951_137074861172165_5897194761189588992_n\" data-image-description=\"\" data-image-caption=\"\" data-medium-file=\"https:\/\/www.grieta.org.mx\/wp-content\/uploads\/2020\/03\/88204951_137074861172165_5897194761189588992_n-225x300.jpg\" data-large-file=\"https:\/\/www.grieta.org.mx\/wp-content\/uploads\/2020\/03\/88204951_137074861172165_5897194761189588992_n.jpg\" class=\"aligncenter wp-image-46156\" src=\"http:\/\/www.grieta.org.mx\/wp-content\/uploads\/2020\/03\/88204951_137074861172165_5897194761189588992_n.jpg\" alt=\"\" width=\"722\" height=\"962\" srcset=\"https:\/\/www.grieta.org.mx\/wp-content\/uploads\/2020\/03\/88204951_137074861172165_5897194761189588992_n.jpg 720w, https:\/\/www.grieta.org.mx\/wp-content\/uploads\/2020\/03\/88204951_137074861172165_5897194761189588992_n-225x300.jpg 225w, https:\/\/www.grieta.org.mx\/wp-content\/uploads\/2020\/03\/88204951_137074861172165_5897194761189588992_n-375x500.jpg 375w\" sizes=\"auto, (max-width: 722px) 100vw, 722px\" \/><\/p>\n<p>Foto: Diario Avanzada<\/p>\n<p>Redacci\u00f3n \/ Diario Avanzada<\/p>\n<p>Colima, M\u00e9xico, Avanzada (06\/03\/2020).- Jos\u00e9 Francisco Morales Cervantes, padre de Fabiola Guadalupe Morales, la mujer asesinada presuntamente por su expareja el mi\u00e9rcoles anterior en Manzanillo, se\u00f1al\u00f3 que su hija ya hab\u00eda denunciado previamente que sufr\u00eda violencia intrafamiliar, pero no recibi\u00f3 el apoyo que necesitaba.<\/p>\n<p>\u201cElla acudi\u00f3 a una instituci\u00f3n, pero falt\u00f3 m\u00e1s apoyo de parte de ellos, asesor\u00eda y acompa\u00f1amiento para poder continuar con las demandas pertinentes en el Ministerio P\u00fablico y en otras instancias; y ah\u00ed est\u00e1 el resultado, la muerte de mi hija\u201d, declar\u00f3.<\/p>\n<p>Tras ser asesinada a pu\u00f1aladas por quien fuera su esposo, Fabiola, de 39 a\u00f1os de edad, dej\u00f3 tres hijos, uno de 21 a\u00f1os y dos menores de edad.<\/p>\n<p>Su padre coment\u00f3 que desde a\u00f1os anteriores ella informaba a la familia sobre las agresiones que sufr\u00eda por parte de su marido y hubo ocasiones en que le reclamaron al agresor, y posteriormente, cuando se separ\u00f3 de \u00e9l aparecieron publicaciones an\u00f3nimas en las redes sociales tratando de denigrar la imagen de ella.<\/p>\n<p>Coment\u00f3 que \u00e9l estaba en la ciudad de Colima y se enter\u00f3 del asesinato de su hija por una llamada telef\u00f3nica de su hermana, quien a su vez fue informada por un abogado, por lo que de inmediato se traslad\u00f3 a Manzanillo.<\/p>\n<p>Jos\u00e9 Francisco Morales dijo que los familiares ya acudieron a la Fiscal\u00eda General del estado a declarar sobre el asunto, aunque \u201cestamos en espera de una respuesta pronta, no sabemos qu\u00e9 est\u00e1 pasando, hasta la fecha no nos han comunicado nada\u201d.<\/p>\n<p>Dijo que Fabiola, quien fue sepultada el jueves 5, era una persona tranquila, buena madre con sus hijos y muy comunicativa con la familia.<\/p>\n<p>Ante lo ocurrido con su hija, el hombre invit\u00f3 a las mujeres, a toda la sociedad, a que no callen, a no permitir que sigan ocurriendo m\u00e1s feminicidios.<\/p>\n<p>\u201cMe siento muy consternado, la verdad, porque me da coraje saber que la gente nos est\u00e1 enviando se\u00f1ales o mensajes donde dicen que supuestamente han visto al agresor que anda rondando aqu\u00ed y all\u00e1 quitado de la pena. Qu\u00e9 se gana la gente con informarnos esto, si no hay una orden de detenci\u00f3n por parte de las autoridades. La gente puede decirle \u00e9ste es el asesino, pero el agente va a decir, yo no tengo ni una orden de nada, no puedo detenerlo\u201d.<\/p>\n<p>Refiri\u00f3 que la \u00faltima informaci\u00f3n recibida fue que lo vieron en Tecom\u00e1n y previamente a bordo de una ruta de transporte urbano en Manzanillo.<\/p>\n<p>Record\u00f3 que el jueves durante el sepelio, antes de llevar el cuerpo de Fabiola al cementerio, los familiares decidieron ir hasta la Presidencia Municipal para exigir seguridad para la poblaci\u00f3n.<\/p>\n<p>\u201cTuvimos mucho apoyo de la ciudadan\u00eda, se nos uni\u00f3 mucha gente porque nosotros lo manifestamos con consignas gritando justicia para nuestra hija, ni una m\u00e1s\u201d, concluy\u00f3.<\/p>\n<p><a href=\"https:\/\/www.diarioavanzada.com.mx\/?p=11133\">https:\/\/www.diarioavanzada.com.mx\/?p=11133<\/a><\/p>\n","protected":false},"excerpt":{"rendered":"<p>Foto: Diario Avanzada Redacci\u00f3n \/ Diario Avanzada Colima, M\u00e9xico, Avanzada (06\/03\/2020).- Jos\u00e9 Francisco Morales Cervantes, padre de Fabiola Guadalupe Morales, la mujer asesinada presuntamente por su expareja el mi\u00e9rcoles anterior &hellip; <a href=\"https:\/\/www.grieta.org.mx\/index.php\/2020\/03\/07\/fabiola-asesinada-por-su-expareja-no-fue-apoyada-por-las-instituciones-colima\/\" class=\"more-link\">Leer m\u00e1s<\/a><\/p>\n","protected":false},"author":2,"featured_media":46156,"comment_status":"closed","ping_status":"closed","sticky":false,"template":"","format":"standard","meta":{"ngg_post_thumbnail":0,"_jetpack_newsletter_access":"","_jetpack_dont_email_post_to_subs":false,"_jetpack_newsletter_tier_id":0,"_jetpack_memberships_contains_paywalled_content":false,"_jetpack_memberships_contains_paid_content":false,"footnotes":""},"categories":[80,13,84,1016,1017,2,83],"tags":[81],"class_list":{"0":"post-46155","1":"post","2":"type-post","3":"status-publish","4":"format-standard","5":"has-post-thumbnail","6":"hentry","7":"category-cintillo","8":"category-colima","9":"category-feminicidios","10":"category-feminicidios-en-colima","12":"category-noticias-nacionales","13":"category-temas-nacionales","14":"tag-feminicidios","15":"entry"},"jetpack_featured_media_url":"https:\/\/www.grieta.org.mx\/wp-content\/uploads\/2020\/03\/88204951_137074861172165_5897194761189588992_n.jpg","jetpack_sharing_enabled":true,"jetpack_shortlink":"https:\/\/wp.me\/p7ZJR4-c0r","jetpack_likes_enabled":false,"jetpack-related-posts":[{"id":50734,"url":"https:\/\/www.grieta.org.mx\/index.php\/2020\/06\/08\/los-feminicidios-serian-evitables-si-fiscalia-y-ssp-aplicaran-la-avg-reprochan-asociaciones-colima\/","url_meta":{"origin":46155,"position":0},"title":"Los feminicidios ser\u00edan evitables si Fiscal\u00eda y SSP aplicaran la AVG, reprochan asociaciones (Colima)","author":"grieta","date":"8 junio, 2020","format":false,"excerpt":"Imagen: Diario Avanzada Heidi de Le\u00f3n Guti\u00e9rrez \/ Diario Avanzada Colima, M\u00e9xico, Avanzada (08\/06\/2020).- Una ni\u00f1a de 11 a\u00f1os fue golpeada\u00a0 en diferentes partes del cuerpo y\u00a0 asesinada al interior de su hogar, junto con su madre, quien tambi\u00e9n fue agredida hasta\u00a0 que le quitaron la vida. Los hechos violentos\u2026","rel":"","context":"En &quot;CINTILLO&quot;","block_context":{"text":"CINTILLO","link":"https:\/\/www.grieta.org.mx\/index.php\/category\/cintillo\/"},"img":{"alt_text":"","src":"https:\/\/i0.wp.com\/www.grieta.org.mx\/wp-content\/uploads\/2020\/06\/Ignacio-zaragoza.png?resize=350%2C200&ssl=1","width":350,"height":200,"srcset":"https:\/\/i0.wp.com\/www.grieta.org.mx\/wp-content\/uploads\/2020\/06\/Ignacio-zaragoza.png?resize=350%2C200&ssl=1 1x, https:\/\/i0.wp.com\/www.grieta.org.mx\/wp-content\/uploads\/2020\/06\/Ignacio-zaragoza.png?resize=525%2C300&ssl=1 1.5x"},"classes":[]},{"id":60060,"url":"https:\/\/www.grieta.org.mx\/index.php\/2021\/06\/15\/los-rostros-de-la-violencia-contra-la-mujer-en-colima\/","url_meta":{"origin":46155,"position":1},"title":"Los rostros de la violencia contra la mujer en Colima","author":"grieta","date":"15 junio, 2021","format":false,"excerpt":"Imagen: Diario Avanzada Heidi de Le\u00f3n Guti\u00e9rrez \/ Diario Avanzada Colima, M\u00e9xico, Avanzada (15\/06\/2021).- Julissa fue asesinada de varias pu\u00f1aladas y su cuerpo fue calcinado en una vivienda en Villa de \u00c1lvarez; ten\u00eda 15 a\u00f1os de edad y su cuerpo fue encontrado en el ba\u00f1o de la casa. Mar\u00eda Herlinda\u2026","rel":"","context":"En &quot;CINTILLO&quot;","block_context":{"text":"CINTILLO","link":"https:\/\/www.grieta.org.mx\/index.php\/category\/cintillo\/"},"img":{"alt_text":"","src":"https:\/\/i0.wp.com\/www.grieta.org.mx\/wp-content\/uploads\/2021\/06\/200830939_917583298818862_8986235510000952065_n.jpg?resize=350%2C200&ssl=1","width":350,"height":200,"srcset":"https:\/\/i0.wp.com\/www.grieta.org.mx\/wp-content\/uploads\/2021\/06\/200830939_917583298818862_8986235510000952065_n.jpg?resize=350%2C200&ssl=1 1x, https:\/\/i0.wp.com\/www.grieta.org.mx\/wp-content\/uploads\/2021\/06\/200830939_917583298818862_8986235510000952065_n.jpg?resize=525%2C300&ssl=1 1.5x, https:\/\/i0.wp.com\/www.grieta.org.mx\/wp-content\/uploads\/2021\/06\/200830939_917583298818862_8986235510000952065_n.jpg?resize=700%2C400&ssl=1 2x"},"classes":[]},{"id":68599,"url":"https:\/\/www.grieta.org.mx\/index.php\/2024\/03\/07\/dia-internacional-de-la-mujer-en-colima-132-asesinatos-y-94-de-impunidad\/","url_meta":{"origin":46155,"position":2},"title":"D\u00eda Internacional de la Mujer en Colima: 132 asesinatos y 94 % de impunidad","author":"grieta","date":"7 marzo, 2024","format":false,"excerpt":"Imagen: Diario Avanzada Heidi de Le\u00f3n Guti\u00e9rrez \/ Diario Avanzada Colima, M\u00e9xico, Avanzada (07\/03\/2024).- Michel, una ni\u00f1a de 13 a\u00f1os de edad y estudiante de primer grado de secundaria en el Trapiche, fue asesinada a balazos por su padre el 10 de noviembre pasado; el cuerpo de la v\u00edctima fue\u2026","rel":"","context":"En &quot;CINTILLO&quot;","block_context":{"text":"CINTILLO","link":"https:\/\/www.grieta.org.mx\/index.php\/category\/cintillo\/"},"img":{"alt_text":"","src":"https:\/\/i0.wp.com\/www.grieta.org.mx\/wp-content\/uploads\/2024\/03\/aa-6.jpg?resize=350%2C200&ssl=1","width":350,"height":200,"srcset":"https:\/\/i0.wp.com\/www.grieta.org.mx\/wp-content\/uploads\/2024\/03\/aa-6.jpg?resize=350%2C200&ssl=1 1x, https:\/\/i0.wp.com\/www.grieta.org.mx\/wp-content\/uploads\/2024\/03\/aa-6.jpg?resize=525%2C300&ssl=1 1.5x, https:\/\/i0.wp.com\/www.grieta.org.mx\/wp-content\/uploads\/2024\/03\/aa-6.jpg?resize=700%2C400&ssl=1 2x, https:\/\/i0.wp.com\/www.grieta.org.mx\/wp-content\/uploads\/2024\/03\/aa-6.jpg?resize=1050%2C600&ssl=1 3x, https:\/\/i0.wp.com\/www.grieta.org.mx\/wp-content\/uploads\/2024\/03\/aa-6.jpg?resize=1400%2C800&ssl=1 4x"},"classes":[]},{"id":52197,"url":"https:\/\/www.grieta.org.mx\/index.php\/2020\/07\/27\/aumento-166-por-ciento-el-feminicidio-en-colima\/","url_meta":{"origin":46155,"position":3},"title":"Aument\u00f3 166 por ciento el feminicidio en Colima","author":"grieta","date":"27 julio, 2020","format":false,"excerpt":"Imagen: Diario Avanzada Heidi de Le\u00f3n Guti\u00e9rrez \/ Diario Avanzada Colima, M\u00e9xico, Avanzada (27\/07\/2020).- El lunes 20 de julio, una mujer de entre 30 y 35 a\u00f1os de edad fue asesinada a cuchilladas al interior de su domicilio en la calle Gazania, en la colonia, Terraplena, en el municipio de\u2026","rel":"","context":"En &quot;CINTILLO&quot;","block_context":{"text":"CINTILLO","link":"https:\/\/www.grieta.org.mx\/index.php\/category\/cintillo\/"},"img":{"alt_text":"","src":"https:\/\/i0.wp.com\/www.grieta.org.mx\/wp-content\/uploads\/2020\/08\/Zapato.jpg?resize=350%2C200&ssl=1","width":350,"height":200,"srcset":"https:\/\/i0.wp.com\/www.grieta.org.mx\/wp-content\/uploads\/2020\/08\/Zapato.jpg?resize=350%2C200&ssl=1 1x, https:\/\/i0.wp.com\/www.grieta.org.mx\/wp-content\/uploads\/2020\/08\/Zapato.jpg?resize=525%2C300&ssl=1 1.5x, https:\/\/i0.wp.com\/www.grieta.org.mx\/wp-content\/uploads\/2020\/08\/Zapato.jpg?resize=700%2C400&ssl=1 2x"},"classes":[]},{"id":46152,"url":"https:\/\/www.grieta.org.mx\/index.php\/2020\/03\/06\/van-14-mujeres-asesinadas-en-manzanillo-este-ano-colima\/","url_meta":{"origin":46155,"position":4},"title":"Van 14 mujeres asesinadas en Manzanillo, este a\u00f1o (Colima)","author":"grieta","date":"6 marzo, 2020","format":false,"excerpt":"Foto: El Noticiero de Colima Jes\u00fas Lozoya Baeza \/ El Noticiero de Colima rimero una marcha de silencio desde la funeraria en el centro de Manzanillo y hasta la iglesia del Carmen, en la calle Cuauht\u00e9moc, donde se escucharon finalmente reclamos airados de la familia de Fabiola, la mujer que\u2026","rel":"","context":"En &quot;CINTILLO&quot;","block_context":{"text":"CINTILLO","link":"https:\/\/www.grieta.org.mx\/index.php\/category\/cintillo\/"},"img":{"alt_text":"","src":"https:\/\/i0.wp.com\/www.grieta.org.mx\/wp-content\/uploads\/2020\/03\/foto4.jpg?resize=350%2C200&ssl=1","width":350,"height":200,"srcset":"https:\/\/i0.wp.com\/www.grieta.org.mx\/wp-content\/uploads\/2020\/03\/foto4.jpg?resize=350%2C200&ssl=1 1x, https:\/\/i0.wp.com\/www.grieta.org.mx\/wp-content\/uploads\/2020\/03\/foto4.jpg?resize=525%2C300&ssl=1 1.5x, https:\/\/i0.wp.com\/www.grieta.org.mx\/wp-content\/uploads\/2020\/03\/foto4.jpg?resize=700%2C400&ssl=1 2x"},"classes":[]},{"id":53760,"url":"https:\/\/www.grieta.org.mx\/index.php\/2020\/09\/24\/en-colima-a-las-mujeres-las-queman-torturan-y-mutilan-van-68-feminicidios-en-2020\/","url_meta":{"origin":46155,"position":5},"title":"En Colima, a las mujeres las queman, torturan y mutilan; van 68 feminicidios en 2020","author":"grieta","date":"24 septiembre, 2020","format":false,"excerpt":"Imagen: Diario Avanzada Heidi de Le\u00f3n Guti\u00e9rrez \/ Diario Avanzada Colima, M\u00e9xico, Avanzada (24\/09\/2020).- En Colima, a las mujeres las asesinan, torturan, queman y mutilan. Algunas veces, las agreden con arma de fuego, en otras con armas blanca e incluso, con piedras, ladrillos o varillas. La entidad se ha convertido\u2026","rel":"","context":"En &quot;CINTILLO&quot;","block_context":{"text":"CINTILLO","link":"https:\/\/www.grieta.org.mx\/index.php\/category\/cintillo\/"},"img":{"alt_text":"","src":"https:\/\/i0.wp.com\/www.grieta.org.mx\/wp-content\/uploads\/2020\/09\/VIOLENCIA-1.jpeg?resize=350%2C200&ssl=1","width":350,"height":200,"srcset":"https:\/\/i0.wp.com\/www.grieta.org.mx\/wp-content\/uploads\/2020\/09\/VIOLENCIA-1.jpeg?resize=350%2C200&ssl=1 1x, https:\/\/i0.wp.com\/www.grieta.org.mx\/wp-content\/uploads\/2020\/09\/VIOLENCIA-1.jpeg?resize=525%2C300&ssl=1 1.5x, https:\/\/i0.wp.com\/www.grieta.org.mx\/wp-content\/uploads\/2020\/09\/VIOLENCIA-1.jpeg?resize=700%2C400&ssl=1 2x, https:\/\/i0.wp.com\/www.grieta.org.mx\/wp-content\/uploads\/2020\/09\/VIOLENCIA-1.jpeg?resize=1050%2C600&ssl=1 3x, https:\/\/i0.wp.com\/www.grieta.org.mx\/wp-content\/uploads\/2020\/09\/VIOLENCIA-1.jpeg?resize=1400%2C800&ssl=1 4x"},"classes":[]}],"_links":{"self":[{"href":"https:\/\/www.grieta.org.mx\/index.php\/wp-json\/wp\/v2\/posts\/46155","targetHints":{"allow":["GET"]}}],"collection":[{"href":"https:\/\/www.grieta.org.mx\/index.php\/wp-json\/wp\/v2\/posts"}],"about":[{"href":"https:\/\/www.grieta.org.mx\/index.php\/wp-json\/wp\/v2\/types\/post"}],"author":[{"embeddable":true,"href":"https:\/\/www.grieta.org.mx\/index.php\/wp-json\/wp\/v2\/users\/2"}],"replies":[{"embeddable":true,"href":"https:\/\/www.grieta.org.mx\/index.php\/wp-json\/wp\/v2\/comments?post=46155"}],"version-history":[{"count":1,"href":"https:\/\/www.grieta.org.mx\/index.php\/wp-json\/wp\/v2\/posts\/46155\/revisions"}],"predecessor-version":[{"id":46157,"href":"https:\/\/www.grieta.org.mx\/index.php\/wp-json\/wp\/v2\/posts\/46155\/revisions\/46157"}],"wp:featuredmedia":[{"embeddable":true,"href":"https:\/\/www.grieta.org.mx\/index.php\/wp-json\/wp\/v2\/media\/46156"}],"wp:attachment":[{"href":"https:\/\/www.grieta.org.mx\/index.php\/wp-json\/wp\/v2\/media?parent=46155"}],"wp:term":[{"taxonomy":"category","embeddable":true,"href":"https:\/\/www.grieta.org.mx\/index.php\/wp-json\/wp\/v2\/categories?post=46155"},{"taxonomy":"post_tag","embeddable":true,"href":"https:\/\/www.grieta.org.mx\/index.php\/wp-json\/wp\/v2\/tags?post=46155"}],"curies":[{"name":"wp","href":"https:\/\/api.w.org\/{rel}","templated":true}]}}