{"id":46149,"date":"2020-03-09T21:58:33","date_gmt":"2020-03-10T03:58:33","guid":{"rendered":"http:\/\/www.grieta.org.mx\/?p=46149"},"modified":"2020-03-14T22:07:35","modified_gmt":"2020-03-15T04:07:35","slug":"el-dia-que-las-mujeres-decidieron-guardar-silencio-undiasinnosotras-colima","status":"publish","type":"post","link":"https:\/\/www.grieta.org.mx\/index.php\/2020\/03\/09\/el-dia-que-las-mujeres-decidieron-guardar-silencio-undiasinnosotras-colima\/","title":{"rendered":"El d\u00eda que las mujeres decidieron guardar silencio #UnD\u00edaSinNosotras (Colima)"},"content":{"rendered":"<p><img loading=\"lazy\" decoding=\"async\" data-attachment-id=\"46150\" data-permalink=\"https:\/\/www.grieta.org.mx\/index.php\/2020\/03\/09\/el-dia-que-las-mujeres-decidieron-guardar-silencio-undiasinnosotras-colima\/el-dia-que-las-mujeres-decidieron-guardar-silencio-undiasinnosotras-696x522\/\" data-orig-file=\"https:\/\/www.grieta.org.mx\/wp-content\/uploads\/2020\/03\/El-d\u00eda-que-las-mujeres-decidieron-guardar-silencio-UnD\u00edaSinNosotras-696x522.jpeg\" data-orig-size=\"696,522\" data-comments-opened=\"0\" data-image-meta=\"{&quot;aperture&quot;:&quot;0&quot;,&quot;credit&quot;:&quot;&quot;,&quot;camera&quot;:&quot;&quot;,&quot;caption&quot;:&quot;&quot;,&quot;created_timestamp&quot;:&quot;0&quot;,&quot;copyright&quot;:&quot;&quot;,&quot;focal_length&quot;:&quot;0&quot;,&quot;iso&quot;:&quot;0&quot;,&quot;shutter_speed&quot;:&quot;0&quot;,&quot;title&quot;:&quot;&quot;,&quot;orientation&quot;:&quot;0&quot;}\" data-image-title=\"El-d\u00eda-que-las-mujeres-decidieron-guardar-silencio-UnD\u00edaSinNosotras-696&amp;#215;522\" data-image-description=\"\" data-image-caption=\"\" data-medium-file=\"https:\/\/www.grieta.org.mx\/wp-content\/uploads\/2020\/03\/El-d\u00eda-que-las-mujeres-decidieron-guardar-silencio-UnD\u00edaSinNosotras-696x522-300x225.jpeg\" data-large-file=\"https:\/\/www.grieta.org.mx\/wp-content\/uploads\/2020\/03\/El-d\u00eda-que-las-mujeres-decidieron-guardar-silencio-UnD\u00edaSinNosotras-696x522.jpeg\" class=\"aligncenter wp-image-46150\" src=\"http:\/\/www.grieta.org.mx\/wp-content\/uploads\/2020\/03\/El-d\u00eda-que-las-mujeres-decidieron-guardar-silencio-UnD\u00edaSinNosotras-696x522.jpeg\" alt=\"\" width=\"800\" height=\"599\" srcset=\"https:\/\/www.grieta.org.mx\/wp-content\/uploads\/2020\/03\/El-d\u00eda-que-las-mujeres-decidieron-guardar-silencio-UnD\u00edaSinNosotras-696x522.jpeg 696w, https:\/\/www.grieta.org.mx\/wp-content\/uploads\/2020\/03\/El-d\u00eda-que-las-mujeres-decidieron-guardar-silencio-UnD\u00edaSinNosotras-696x522-300x225.jpeg 300w, https:\/\/www.grieta.org.mx\/wp-content\/uploads\/2020\/03\/El-d\u00eda-que-las-mujeres-decidieron-guardar-silencio-UnD\u00edaSinNosotras-696x522-667x500.jpeg 667w\" sizes=\"auto, (max-width: 800px) 100vw, 800px\" \/><\/p>\n<p>Foto: Colima Noticias<\/p>\n<p>Juan Carlos Flores \/ Colima Noticias<\/p>\n<p>Colima, Col.- El hartazgo femenino lleg\u00f3 a un l\u00edmite: ayer se manifestaron en las calles de Colima y hoy guardaron silencio.<\/p>\n<p>En las calles se pudieron ver pocas mujeres: algunas caminando, llevando sus hijos, comprando algunas cosas pero la ausencia femenina fue notoria.<\/p>\n<p>Pero las que m\u00e1s se not\u00f3 fueron las que no est\u00e1n en sus casas, ni en sus trabajos, ni en las escuelas: las que fueron asesinadas o est\u00e1n desaparecidas.<\/p>\n<p>Como Fabiola asesinada a pu\u00f1aladas por su expareja el pasado 4 de marzo en Manzanillo que ni sus denuncias ante las autoridades le pudieron salvaron la vida; o Reyna Alejandra, de 25 a\u00f1os, encontrada muerta con varios golpes en el cr\u00e1neo en la comunidad de Canoas.<\/p>\n<p>Como ellas, 94 mujeres fueron asesinadas el a\u00f1o pasado en Colima de acuerdo con datos del Secretariado Ejecutivo del Sistema Nacional de Seguridad P\u00fablica (SESNSP).<\/p>\n<p>De hecho, Colima tiene un panorama dantesco con relaci\u00f3n a la violencia contra las mujeres: es el primer lugar en incidencia de feminicidio en el pa\u00eds y en segundo lugar en desapariciones de mujeres done hasta el 2018 se reportaron 181 casos de acuerdo a los Registros Nacional de Personas Extraviadas y Desaparecidas (RNPED).<\/p>\n<p>Tambi\u00e9n es primer lugar en llamadas de emergencia por acoso sexual con 8.2 llamadas por cada 100 mil mujeres; ocupa el segundo lugar nacional en incidencia en llamadas de emergencia por incidentes de violencia familiar; en cuarto lugar en denuncias por lesiones; en llamadas por incidencia de violaci\u00f3n y abuso sexual en est\u00e1 en sexto lugar nacional.<\/p>\n<p>El paro femenino lleg\u00f3 a todos los centros de trabajo: congreso del estado, Poder Judicial, Gobierno del Estado, ayuntamientos, Universidad de Colima incluso algunos servicios tuvieron que ser cerrados como cafeter\u00edas o establecimientos de comida porque son operados, en su totalidad o mayor\u00eda, por mujeres.<\/p>\n<p>As\u00ed como Colima, en otras ciudades del pa\u00eds la escena fue muy similar: piden detener la violencia contra su g\u00e9nero porque las mujeres esperan un cambio y la iniciativa, por lo pronto, la tienen los hombres.<\/p>\n<p><a href=\"https:\/\/www.colimanoticias.com\/el-dia-que-las-mujeres-decidieron-guardar-silencio-undiasinnosotras\/\">https:\/\/www.colimanoticias.com\/el-dia-que-las-mujeres-decidieron-guardar-silencio-undiasinnosotras\/<\/a><\/p>\n","protected":false},"excerpt":{"rendered":"<p>Foto: Colima Noticias Juan Carlos Flores \/ Colima Noticias Colima, Col.- El hartazgo femenino lleg\u00f3 a un l\u00edmite: ayer se manifestaron en las calles de Colima y hoy guardaron silencio. &hellip; <a href=\"https:\/\/www.grieta.org.mx\/index.php\/2020\/03\/09\/el-dia-que-las-mujeres-decidieron-guardar-silencio-undiasinnosotras-colima\/\" class=\"more-link\">Leer m\u00e1s<\/a><\/p>\n","protected":false},"author":2,"featured_media":46150,"comment_status":"closed","ping_status":"closed","sticky":false,"template":"","format":"standard","meta":{"ngg_post_thumbnail":0,"_jetpack_newsletter_access":"","_jetpack_dont_email_post_to_subs":false,"_jetpack_newsletter_tier_id":0,"_jetpack_memberships_contains_paywalled_content":false,"_jetpack_memberships_contains_paid_content":false,"footnotes":""},"categories":[80,13,84,1017,1016,2,83,1983],"tags":[81,3172,2286],"class_list":{"0":"post-46149","1":"post","2":"type-post","3":"status-publish","4":"format-standard","5":"has-post-thumbnail","6":"hentry","7":"category-cintillo","8":"category-colima","9":"category-feminicidios","10":"category-feminicidios-en-colima","12":"category-noticias-nacionales","13":"category-temas-nacionales","14":"category-violencia-contra-mujeres-en-colima","15":"tag-feminicidios","16":"tag-un-dia-sin-mujeres","17":"tag-violencia-contra-la-mujer","18":"entry"},"jetpack_featured_media_url":"https:\/\/www.grieta.org.mx\/wp-content\/uploads\/2020\/03\/El-d\u00eda-que-las-mujeres-decidieron-guardar-silencio-UnD\u00edaSinNosotras-696x522.jpeg","jetpack_sharing_enabled":true,"jetpack_shortlink":"https:\/\/wp.me\/p7ZJR4-c0l","jetpack_likes_enabled":false,"jetpack-related-posts":[{"id":54762,"url":"https:\/\/www.grieta.org.mx\/index.php\/2020\/11\/03\/catrinas-marchan-contra-los-feminicidios-en-colima\/","url_meta":{"origin":46149,"position":0},"title":"Catrinas marchan contra los feminicidios en Colima","author":"grieta","date":"3 noviembre, 2020","format":false,"excerpt":"Foto: Moserrat C\u00e1rdenas Con el objetivo de visibilizar la violencia contra las mujeres en Colima, mujeres feministas caracterizadas de catrinas, realizaron una marcha por las principales calles de esta ciudad para denunciar y exigir justicia para todas las mujeres asesinada.\u00a0 Redacci\u00f3n \/ Somos El Medio Vestidas de catrinas, con flores\u2026","rel":"","context":"En &quot;CINTILLO&quot;","block_context":{"text":"CINTILLO","link":"https:\/\/www.grieta.org.mx\/index.php\/category\/cintillo\/"},"img":{"alt_text":"","src":"https:\/\/i0.wp.com\/www.grieta.org.mx\/wp-content\/uploads\/2020\/11\/MG_3108.jpg?resize=350%2C200&ssl=1","width":350,"height":200,"srcset":"https:\/\/i0.wp.com\/www.grieta.org.mx\/wp-content\/uploads\/2020\/11\/MG_3108.jpg?resize=350%2C200&ssl=1 1x, https:\/\/i0.wp.com\/www.grieta.org.mx\/wp-content\/uploads\/2020\/11\/MG_3108.jpg?resize=525%2C300&ssl=1 1.5x, https:\/\/i0.wp.com\/www.grieta.org.mx\/wp-content\/uploads\/2020\/11\/MG_3108.jpg?resize=700%2C400&ssl=1 2x, https:\/\/i0.wp.com\/www.grieta.org.mx\/wp-content\/uploads\/2020\/11\/MG_3108.jpg?resize=1050%2C600&ssl=1 3x"},"classes":[]},{"id":66450,"url":"https:\/\/www.grieta.org.mx\/index.php\/2023\/03\/09\/colima-un-estado-fallido-ante-la-inseguridad-exigen-mujeres-al-gobierno-que-responda-por-feminicidios\/","url_meta":{"origin":46149,"position":1},"title":"Colima, un Estado fallido ante la inseguridad, exigen mujeres al Gobierno que responda por feminicidios","author":"grieta","date":"9 marzo, 2023","format":false,"excerpt":"Imagen: El Comentario Francis Bravo \/ El Comentario M\u00e1s\u00a02 mil mujeres, en el marco del\u00a08 de Marzo, tomaron durante varias horas las calles del centro de la ciudad de Colima\u00a0para exigir a los gobiernos estatal y federal que respondan por los\u00a0feminicidios, por las desaparecidas, asesinadas y violentadas. Entre el numeroso\u00a0contingente\u2026","rel":"","context":"En &quot;CINTILLO&quot;","block_context":{"text":"CINTILLO","link":"https:\/\/www.grieta.org.mx\/index.php\/category\/cintillo\/"},"img":{"alt_text":"","src":"https:\/\/i0.wp.com\/www.grieta.org.mx\/wp-content\/uploads\/2023\/03\/COLI-1-780x470-1.jpg?resize=350%2C200&ssl=1","width":350,"height":200,"srcset":"https:\/\/i0.wp.com\/www.grieta.org.mx\/wp-content\/uploads\/2023\/03\/COLI-1-780x470-1.jpg?resize=350%2C200&ssl=1 1x, https:\/\/i0.wp.com\/www.grieta.org.mx\/wp-content\/uploads\/2023\/03\/COLI-1-780x470-1.jpg?resize=525%2C300&ssl=1 1.5x, https:\/\/i0.wp.com\/www.grieta.org.mx\/wp-content\/uploads\/2023\/03\/COLI-1-780x470-1.jpg?resize=700%2C400&ssl=1 2x"},"classes":[]},{"id":57712,"url":"https:\/\/www.grieta.org.mx\/index.php\/2021\/03\/08\/fracasa-la-proteccion-de-las-mujeres-en-colima-feminicidios-violencia-y-hostigamiento-sexual-colima\/","url_meta":{"origin":46149,"position":2},"title":"Fracasa la protecci\u00f3n de las mujeres en Colima; feminicidios, violencia y hostigamiento sexual (Colima)","author":"grieta","date":"8 marzo, 2021","format":false,"excerpt":"Foto: Diario Avanzada Heidi de Le\u00f3n Guti\u00e9rrez \/ Diario Avanzada Colima, M\u00e9xico, Avanzada (08\/03\/2021).- En Colima,\u00a0las mujeres no est\u00e1n seguras ni en su casa ni en la calle. Los datos del Secretariado Ejecutivo del Sistema Nacional de Seguridad, ubican a esta entidad con la tasa m\u00e1s alta del pa\u00eds en\u2026","rel":"","context":"En &quot;CINTILLO&quot;","block_context":{"text":"CINTILLO","link":"https:\/\/www.grieta.org.mx\/index.php\/category\/cintillo\/"},"img":{"alt_text":"","src":"https:\/\/i0.wp.com\/www.grieta.org.mx\/wp-content\/uploads\/2021\/03\/Mujer.jpg?resize=350%2C200&ssl=1","width":350,"height":200,"srcset":"https:\/\/i0.wp.com\/www.grieta.org.mx\/wp-content\/uploads\/2021\/03\/Mujer.jpg?resize=350%2C200&ssl=1 1x, https:\/\/i0.wp.com\/www.grieta.org.mx\/wp-content\/uploads\/2021\/03\/Mujer.jpg?resize=525%2C300&ssl=1 1.5x, https:\/\/i0.wp.com\/www.grieta.org.mx\/wp-content\/uploads\/2021\/03\/Mujer.jpg?resize=700%2C400&ssl=1 2x"},"classes":[]},{"id":63701,"url":"https:\/\/www.grieta.org.mx\/index.php\/2022\/03\/09\/dos-mil-mujeres-marchan-en-colima-contra-la-inseguridad-feminicidios-y-desaparicion-forzada\/","url_meta":{"origin":46149,"position":3},"title":"Dos mil mujeres marchan en Colima contra la inseguridad, feminicidios y desaparici\u00f3n forzada","author":"grieta","date":"9 marzo, 2022","format":false,"excerpt":"Foto: Monserrat C\u00e1rdenas Monserrat C\u00e1rdenas \/ Somos El Medio Este martes, 8 de marzo, al menos\u00a02 mil mujeres colimenses marcharon bajo el lema \u201cLas calles son nuestras\u201d\u00a0en la capital del estado, condenando la violencia armada y los asesinatos y desapariciones de mujeres en la entidad. La manifestaci\u00f3n, encabezada por las\u2026","rel":"","context":"En &quot;CINTILLO&quot;","block_context":{"text":"CINTILLO","link":"https:\/\/www.grieta.org.mx\/index.php\/category\/cintillo\/"},"img":{"alt_text":"","src":"https:\/\/i0.wp.com\/www.grieta.org.mx\/wp-content\/uploads\/2022\/03\/275370076_5206834432696102_2328778518388474479_n-1068x712-1.jpg?resize=350%2C200&ssl=1","width":350,"height":200,"srcset":"https:\/\/i0.wp.com\/www.grieta.org.mx\/wp-content\/uploads\/2022\/03\/275370076_5206834432696102_2328778518388474479_n-1068x712-1.jpg?resize=350%2C200&ssl=1 1x, https:\/\/i0.wp.com\/www.grieta.org.mx\/wp-content\/uploads\/2022\/03\/275370076_5206834432696102_2328778518388474479_n-1068x712-1.jpg?resize=525%2C300&ssl=1 1.5x, https:\/\/i0.wp.com\/www.grieta.org.mx\/wp-content\/uploads\/2022\/03\/275370076_5206834432696102_2328778518388474479_n-1068x712-1.jpg?resize=700%2C400&ssl=1 2x, https:\/\/i0.wp.com\/www.grieta.org.mx\/wp-content\/uploads\/2022\/03\/275370076_5206834432696102_2328778518388474479_n-1068x712-1.jpg?resize=1050%2C600&ssl=1 3x"},"classes":[]},{"id":43795,"url":"https:\/\/www.grieta.org.mx\/index.php\/2020\/01\/30\/homicidio-de-mujeres-en-colima-alcanza-el-nivel-de-epidemia-segun-oms\/","url_meta":{"origin":46149,"position":4},"title":"Homicidio de mujeres en Colima alcanza el nivel de epidemia, seg\u00fan OMS","author":"grieta","date":"30 enero, 2020","format":false,"excerpt":"Foto. Diario Avanzada Heidi de Le\u00f3n Guti\u00e9rrez \/ Diario Avanzada Colima, M\u00e9xico, Avanzada (30\/01\/2020).- Colima es el estado donde m\u00e1s asesinan mujeres por cada 100 mil habitantes en el pa\u00eds, seguido de Baja California, Chihuahua y Quintana Roo. Las cifras de homicidios contra mujeres, permiten deducir que la entidad padece\u2026","rel":"","context":"En &quot;CINTILLO&quot;","block_context":{"text":"CINTILLO","link":"https:\/\/www.grieta.org.mx\/index.php\/category\/cintillo\/"},"img":{"alt_text":"","src":"https:\/\/i0.wp.com\/www.grieta.org.mx\/wp-content\/uploads\/2020\/02\/Feminicidios.jpg?resize=350%2C200&ssl=1","width":350,"height":200,"srcset":"https:\/\/i0.wp.com\/www.grieta.org.mx\/wp-content\/uploads\/2020\/02\/Feminicidios.jpg?resize=350%2C200&ssl=1 1x, https:\/\/i0.wp.com\/www.grieta.org.mx\/wp-content\/uploads\/2020\/02\/Feminicidios.jpg?resize=525%2C300&ssl=1 1.5x, https:\/\/i0.wp.com\/www.grieta.org.mx\/wp-content\/uploads\/2020\/02\/Feminicidios.jpg?resize=700%2C400&ssl=1 2x"},"classes":[]},{"id":29038,"url":"https:\/\/www.grieta.org.mx\/index.php\/2019\/02\/14\/en-colima-jefe-de-la-ssp-aconseja-a-mujeres-no-deambular-por-las-noches-para-evitar-agresiones\/","url_meta":{"origin":46149,"position":5},"title":"En Colima, jefe de la SSP aconseja a mujeres \u2018no deambular por las noches\u2019 para evitar agresiones","author":"grieta","date":"14 febrero, 2019","format":false,"excerpt":"Lucy Sanabria \/ Sopitas En medio de las manifestaciones para que cese la violencia de g\u00e9nero y los feminicidios en M\u00e9xico, el secretario de Seguridad P\u00fablica de Colima, Enrique Alberto Sanmiguel Santana, recomend\u00f3 que las mujeres no deambulen en las calles solas, como medida de prevenci\u00f3n contra las agresiones registradas\u2026","rel":"","context":"En &quot;CINTILLO&quot;","block_context":{"text":"CINTILLO","link":"https:\/\/www.grieta.org.mx\/index.php\/category\/cintillo\/"},"img":{"alt_text":"","src":"https:\/\/i0.wp.com\/www.grieta.org.mx\/wp-content\/uploads\/2019\/02\/Screenshot_2019-02-16-FeminicidioOCNF-on-Twitter.png?resize=350%2C200&ssl=1","width":350,"height":200,"srcset":"https:\/\/i0.wp.com\/www.grieta.org.mx\/wp-content\/uploads\/2019\/02\/Screenshot_2019-02-16-FeminicidioOCNF-on-Twitter.png?resize=350%2C200&ssl=1 1x, https:\/\/i0.wp.com\/www.grieta.org.mx\/wp-content\/uploads\/2019\/02\/Screenshot_2019-02-16-FeminicidioOCNF-on-Twitter.png?resize=525%2C300&ssl=1 1.5x, https:\/\/i0.wp.com\/www.grieta.org.mx\/wp-content\/uploads\/2019\/02\/Screenshot_2019-02-16-FeminicidioOCNF-on-Twitter.png?resize=700%2C400&ssl=1 2x"},"classes":[]}],"_links":{"self":[{"href":"https:\/\/www.grieta.org.mx\/index.php\/wp-json\/wp\/v2\/posts\/46149","targetHints":{"allow":["GET"]}}],"collection":[{"href":"https:\/\/www.grieta.org.mx\/index.php\/wp-json\/wp\/v2\/posts"}],"about":[{"href":"https:\/\/www.grieta.org.mx\/index.php\/wp-json\/wp\/v2\/types\/post"}],"author":[{"embeddable":true,"href":"https:\/\/www.grieta.org.mx\/index.php\/wp-json\/wp\/v2\/users\/2"}],"replies":[{"embeddable":true,"href":"https:\/\/www.grieta.org.mx\/index.php\/wp-json\/wp\/v2\/comments?post=46149"}],"version-history":[{"count":1,"href":"https:\/\/www.grieta.org.mx\/index.php\/wp-json\/wp\/v2\/posts\/46149\/revisions"}],"predecessor-version":[{"id":46151,"href":"https:\/\/www.grieta.org.mx\/index.php\/wp-json\/wp\/v2\/posts\/46149\/revisions\/46151"}],"wp:featuredmedia":[{"embeddable":true,"href":"https:\/\/www.grieta.org.mx\/index.php\/wp-json\/wp\/v2\/media\/46150"}],"wp:attachment":[{"href":"https:\/\/www.grieta.org.mx\/index.php\/wp-json\/wp\/v2\/media?parent=46149"}],"wp:term":[{"taxonomy":"category","embeddable":true,"href":"https:\/\/www.grieta.org.mx\/index.php\/wp-json\/wp\/v2\/categories?post=46149"},{"taxonomy":"post_tag","embeddable":true,"href":"https:\/\/www.grieta.org.mx\/index.php\/wp-json\/wp\/v2\/tags?post=46149"}],"curies":[{"name":"wp","href":"https:\/\/api.w.org\/{rel}","templated":true}]}}