{"id":46130,"date":"2020-03-11T20:27:09","date_gmt":"2020-03-12T02:27:09","guid":{"rendered":"http:\/\/www.grieta.org.mx\/?p=46130"},"modified":"2020-03-14T20:43:34","modified_gmt":"2020-03-15T02:43:34","slug":"uan-tendedero-de-la-verguenza-nayarit","status":"publish","type":"post","link":"https:\/\/www.grieta.org.mx\/index.php\/2020\/03\/11\/uan-tendedero-de-la-verguenza-nayarit\/","title":{"rendered":"UAN: \u201cTendedero de la Verg\u00fcenza\u201d (Nayarit)"},"content":{"rendered":"<p><img loading=\"lazy\" decoding=\"async\" data-attachment-id=\"46131\" data-permalink=\"https:\/\/www.grieta.org.mx\/index.php\/2020\/03\/11\/uan-tendedero-de-la-verguenza-nayarit\/whatsapp-image-2020-03-11-at-7-12-04-pm\/\" data-orig-file=\"https:\/\/www.grieta.org.mx\/wp-content\/uploads\/2020\/03\/whatsapp-image-2020-03-11-at-7.12.04-pm.jpeg\" data-orig-size=\"696,392\" data-comments-opened=\"0\" data-image-meta=\"{&quot;aperture&quot;:&quot;0&quot;,&quot;credit&quot;:&quot;&quot;,&quot;camera&quot;:&quot;&quot;,&quot;caption&quot;:&quot;&quot;,&quot;created_timestamp&quot;:&quot;0&quot;,&quot;copyright&quot;:&quot;&quot;,&quot;focal_length&quot;:&quot;0&quot;,&quot;iso&quot;:&quot;0&quot;,&quot;shutter_speed&quot;:&quot;0&quot;,&quot;title&quot;:&quot;&quot;,&quot;orientation&quot;:&quot;0&quot;}\" data-image-title=\"whatsapp-image-2020-03-11-at-7.12.04-pm\" data-image-description=\"\" data-image-caption=\"\" data-medium-file=\"https:\/\/www.grieta.org.mx\/wp-content\/uploads\/2020\/03\/whatsapp-image-2020-03-11-at-7.12.04-pm-300x169.jpeg\" data-large-file=\"https:\/\/www.grieta.org.mx\/wp-content\/uploads\/2020\/03\/whatsapp-image-2020-03-11-at-7.12.04-pm.jpeg\" class=\"aligncenter wp-image-46131\" src=\"http:\/\/www.grieta.org.mx\/wp-content\/uploads\/2020\/03\/whatsapp-image-2020-03-11-at-7.12.04-pm.jpeg\" alt=\"\" width=\"799\" height=\"450\" srcset=\"https:\/\/www.grieta.org.mx\/wp-content\/uploads\/2020\/03\/whatsapp-image-2020-03-11-at-7.12.04-pm.jpeg 696w, https:\/\/www.grieta.org.mx\/wp-content\/uploads\/2020\/03\/whatsapp-image-2020-03-11-at-7.12.04-pm-300x169.jpeg 300w\" sizes=\"auto, (max-width: 799px) 100vw, 799px\" \/><\/p>\n<p>Foto: Realidades de Nayarit<\/p>\n<p><em>Estudiantes Universitarias denuncian p\u00fablicamente a maestros, trabajadores y alumnos violadores y acosadores sexuales<\/em><\/p>\n<p>Ver\u00f3nica Ram\u00edrez \/ Realidades de Nayarit<\/p>\n<p>Tepic, Nayarit.- Mi\u00e9rcoles 11 de marzo del 2020.-Estudiantes de la Universidad Aut\u00f3noma de Nayarit (UAN), exhiben a docentes, trabajadores y alumnos presuntamente acosadores y violadores en el \u201cTendedero de la Verg\u00fcenza\u201d instalado en la explanada de la rector\u00eda.<\/p>\n<p>De forma an\u00f3nima, relatan cientos de acosos y hostigamientos que han sufrido en las aulas, pasillos y unidades del Alma M\u00e1ter o fuera de ella por parte de quienes se supone son los formadores de las futuras generaciones de profesionistas o compa\u00f1eros de estudios.<\/p>\n<p>En sus mensajes se observa como estos \u201cangelitos\u201d profesores de marra, comparten fotos y videos \u00edntimos de diferentes alumnas, les prometen buenas calificaciones a cambio de favores sexuales, les tocan las piernas, mandan mensajes con doble sentido, se expresan con lenguaje machista, son mis\u00f3ginos y hasta depredadores sexuales que incluso reprueban a las chicas porque se niegan a ir a su casa \u201ca pasar el rato\u201d.<\/p>\n<p>Entre las acusaciones hacia sus compa\u00f1eros estudiantes, les recriminan por acosarlas con comentarios despectivos, miradas lascivas.<\/p>\n<p>Y los trabajadores de alguna \u00e1reas se sientan en las bancas para \u201cchulear\u201d y vigilar a las chicas que pasan con faldas con mirada morbosas.<\/p>\n<p>Peque\u00f1o parec\u00eda el espacio ante tantas denuncias an\u00f3nimas pero a cada minuto, las estudiantes colocaron mensajes en donde relatan la forma de c\u00f3mo son acosadas, vejadas y discriminadas por el simple hecho de ser mujer por parte de acad\u00e9micos y trabajadores.<\/p>\n<p>Esta modalidad de denuncia p\u00fablica inici\u00f3 el pasado domingo durante la lucha feminista en la que participaron cientos de mujeres por las principales calles de la capital y al final del recorrido, colocaron un \u201cTendedero de la Verg\u00fcenza\u201d donde se denuncian nombres de presuntos acosadores y violadores.<\/p>\n<p>Mismo movimiento que se replic\u00f3 en la Universidad Tecnol\u00f3gica de Nayarit y se anuncia que en los pr\u00f3ximos d\u00edas, otras instituciones educativas har\u00e1n lo propio para sacar a la luz casos escalofriantes en donde alumnas son presuntamente acosada e incluso violadas por los propios maestros.<\/p>\n<p><a href=\"http:\/\/realidadesperiodico.com\/portada\/uan-tendedero-de-la-verguenza\/\">http:\/\/realidadesperiodico.com\/portada\/uan-tendedero-de-la-verguenza\/<\/a><\/p>\n","protected":false},"excerpt":{"rendered":"<p>Foto: Realidades de Nayarit Estudiantes Universitarias denuncian p\u00fablicamente a maestros, trabajadores y alumnos violadores y acosadores sexuales Ver\u00f3nica Ram\u00edrez \/ Realidades de Nayarit Tepic, Nayarit.- Mi\u00e9rcoles 11 de marzo del &hellip; <a href=\"https:\/\/www.grieta.org.mx\/index.php\/2020\/03\/11\/uan-tendedero-de-la-verguenza-nayarit\/\" class=\"more-link\">Leer m\u00e1s<\/a><\/p>\n","protected":false},"author":2,"featured_media":46131,"comment_status":"closed","ping_status":"closed","sticky":false,"template":"","format":"standard","meta":{"ngg_post_thumbnail":0,"_jetpack_newsletter_access":"","_jetpack_dont_email_post_to_subs":false,"_jetpack_newsletter_tier_id":0,"_jetpack_memberships_contains_paywalled_content":false,"_jetpack_memberships_contains_paid_content":false,"footnotes":""},"categories":[80,23,2,2302],"tags":[2442,2884],"class_list":["post-46130","post","type-post","status-publish","format-standard","has-post-thumbnail","hentry","category-cintillo","category-nayarit","category-noticias-nacionales","category-violencia-contra-las-mujeres-en-nayarit","tag-acoso-contra-estudiantes","tag-violencia-contra-mueres","entry"],"jetpack_featured_media_url":"https:\/\/www.grieta.org.mx\/wp-content\/uploads\/2020\/03\/whatsapp-image-2020-03-11-at-7.12.04-pm.jpeg","jetpack_sharing_enabled":true,"jetpack_shortlink":"https:\/\/wp.me\/p7ZJR4-c02","jetpack_likes_enabled":false,"jetpack-related-posts":[{"id":46134,"url":"https:\/\/www.grieta.org.mx\/index.php\/2020\/03\/11\/alumnas-de-la-ut-exhiben-a-acosadores-nayarit\/","url_meta":{"origin":46130,"position":0},"title":"Alumnas de la UT exhiben a acosadores (Nayarit)","author":"grieta","date":"11 marzo, 2020","format":false,"excerpt":"Imagen: Realidades de Nayarit Mildra Ben\u00edtez Robledo \/ Realidades de Nayarit Tepic, Nayarit; 11-marzo-2020.- Tras las acciones realizadas en todo el pa\u00eds por los grupos feministas en el marco del \u201cD\u00eda Internacional de la Mujer\u201d en el que se llevaron a cabo marchas en distintos Estados de la rep\u00fablica y\u2026","rel":"","context":"En &quot;CINTILLO&quot;","block_context":{"text":"CINTILLO","link":"https:\/\/www.grieta.org.mx\/index.php\/category\/cintillo\/"},"img":{"alt_text":"","src":"https:\/\/i0.wp.com\/www.grieta.org.mx\/wp-content\/uploads\/2020\/03\/ut-nayarit-748x420.jpg?resize=350%2C200&ssl=1","width":350,"height":200,"srcset":"https:\/\/i0.wp.com\/www.grieta.org.mx\/wp-content\/uploads\/2020\/03\/ut-nayarit-748x420.jpg?resize=350%2C200&ssl=1 1x, https:\/\/i0.wp.com\/www.grieta.org.mx\/wp-content\/uploads\/2020\/03\/ut-nayarit-748x420.jpg?resize=525%2C300&ssl=1 1.5x, https:\/\/i0.wp.com\/www.grieta.org.mx\/wp-content\/uploads\/2020\/03\/ut-nayarit-748x420.jpg?resize=700%2C400&ssl=1 2x"},"classes":[]},{"id":46137,"url":"https:\/\/www.grieta.org.mx\/index.php\/2020\/03\/10\/exhiben-a-acosadores-en-tendedero-de-la-verguenza-en-tepic-nayarit\/","url_meta":{"origin":46130,"position":1},"title":"Exhiben a acosadores en &#8220;tendedero de la verg\u00fcenza&#8221; en Tepic (Nayarit)","author":"grieta","date":"10 marzo, 2020","format":false,"excerpt":"Foto: El Sol de Nayarit Redacci\u00f3n \/ El Sol de Nayarit Durante la marcha por el D\u00eda Internacional de la Mujer, las mujeres manifestantes pusieron un \"tendedero de la verg\u00fcenza\", en la p\u00e9rgola ubicada frente a Catedral, en la ciudad de Tepic. En este \"tendedero de la verg\u00fcenza\", fueron exhibidas\u2026","rel":"","context":"En &quot;CINTILLO&quot;","block_context":{"text":"CINTILLO","link":"https:\/\/www.grieta.org.mx\/index.php\/category\/cintillo\/"},"img":{"alt_text":"","src":"https:\/\/i0.wp.com\/www.grieta.org.mx\/wp-content\/uploads\/2020\/03\/temp_nota_01_70238_17_20200310232021_117filia.jpg?resize=350%2C200&ssl=1","width":350,"height":200,"srcset":"https:\/\/i0.wp.com\/www.grieta.org.mx\/wp-content\/uploads\/2020\/03\/temp_nota_01_70238_17_20200310232021_117filia.jpg?resize=350%2C200&ssl=1 1x, https:\/\/i0.wp.com\/www.grieta.org.mx\/wp-content\/uploads\/2020\/03\/temp_nota_01_70238_17_20200310232021_117filia.jpg?resize=525%2C300&ssl=1 1.5x"},"classes":[]},{"id":46122,"url":"https:\/\/www.grieta.org.mx\/index.php\/2020\/03\/12\/arde-el-cetis-100-alumnas-denuncian-acoso-de-maestros-y-alumnos-nayarit\/","url_meta":{"origin":46130,"position":2},"title":"&#8220;Arde&#8221; el CETis 100, alumnas denuncian acoso de maestros y alumnos (Nayarit)","author":"grieta","date":"12 marzo, 2020","format":false,"excerpt":"Foto: Realidades de Nayarit Pese a represalias, qued\u00f3 al descubierto la impunidad que practican las autoridades escolares al cerrar los ojos ante los constantes acosos y hostigamientos que sufren las alumnas, presuntamente, por parte de los maestros y compa\u00f1eros Ver\u00f3nica Ram\u00edrez \/ Realidades de Nayarit Tepic, Nayarit.- Jueves 12 de\u2026","rel":"","context":"En &quot;CINTILLO&quot;","block_context":{"text":"CINTILLO","link":"https:\/\/www.grieta.org.mx\/index.php\/category\/cintillo\/"},"img":{"alt_text":"","src":"https:\/\/i0.wp.com\/www.grieta.org.mx\/wp-content\/uploads\/2020\/03\/cetis-tendero-1.jpg?resize=350%2C200&ssl=1","width":350,"height":200,"srcset":"https:\/\/i0.wp.com\/www.grieta.org.mx\/wp-content\/uploads\/2020\/03\/cetis-tendero-1.jpg?resize=350%2C200&ssl=1 1x, https:\/\/i0.wp.com\/www.grieta.org.mx\/wp-content\/uploads\/2020\/03\/cetis-tendero-1.jpg?resize=525%2C300&ssl=1 1.5x, https:\/\/i0.wp.com\/www.grieta.org.mx\/wp-content\/uploads\/2020\/03\/cetis-tendero-1.jpg?resize=700%2C400&ssl=1 2x"},"classes":[]},{"id":65216,"url":"https:\/\/www.grieta.org.mx\/index.php\/2022\/09\/14\/estudiantes-y-egresadas-del-tec-de-tepic-denuncian-ser-victimas-de-acoso-y-machismo-por-parte-de-los-profesores-nayarit\/","url_meta":{"origin":46130,"position":3},"title":"Estudiantes y egresadas del Tec de Tepic denuncian ser v\u00edctimas de acoso y machismo por parte de los profesores (Nayarit)","author":"grieta","date":"14 septiembre, 2022","format":false,"excerpt":"Imagen: Crys Ben\u00edtez Crys Ben\u00edtez \/ El Occidental Tepic, Nayarit.- Este mi\u00e9rcoles por la ma\u00f1ana, estudiantes y egresadas del Tecnol\u00f3gico de Tepic llevaron a cabo una manifestaci\u00f3n frente a la instituci\u00f3n educativa y para ello, bloquearon la calle por corto tiempo, esto como protesta ante la falta de respuesta por\u2026","rel":"","context":"En &quot;CINTILLO&quot;","block_context":{"text":"CINTILLO","link":"https:\/\/www.grieta.org.mx\/index.php\/category\/cintillo\/"},"img":{"alt_text":"","src":"https:\/\/i0.wp.com\/www.grieta.org.mx\/wp-content\/uploads\/2022\/09\/ManifestacionTepic.jpg?resize=350%2C200&ssl=1","width":350,"height":200,"srcset":"https:\/\/i0.wp.com\/www.grieta.org.mx\/wp-content\/uploads\/2022\/09\/ManifestacionTepic.jpg?resize=350%2C200&ssl=1 1x, https:\/\/i0.wp.com\/www.grieta.org.mx\/wp-content\/uploads\/2022\/09\/ManifestacionTepic.jpg?resize=525%2C300&ssl=1 1.5x, https:\/\/i0.wp.com\/www.grieta.org.mx\/wp-content\/uploads\/2022\/09\/ManifestacionTepic.jpg?resize=700%2C400&ssl=1 2x"},"classes":[]},{"id":49326,"url":"https:\/\/www.grieta.org.mx\/index.php\/2020\/05\/12\/estudiantes-de-medicina-en-riesgo-nayarit\/","url_meta":{"origin":46130,"position":4},"title":"Estudiantes de Medicina en riesgo (Nayarit)","author":"grieta","date":"12 mayo, 2020","format":false,"excerpt":"Foto: Realidades de Nayarit Sus familiares est\u00e1n preocupados porque en los hospitales que se les asign\u00f3 para sus pr\u00e1cticas, no les dan equipo de protecci\u00f3n contra el Coronavirus Tepic, Nayarit.- Martes 12 de mayo del 2020.- Son alrededor de trescientos alumnos de medicina y\u00a0 enfermer\u00eda \u00a0los que est\u00e1n a punto\u2026","rel":"","context":"En &quot;CINTILLO&quot;","block_context":{"text":"CINTILLO","link":"https:\/\/www.grieta.org.mx\/index.php\/category\/cintillo\/"},"img":{"alt_text":"","src":"https:\/\/i0.wp.com\/www.grieta.org.mx\/wp-content\/uploads\/2020\/05\/ESTUDIANTES.jpg?resize=350%2C200&ssl=1","width":350,"height":200,"srcset":"https:\/\/i0.wp.com\/www.grieta.org.mx\/wp-content\/uploads\/2020\/05\/ESTUDIANTES.jpg?resize=350%2C200&ssl=1 1x, https:\/\/i0.wp.com\/www.grieta.org.mx\/wp-content\/uploads\/2020\/05\/ESTUDIANTES.jpg?resize=525%2C300&ssl=1 1.5x"},"classes":[]},{"id":55912,"url":"https:\/\/www.grieta.org.mx\/index.php\/2020\/12\/18\/paro-en-la-uan-maestros-sin-pago-nayarit\/","url_meta":{"origin":46130,"position":5},"title":"Paro en la UAN: maestros sin pago (Nayarit)","author":"grieta","date":"18 diciembre, 2020","format":false,"excerpt":"Foto: Realidades de Nayarit Trabajadores acusan al Rector, Ignacio Pe\u00f1a Gonz\u00e1lez, de negligente, por no exigir al gobernador, Antonio Echevarr\u00eda Garc\u00eda, el pago de los 250 millones que adeuda a la Universidad, por lo que ni siquiera recibieron la quincena completa, mucho menos las prestaciones de fin de a\u00f1o Mildra\u2026","rel":"","context":"En &quot;CINTILLO&quot;","block_context":{"text":"CINTILLO","link":"https:\/\/www.grieta.org.mx\/index.php\/category\/cintillo\/"},"img":{"alt_text":"","src":"https:\/\/i0.wp.com\/www.grieta.org.mx\/wp-content\/uploads\/2018\/03\/14524434_1106112876131411_958039263622046936_o.jpg?resize=350%2C200&ssl=1","width":350,"height":200,"srcset":"https:\/\/i0.wp.com\/www.grieta.org.mx\/wp-content\/uploads\/2018\/03\/14524434_1106112876131411_958039263622046936_o.jpg?resize=350%2C200&ssl=1 1x, https:\/\/i0.wp.com\/www.grieta.org.mx\/wp-content\/uploads\/2018\/03\/14524434_1106112876131411_958039263622046936_o.jpg?resize=525%2C300&ssl=1 1.5x, https:\/\/i0.wp.com\/www.grieta.org.mx\/wp-content\/uploads\/2018\/03\/14524434_1106112876131411_958039263622046936_o.jpg?resize=700%2C400&ssl=1 2x"},"classes":[]}],"_links":{"self":[{"href":"https:\/\/www.grieta.org.mx\/index.php\/wp-json\/wp\/v2\/posts\/46130","targetHints":{"allow":["GET"]}}],"collection":[{"href":"https:\/\/www.grieta.org.mx\/index.php\/wp-json\/wp\/v2\/posts"}],"about":[{"href":"https:\/\/www.grieta.org.mx\/index.php\/wp-json\/wp\/v2\/types\/post"}],"author":[{"embeddable":true,"href":"https:\/\/www.grieta.org.mx\/index.php\/wp-json\/wp\/v2\/users\/2"}],"replies":[{"embeddable":true,"href":"https:\/\/www.grieta.org.mx\/index.php\/wp-json\/wp\/v2\/comments?post=46130"}],"version-history":[{"count":1,"href":"https:\/\/www.grieta.org.mx\/index.php\/wp-json\/wp\/v2\/posts\/46130\/revisions"}],"predecessor-version":[{"id":46133,"href":"https:\/\/www.grieta.org.mx\/index.php\/wp-json\/wp\/v2\/posts\/46130\/revisions\/46133"}],"wp:featuredmedia":[{"embeddable":true,"href":"https:\/\/www.grieta.org.mx\/index.php\/wp-json\/wp\/v2\/media\/46131"}],"wp:attachment":[{"href":"https:\/\/www.grieta.org.mx\/index.php\/wp-json\/wp\/v2\/media?parent=46130"}],"wp:term":[{"taxonomy":"category","embeddable":true,"href":"https:\/\/www.grieta.org.mx\/index.php\/wp-json\/wp\/v2\/categories?post=46130"},{"taxonomy":"post_tag","embeddable":true,"href":"https:\/\/www.grieta.org.mx\/index.php\/wp-json\/wp\/v2\/tags?post=46130"}],"curies":[{"name":"wp","href":"https:\/\/api.w.org\/{rel}","templated":true}]}}