{"id":46113,"date":"2020-03-08T18:53:46","date_gmt":"2020-03-09T00:53:46","guid":{"rendered":"http:\/\/www.grieta.org.mx\/?p=46113"},"modified":"2020-03-14T19:09:08","modified_gmt":"2020-03-15T01:09:08","slug":"asi-fue-la-poderosa-manifestacion-de-mujeres-que-sorprendio-a-nayarit","status":"publish","type":"post","link":"https:\/\/www.grieta.org.mx\/index.php\/2020\/03\/08\/asi-fue-la-poderosa-manifestacion-de-mujeres-que-sorprendio-a-nayarit\/","title":{"rendered":"As\u00ed fue la poderosa manifestaci\u00f3n de mujeres que sorprendi\u00f3 a Nayarit"},"content":{"rendered":"<p><img loading=\"lazy\" decoding=\"async\" data-attachment-id=\"46114\" data-permalink=\"https:\/\/www.grieta.org.mx\/index.php\/2020\/03\/08\/asi-fue-la-poderosa-manifestacion-de-mujeres-que-sorprendio-a-nayarit\/attachment\/1583722561\/\" data-orig-file=\"https:\/\/www.grieta.org.mx\/wp-content\/uploads\/2020\/03\/1583722561.jpg\" data-orig-size=\"1000,750\" data-comments-opened=\"0\" data-image-meta=\"{&quot;aperture&quot;:&quot;0&quot;,&quot;credit&quot;:&quot;&quot;,&quot;camera&quot;:&quot;&quot;,&quot;caption&quot;:&quot;&quot;,&quot;created_timestamp&quot;:&quot;0&quot;,&quot;copyright&quot;:&quot;&quot;,&quot;focal_length&quot;:&quot;0&quot;,&quot;iso&quot;:&quot;0&quot;,&quot;shutter_speed&quot;:&quot;0&quot;,&quot;title&quot;:&quot;&quot;,&quot;orientation&quot;:&quot;1&quot;}\" data-image-title=\"1583722561\" data-image-description=\"\" data-image-caption=\"\" data-medium-file=\"https:\/\/www.grieta.org.mx\/wp-content\/uploads\/2020\/03\/1583722561-300x225.jpg\" data-large-file=\"https:\/\/www.grieta.org.mx\/wp-content\/uploads\/2020\/03\/1583722561.jpg\" class=\"aligncenter wp-image-46114\" src=\"http:\/\/www.grieta.org.mx\/wp-content\/uploads\/2020\/03\/1583722561.jpg\" alt=\"\" width=\"800\" height=\"600\" srcset=\"https:\/\/www.grieta.org.mx\/wp-content\/uploads\/2020\/03\/1583722561.jpg 1000w, https:\/\/www.grieta.org.mx\/wp-content\/uploads\/2020\/03\/1583722561-300x225.jpg 300w, https:\/\/www.grieta.org.mx\/wp-content\/uploads\/2020\/03\/1583722561-768x576.jpg 768w, https:\/\/www.grieta.org.mx\/wp-content\/uploads\/2020\/03\/1583722561-667x500.jpg 667w\" sizes=\"auto, (max-width: 800px) 100vw, 800px\" \/><\/p>\n<p>Foto: NCC.MX<\/p>\n<p><em>Cientos de mujeres tomaron las calles de la capital nayarita para exigir justicia en nombre de las v\u00edctimas de feminicidio, as\u00ed como mayor seguridad y respeto a sus derechos humanos.<\/em><\/p>\n<p>Diego Mendoza \/ NCC.MX<\/p>\n<p>Tepic.- A partir de las 15:30 del domingo 8 de marzo, en las inmediaciones de la Hermana Agua, en Tepic, se dieron cita cientos de mujeres nayaritas qui\u00e9nes se sumaron a la convocatoria nacional para conmemorar al D\u00eda Internacional de la Mujer.<\/p>\n<p>Previo a iniciar la marcha a las 16:00 horas solicitaron que quienes les dieran seguimiento en su trayectoria fueran exclusivamente mujeres; para posteriormente partir con cantos y consignas referentes al movimiento, alzando sus pancartas, con sus rostros cubiertos y pu\u00f1os en alto.<\/p>\n<p>La avenida M\u00e9xico se cimbraba al ritmo de los tambores mientras los gritos de las manifestantes silenciaban el sonido de los autos que circulaban por calles aleda\u00f1as; algunas manifestantes montadas en sus bicicletas se adelantaban al contingente para ir abriendo paso y a su vez advertir a los hombres que caminaban por la trayectoria del contingente para que se alejaran y respetaran su espacio.<\/p>\n<p>Pronto llegaron a Palacio de Gobierno, donde hicieron una parada mientras sus cantos y protestas se alzaban con mayor intensidad, gritos en contra de un Estado al que consideran \u201copresor\u201d, algunas de las manifestantes comenzaron con las pintas en Palacio de Gobierno, mientras que otras m\u00e1s intentaban abrir las puertas de entrada al inmueble estatal.<\/p>\n<p>Todas gritaban sin parar, \u201cuna chapa se repone, un muro se pinta, pero una vida, ya no vuelve\u201d; despu\u00e9s de minutos en las afueras del Palacio de Gobierno, el contingente de mujeres sigui\u00f3 avanzando hasta llegar al Congreso del Estado, donde repitieron la formula, con pintas en sus muros, exigiendo mejores condiciones; logrando abrir las puertas del recinto legislativo, donde de igual manera que en el exterior, realizaron pintas a sus muros.<\/p>\n<p>Pero su objetivo no era llegar hasta ah\u00ed, el destino final de la manifestaci\u00f3n fue la Plaza Principal de Tepic, sin embargo antes de tomar la zona, hicieron una breve parada afuera de Catedral, lugar donde tambi\u00e9n realizaron sus pintas y cantos en contra de la iglesia, los gritos se escuchaban al un\u00edsono: \u201cSaquen sus rosarios, de nuestros ovarios\u201d en repetidas ocasiones.<\/p>\n<p>Finalmente culmin\u00f3 su manifestaci\u00f3n en la p\u00e9rgola central de Plaza Principal, donde despu\u00e9s de una hora de su arribo, continuaron con cantos, consignas y gritos de protesta, exigiendo igualdad, derechos y mejores condiciones.<\/p>\n<p><a href=\"https:\/\/nnc.mx\/articulo\/portada\/asi-fue-la-poderosa-manifestacion-de-mujeres-que-sorprendio-a-nayarit\/1583723098\">https:\/\/nnc.mx\/articulo\/portada\/asi-fue-la-poderosa-manifestacion-de-mujeres-que-sorprendio-a-nayarit\/1583723098<\/a><\/p>\n","protected":false},"excerpt":{"rendered":"<p>Foto: NCC.MX Cientos de mujeres tomaron las calles de la capital nayarita para exigir justicia en nombre de las v\u00edctimas de feminicidio, as\u00ed como mayor seguridad y respeto a sus &hellip; <a href=\"https:\/\/www.grieta.org.mx\/index.php\/2020\/03\/08\/asi-fue-la-poderosa-manifestacion-de-mujeres-que-sorprendio-a-nayarit\/\" class=\"more-link\">Leer m\u00e1s<\/a><\/p>\n","protected":false},"author":2,"featured_media":46114,"comment_status":"closed","ping_status":"closed","sticky":false,"template":"","format":"standard","meta":{"ngg_post_thumbnail":0,"_jetpack_newsletter_access":"","_jetpack_dont_email_post_to_subs":false,"_jetpack_newsletter_tier_id":0,"_jetpack_memberships_contains_paywalled_content":false,"_jetpack_memberships_contains_paid_content":false,"footnotes":""},"categories":[80,84,2268,23,2,83],"tags":[2272,81,3099,1630],"class_list":["post-46113","post","type-post","status-publish","format-standard","has-post-thumbnail","hentry","category-cintillo","category-feminicidios","category-feminicidios-en-nayarit","category-nayarit","category-noticias-nacionales","category-temas-nacionales","tag-dia-internacional-de-la-mujer","tag-feminicidios","tag-luchas-de-mujeres","tag-violencia-contra-las-mujeres","entry"],"jetpack_featured_media_url":"https:\/\/www.grieta.org.mx\/wp-content\/uploads\/2020\/03\/1583722561.jpg","jetpack_sharing_enabled":true,"jetpack_shortlink":"https:\/\/wp.me\/p7ZJR4-bZL","jetpack_likes_enabled":false,"jetpack-related-posts":[{"id":62797,"url":"https:\/\/www.grieta.org.mx\/index.php\/2021\/11\/25\/con-pintas-y-marcha-colectivos-se-manifiestan-en-el-dia-internacional-de-la-eliminacion-contra-la-violencia-nayarit\/","url_meta":{"origin":46113,"position":0},"title":"Con pintas y marcha colectivos se manifiestan en el \u201cD\u00eda Internacional de la Eliminaci\u00f3n Contra la Violencia\u201d (Nayarit)","author":"grieta","date":"25 noviembre, 2021","format":false,"excerpt":"Foto: El Sol de Nayarit marcha\u00a0 (Ilustrativa) Mildra Ben\u00edtez Robledo \/ Realidades de Nayarit Tepic, Nayarit.- En el marco del \u201cD\u00eda Internacional de la Eliminaci\u00f3n de la Violencia Contra la Mujer\u201d, tal y como lo hab\u00edan anunciado, diversos colectivos marcharon esta tarde de jueves en la capital nayarita desde la\u2026","rel":"","context":"En &quot;CINTILLO&quot;","block_context":{"text":"CINTILLO","link":"https:\/\/www.grieta.org.mx\/index.php\/category\/cintillo\/"},"img":{"alt_text":"","src":"https:\/\/i0.wp.com\/www.grieta.org.mx\/wp-content\/uploads\/2021\/12\/temp_nota_01_81372__20211125231900_117260482207_1623047564731640_8305806915757427746_n.jpg?resize=350%2C200&ssl=1","width":350,"height":200,"srcset":"https:\/\/i0.wp.com\/www.grieta.org.mx\/wp-content\/uploads\/2021\/12\/temp_nota_01_81372__20211125231900_117260482207_1623047564731640_8305806915757427746_n.jpg?resize=350%2C200&ssl=1 1x, https:\/\/i0.wp.com\/www.grieta.org.mx\/wp-content\/uploads\/2021\/12\/temp_nota_01_81372__20211125231900_117260482207_1623047564731640_8305806915757427746_n.jpg?resize=525%2C300&ssl=1 1.5x"},"classes":[]},{"id":66469,"url":"https:\/\/www.grieta.org.mx\/index.php\/2023\/03\/08\/nayarit-colectivos-feministas-marchan-por-la-violencia-que-se-ejerce-contra-ellas\/","url_meta":{"origin":46113,"position":1},"title":"Nayarit: Colectivos feministas marchan por la violencia que se ejerce contra ellas","author":"grieta","date":"8 marzo, 2023","format":false,"excerpt":"Imagen: Crys Ben\u00edtez Crys Ben\u00edtez El Occidental Tepic, Nayarit (OEM- Informex).- Este 8 de Marzo en el marco del \"D\u00eda Internacional de la Mujer\" diversos colectivos feministas marcharon en la capital nayarita con el objetivo de reflexionar en torno a los avances que se han tenido y la deuda que\u2026","rel":"","context":"En &quot;CINTILLO&quot;","block_context":{"text":"CINTILLO","link":"https:\/\/www.grieta.org.mx\/index.php\/category\/cintillo\/"},"img":{"alt_text":"","src":"https:\/\/i0.wp.com\/www.grieta.org.mx\/wp-content\/uploads\/2023\/03\/Manifestantes-Nayarit.jpeg?resize=350%2C200&ssl=1","width":350,"height":200,"srcset":"https:\/\/i0.wp.com\/www.grieta.org.mx\/wp-content\/uploads\/2023\/03\/Manifestantes-Nayarit.jpeg?resize=350%2C200&ssl=1 1x, https:\/\/i0.wp.com\/www.grieta.org.mx\/wp-content\/uploads\/2023\/03\/Manifestantes-Nayarit.jpeg?resize=525%2C300&ssl=1 1.5x, https:\/\/i0.wp.com\/www.grieta.org.mx\/wp-content\/uploads\/2023\/03\/Manifestantes-Nayarit.jpeg?resize=700%2C400&ssl=1 2x"},"classes":[]},{"id":62695,"url":"https:\/\/www.grieta.org.mx\/index.php\/2021\/11\/17\/feministas-convocan-a-marcha-por-el-dia-internacional-de-la-eliminacion-de-la-violencia-contra-la-mujer-nayarit\/","url_meta":{"origin":46113,"position":2},"title":"Feministas convocan a marcha por el \u201cD\u00eda Internacional de la Eliminaci\u00f3n de la Violencia Contra la Mujer\u201d (Nayarit)","author":"grieta","date":"17 noviembre, 2021","format":false,"excerpt":"Foto: Realidades de Nayarit Mildra Ben\u00edtez Robledo \/ Realidades de Nayarit Tepic, Nayarit.- Mi\u00e9rcoles 17 de noviembre del 2021.- En el marco del \u201cD\u00eda Internacional de la Eliminaci\u00f3n de la Violencia Contra la Mujer\u201d, el 25 de noviembre, se llevar\u00e1 a cabo a las 16:30 horas una marcha en la\u2026","rel":"","context":"En &quot;CINTILLO&quot;","block_context":{"text":"CINTILLO","link":"https:\/\/www.grieta.org.mx\/index.php\/category\/cintillo\/"},"img":{"alt_text":"","src":"https:\/\/i0.wp.com\/www.grieta.org.mx\/wp-content\/uploads\/2021\/11\/violencia.jpg?resize=350%2C200&ssl=1","width":350,"height":200,"srcset":"https:\/\/i0.wp.com\/www.grieta.org.mx\/wp-content\/uploads\/2021\/11\/violencia.jpg?resize=350%2C200&ssl=1 1x, https:\/\/i0.wp.com\/www.grieta.org.mx\/wp-content\/uploads\/2021\/11\/violencia.jpg?resize=525%2C300&ssl=1 1.5x, https:\/\/i0.wp.com\/www.grieta.org.mx\/wp-content\/uploads\/2021\/11\/violencia.jpg?resize=700%2C400&ssl=1 2x"},"classes":[]},{"id":46137,"url":"https:\/\/www.grieta.org.mx\/index.php\/2020\/03\/10\/exhiben-a-acosadores-en-tendedero-de-la-verguenza-en-tepic-nayarit\/","url_meta":{"origin":46113,"position":3},"title":"Exhiben a acosadores en &#8220;tendedero de la verg\u00fcenza&#8221; en Tepic (Nayarit)","author":"grieta","date":"10 marzo, 2020","format":false,"excerpt":"Foto: El Sol de Nayarit Redacci\u00f3n \/ El Sol de Nayarit Durante la marcha por el D\u00eda Internacional de la Mujer, las mujeres manifestantes pusieron un \"tendedero de la verg\u00fcenza\", en la p\u00e9rgola ubicada frente a Catedral, en la ciudad de Tepic. En este \"tendedero de la verg\u00fcenza\", fueron exhibidas\u2026","rel":"","context":"En &quot;CINTILLO&quot;","block_context":{"text":"CINTILLO","link":"https:\/\/www.grieta.org.mx\/index.php\/category\/cintillo\/"},"img":{"alt_text":"","src":"https:\/\/i0.wp.com\/www.grieta.org.mx\/wp-content\/uploads\/2020\/03\/temp_nota_01_70238_17_20200310232021_117filia.jpg?resize=350%2C200&ssl=1","width":350,"height":200,"srcset":"https:\/\/i0.wp.com\/www.grieta.org.mx\/wp-content\/uploads\/2020\/03\/temp_nota_01_70238_17_20200310232021_117filia.jpg?resize=350%2C200&ssl=1 1x, https:\/\/i0.wp.com\/www.grieta.org.mx\/wp-content\/uploads\/2020\/03\/temp_nota_01_70238_17_20200310232021_117filia.jpg?resize=525%2C300&ssl=1 1.5x"},"classes":[]},{"id":57666,"url":"https:\/\/www.grieta.org.mx\/index.php\/2021\/03\/08\/se-manifiestan-feministas-en-tepic-en-el-dia-internacional-de-la-mujer-nayarit\/","url_meta":{"origin":46113,"position":4},"title":"Se manifiestan feministas en Tepic en el D\u00eda Internacional de la Mujer (Nayarit)","author":"grieta","date":"8 marzo, 2021","format":false,"excerpt":"Foto: El Sol de Nayarit Redacci\u00f3n \/ El Sol de Nayarit En el Marco del D\u00eda Internacional de la Mujer, mujeres de diferentes colectivas se manifestaron este lunes 08 de Marzo en la Ciudad de Tepic. El grupo feminista sali\u00f3 a las calles para reclamar a las autoridades estatales, el\u2026","rel":"","context":"En &quot;CINTILLO&quot;","block_context":{"text":"CINTILLO","link":"https:\/\/www.grieta.org.mx\/index.php\/category\/cintillo\/"},"img":{"alt_text":"","src":"https:\/\/i0.wp.com\/www.grieta.org.mx\/wp-content\/uploads\/2021\/03\/76011__20210308233353_317fina.jpg?resize=350%2C200&ssl=1","width":350,"height":200,"srcset":"https:\/\/i0.wp.com\/www.grieta.org.mx\/wp-content\/uploads\/2021\/03\/76011__20210308233353_317fina.jpg?resize=350%2C200&ssl=1 1x, https:\/\/i0.wp.com\/www.grieta.org.mx\/wp-content\/uploads\/2021\/03\/76011__20210308233353_317fina.jpg?resize=525%2C300&ssl=1 1.5x"},"classes":[]},{"id":55498,"url":"https:\/\/www.grieta.org.mx\/index.php\/2020\/11\/26\/imparable-la-violencia-contra-las-mujeres-nayarit\/","url_meta":{"origin":46113,"position":5},"title":"Imparable la violencia contra las mujeres (Nayarit)","author":"grieta","date":"26 noviembre, 2020","format":false,"excerpt":"Imagen: Realidades de Nayarit Exigen un alto a este c\u00e1ncer social Por: Ver\u00f3nica Ram\u00edrez Tepic, Nayarit.- Jueves 26 de Noviembre del 2020.- En M\u00e9xico, la violencia feminicida cobra diez v\u00edctimas todos los d\u00edas y los pol\u00edticos est\u00e1n m\u00e1s interesados en otros temas que en el combate a esta pandemia social\u2026","rel":"","context":"En &quot;CINTILLO&quot;","block_context":{"text":"CINTILLO","link":"https:\/\/www.grieta.org.mx\/index.php\/category\/cintillo\/"},"img":{"alt_text":"","src":"https:\/\/i0.wp.com\/www.grieta.org.mx\/wp-content\/uploads\/2020\/11\/violencia-2-630x420-1.jpg?resize=350%2C200&ssl=1","width":350,"height":200,"srcset":"https:\/\/i0.wp.com\/www.grieta.org.mx\/wp-content\/uploads\/2020\/11\/violencia-2-630x420-1.jpg?resize=350%2C200&ssl=1 1x, https:\/\/i0.wp.com\/www.grieta.org.mx\/wp-content\/uploads\/2020\/11\/violencia-2-630x420-1.jpg?resize=525%2C300&ssl=1 1.5x"},"classes":[]}],"_links":{"self":[{"href":"https:\/\/www.grieta.org.mx\/index.php\/wp-json\/wp\/v2\/posts\/46113","targetHints":{"allow":["GET"]}}],"collection":[{"href":"https:\/\/www.grieta.org.mx\/index.php\/wp-json\/wp\/v2\/posts"}],"about":[{"href":"https:\/\/www.grieta.org.mx\/index.php\/wp-json\/wp\/v2\/types\/post"}],"author":[{"embeddable":true,"href":"https:\/\/www.grieta.org.mx\/index.php\/wp-json\/wp\/v2\/users\/2"}],"replies":[{"embeddable":true,"href":"https:\/\/www.grieta.org.mx\/index.php\/wp-json\/wp\/v2\/comments?post=46113"}],"version-history":[{"count":1,"href":"https:\/\/www.grieta.org.mx\/index.php\/wp-json\/wp\/v2\/posts\/46113\/revisions"}],"predecessor-version":[{"id":46115,"href":"https:\/\/www.grieta.org.mx\/index.php\/wp-json\/wp\/v2\/posts\/46113\/revisions\/46115"}],"wp:featuredmedia":[{"embeddable":true,"href":"https:\/\/www.grieta.org.mx\/index.php\/wp-json\/wp\/v2\/media\/46114"}],"wp:attachment":[{"href":"https:\/\/www.grieta.org.mx\/index.php\/wp-json\/wp\/v2\/media?parent=46113"}],"wp:term":[{"taxonomy":"category","embeddable":true,"href":"https:\/\/www.grieta.org.mx\/index.php\/wp-json\/wp\/v2\/categories?post=46113"},{"taxonomy":"post_tag","embeddable":true,"href":"https:\/\/www.grieta.org.mx\/index.php\/wp-json\/wp\/v2\/tags?post=46113"}],"curies":[{"name":"wp","href":"https:\/\/api.w.org\/{rel}","templated":true}]}}