{"id":46109,"date":"2020-03-11T15:25:30","date_gmt":"2020-03-11T21:25:30","guid":{"rendered":"http:\/\/www.grieta.org.mx\/?p=46109"},"modified":"2020-03-13T15:28:55","modified_gmt":"2020-03-13T21:28:55","slug":"infraestructura-exencion-de-impuestos-becas-agua-todo-para-constellation-brands-baja-california","status":"publish","type":"post","link":"https:\/\/www.grieta.org.mx\/index.php\/2020\/03\/11\/infraestructura-exencion-de-impuestos-becas-agua-todo-para-constellation-brands-baja-california\/","title":{"rendered":"Infraestructura, exenci\u00f3n de impuestos, becas, agua\u2026 todo para Constellation Brands (Baja California)"},"content":{"rendered":"<p>Proceso \/ Jesusa Cervantes.<\/p>\n<p><img loading=\"lazy\" decoding=\"async\" data-attachment-id=\"46110\" data-permalink=\"https:\/\/www.grieta.org.mx\/index.php\/2020\/03\/11\/infraestructura-exencion-de-impuestos-becas-agua-todo-para-constellation-brands-baja-california\/cervecera-ok-870x522\/\" data-orig-file=\"https:\/\/www.grieta.org.mx\/wp-content\/uploads\/2020\/03\/Cervecera-OK-870x522.jpg\" data-orig-size=\"870,522\" data-comments-opened=\"0\" data-image-meta=\"{&quot;aperture&quot;:&quot;0&quot;,&quot;credit&quot;:&quot;&quot;,&quot;camera&quot;:&quot;&quot;,&quot;caption&quot;:&quot;&quot;,&quot;created_timestamp&quot;:&quot;0&quot;,&quot;copyright&quot;:&quot;&quot;,&quot;focal_length&quot;:&quot;0&quot;,&quot;iso&quot;:&quot;0&quot;,&quot;shutter_speed&quot;:&quot;0&quot;,&quot;title&quot;:&quot;&quot;,&quot;orientation&quot;:&quot;1&quot;}\" data-image-title=\"Cervecera-OK-870&amp;#215;522\" data-image-description=\"\" data-image-caption=\"\" data-medium-file=\"https:\/\/www.grieta.org.mx\/wp-content\/uploads\/2020\/03\/Cervecera-OK-870x522-300x180.jpg\" data-large-file=\"https:\/\/www.grieta.org.mx\/wp-content\/uploads\/2020\/03\/Cervecera-OK-870x522.jpg\" class=\"aligncenter wp-image-46110\" src=\"http:\/\/www.grieta.org.mx\/wp-content\/uploads\/2020\/03\/Cervecera-OK-870x522.jpg\" alt=\"\" width=\"800\" height=\"480\" srcset=\"https:\/\/www.grieta.org.mx\/wp-content\/uploads\/2020\/03\/Cervecera-OK-870x522.jpg 870w, https:\/\/www.grieta.org.mx\/wp-content\/uploads\/2020\/03\/Cervecera-OK-870x522-300x180.jpg 300w, https:\/\/www.grieta.org.mx\/wp-content\/uploads\/2020\/03\/Cervecera-OK-870x522-768x461.jpg 768w, https:\/\/www.grieta.org.mx\/wp-content\/uploads\/2020\/03\/Cervecera-OK-870x522-833x500.jpg 833w\" sizes=\"auto, (max-width: 800px) 100vw, 800px\" \/><br \/>\nUn proyecto de una planta cervecera de la transnacional estadunidense Constellation Brands. Foto: cbrands.mx<\/p>\n<p>MEXICALI, B.C. (apro).- El gobierno panista que encabez\u00f3 Francisco Vega de Lamadrid dio todo a la cervecera Constellation Brands para que se instalara en esta ciudad, desde \u201ctarifa preferencial de electricidad\u201d hasta el 50% del derecho de conexi\u00f3n al sistema de agua potable, pasando por la exenci\u00f3n del pago de Impuesto Sobre N\u00f3mina.<\/p>\n<p>No s\u00f3lo eso, tambi\u00e9n desvi\u00f3 para la cervecera los llamados \u201cfondos B\u00e9cate\u201d (sirven para capacitaci\u00f3n en determinado ramo), le entreg\u00f3 el \u201cFondo Conacyt-Estado para el desarrollo de proveedur\u00eda local\u201d y le otorg\u00f3 el Fondo para Investigaci\u00f3n y Desarrollo.<\/p>\n<p>En su pretensi\u00f3n de que la transnacional se quedara en Mexicali, Vega de Lamadrid se comprometi\u00f3 a realizar toda la obra de infraestructura que permita el ingreso y salida a la cervecera, por ejemplo:<\/p>\n<p>\u201cUn paso superior vehicular con cruce ferroviario, acceso principal al sitio a trav\u00e9s de la carretera federal n\u00famero 5, acceso para la construcci\u00f3n de la planta a trav\u00e9s de la carretera federal n\u00famero 5 y la construcci\u00f3n de un distribuidor tipo diamante para acceso a la planta a trav\u00e9s de la carretera de cuota\u201d.<\/p>\n<p>Todo con dinero que la Federaci\u00f3n entrega al municipio para obras de infraestructura en beneficio de la poblaci\u00f3n, no para empresas particulares. Es decir, mediante el llamado \u201cramo 23\u201d, utilizado en las \u00faltimas cuatro legislaturas federales con \u201cmoches\u201d que los diputados del Partido Acci\u00f3n Nacional (PAN) exig\u00edan a sus presidentes municipales para lograr su autorizaci\u00f3n en el Presupuesto de la Federaci\u00f3n.<\/p>\n<p>Al final el exgobernador panista no logr\u00f3 la autorizaci\u00f3n de los recursos para las obras de infraestructura en favor de Constellation Brands, debido a que el gobierno del presidente Andr\u00e9s Manuel L\u00f3pez Obrador y su primera Legislatura federal, encabezada mayoritariamente por Morena, no lo autorizaron.<\/p>\n<p>Sin embargo, hasta el \u00faltimo d\u00eda de su gesti\u00f3n, el 30 de octubre de 2019, sigui\u00f3 empujando para que desde la Secretar\u00eda de Hacienda y Cr\u00e9dito P\u00fablico se avalara la disposici\u00f3n del dinero.<\/p>\n<p>Lo anterior, incluido el redireccionamiento de becas y programas para investigadores o para estudiantes mediante el Consejo Nacional de Viencia y Tecnolog\u00eda (Conacyt), se desprende del llamado \u201cProyecto cooperativo para la instalaci\u00f3n de la planta cervecera del grupo Constellation Brands en Baja California\u201d, que forma parte de los llamados \u201clibros blancos\u201d o memorias que Vega de Lamadrid entreg\u00f3 al nuevo gobernador, Jaime Bonilla Valdez.<\/p>\n<p>Pero el documento es muy general y no establece costos de cada obra, montos de las becas y mucho menos a cu\u00e1nto ascienden los fondos del Conacyt que nunca llegaron a manos de investigadores, sino a la cervecera internacional.<\/p>\n<p>Lo que s\u00ed hizo el gobierno panista es toda una apolog\u00eda de Constellation Brands, destacando la inversi\u00f3n proyectada para el estado (2 mil millones de d\u00f3lares), la generaci\u00f3n de 4 mil empleos durante la construcci\u00f3n y 2 mil m\u00e1s una vez que entre en funcionamiento.<\/p>\n<p>De igual manera, destac\u00f3 que durante la construcci\u00f3n se invertir\u00e1n mil 246 millones de d\u00f3lares, de los cuales 718.4 se quedar\u00e1n en el estado y 528 ser\u00e1n para la Federaci\u00f3n.<\/p>\n<p>Y m\u00e1s: el gobierno del panista Vega de Lamadrid dio todas las facilidades para entregar a la cervecera un contrato de agua por parte del ayuntamiento de Mexicali por 7 millones de metros c\u00fabicos de agua anuales, y acept\u00f3 sin cuestionar \u2013en un periodo corto de 20 d\u00edas\u2013 el estudio de la Manifestaci\u00f3n de Impacto Ambiental (MIA) donde se sostiene que hay agua suficiente para Constellation.<\/p>\n<p>La MIA debi\u00f3 entregarse a la Secretar\u00eda de Medio Ambiente y Recursos Naturales a nivel federal, y ser avalada o rechazada por la misma, en conjunto con la Comisi\u00f3n Nacional del Agua, y no por organismos locales.<\/p>\n<p>En el documento que se entreg\u00f3 al gobierno del morenista Jaime Bonilla \u00fanicamente se hace referencia al rechazo de la cervecera por parte de los mexicalenses, destacando que el tribunal federal rechaz\u00f3 la realizaci\u00f3n de un plebiscito acerca de la \u201cautorizaci\u00f3n del impacto ambiental\u201d de parte de las autoridades estatales.<\/p>\n<p>Tambi\u00e9n revela que, al a\u00f1o y medio de haber asumido el gobierno estatal, Francisco Vega de Lamadrid conoci\u00f3 de la pretensi\u00f3n de la cervecera de instalarse en Mexicali, empujando a partir de ese momento con facilidades, exenciones de impuestos y comprometer recursos federales a favor de una empresa, para que \u00e9sta se quedara en la localidad.<\/p>\n<p>A cinco a\u00f1os de que Constellation arranc\u00f3 su proyecto, hoy lleva el 60% de su construcci\u00f3n y ha amenazado al presidente de la Rep\u00fablica con retirar su inversi\u00f3n si se realiza una consulta que le sea adversa.<\/p>\n<p>Por decisi\u00f3n pol\u00edtica, el Ejecutivo federal determin\u00f3 que la consulta p\u00fablica en Mexicali se realizar\u00e1 los d\u00edas 21 y 22 de marzo pr\u00f3ximos.<\/p>\n<p><a href=\"https:\/\/www.proceso.com.mx\/621496\/infraestructura-exencion-de-impuestos-becas-agua-todo-para-constellation-brands\" rel=\"noopener noreferrer\" target=\"_blank\">https:\/\/www.proceso.com.mx\/621496\/infraestructura-exencion-de-impuestos-becas-agua-todo-para-constellation-brands<\/a><\/p>\n","protected":false},"excerpt":{"rendered":"<p>Proceso \/ Jesusa Cervantes. Un proyecto de una planta cervecera de la transnacional estadunidense Constellation Brands. Foto: cbrands.mx MEXICALI, B.C. (apro).- El gobierno panista que encabez\u00f3 Francisco Vega de Lamadrid &hellip; <a href=\"https:\/\/www.grieta.org.mx\/index.php\/2020\/03\/11\/infraestructura-exencion-de-impuestos-becas-agua-todo-para-constellation-brands-baja-california\/\" class=\"more-link\">Leer m\u00e1s<\/a><\/p>\n","protected":false},"author":2,"featured_media":46110,"comment_status":"closed","ping_status":"closed","sticky":false,"template":"","format":"standard","meta":{"ngg_post_thumbnail":0,"_jetpack_newsletter_access":"","_jetpack_dont_email_post_to_subs":false,"_jetpack_newsletter_tier_id":0,"_jetpack_memberships_contains_paywalled_content":false,"_jetpack_memberships_contains_paid_content":false,"footnotes":""},"categories":[5,80,2489,1052,2],"tags":[],"class_list":["post-46109","post","type-post","status-publish","format-standard","has-post-thumbnail","hentry","category-baja-california","category-cintillo","category-conflictos-por-agua-en-baja-california","category-la-lucha-de-resistencia-frente-a-la-cervecera-constellation-brands","category-noticias-nacionales","entry"],"jetpack_featured_media_url":"https:\/\/www.grieta.org.mx\/wp-content\/uploads\/2020\/03\/Cervecera-OK-870x522.jpg","jetpack_sharing_enabled":true,"jetpack_shortlink":"https:\/\/wp.me\/p7ZJR4-bZH","jetpack_likes_enabled":false,"jetpack-related-posts":[{"id":28874,"url":"https:\/\/www.grieta.org.mx\/index.php\/2019\/02\/08\/avanza-plebiscito-para-cervecera-constellation-brands-baja-california\/","url_meta":{"origin":46109,"position":0},"title":"Avanza plebiscito para cervecera Constellation Brands (Baja California)","author":"grieta","date":"8 febrero, 2019","format":false,"excerpt":"Cristian Torres En sesi\u00f3n de dictaminaci\u00f3n de la Comisi\u00f3n de Participaci\u00f3n Ciudadana y Educaci\u00f3n C\u00edvica del Instituto Estatal Electoral (IEE), se aprob\u00f3 con tres votos a favor la procedencia de solicitud de prlebiscito en contra del manifiesto de impacto ambiental que evitar\u00eda la construcci\u00f3n y operaci\u00f3n de la empresa Constellation\u2026","rel":"","context":"En &quot;Baja California&quot;","block_context":{"text":"Baja California","link":"https:\/\/www.grieta.org.mx\/index.php\/category\/noticias-nacionales\/baja-california\/"},"img":{"alt_text":"","src":"https:\/\/i0.wp.com\/www.grieta.org.mx\/wp-content\/uploads\/2019\/02\/IMG-20190208-WA0064-750x500.jpg?resize=350%2C200&ssl=1","width":350,"height":200,"srcset":"https:\/\/i0.wp.com\/www.grieta.org.mx\/wp-content\/uploads\/2019\/02\/IMG-20190208-WA0064-750x500.jpg?resize=350%2C200&ssl=1 1x, https:\/\/i0.wp.com\/www.grieta.org.mx\/wp-content\/uploads\/2019\/02\/IMG-20190208-WA0064-750x500.jpg?resize=525%2C300&ssl=1 1.5x, https:\/\/i0.wp.com\/www.grieta.org.mx\/wp-content\/uploads\/2019\/02\/IMG-20190208-WA0064-750x500.jpg?resize=700%2C400&ssl=1 2x"},"classes":[]},{"id":24997,"url":"https:\/\/www.grieta.org.mx\/index.php\/2018\/07\/19\/se-plantan-frente-a-constellation-para-exigir-que-muestre-permisos-baja-california\/","url_meta":{"origin":46109,"position":1},"title":"Se plantan frente a Constellation para exigir que muestre permisos (Baja California)","author":"grieta","date":"19 julio, 2018","format":false,"excerpt":"Abogados de la Comunidad Baja California Resiste advirtieron que seg\u00fan la misma Conagua, en la regi\u00f3n se presenta una sequ\u00eda extrema por lo que el recurso natural agua debe ser utilizado para la agricultura y el consumo humano. Foto Luis Arellano Sarmiento Por Luis Arellano Sarmiento Mexicali, 19 de julio.-\u2026","rel":"","context":"En &quot;Baja California&quot;","block_context":{"text":"Baja California","link":"https:\/\/www.grieta.org.mx\/index.php\/category\/noticias-nacionales\/baja-california\/"},"img":{"alt_text":"","src":"https:\/\/i0.wp.com\/www.grieta.org.mx\/wp-content\/uploads\/2018\/07\/planton_frente_a_constellation_luis_arellano.jpg?resize=350%2C200&ssl=1","width":350,"height":200,"srcset":"https:\/\/i0.wp.com\/www.grieta.org.mx\/wp-content\/uploads\/2018\/07\/planton_frente_a_constellation_luis_arellano.jpg?resize=350%2C200&ssl=1 1x, https:\/\/i0.wp.com\/www.grieta.org.mx\/wp-content\/uploads\/2018\/07\/planton_frente_a_constellation_luis_arellano.jpg?resize=525%2C300&ssl=1 1.5x"},"classes":[]},{"id":46435,"url":"https:\/\/www.grieta.org.mx\/index.php\/2020\/03\/19\/presentan-queja-ante-cndh-por-consulta-sobre-planta-cervecera-en-baja-california\/","url_meta":{"origin":46109,"position":2},"title":"Presentan queja ante CNDH por consulta sobre planta cervecera en Baja California","author":"grieta","date":"19 marzo, 2020","format":false,"excerpt":"Proceso \/ Jesusa Cervantes. Opositores a la instalaci\u00f3n de la cervecera Constellation Brands en Mexicali. Foto: Especial. MEXICALI, BC (apro).- A dos d\u00edas de que arranque la consulta p\u00fablica sobre la instalaci\u00f3n de la empresa cervecera transnacional Constellation Brand, las demandas en su contra no cesan. A los amparos promovidos\u2026","rel":"","context":"En &quot;Baja California&quot;","block_context":{"text":"Baja California","link":"https:\/\/www.grieta.org.mx\/index.php\/category\/noticias-nacionales\/baja-california\/"},"img":{"alt_text":"","src":"https:\/\/i0.wp.com\/www.grieta.org.mx\/wp-content\/uploads\/2020\/03\/Constellation-Brands-870x522-2.jpg?resize=350%2C200&ssl=1","width":350,"height":200,"srcset":"https:\/\/i0.wp.com\/www.grieta.org.mx\/wp-content\/uploads\/2020\/03\/Constellation-Brands-870x522-2.jpg?resize=350%2C200&ssl=1 1x, https:\/\/i0.wp.com\/www.grieta.org.mx\/wp-content\/uploads\/2020\/03\/Constellation-Brands-870x522-2.jpg?resize=525%2C300&ssl=1 1.5x, https:\/\/i0.wp.com\/www.grieta.org.mx\/wp-content\/uploads\/2020\/03\/Constellation-Brands-870x522-2.jpg?resize=700%2C400&ssl=1 2x"},"classes":[]},{"id":23029,"url":"https:\/\/www.grieta.org.mx\/index.php\/2018\/05\/07\/detencion-de-leon-fierro-criminalizacion-de-la-protesta-en-mexicali-fleps-baja-california\/","url_meta":{"origin":46109,"position":3},"title":"Detenci\u00f3n de Le\u00f3n Fierro, criminalizaci\u00f3n de la protesta en Mexicali: FLEPS (Baja California)","author":"grieta","date":"7 mayo, 2018","format":false,"excerpt":"","rel":"","context":"En &quot;Baja California&quot;","block_context":{"text":"Baja California","link":"https:\/\/www.grieta.org.mx\/index.php\/category\/noticias-nacionales\/baja-california\/"},"img":{"alt_text":"","src":"https:\/\/i0.wp.com\/www.grieta.org.mx\/wp-content\/uploads\/2018\/05\/mexicalli1-720x480.jpg?resize=350%2C200&ssl=1","width":350,"height":200,"srcset":"https:\/\/i0.wp.com\/www.grieta.org.mx\/wp-content\/uploads\/2018\/05\/mexicalli1-720x480.jpg?resize=350%2C200&ssl=1 1x, https:\/\/i0.wp.com\/www.grieta.org.mx\/wp-content\/uploads\/2018\/05\/mexicalli1-720x480.jpg?resize=525%2C300&ssl=1 1.5x, https:\/\/i0.wp.com\/www.grieta.org.mx\/wp-content\/uploads\/2018\/05\/mexicalli1-720x480.jpg?resize=700%2C400&ssl=1 2x"},"classes":[]},{"id":28428,"url":"https:\/\/www.grieta.org.mx\/index.php\/2018\/01\/25\/protestan-detractores-de-cervecera-en-oficinas-constellation-brands-y-de-la-pgje-baja-california\/","url_meta":{"origin":46109,"position":4},"title":"Protestan detractores de cervecera en oficinas Constellation Brands y de la PGJE (Baja California)","author":"grieta","date":"25 enero, 2018","format":false,"excerpt":"El edificio donde tambi\u00e9n est\u00e1n oficinas p\u00fablicas como la delegaci\u00f3n de Semarnat y del ISSSTE fue cerrado moment\u00e1neamente por el tiempo que dur\u00f3 la manifestaci\u00f3n Foto Luis Arellano POR LUIS ARELLANO SARMIENTO Mexicali, 25 de enero.- Activistas mexicalenses que se oponen a la instalaci\u00f3n de la empresa cervecera Constellation Brands,\u2026","rel":"","context":"En &quot;Baja California&quot;","block_context":{"text":"Baja California","link":"https:\/\/www.grieta.org.mx\/index.php\/category\/noticias-nacionales\/baja-california\/"},"img":{"alt_text":"","src":"https:\/\/i0.wp.com\/www.grieta.org.mx\/wp-content\/uploads\/2019\/01\/img_1430.jpg?resize=350%2C200&ssl=1","width":350,"height":200,"srcset":"https:\/\/i0.wp.com\/www.grieta.org.mx\/wp-content\/uploads\/2019\/01\/img_1430.jpg?resize=350%2C200&ssl=1 1x, https:\/\/i0.wp.com\/www.grieta.org.mx\/wp-content\/uploads\/2019\/01\/img_1430.jpg?resize=525%2C300&ssl=1 1.5x"},"classes":[]},{"id":27194,"url":"https:\/\/www.grieta.org.mx\/index.php\/2018\/10\/11\/presentan-firmas-contra-constellation-brands-baja-california\/","url_meta":{"origin":46109,"position":5},"title":"Presentan firmas contra Constellation Brands (Baja California)","author":"grieta","date":"11 octubre, 2018","format":false,"excerpt":"Cristian Torres 18 mil 200 firmas con el fin de evitar la construcci\u00f3n de la planta cervecera Constellation Brands, fueron presentadas ante el Instituto Estatal Electoral, por el Comit\u00e9 en Favor del Plebiscito representado por un grupo de colectivos. La activista Mar\u00eda Elvia Garc\u00eda indic\u00f3 que la propuesta de pregunta\u2026","rel":"","context":"En &quot;Baja California&quot;","block_context":{"text":"Baja California","link":"https:\/\/www.grieta.org.mx\/index.php\/category\/noticias-nacionales\/baja-california\/"},"img":{"alt_text":"","src":"https:\/\/i0.wp.com\/www.grieta.org.mx\/wp-content\/uploads\/2018\/10\/WhatsApp-Image-2018-10-11-at-11.32.05-750x500.jpeg?resize=350%2C200&ssl=1","width":350,"height":200,"srcset":"https:\/\/i0.wp.com\/www.grieta.org.mx\/wp-content\/uploads\/2018\/10\/WhatsApp-Image-2018-10-11-at-11.32.05-750x500.jpeg?resize=350%2C200&ssl=1 1x, https:\/\/i0.wp.com\/www.grieta.org.mx\/wp-content\/uploads\/2018\/10\/WhatsApp-Image-2018-10-11-at-11.32.05-750x500.jpeg?resize=525%2C300&ssl=1 1.5x, https:\/\/i0.wp.com\/www.grieta.org.mx\/wp-content\/uploads\/2018\/10\/WhatsApp-Image-2018-10-11-at-11.32.05-750x500.jpeg?resize=700%2C400&ssl=1 2x"},"classes":[]}],"_links":{"self":[{"href":"https:\/\/www.grieta.org.mx\/index.php\/wp-json\/wp\/v2\/posts\/46109","targetHints":{"allow":["GET"]}}],"collection":[{"href":"https:\/\/www.grieta.org.mx\/index.php\/wp-json\/wp\/v2\/posts"}],"about":[{"href":"https:\/\/www.grieta.org.mx\/index.php\/wp-json\/wp\/v2\/types\/post"}],"author":[{"embeddable":true,"href":"https:\/\/www.grieta.org.mx\/index.php\/wp-json\/wp\/v2\/users\/2"}],"replies":[{"embeddable":true,"href":"https:\/\/www.grieta.org.mx\/index.php\/wp-json\/wp\/v2\/comments?post=46109"}],"version-history":[{"count":1,"href":"https:\/\/www.grieta.org.mx\/index.php\/wp-json\/wp\/v2\/posts\/46109\/revisions"}],"predecessor-version":[{"id":46111,"href":"https:\/\/www.grieta.org.mx\/index.php\/wp-json\/wp\/v2\/posts\/46109\/revisions\/46111"}],"wp:featuredmedia":[{"embeddable":true,"href":"https:\/\/www.grieta.org.mx\/index.php\/wp-json\/wp\/v2\/media\/46110"}],"wp:attachment":[{"href":"https:\/\/www.grieta.org.mx\/index.php\/wp-json\/wp\/v2\/media?parent=46109"}],"wp:term":[{"taxonomy":"category","embeddable":true,"href":"https:\/\/www.grieta.org.mx\/index.php\/wp-json\/wp\/v2\/categories?post=46109"},{"taxonomy":"post_tag","embeddable":true,"href":"https:\/\/www.grieta.org.mx\/index.php\/wp-json\/wp\/v2\/tags?post=46109"}],"curies":[{"name":"wp","href":"https:\/\/api.w.org\/{rel}","templated":true}]}}