{"id":46105,"date":"2020-03-12T15:18:29","date_gmt":"2020-03-12T21:18:29","guid":{"rendered":"http:\/\/www.grieta.org.mx\/?p=46105"},"modified":"2020-03-13T15:23:36","modified_gmt":"2020-03-13T21:23:36","slug":"mujeres-y-politica-se-destapo-la-cloaca-en-el-cobao-y-se-molesto-el-pri-oaxaca","status":"publish","type":"post","link":"https:\/\/www.grieta.org.mx\/index.php\/2020\/03\/12\/mujeres-y-politica-se-destapo-la-cloaca-en-el-cobao-y-se-molesto-el-pri-oaxaca\/","title":{"rendered":"Mujeres y Pol\u00edtica | Se destap\u00f3 la cloaca en el COBAO y se molest\u00f3 el PRI (Oaxaca)"},"content":{"rendered":"<p>P\u00e1gina 3 \/ Soledad Jarqu\u00edn Edgar.<\/p>\n<p><img loading=\"lazy\" decoding=\"async\" data-attachment-id=\"46106\" data-permalink=\"https:\/\/www.grieta.org.mx\/index.php\/2020\/03\/12\/mujeres-y-politica-se-destapo-la-cloaca-en-el-cobao-y-se-molesto-el-pri-oaxaca\/soledad-jarquin-696x365\/\" data-orig-file=\"https:\/\/www.grieta.org.mx\/wp-content\/uploads\/2020\/03\/soledad-jarquin-696x365.jpg\" data-orig-size=\"696,365\" data-comments-opened=\"0\" data-image-meta=\"{&quot;aperture&quot;:&quot;0&quot;,&quot;credit&quot;:&quot;&quot;,&quot;camera&quot;:&quot;&quot;,&quot;caption&quot;:&quot;&quot;,&quot;created_timestamp&quot;:&quot;0&quot;,&quot;copyright&quot;:&quot;&quot;,&quot;focal_length&quot;:&quot;0&quot;,&quot;iso&quot;:&quot;0&quot;,&quot;shutter_speed&quot;:&quot;0&quot;,&quot;title&quot;:&quot;&quot;,&quot;orientation&quot;:&quot;0&quot;}\" data-image-title=\"soledad-jarquin-696&amp;#215;365\" data-image-description=\"\" data-image-caption=\"\" data-medium-file=\"https:\/\/www.grieta.org.mx\/wp-content\/uploads\/2020\/03\/soledad-jarquin-696x365-300x157.jpg\" data-large-file=\"https:\/\/www.grieta.org.mx\/wp-content\/uploads\/2020\/03\/soledad-jarquin-696x365.jpg\" src=\"http:\/\/www.grieta.org.mx\/wp-content\/uploads\/2020\/03\/soledad-jarquin-696x365.jpg\" alt=\"\" width=\"696\" height=\"365\" class=\"aligncenter size-full wp-image-46106\" srcset=\"https:\/\/www.grieta.org.mx\/wp-content\/uploads\/2020\/03\/soledad-jarquin-696x365.jpg 696w, https:\/\/www.grieta.org.mx\/wp-content\/uploads\/2020\/03\/soledad-jarquin-696x365-300x157.jpg 300w\" sizes=\"auto, (max-width: 696px) 100vw, 696px\" \/><\/p>\n<p>Soledad Jarqu\u00edn Edgar.<\/p>\n<p>\u00c1ngeles Niv\u00f3n periodista, inc\u00f3moda; las deudas del priismo.<\/p>\n<p>SemM\u00e9xico, 12 de marzo 2020.- Mar\u00eda de los \u00c1ngeles Niv\u00f3n Molano es periodista, su pluma no ha sido c\u00f3moda para muchos personajes, entre ellos, el dirigente estatal del PRI, Jorge Gonz\u00e1lez Ilescas, quien se molest\u00f3 por las muy diversas acusaciones de acoso y hostigamiento sexual contra maestros y personal de los Colegios de Bachilleres de Oaxaca (COBAO), dirigido por su hijo, Rodrigo Gonz\u00e1lez Ilescas.<\/p>\n<p>Durante 15 d\u00edas, las estudiantes de los COBAO\u00b4s han mostrado c\u00f3mo la pr\u00e1ctica cotidiana de acosar y hostigar y de hacer tocamientos por parte de maestros, personal que ah\u00ed labora y hasta sus mismos \u201ccompa\u00f1eros\u201d de clase, lo que ha evidenciado la ausencia de pol\u00edticas p\u00fablicas para prevenir estas acciones que hubieran permanecido por largo tiempo si no fuera por las voces valientes de las j\u00f3venes, muchas de ellas, hoy siguen siendo hostigadas y amenazadas por los denunciados. Es decir, como sucede en casi todo el pa\u00eds, y en infinidad de instituciones de educaci\u00f3n de niveles medio y superior, se destap\u00f3 la cloaca.<\/p>\n<p>Y es que a las instituciones gubernamentales, considerando que los COBAO\u00b4s son \u00f3rganos descentralizados del gobierno estatal, se les olvida que hay una normatividad internacional, nacional y hasta estatal encaminada a prevenir, sancionar, erradicar y castigar la violencia de g\u00e9nero contra las mujeres. Medidas que no son novedosas, est\u00e1n ah\u00ed en las leyes desde hace varios a\u00f1os, pero que evidentemente no atendieron con oportunidad, se llama omisi\u00f3n.<\/p>\n<p>En ese contexto en se han desarrollado las denuncias de las j\u00f3venes cansadas de tantas agresiones en el \u00e1mbito escolar, una de las formas de violencia tipificadas como delito en las leyes locales. Por eso las noticias sobre las denuncias incomodan, sin duda alguna, a los se\u00f1ores del poder.<\/p>\n<p>Y as\u00ed lo ha hecho \u00c1ngeles Niv\u00f3n en el portal que ella dirige Primera L\u00ednea Oaxaca, donde plasm\u00f3 la denuncia de las j\u00f3venes del Plantel 06 del COBAO ubicado en Putla de Guerrero, una m\u00e1s de las que ya se hab\u00edan denunciado como Tlaxiaco, Santa Luc\u00eda del Camino, Nazareno Etla, Huatulco, Ixtepec y otras, todas documentadas tambi\u00e9n por SemM\u00e9xico.<\/p>\n<p>Acostumbrada a enviar por diversas redes sociales el contenido de sus publicaciones, Niv\u00f3n envi\u00f3 por WhatsApp su columna, y recibi\u00f3 una respuesta inesperada: \u201cMaldita enferma\u201d \u201cHay que saludarla\u2026bien\u201d. Es decir, Jorge Gonz\u00e1lez Ilescas se equivoc\u00f3 al enviar la respuesta o la amenaza, como bien la calific\u00f3 la columnista oaxaque\u00f1a. \u00bfA qui\u00e9n quer\u00eda Gonz\u00e1lez Ilescas enviar la respuesta? Cosa que tambi\u00e9n se pregunta la periodista.<\/p>\n<p>Luego el dirigente estatal del PRI respondi\u00f3: \u201cNo amiga es otra cosa, nunca lo har\u00eda contigo, pese a que nos tratas como si nos odiaras\u201d. Sin duda, surgen otras preguntas \u00bfcon qui\u00e9nes s\u00ed lo har\u00edas Jorge Gonz\u00e1lez Ilescas? Claro, no esperamos respuesta alguna, porque no acostumbra a responder.<\/p>\n<p>As\u00ed son las cosas en Oaxaca. Hay molestia por las denuncias de las j\u00f3venes, porque ha desmantelado las redes de complicidad con las que act\u00faan las autoridades, en este caso del COBAO, que por a\u00f1os hicieron caso omiso a las \u201cquejas\u201d de las estudiantes, pese a que aseguran que 11 trabajadores fueron cesados por esas conductas \u201cdesde el inicio de esta administraci\u00f3n p\u00fablica\u201d \u00bfy las denuncias? Porque efectivamente no se trata solo de dejar sin trabajo a los violentadores, a quienes cometen estos delitos, se trata de seguir un proceso judicial en su contra, de lo contrario seguir\u00e1n repitiendo la misma historia, como sucedi\u00f3 y seguramente sigue sucediendo con los maestros acusados y que pertenecen a la secci\u00f3n 22 del SNTE, solapados, nunca fueron castigados y la soluci\u00f3n era cambiarlos de escuela, mandarlos a otra comunidad, donde invariablemente cometieron los mismos delitos.<\/p>\n<p>Entonces estamos frente a dos delitos: por un lado, el acoso y hostigamiento sexual en contra de las alumnas del COBAO, no dudo que pronto salten otros casos en instituciones diversas de Oaxaca, y, por el otro, la posibilidad de la amenaza contra una periodista que denuncia hechos concretos, buscando desde ah\u00ed coartar la libertad de expresi\u00f3n, no es ocioso que esta entidad se ubique entre las primeras en agresiones contra periodistas, incluso asesinatos.<\/p>\n<p>\u00c1ngeles Niv\u00f3n hoy en su cuenta de Twitter, escribe: \u201c\u00a1Qu\u00e9 b\u00e1rbaro! Desde el martes 10 de marzo el portal #PrimeraLinea no ha dejado de sufrir ataques cibern\u00e9ticos, van 1019 intentos malintencionados\u2026el \u00faltimo a las 7.48 de hoy \u00bfde d\u00f3nde provienen? \u00bfA qui\u00e9n o a qui\u00e9nes les incomoda tanto el portal?<\/p>\n<p>Ante las evidencias no vemos m\u00e1s que puras certezas. As\u00ed es Oaxaca. Lamentamos lo que ahora vive \u00c1ngeles Niv\u00f3n, lo decimos desde nuestra convicci\u00f3n de que la prensa cuando dice la verdad es inc\u00f3moda y muy molesta. Es cuando se pone en riesgo al o a la periodista por parte de los se\u00f1ores del poder que no acaban de entender la importancia del derecho humano a la informaci\u00f3n. Hay quienes siguen viviendo en la oscuridad y todos los d\u00edas corremos el riesgo de volver ah\u00ed, por eso es importante la denuncia p\u00fablica.<\/p>\n<p>Por otra parte, no hay que olvidar que el PRI estatal, partido que \u201cgobierna\u201d, por cierto, tiene diversas afrentas contra la sociedad oaxaque\u00f1a, en espec\u00edfico contra las mujeres: los casos abundan ante un dirigente estatal que ni ve ni escucha las denuncias y c\u00f3mo se ha demostrado -por parte de las v\u00edctimas directas e indirectas- que incurre en la protecci\u00f3n a los militantes priistas que han sido se\u00f1alados por delitos graves, tan s\u00f3lo con su silencio y en alg\u00fan caso con ignorar las denuncias.<\/p>\n<p>Aqu\u00ed un recordatorio de las deudas del PRI con las mujeres:<\/p>\n<p>En 2004, Guadalupe \u00c1vila Salinas, aspirante del PRD a la presidencia municipal, es asesinada en San Jos\u00e9 Estancia Grande, por el presidente municipal priista C\u00e1ndido Palacios Loyola.<\/p>\n<p>Beatriz L\u00f3pez Leyva, asesinada en 2009 y quien hab\u00eda sido amenazada por caciques priistas de San Pedro Jicay\u00e1n.<\/p>\n<p>Leslie Wilson es asesinada por los hijos de una connotada priista y el caso aun sigue impune, los hechos ocurrieron en 2011.<\/p>\n<p>Mar\u00eda del Sol Cruz Jarqu\u00edn es asesinada en Juchit\u00e1n en junio de 2018, lugar al que fue enviada por Francisco Montero, entonces titular de la SAI, donde ella trabajaba, para apoyar la campa\u00f1a de su hermano Hageo Montero L\u00f3pez, s\u00ed, tambi\u00e9n priistas, donde adem\u00e1s es asesinada Pamela Ter\u00e1n y su chofer Adelfo Jim\u00e9nez.<\/p>\n<p>En 2018, Un accidente automovil\u00edstico donde lo peor vino despu\u00e9s y que provoc\u00f3 la muerte de Ivanna Mingo, \u00bfqui\u00e9n conduc\u00eda? El \u00abl\u00edder\u00bb juvenil, exacto del PRI, Alfredo Delgado.<\/p>\n<p>El ex diputado priista Juan Vera Carrizal, acusado de ser autor intelectual del ataque con \u00e1cido perpetrado en 2019 en contra de la saxofonista Mar\u00eda Elena R\u00edos, hoy una sobreviviente de un ataque feminicida.<\/p>\n<p>As\u00ed es Oaxaca, insisto. Pero ni \u00c1ngeles Niv\u00f3n ni los casos antes mencionados est\u00e1n aislados tienen un mismo hilo conductor: la impunidad. Pero no est\u00e1n solas.<\/p>\n<p>Leer m\u00e1s: https:\/\/www.semmexico.mx\/<\/p>\n<p><a href=\"https:\/\/pagina3.mx\/2020\/03\/mujeres-y-politica-se-destapo-la-cloaca-en-el-cobao-y-se-molesto-el-pri\/\" rel=\"noopener noreferrer\" target=\"_blank\">https:\/\/pagina3.mx\/2020\/03\/mujeres-y-politica-se-destapo-la-cloaca-en-el-cobao-y-se-molesto-el-pri\/<\/a><\/p>\n","protected":false},"excerpt":{"rendered":"<p>P\u00e1gina 3 \/ Soledad Jarqu\u00edn Edgar. Soledad Jarqu\u00edn Edgar. \u00c1ngeles Niv\u00f3n periodista, inc\u00f3moda; las deudas del priismo. SemM\u00e9xico, 12 de marzo 2020.- Mar\u00eda de los \u00c1ngeles Niv\u00f3n Molano es periodista, &hellip; <a href=\"https:\/\/www.grieta.org.mx\/index.php\/2020\/03\/12\/mujeres-y-politica-se-destapo-la-cloaca-en-el-cobao-y-se-molesto-el-pri-oaxaca\/\" class=\"more-link\">Leer m\u00e1s<\/a><\/p>\n","protected":false},"author":2,"featured_media":46106,"comment_status":"closed","ping_status":"closed","sticky":false,"template":"","format":"standard","meta":{"ngg_post_thumbnail":0,"_jetpack_newsletter_access":"","_jetpack_dont_email_post_to_subs":false,"_jetpack_newsletter_tier_id":0,"_jetpack_memberships_contains_paywalled_content":false,"_jetpack_memberships_contains_paid_content":false,"footnotes":""},"categories":[80,3163,2,25,1665],"tags":[],"class_list":["post-46105","post","type-post","status-publish","format-standard","has-post-thumbnail","hentry","category-cintillo","category-la-lucha-de-las-mujeres-en-oaxaca","category-noticias-nacionales","category-oaxaca","category-violencia-contra-las-mujeres-en-oaxaca","entry"],"jetpack_featured_media_url":"https:\/\/www.grieta.org.mx\/wp-content\/uploads\/2020\/03\/soledad-jarquin-696x365.jpg","jetpack_sharing_enabled":true,"jetpack_shortlink":"https:\/\/wp.me\/p7ZJR4-bZD","jetpack_likes_enabled":false,"jetpack-related-posts":[{"id":46006,"url":"https:\/\/www.grieta.org.mx\/index.php\/2020\/03\/10\/periodista-acusa-al-lider-del-pri-en-oaxaca-de-amenazarla\/","url_meta":{"origin":46105,"position":0},"title":"Periodista acusa al l\u00edder del PRI en Oaxaca de amenazarla","author":"grieta","date":"10 marzo, 2020","format":false,"excerpt":"Proceso \/ Pedro Mat\u00edas Jorge Gonz\u00e1lez Ilescas, lider del PRI en Oaxaca. Foto: @PRIOaxacaCDE OAXACA, Oax. (apro).- \u201cMaldita enferma\u201d, \u201cHay que saludarla\u2026 bien\u201d, fue la amenaza que le mand\u00f3 el dirigente estatal del PRI en Oaxaca, Jorge Gonz\u00e1lez Ilescas, a la periodista Mar\u00eda de los \u00c1ngeles Niv\u00f3n. La amenaza se\u2026","rel":"","context":"En &quot;CINTILLO&quot;","block_context":{"text":"CINTILLO","link":"https:\/\/www.grieta.org.mx\/index.php\/category\/cintillo\/"},"img":{"alt_text":"","src":"https:\/\/i0.wp.com\/www.grieta.org.mx\/wp-content\/uploads\/2020\/03\/pri-oaxaca-OK-870x522.jpg?resize=350%2C200&ssl=1","width":350,"height":200,"srcset":"https:\/\/i0.wp.com\/www.grieta.org.mx\/wp-content\/uploads\/2020\/03\/pri-oaxaca-OK-870x522.jpg?resize=350%2C200&ssl=1 1x, https:\/\/i0.wp.com\/www.grieta.org.mx\/wp-content\/uploads\/2020\/03\/pri-oaxaca-OK-870x522.jpg?resize=525%2C300&ssl=1 1.5x, https:\/\/i0.wp.com\/www.grieta.org.mx\/wp-content\/uploads\/2020\/03\/pri-oaxaca-OK-870x522.jpg?resize=700%2C400&ssl=1 2x"},"classes":[]},{"id":46009,"url":"https:\/\/www.grieta.org.mx\/index.php\/2020\/03\/10\/dictan-medidas-cautelares-a-la-periodista-amenazada-por-el-lider-estatal-del-pri-oaxaca\/","url_meta":{"origin":46105,"position":1},"title":"Dictan medidas cautelares a la periodista amenazada por el l\u00edder estatal del PRI (Oaxaca)","author":"grieta","date":"10 marzo, 2020","format":false,"excerpt":"P\u00e1gina 3 \/ Pedro Mat\u00edas. *Mar\u00eda de los \u00c1ngeles Niv\u00f3n present\u00f3 su queja ante la Defensor\u00eda de los Derechos Humanos del Pueblo de Oaxaca. OAXACA, Oax. (pagina3.mx).- \u201cMaldita enferma\u201d, \u201cHay que saludarla\u2026bien\u201d, fue la amenaza que le mand\u00f3 el dirigente estatal del PRI, Jorge Gonz\u00e1lez Ilescas, a la periodista Mar\u00eda\u2026","rel":"","context":"En &quot;CINTILLO&quot;","block_context":{"text":"CINTILLO","link":"https:\/\/www.grieta.org.mx\/index.php\/category\/cintillo\/"},"img":{"alt_text":"","src":"https:\/\/i0.wp.com\/www.grieta.org.mx\/wp-content\/uploads\/2020\/03\/Amenaza-lider-priista-a-periodista-696x359.png?resize=350%2C200&ssl=1","width":350,"height":200,"srcset":"https:\/\/i0.wp.com\/www.grieta.org.mx\/wp-content\/uploads\/2020\/03\/Amenaza-lider-priista-a-periodista-696x359.png?resize=350%2C200&ssl=1 1x, https:\/\/i0.wp.com\/www.grieta.org.mx\/wp-content\/uploads\/2020\/03\/Amenaza-lider-priista-a-periodista-696x359.png?resize=525%2C300&ssl=1 1.5x"},"classes":[]},{"id":45807,"url":"https:\/\/www.grieta.org.mx\/index.php\/2020\/03\/07\/dicen-que-cesan-a-11-trabajadores-del-cobao-ante-rebelion-estudiantil-pero-no-dan-nombres-oaxaca\/","url_meta":{"origin":46105,"position":2},"title":"Dicen que cesan a 11 trabajadores del Cobao ante rebeli\u00f3n estudiantil pero no dan nombres (Oaxaca)","author":"grieta","date":"7 marzo, 2020","format":false,"excerpt":"P\u00e1gina 3 \/ Pedro Mat\u00edas. *Tanto el director general del Cobao como el l\u00edder sindical se han dedicado a proteger a presuntos acosadores sexuales. Estudiantes del COBAO denunciaron que llevan a\u00f1os sin respuestas a los se\u00f1alamientos de acoso sexual que enfrentan. Imagen: Estaci\u00f3n Foto. OAXACA, Oax.- Aunque el director General\u2026","rel":"","context":"En &quot;CINTILLO&quot;","block_context":{"text":"CINTILLO","link":"https:\/\/www.grieta.org.mx\/index.php\/category\/cintillo\/"},"img":{"alt_text":"","src":"https:\/\/i0.wp.com\/www.grieta.org.mx\/wp-content\/uploads\/2020\/03\/Cobao-denuncian-acoso-sexual-696x340.png?resize=350%2C200&ssl=1","width":350,"height":200,"srcset":"https:\/\/i0.wp.com\/www.grieta.org.mx\/wp-content\/uploads\/2020\/03\/Cobao-denuncian-acoso-sexual-696x340.png?resize=350%2C200&ssl=1 1x, https:\/\/i0.wp.com\/www.grieta.org.mx\/wp-content\/uploads\/2020\/03\/Cobao-denuncian-acoso-sexual-696x340.png?resize=525%2C300&ssl=1 1.5x"},"classes":[]},{"id":46003,"url":"https:\/\/www.grieta.org.mx\/index.php\/2020\/03\/05\/detienen-a-presunto-maestro-acosador-tras-protesta-de-bachilleres-en-oaxaca-videos\/","url_meta":{"origin":46105,"position":3},"title":"Detienen a presunto maestro acosador tras protesta de bachilleres en Oaxaca (Videos)","author":"grieta","date":"5 marzo, 2020","format":false,"excerpt":"Proceso \/ Pedro Mat\u00edas. Protesta en el Colegio de Bachilleres de Oaxaca (Cobao) 39 de Nazareno Etla. Foto: Twitter @metricasocial_ OAXACA, Oax. (apro).- \u201cEstamos cansadas de que nos pidan dinero o favores sexuales. A nadie le interesa ir contigo por un raspado. Mi cuerpo no vale tu calificaci\u00f3n\u201d, fueron los\u2026","rel":"","context":"En &quot;CINTILLO&quot;","block_context":{"text":"CINTILLO","link":"https:\/\/www.grieta.org.mx\/index.php\/category\/cintillo\/"},"img":{"alt_text":"","src":"https:\/\/i0.wp.com\/www.grieta.org.mx\/wp-content\/uploads\/2020\/03\/bachilleres-870x522.jpg?resize=350%2C200&ssl=1","width":350,"height":200,"srcset":"https:\/\/i0.wp.com\/www.grieta.org.mx\/wp-content\/uploads\/2020\/03\/bachilleres-870x522.jpg?resize=350%2C200&ssl=1 1x, https:\/\/i0.wp.com\/www.grieta.org.mx\/wp-content\/uploads\/2020\/03\/bachilleres-870x522.jpg?resize=525%2C300&ssl=1 1.5x, https:\/\/i0.wp.com\/www.grieta.org.mx\/wp-content\/uploads\/2020\/03\/bachilleres-870x522.jpg?resize=700%2C400&ssl=1 2x"},"classes":[]},{"id":67572,"url":"https:\/\/www.grieta.org.mx\/index.php\/2023\/08\/08\/periodista-oaxaquena-denuncia-que-ataques-de-gobernador-de-oaxaca-la-ponen-en-riesgo\/","url_meta":{"origin":46105,"position":4},"title":"Periodista oaxaque\u00f1a denuncia que ataques de gobernador de Oaxaca la ponen en riesgo","author":"grieta","date":"8 agosto, 2023","format":false,"excerpt":"Imagen: P\u00e1gina3 La periodista oaxaque\u00f1a Mar\u00eda Niv\u00f3n Molano denunci\u00f3 que los ataques del Gobernador de Oaxaca la ponen en peligro,\u00a0por lo cual recibir\u00e1 protecci\u00f3n federal. Diana Manzo \/ Pag\u00edna3 Oaxaca, Oax. (p\u00e1gina3.mx).-Mar\u00eda Niv\u00f3n Molano, periodista oaxaque\u00f1a y due\u00f1a del portal de noticias \u201cPrimera l\u00ednea\u201d denunci\u00f3 ante la Defensoria de los\u2026","rel":"","context":"En &quot;CINTILLO&quot;","block_context":{"text":"CINTILLO","link":"https:\/\/www.grieta.org.mx\/index.php\/category\/cintillo\/"},"img":{"alt_text":"","src":"https:\/\/i0.wp.com\/www.grieta.org.mx\/wp-content\/uploads\/2023\/08\/GelosNivon.webp?resize=350%2C200&ssl=1","width":350,"height":200,"srcset":"https:\/\/i0.wp.com\/www.grieta.org.mx\/wp-content\/uploads\/2023\/08\/GelosNivon.webp?resize=350%2C200&ssl=1 1x, https:\/\/i0.wp.com\/www.grieta.org.mx\/wp-content\/uploads\/2023\/08\/GelosNivon.webp?resize=525%2C300&ssl=1 1.5x"},"classes":[]},{"id":49623,"url":"https:\/\/www.grieta.org.mx\/index.php\/2020\/05\/21\/la-justicia-para-sol-no-llega-por-complicidades-simulacion-e-impunidad-del-gobierno-de-murat-oaxaca\/","url_meta":{"origin":46105,"position":5},"title":"La Justicia para Sol no llega por complicidades, simulaci\u00f3n e impunidad del gobierno de Murat (Oaxaca)","author":"grieta","date":"21 mayo, 2020","format":false,"excerpt":"P\u00e1gina 3 \/ Pedro Mat\u00edas. OAXACA, Oax.- \u201cHasta que la justicia llegue\u201d, es la campa\u00f1a que inici\u00f3 la periodista Soledad Jarqu\u00edn Edgar a unos d\u00edas de cumplirse dos a\u00f1os del asesinato de su hija la fotoperiodista Mar\u00eda del Sol Cruz Jarqu\u00edn. En el marco de la violencia pol\u00edtica contra las\u2026","rel":"","context":"En &quot;CINTILLO&quot;","block_context":{"text":"CINTILLO","link":"https:\/\/www.grieta.org.mx\/index.php\/category\/cintillo\/"},"img":{"alt_text":"","src":"https:\/\/i0.wp.com\/www.grieta.org.mx\/wp-content\/uploads\/2020\/05\/Hasta-que-la-justicia-llegue.jpg?resize=350%2C200&ssl=1","width":350,"height":200,"srcset":"https:\/\/i0.wp.com\/www.grieta.org.mx\/wp-content\/uploads\/2020\/05\/Hasta-que-la-justicia-llegue.jpg?resize=350%2C200&ssl=1 1x, https:\/\/i0.wp.com\/www.grieta.org.mx\/wp-content\/uploads\/2020\/05\/Hasta-que-la-justicia-llegue.jpg?resize=525%2C300&ssl=1 1.5x, https:\/\/i0.wp.com\/www.grieta.org.mx\/wp-content\/uploads\/2020\/05\/Hasta-que-la-justicia-llegue.jpg?resize=700%2C400&ssl=1 2x"},"classes":[]}],"_links":{"self":[{"href":"https:\/\/www.grieta.org.mx\/index.php\/wp-json\/wp\/v2\/posts\/46105","targetHints":{"allow":["GET"]}}],"collection":[{"href":"https:\/\/www.grieta.org.mx\/index.php\/wp-json\/wp\/v2\/posts"}],"about":[{"href":"https:\/\/www.grieta.org.mx\/index.php\/wp-json\/wp\/v2\/types\/post"}],"author":[{"embeddable":true,"href":"https:\/\/www.grieta.org.mx\/index.php\/wp-json\/wp\/v2\/users\/2"}],"replies":[{"embeddable":true,"href":"https:\/\/www.grieta.org.mx\/index.php\/wp-json\/wp\/v2\/comments?post=46105"}],"version-history":[{"count":1,"href":"https:\/\/www.grieta.org.mx\/index.php\/wp-json\/wp\/v2\/posts\/46105\/revisions"}],"predecessor-version":[{"id":46108,"href":"https:\/\/www.grieta.org.mx\/index.php\/wp-json\/wp\/v2\/posts\/46105\/revisions\/46108"}],"wp:featuredmedia":[{"embeddable":true,"href":"https:\/\/www.grieta.org.mx\/index.php\/wp-json\/wp\/v2\/media\/46106"}],"wp:attachment":[{"href":"https:\/\/www.grieta.org.mx\/index.php\/wp-json\/wp\/v2\/media?parent=46105"}],"wp:term":[{"taxonomy":"category","embeddable":true,"href":"https:\/\/www.grieta.org.mx\/index.php\/wp-json\/wp\/v2\/categories?post=46105"},{"taxonomy":"post_tag","embeddable":true,"href":"https:\/\/www.grieta.org.mx\/index.php\/wp-json\/wp\/v2\/tags?post=46105"}],"curies":[{"name":"wp","href":"https:\/\/api.w.org\/{rel}","templated":true}]}}