{"id":46101,"date":"2020-03-10T15:13:06","date_gmt":"2020-03-10T21:13:06","guid":{"rendered":"http:\/\/www.grieta.org.mx\/?p=46101"},"modified":"2020-03-13T15:17:13","modified_gmt":"2020-03-13T21:17:13","slug":"denuncian-acoso-sexual-y-hostigamiento-en-la-universidad-del-istmo-oaxaca","status":"publish","type":"post","link":"https:\/\/www.grieta.org.mx\/index.php\/2020\/03\/10\/denuncian-acoso-sexual-y-hostigamiento-en-la-universidad-del-istmo-oaxaca\/","title":{"rendered":"Denuncian acoso sexual y hostigamiento en la Universidad del Istmo (Oaxaca)"},"content":{"rendered":"<p>P\u00e1gina 3 \/ Diana Manzo.<\/p>\n<p><img loading=\"lazy\" decoding=\"async\" data-attachment-id=\"46102\" data-permalink=\"https:\/\/www.grieta.org.mx\/index.php\/2020\/03\/10\/denuncian-acoso-sexual-y-hostigamiento-en-la-universidad-del-istmo-oaxaca\/denuncian-acoso-sexual-y-hostigamiento-en-la-universidad-del-istmo-1-696x350\/\" data-orig-file=\"https:\/\/www.grieta.org.mx\/wp-content\/uploads\/2020\/03\/Denuncian-acoso-sexual-y-hostigamiento-en-la-Universidad-del-Istmo-1-696x350.jpeg\" data-orig-size=\"696,350\" data-comments-opened=\"0\" data-image-meta=\"{&quot;aperture&quot;:&quot;0&quot;,&quot;credit&quot;:&quot;&quot;,&quot;camera&quot;:&quot;&quot;,&quot;caption&quot;:&quot;&quot;,&quot;created_timestamp&quot;:&quot;0&quot;,&quot;copyright&quot;:&quot;&quot;,&quot;focal_length&quot;:&quot;0&quot;,&quot;iso&quot;:&quot;0&quot;,&quot;shutter_speed&quot;:&quot;0&quot;,&quot;title&quot;:&quot;&quot;,&quot;orientation&quot;:&quot;0&quot;}\" data-image-title=\"Denuncian-acoso-sexual-y-hostigamiento-en-la-Universidad-del-Istmo-1-696&amp;#215;350\" data-image-description=\"\" data-image-caption=\"\" data-medium-file=\"https:\/\/www.grieta.org.mx\/wp-content\/uploads\/2020\/03\/Denuncian-acoso-sexual-y-hostigamiento-en-la-Universidad-del-Istmo-1-696x350-300x151.jpeg\" data-large-file=\"https:\/\/www.grieta.org.mx\/wp-content\/uploads\/2020\/03\/Denuncian-acoso-sexual-y-hostigamiento-en-la-Universidad-del-Istmo-1-696x350.jpeg\" class=\"aligncenter wp-image-46102\" src=\"http:\/\/www.grieta.org.mx\/wp-content\/uploads\/2020\/03\/Denuncian-acoso-sexual-y-hostigamiento-en-la-Universidad-del-Istmo-1-696x350.jpeg\" alt=\"\" width=\"800\" height=\"402\" srcset=\"https:\/\/www.grieta.org.mx\/wp-content\/uploads\/2020\/03\/Denuncian-acoso-sexual-y-hostigamiento-en-la-Universidad-del-Istmo-1-696x350.jpeg 696w, https:\/\/www.grieta.org.mx\/wp-content\/uploads\/2020\/03\/Denuncian-acoso-sexual-y-hostigamiento-en-la-Universidad-del-Istmo-1-696x350-300x151.jpeg 300w\" sizes=\"auto, (max-width: 800px) 100vw, 800px\" \/><br \/>\nDenuncian acoso sexual y hostigamiento en la Universidad del Istmo. Foto: Diana Manzo.<\/p>\n<p>Juchit\u00e1n, Oax., (pagina3.mx).- Profesoras y estudiantes de la Universidad del Istmo campus Ciudad Ixtepec denuncian acoso de tres profesores de la licenciatura de Derecho.<\/p>\n<p>Ello, porque ejercen violencia sexual y hostigamiento desde hace un a\u00f1o, y a pesar de que las autoridades educativas lo saben, su actuar ha sido a favor de estos presuntos acosadores.<\/p>\n<p>Esta denuncia la dieron a conocer en el marco de una manifestaci\u00f3n en el monumento a la Mujer de las Iguanas en la ciudad de Juchit\u00e1n, en donde fueron respaldadas y acompa\u00f1adas por j\u00f3venes feministas del Istmo de Tehuantepec.<\/p>\n<p>Las estudiantes y feministas colocaron sobre la estatua cartulinas con leyendas de denuncia contra la Universidad del Istmo y los profesores acosadores.<\/p>\n<p>Se\u00f1alaron a tres profesores Gabriel, Jos\u00e9 Guadalupe y Silvio y la complicidad que existe con los directivos:<\/p>\n<p>El subdirector acad\u00e9mico Israel Flores Sandoval y la jefa de la carrera de Derecho, Coral Silvia Bonilla.<\/p>\n<p>Por lo que pidieron la salida inmediata de estos cinco profesores de la instituci\u00f3n educativa.<\/p>\n<p>El acoso sexual ha sido verbal contra las estudiantes y la intimidaci\u00f3n contra las profesoras que han brindado el acompa\u00f1amiento a las v\u00edctimas, por lo que la exigencia es un alto a la violencia que se vive dentro de esta universidad p\u00fablica de Oaxaca.<\/p>\n<p><img loading=\"lazy\" decoding=\"async\" data-attachment-id=\"46103\" data-permalink=\"https:\/\/www.grieta.org.mx\/index.php\/2020\/03\/10\/denuncian-acoso-sexual-y-hostigamiento-en-la-universidad-del-istmo-oaxaca\/denuncian-acoso-sexual-y-hostigamiento-en-la-universidad-del-istmo\/\" data-orig-file=\"https:\/\/www.grieta.org.mx\/wp-content\/uploads\/2020\/03\/Denuncian-acoso-sexual-y-hostigamiento-en-la-Universidad-del-Istmo.jpeg\" data-orig-size=\"950,713\" data-comments-opened=\"0\" data-image-meta=\"{&quot;aperture&quot;:&quot;0&quot;,&quot;credit&quot;:&quot;&quot;,&quot;camera&quot;:&quot;&quot;,&quot;caption&quot;:&quot;&quot;,&quot;created_timestamp&quot;:&quot;0&quot;,&quot;copyright&quot;:&quot;&quot;,&quot;focal_length&quot;:&quot;0&quot;,&quot;iso&quot;:&quot;0&quot;,&quot;shutter_speed&quot;:&quot;0&quot;,&quot;title&quot;:&quot;&quot;,&quot;orientation&quot;:&quot;1&quot;}\" data-image-title=\"Denuncian-acoso-sexual-y-hostigamiento-en-la-Universidad-del-Istmo\" data-image-description=\"\" data-image-caption=\"\" data-medium-file=\"https:\/\/www.grieta.org.mx\/wp-content\/uploads\/2020\/03\/Denuncian-acoso-sexual-y-hostigamiento-en-la-Universidad-del-Istmo-300x225.jpeg\" data-large-file=\"https:\/\/www.grieta.org.mx\/wp-content\/uploads\/2020\/03\/Denuncian-acoso-sexual-y-hostigamiento-en-la-Universidad-del-Istmo.jpeg\" class=\"aligncenter wp-image-46103\" src=\"http:\/\/www.grieta.org.mx\/wp-content\/uploads\/2020\/03\/Denuncian-acoso-sexual-y-hostigamiento-en-la-Universidad-del-Istmo.jpeg\" alt=\"\" width=\"800\" height=\"600\" srcset=\"https:\/\/www.grieta.org.mx\/wp-content\/uploads\/2020\/03\/Denuncian-acoso-sexual-y-hostigamiento-en-la-Universidad-del-Istmo.jpeg 950w, https:\/\/www.grieta.org.mx\/wp-content\/uploads\/2020\/03\/Denuncian-acoso-sexual-y-hostigamiento-en-la-Universidad-del-Istmo-300x225.jpeg 300w, https:\/\/www.grieta.org.mx\/wp-content\/uploads\/2020\/03\/Denuncian-acoso-sexual-y-hostigamiento-en-la-Universidad-del-Istmo-768x576.jpeg 768w, https:\/\/www.grieta.org.mx\/wp-content\/uploads\/2020\/03\/Denuncian-acoso-sexual-y-hostigamiento-en-la-Universidad-del-Istmo-666x500.jpeg 666w\" sizes=\"auto, (max-width: 800px) 100vw, 800px\" \/><\/p>\n<p><a href=\"https:\/\/pagina3.mx\/2020\/03\/denuncian-acoso-sexual-y-hostigamiento-en-la-universidad-del-istmo\/\" target=\"_blank\" rel=\"noopener noreferrer\">https:\/\/pagina3.mx\/2020\/03\/denuncian-acoso-sexual-y-hostigamiento-en-la-universidad-del-istmo\/<\/a><\/p>\n","protected":false},"excerpt":{"rendered":"<p>P\u00e1gina 3 \/ Diana Manzo. Denuncian acoso sexual y hostigamiento en la Universidad del Istmo. Foto: Diana Manzo. Juchit\u00e1n, Oax., (pagina3.mx).- Profesoras y estudiantes de la Universidad del Istmo campus &hellip; <a href=\"https:\/\/www.grieta.org.mx\/index.php\/2020\/03\/10\/denuncian-acoso-sexual-y-hostigamiento-en-la-universidad-del-istmo-oaxaca\/\" class=\"more-link\">Leer m\u00e1s<\/a><\/p>\n","protected":false},"author":2,"featured_media":46102,"comment_status":"closed","ping_status":"closed","sticky":false,"template":"","format":"standard","meta":{"ngg_post_thumbnail":0,"_jetpack_newsletter_access":"","_jetpack_dont_email_post_to_subs":false,"_jetpack_newsletter_tier_id":0,"_jetpack_memberships_contains_paywalled_content":false,"_jetpack_memberships_contains_paid_content":false,"footnotes":""},"categories":[80,3163,2,25,1665],"tags":[],"class_list":["post-46101","post","type-post","status-publish","format-standard","has-post-thumbnail","hentry","category-cintillo","category-la-lucha-de-las-mujeres-en-oaxaca","category-noticias-nacionales","category-oaxaca","category-violencia-contra-las-mujeres-en-oaxaca","entry"],"jetpack_featured_media_url":"https:\/\/www.grieta.org.mx\/wp-content\/uploads\/2020\/03\/Denuncian-acoso-sexual-y-hostigamiento-en-la-Universidad-del-Istmo-1-696x350.jpeg","jetpack_sharing_enabled":true,"jetpack_shortlink":"https:\/\/wp.me\/p7ZJR4-bZz","jetpack_likes_enabled":false,"jetpack-related-posts":[{"id":56914,"url":"https:\/\/www.grieta.org.mx\/index.php\/2021\/02\/09\/ni-la-pandemia-frena-violencia-feminicida-en-oaxaca-son-329-casos-en-el-gobierno-de-murat-consorcio\/","url_meta":{"origin":46101,"position":0},"title":"Ni la pandemia frena violencia feminicida en Oaxaca; son 329 casos en el gobierno de Murat: Consorcio","author":"grieta","date":"9 febrero, 2021","format":false,"excerpt":"P\u00e1gina 3 \/ Pedro Mat\u00edas. OAXACA, Oax.- La violencia sexual y feminicida contra las mujeres, particularmente contra estudiantes durante la pandemia no se detiene, por el contrario, sigue sucediendo tanto en espacios p\u00fablicos como cibern\u00e9ticos, denunci\u00f3 Consorcio para el Di\u00e1logo Parlamentario y Equidad. Para resaltar su dicho mencionaron los recientes\u2026","rel":"","context":"En &quot;CINTILLO&quot;","block_context":{"text":"CINTILLO","link":"https:\/\/www.grieta.org.mx\/index.php\/category\/cintillo\/"},"img":{"alt_text":"","src":"https:\/\/i0.wp.com\/www.grieta.org.mx\/wp-content\/uploads\/2021\/02\/1.jpeg?resize=350%2C200&ssl=1","width":350,"height":200,"srcset":"https:\/\/i0.wp.com\/www.grieta.org.mx\/wp-content\/uploads\/2021\/02\/1.jpeg?resize=350%2C200&ssl=1 1x, https:\/\/i0.wp.com\/www.grieta.org.mx\/wp-content\/uploads\/2021\/02\/1.jpeg?resize=525%2C300&ssl=1 1.5x, https:\/\/i0.wp.com\/www.grieta.org.mx\/wp-content\/uploads\/2021\/02\/1.jpeg?resize=700%2C400&ssl=1 2x"},"classes":[]},{"id":45853,"url":"https:\/\/www.grieta.org.mx\/index.php\/2020\/03\/08\/marchan-zapotecas-para-exigir-niunamas-en-juchitan-oaxaca\/","url_meta":{"origin":46101,"position":1},"title":"Marchan zapotecas para exigir #NiUnaMas en Juchit\u00e1n (Oaxaca)","author":"grieta","date":"8 marzo, 2020","format":false,"excerpt":"P\u00e1gina 3 \/ Diana Manzo. Aspecto de la marcha feminista. Imagen: Diana Manzo. Juchit\u00e1n, Oax.- Zapotecas, mixes e Ikoots as\u00ed como j\u00f3venes feministas del Istmo de Tehuantepec marcharon para exigir un alto a los feminicidios y violencia que viven las mujeres de esta regi\u00f3n de Oaxaca, considerada la m\u00e1s violenta\u2026","rel":"","context":"En &quot;CINTILLO&quot;","block_context":{"text":"CINTILLO","link":"https:\/\/www.grieta.org.mx\/index.php\/category\/cintillo\/"},"img":{"alt_text":"","src":"https:\/\/i0.wp.com\/www.grieta.org.mx\/wp-content\/uploads\/2020\/03\/Marcha-mujeres-Istmo-696x357.jpeg?resize=350%2C200&ssl=1","width":350,"height":200,"srcset":"https:\/\/i0.wp.com\/www.grieta.org.mx\/wp-content\/uploads\/2020\/03\/Marcha-mujeres-Istmo-696x357.jpeg?resize=350%2C200&ssl=1 1x, https:\/\/i0.wp.com\/www.grieta.org.mx\/wp-content\/uploads\/2020\/03\/Marcha-mujeres-Istmo-696x357.jpeg?resize=525%2C300&ssl=1 1.5x"},"classes":[]},{"id":31849,"url":"https:\/\/www.grieta.org.mx\/index.php\/2019\/03\/29\/alumnas-de-prepa-6-denuncian-acoso-y-hostigamiento-acusan-que-autoridades-no-les-hacen-caso-ciudad-de-mexico-2\/","url_meta":{"origin":46101,"position":2},"title":"Alumnas de Prepa 6 denuncian acoso y hostigamiento; acusan que autoridades no les hacen caso (Ciudad de M\u00e9xico)","author":"grieta","date":"29 marzo, 2019","format":false,"excerpt":"Redacci\u00f3n\/Animal Pol\u00edtico En las redes sociales se han hecho acusaciones de acoso contra acad\u00e9micos del plantel con las etiquetas #MetooAcademicosmx y #MetooUNAM. Alumnas de la Preparatoria 6 de la Universidad Nacional Aut\u00f3noma de M\u00e9xico (UNAM) se manifestaron este viernes en el exterior del plantel en contra de algunos maestros por\u2026","rel":"","context":"En &quot;CINTILLO&quot;","block_context":{"text":"CINTILLO","link":"https:\/\/www.grieta.org.mx\/index.php\/category\/cintillo\/"},"img":{"alt_text":"","src":"https:\/\/i0.wp.com\/www.grieta.org.mx\/wp-content\/uploads\/2018\/03\/14524434_1106112876131411_958039263622046936_o.jpg?resize=350%2C200&ssl=1","width":350,"height":200,"srcset":"https:\/\/i0.wp.com\/www.grieta.org.mx\/wp-content\/uploads\/2018\/03\/14524434_1106112876131411_958039263622046936_o.jpg?resize=350%2C200&ssl=1 1x, https:\/\/i0.wp.com\/www.grieta.org.mx\/wp-content\/uploads\/2018\/03\/14524434_1106112876131411_958039263622046936_o.jpg?resize=525%2C300&ssl=1 1.5x, https:\/\/i0.wp.com\/www.grieta.org.mx\/wp-content\/uploads\/2018\/03\/14524434_1106112876131411_958039263622046936_o.jpg?resize=700%2C400&ssl=1 2x"},"classes":[]},{"id":17751,"url":"https:\/\/www.grieta.org.mx\/index.php\/2016\/07\/25\/mujeres-se-pronuncian-por-la-no-violencia-y-exigen-alto-a-feminicidios-en-el-istmo-de-tehuantepec\/","url_meta":{"origin":46101,"position":3},"title":"Mujeres exigen alto a feminicidios en el Istmo de Tehuantepec","author":"grieta","date":"25 julio, 2016","format":false,"excerpt":"P\u00e1gina 3. Diana Manzo, Oaxaca. JUCHIT\u00c1N, Oax.\u2013 En el marco del d\u00eda naranja (25 de cada mes), mujeres zapotecas del Istmo de Tehuantepec se pronunciaron por la no violencia contra las mujeres y exigieron a las autoridades de justicia poner fin a los feminicidos en esta zona oaxaque\u00f1a. En el\u2026","rel":"","context":"En &quot;CINTILLO&quot;","block_context":{"text":"CINTILLO","link":"https:\/\/www.grieta.org.mx\/index.php\/category\/cintillo\/"},"img":{"alt_text":"","src":"https:\/\/i0.wp.com\/www.grieta.org.mx\/wp-content\/uploads\/2018\/03\/14524434_1106112876131411_958039263622046936_o.jpg?resize=350%2C200&ssl=1","width":350,"height":200,"srcset":"https:\/\/i0.wp.com\/www.grieta.org.mx\/wp-content\/uploads\/2018\/03\/14524434_1106112876131411_958039263622046936_o.jpg?resize=350%2C200&ssl=1 1x, https:\/\/i0.wp.com\/www.grieta.org.mx\/wp-content\/uploads\/2018\/03\/14524434_1106112876131411_958039263622046936_o.jpg?resize=525%2C300&ssl=1 1.5x, https:\/\/i0.wp.com\/www.grieta.org.mx\/wp-content\/uploads\/2018\/03\/14524434_1106112876131411_958039263622046936_o.jpg?resize=700%2C400&ssl=1 2x"},"classes":[]},{"id":57745,"url":"https:\/\/www.grieta.org.mx\/index.php\/2021\/03\/17\/oaxaca-universitaria-denuncia-a-tres-profesores-por-hostigamiento-acoso-e-insinuaciones-sexuales\/","url_meta":{"origin":46101,"position":4},"title":"Oaxaca: Universitaria denuncia a tres profesores por hostigamiento, acoso e insinuaciones sexuales","author":"grieta","date":"17 marzo, 2021","format":false,"excerpt":"Proceso \/ Pedro Mat\u00edas. Universidad Tecnol\u00f3gica de los Valles Centrales de Oaxaca. Foto: especial OAXACA, Oax. (apro).- Mediante una denuncia an\u00f3nima, \u201cpor miedo a ser silenciada y juzgada por las personas involucradas\u201d, una estudiante de la Universidad Tecnol\u00f3gica de los Valles Centrales de Oaxaca (UTVCO) denunci\u00f3 a tres profesores por\u2026","rel":"","context":"En &quot;CINTILLO&quot;","block_context":{"text":"CINTILLO","link":"https:\/\/www.grieta.org.mx\/index.php\/category\/cintillo\/"},"img":{"alt_text":"","src":"https:\/\/i0.wp.com\/www.grieta.org.mx\/wp-content\/uploads\/2021\/03\/xxx.jpeg?resize=350%2C200&ssl=1","width":350,"height":200,"srcset":"https:\/\/i0.wp.com\/www.grieta.org.mx\/wp-content\/uploads\/2021\/03\/xxx.jpeg?resize=350%2C200&ssl=1 1x, https:\/\/i0.wp.com\/www.grieta.org.mx\/wp-content\/uploads\/2021\/03\/xxx.jpeg?resize=525%2C300&ssl=1 1.5x, https:\/\/i0.wp.com\/www.grieta.org.mx\/wp-content\/uploads\/2021\/03\/xxx.jpeg?resize=700%2C400&ssl=1 2x"},"classes":[]},{"id":31504,"url":"https:\/\/www.grieta.org.mx\/index.php\/2019\/03\/29\/alumnas-de-prepa-6-denuncian-acoso-y-hostigamiento-acusan-que-autoridades-no-les-hacen-caso-ciudad-de-mexico\/","url_meta":{"origin":46101,"position":5},"title":"Alumnas de Prepa 6 denuncian acoso y hostigamiento; acusan que autoridades no les hacen caso (Ciudad de M\u00e9xico)","author":"grieta","date":"29 marzo, 2019","format":false,"excerpt":"Redacci\u00f3n\/Animal Pol\u00edtico En las redes sociales se han hecho acusaciones de acoso contra acad\u00e9micos del plantel con las etiquetas #MetooAcademicosmx y #MetooUNAM. Alumnas de la Preparatoria 6 de la Universidad Nacional Aut\u00f3noma de M\u00e9xico (UNAM) se manifestaron este viernes en el exterior del plantel en contra de algunos maestros por\u2026","rel":"","context":"En &quot;CINTILLO&quot;","block_context":{"text":"CINTILLO","link":"https:\/\/www.grieta.org.mx\/index.php\/category\/cintillo\/"},"img":{"alt_text":"","src":"https:\/\/i0.wp.com\/www.grieta.org.mx\/wp-content\/uploads\/2018\/03\/14524434_1106112876131411_958039263622046936_o.jpg?resize=350%2C200&ssl=1","width":350,"height":200,"srcset":"https:\/\/i0.wp.com\/www.grieta.org.mx\/wp-content\/uploads\/2018\/03\/14524434_1106112876131411_958039263622046936_o.jpg?resize=350%2C200&ssl=1 1x, https:\/\/i0.wp.com\/www.grieta.org.mx\/wp-content\/uploads\/2018\/03\/14524434_1106112876131411_958039263622046936_o.jpg?resize=525%2C300&ssl=1 1.5x, https:\/\/i0.wp.com\/www.grieta.org.mx\/wp-content\/uploads\/2018\/03\/14524434_1106112876131411_958039263622046936_o.jpg?resize=700%2C400&ssl=1 2x"},"classes":[]}],"_links":{"self":[{"href":"https:\/\/www.grieta.org.mx\/index.php\/wp-json\/wp\/v2\/posts\/46101","targetHints":{"allow":["GET"]}}],"collection":[{"href":"https:\/\/www.grieta.org.mx\/index.php\/wp-json\/wp\/v2\/posts"}],"about":[{"href":"https:\/\/www.grieta.org.mx\/index.php\/wp-json\/wp\/v2\/types\/post"}],"author":[{"embeddable":true,"href":"https:\/\/www.grieta.org.mx\/index.php\/wp-json\/wp\/v2\/users\/2"}],"replies":[{"embeddable":true,"href":"https:\/\/www.grieta.org.mx\/index.php\/wp-json\/wp\/v2\/comments?post=46101"}],"version-history":[{"count":1,"href":"https:\/\/www.grieta.org.mx\/index.php\/wp-json\/wp\/v2\/posts\/46101\/revisions"}],"predecessor-version":[{"id":46104,"href":"https:\/\/www.grieta.org.mx\/index.php\/wp-json\/wp\/v2\/posts\/46101\/revisions\/46104"}],"wp:featuredmedia":[{"embeddable":true,"href":"https:\/\/www.grieta.org.mx\/index.php\/wp-json\/wp\/v2\/media\/46102"}],"wp:attachment":[{"href":"https:\/\/www.grieta.org.mx\/index.php\/wp-json\/wp\/v2\/media?parent=46101"}],"wp:term":[{"taxonomy":"category","embeddable":true,"href":"https:\/\/www.grieta.org.mx\/index.php\/wp-json\/wp\/v2\/categories?post=46101"},{"taxonomy":"post_tag","embeddable":true,"href":"https:\/\/www.grieta.org.mx\/index.php\/wp-json\/wp\/v2\/tags?post=46101"}],"curies":[{"name":"wp","href":"https:\/\/api.w.org\/{rel}","templated":true}]}}