{"id":46098,"date":"2020-03-13T15:11:43","date_gmt":"2020-03-13T21:11:43","guid":{"rendered":"http:\/\/www.grieta.org.mx\/?p=46098"},"modified":"2020-03-13T15:11:43","modified_gmt":"2020-03-13T21:11:43","slug":"marchan-estudiantes-de-la-unpa-por-desaparicion-de-companera-oaxaca","status":"publish","type":"post","link":"https:\/\/www.grieta.org.mx\/index.php\/2020\/03\/13\/marchan-estudiantes-de-la-unpa-por-desaparicion-de-companera-oaxaca\/","title":{"rendered":"Marchan estudiantes de la UNPA por desaparici\u00f3n de compa\u00f1era (Oaxaca)"},"content":{"rendered":"<p>Noticias \/ Claudia Ramos.<\/p>\n<p><img loading=\"lazy\" decoding=\"async\" data-attachment-id=\"46099\" data-permalink=\"https:\/\/www.grieta.org.mx\/index.php\/2020\/03\/13\/marchan-estudiantes-de-la-unpa-por-desaparicion-de-companera-oaxaca\/whatsapp_image_2020-03-13_at_14-28-52\/\" data-orig-file=\"https:\/\/www.grieta.org.mx\/wp-content\/uploads\/2020\/03\/whatsapp_image_2020-03-13_at_14.28.52.jpeg\" data-orig-size=\"1144,645\" data-comments-opened=\"0\" data-image-meta=\"{&quot;aperture&quot;:&quot;0&quot;,&quot;credit&quot;:&quot;&quot;,&quot;camera&quot;:&quot;&quot;,&quot;caption&quot;:&quot;&quot;,&quot;created_timestamp&quot;:&quot;0&quot;,&quot;copyright&quot;:&quot;&quot;,&quot;focal_length&quot;:&quot;0&quot;,&quot;iso&quot;:&quot;0&quot;,&quot;shutter_speed&quot;:&quot;0&quot;,&quot;title&quot;:&quot;&quot;,&quot;orientation&quot;:&quot;0&quot;}\" data-image-title=\"whatsapp_image_2020-03-13_at_14.28.52\" data-image-description=\"\" data-image-caption=\"\" data-medium-file=\"https:\/\/www.grieta.org.mx\/wp-content\/uploads\/2020\/03\/whatsapp_image_2020-03-13_at_14.28.52-300x169.jpeg\" data-large-file=\"https:\/\/www.grieta.org.mx\/wp-content\/uploads\/2020\/03\/whatsapp_image_2020-03-13_at_14.28.52-1024x577.jpeg\" class=\"aligncenter wp-image-46099\" src=\"http:\/\/www.grieta.org.mx\/wp-content\/uploads\/2020\/03\/whatsapp_image_2020-03-13_at_14.28.52.jpeg\" alt=\"\" width=\"800\" height=\"451\" srcset=\"https:\/\/www.grieta.org.mx\/wp-content\/uploads\/2020\/03\/whatsapp_image_2020-03-13_at_14.28.52.jpeg 1144w, https:\/\/www.grieta.org.mx\/wp-content\/uploads\/2020\/03\/whatsapp_image_2020-03-13_at_14.28.52-300x169.jpeg 300w, https:\/\/www.grieta.org.mx\/wp-content\/uploads\/2020\/03\/whatsapp_image_2020-03-13_at_14.28.52-768x433.jpeg 768w, https:\/\/www.grieta.org.mx\/wp-content\/uploads\/2020\/03\/whatsapp_image_2020-03-13_at_14.28.52-1024x577.jpeg 1024w, https:\/\/www.grieta.org.mx\/wp-content\/uploads\/2020\/03\/whatsapp_image_2020-03-13_at_14.28.52-887x500.jpeg 887w\" sizes=\"auto, (max-width: 800px) 100vw, 800px\" \/><\/p>\n<p>TUXTEPEC, OAX.- J\u00f3venes estudiantes de la Universidad del Papaloapan (UNPA), Marchan este d\u00eda en protesta por la desaparici\u00f3n de una de sus compa\u00f1eras, Wendy Dublan Lorenzo.<\/p>\n<p>C\u00f3mo se dio a conocer, a trav\u00e9s de redes sociales se dio a conocer la desaparici\u00f3n de la joven que cursa la especialidad de enfermer\u00eda.<\/p>\n<p>Con mensajes de exigencia a las autoridades para que investiguen el caso, &#8220;salvamos vidas protejan la nuestra&#8221; y en las que se hace alusi\u00f3n a qu\u00e9 la esperan de regreso con vida, los j\u00f3venes realizan una marcha del monumento Flor de Pi\u00f1a al parque Ju\u00e1rez de la Ciudad.<\/p>\n<p>La joven fue reportada como desaparecida desde el mi\u00e9rcoles 11 de marzo, y de acuerdo con informaci\u00f3n que circularon familiares a trav\u00e9s de las redes sociales llevaba puesto el uniforme de la especialidad de enfermer\u00eda de la UNPA.<\/p>\n<p>Obviamente existe preocupaci\u00f3n entre sus familiares por la desaparici\u00f3n de esta chica, ya que el panorama en cuestiones de seguridad en estos momentos no es muy favorable debido a la alta violencia que existe en las calles de esta poblaci\u00f3n, por eso la angustia de estos crece a cada minuto al no saber nada de ella.<\/p>\n<p><a href=\"https:\/\/www.nvinoticias.com\/nota\/140242\/marchan-estudiantes-de-la-unpa-por-desaparicion-de-companera\" target=\"_blank\" rel=\"noopener noreferrer\">https:\/\/www.nvinoticias.com\/nota\/140242\/marchan-estudiantes-de-la-unpa-por-desaparicion-de-companera<\/a><\/p>\n","protected":false},"excerpt":{"rendered":"<p>Noticias \/ Claudia Ramos. TUXTEPEC, OAX.- J\u00f3venes estudiantes de la Universidad del Papaloapan (UNPA), Marchan este d\u00eda en protesta por la desaparici\u00f3n de una de sus compa\u00f1eras, Wendy Dublan Lorenzo. &hellip; <a href=\"https:\/\/www.grieta.org.mx\/index.php\/2020\/03\/13\/marchan-estudiantes-de-la-unpa-por-desaparicion-de-companera-oaxaca\/\" class=\"more-link\">Leer m\u00e1s<\/a><\/p>\n","protected":false},"author":2,"featured_media":46099,"comment_status":"closed","ping_status":"closed","sticky":false,"template":"","format":"standard","meta":{"ngg_post_thumbnail":0,"_jetpack_newsletter_access":"","_jetpack_dont_email_post_to_subs":false,"_jetpack_newsletter_tier_id":0,"_jetpack_memberships_contains_paywalled_content":false,"_jetpack_memberships_contains_paid_content":false,"footnotes":""},"categories":[80,3163,2,25,1665],"tags":[],"class_list":["post-46098","post","type-post","status-publish","format-standard","has-post-thumbnail","hentry","category-cintillo","category-la-lucha-de-las-mujeres-en-oaxaca","category-noticias-nacionales","category-oaxaca","category-violencia-contra-las-mujeres-en-oaxaca","entry"],"jetpack_featured_media_url":"https:\/\/www.grieta.org.mx\/wp-content\/uploads\/2020\/03\/whatsapp_image_2020-03-13_at_14.28.52.jpeg","jetpack_sharing_enabled":true,"jetpack_shortlink":"https:\/\/wp.me\/p7ZJR4-bZw","jetpack_likes_enabled":false,"jetpack-related-posts":[{"id":54652,"url":"https:\/\/www.grieta.org.mx\/index.php\/2020\/11\/01\/marchan-por-mujeres-de-la-mixteca-oaxaca\/","url_meta":{"origin":46098,"position":0},"title":"Marchan por mujeres de la Mixteca (Oaxaca)","author":"grieta","date":"1 noviembre, 2020","format":false,"excerpt":"P\u00e1gina 3 \/ Nathalie G\u00f3mez. Huajuapan de Le\u00f3n, Oax.- \u201cEn medio de la crisis sanitaria, con miedo, con rabia, con dolor e impotencia, nos vemos en la necesidad de salir a la calle para alzar la voz por todas las mujeres desaparecidas y asesinadas\u201d. As\u00ed lo expresaron integrantes de los\u2026","rel":"","context":"En &quot;CINTILLO&quot;","block_context":{"text":"CINTILLO","link":"https:\/\/www.grieta.org.mx\/index.php\/category\/cintillo\/"},"img":{"alt_text":"","src":"https:\/\/i0.wp.com\/www.grieta.org.mx\/wp-content\/uploads\/2020\/11\/1.jpg?resize=350%2C200&ssl=1","width":350,"height":200,"srcset":"https:\/\/i0.wp.com\/www.grieta.org.mx\/wp-content\/uploads\/2020\/11\/1.jpg?resize=350%2C200&ssl=1 1x, https:\/\/i0.wp.com\/www.grieta.org.mx\/wp-content\/uploads\/2020\/11\/1.jpg?resize=525%2C300&ssl=1 1.5x, https:\/\/i0.wp.com\/www.grieta.org.mx\/wp-content\/uploads\/2020\/11\/1.jpg?resize=700%2C400&ssl=1 2x"},"classes":[]},{"id":4131,"url":"https:\/\/www.grieta.org.mx\/index.php\/2015\/08\/02\/la-cnte-y-padres-de-los-43-marchan-en-oaxaca\/","url_meta":{"origin":46098,"position":1},"title":"La CNTE y padres de los 43 marchan en Oaxaca","author":"grieta","date":"2 agosto, 2015","format":false,"excerpt":"OAXACA, OAXACA (02\/AGO\/2015).- Maestros de la Secci\u00f3n 22 del CNTE, padres de familia y alumnos de la escuela Normal Rural \u201cRa\u00fal Isidro Burgos\u201d, de Ayotzinapa, realizaron una marchan en demanda de la presentaci\u00f3n con vida de los 43 estudiantes desaparecidos el 26 de septiembre de 2014. Luego de recorrer las\u2026","rel":"","context":"En &quot;CINTILLO&quot;","block_context":{"text":"CINTILLO","link":"https:\/\/www.grieta.org.mx\/index.php\/category\/cintillo\/"},"img":{"alt_text":"","src":"https:\/\/i0.wp.com\/www.grieta.org.mx\/wp-content\/uploads\/2018\/03\/14524434_1106112876131411_958039263622046936_o.jpg?resize=350%2C200&ssl=1","width":350,"height":200,"srcset":"https:\/\/i0.wp.com\/www.grieta.org.mx\/wp-content\/uploads\/2018\/03\/14524434_1106112876131411_958039263622046936_o.jpg?resize=350%2C200&ssl=1 1x, https:\/\/i0.wp.com\/www.grieta.org.mx\/wp-content\/uploads\/2018\/03\/14524434_1106112876131411_958039263622046936_o.jpg?resize=525%2C300&ssl=1 1.5x, https:\/\/i0.wp.com\/www.grieta.org.mx\/wp-content\/uploads\/2018\/03\/14524434_1106112876131411_958039263622046936_o.jpg?resize=700%2C400&ssl=1 2x"},"classes":[]},{"id":71251,"url":"https:\/\/www.grieta.org.mx\/index.php\/2025\/03\/05\/a-sandra-la-desaparecio-el-estado-marchan-para-exigir-aparicion-con-vida-de-la-activista-activista-ayuuk-sandra-dominguez-oaxaca\/","url_meta":{"origin":46098,"position":2},"title":"\u00a1A Sandra la desapareci\u00f3 el estado! : Marchan para exigir aparici\u00f3n con vida de la activista activista ayuuk Sandra Dom\u00ednguez (Oaxaca)","author":"grieta","date":"5 marzo, 2025","format":false,"excerpt":"Imagen: Istmo Press Diana Manzo \/ Istmo Press Oaxaca, Oax.- \u00a1A Sandra, la desapareci\u00f3 el estado, y la queremos con vida!, as\u00ed marcharon por las calles de la capital de Oaxaca, familiares, activistas y amigas de la defensora ayuuk Sandra Dom\u00ednguez para exigir su localizaci\u00f3n con vida a 5 meses\u2026","rel":"","context":"En &quot;CINTILLO&quot;","block_context":{"text":"CINTILLO","link":"https:\/\/www.grieta.org.mx\/index.php\/category\/cintillo\/"},"img":{"alt_text":"","src":"https:\/\/i0.wp.com\/www.grieta.org.mx\/wp-content\/uploads\/2025\/03\/71725775-070a-4a72-ba97-890138cc96a0-800x445-1.jpeg?resize=350%2C200&ssl=1","width":350,"height":200,"srcset":"https:\/\/i0.wp.com\/www.grieta.org.mx\/wp-content\/uploads\/2025\/03\/71725775-070a-4a72-ba97-890138cc96a0-800x445-1.jpeg?resize=350%2C200&ssl=1 1x, https:\/\/i0.wp.com\/www.grieta.org.mx\/wp-content\/uploads\/2025\/03\/71725775-070a-4a72-ba97-890138cc96a0-800x445-1.jpeg?resize=525%2C300&ssl=1 1.5x, https:\/\/i0.wp.com\/www.grieta.org.mx\/wp-content\/uploads\/2025\/03\/71725775-070a-4a72-ba97-890138cc96a0-800x445-1.jpeg?resize=700%2C400&ssl=1 2x"},"classes":[]},{"id":180,"url":"https:\/\/www.grieta.org.mx\/index.php\/2015\/10\/14\/marchan-estudiantes-contra-la-violencia-en-el-istmo\/","url_meta":{"origin":46098,"position":3},"title":"Marchan estudiantes contra la violencia en el istmo","author":"grieta","date":"14 octubre, 2015","format":false,"excerpt":"Istmopress. Redacci\u00f3n, Ixtepec, Oaxaca.- Unos 50 estudiantes del Colegio de Estudios Cient\u00edficos y Tecnol\u00f3gicos del Estado de Oaxaca (CECyTEO) plantel 22 ubicado en Ciudad Ixtepec se manifestaron a favor de la paz y en contra de la violencia e inseguridad que cree en la regi\u00f3n del istmo Los j\u00f3venes marcharon\u2026","rel":"","context":"En &quot;CINTILLO&quot;","block_context":{"text":"CINTILLO","link":"https:\/\/www.grieta.org.mx\/index.php\/category\/cintillo\/"},"img":{"alt_text":"","src":"https:\/\/i0.wp.com\/www.grieta.org.mx\/wp-content\/uploads\/2018\/03\/14524434_1106112876131411_958039263622046936_o.jpg?resize=350%2C200&ssl=1","width":350,"height":200,"srcset":"https:\/\/i0.wp.com\/www.grieta.org.mx\/wp-content\/uploads\/2018\/03\/14524434_1106112876131411_958039263622046936_o.jpg?resize=350%2C200&ssl=1 1x, https:\/\/i0.wp.com\/www.grieta.org.mx\/wp-content\/uploads\/2018\/03\/14524434_1106112876131411_958039263622046936_o.jpg?resize=525%2C300&ssl=1 1.5x, https:\/\/i0.wp.com\/www.grieta.org.mx\/wp-content\/uploads\/2018\/03\/14524434_1106112876131411_958039263622046936_o.jpg?resize=700%2C400&ssl=1 2x"},"classes":[]},{"id":72080,"url":"https:\/\/www.grieta.org.mx\/index.php\/2025\/07\/18\/alertan-por-la-desaparicion-de-mas-de-900-jovenes-mujeres-en-oaxaca-exigen-una-urgente-atencion\/","url_meta":{"origin":46098,"position":4},"title":"Alertan por la desaparici\u00f3n de m\u00e1s de 900 j\u00f3venes mujeres en Oaxaca; exigen una urgente atenci\u00f3n","author":"grieta","date":"18 julio, 2025","format":false,"excerpt":"Imagen: Cortes\u00eda Diana Manzo \/ Istmo Press Oaxaca, Oax.-La crisis de desapariciones lleg\u00f3 a Oaxaca, alertaron decenas de colectivas y asociaciones civiles al informar que por lo menos 900 mujeres entre 12 y 29 a\u00f1os han desaparecido en lo que va del gobierno morenista de Salom\u00f3n Jara Cruz. En un\u2026","rel":"","context":"En &quot;CINTILLO&quot;","block_context":{"text":"CINTILLO","link":"https:\/\/www.grieta.org.mx\/index.php\/category\/cintillo\/"},"img":{"alt_text":"","src":"https:\/\/i0.wp.com\/www.grieta.org.mx\/wp-content\/uploads\/2025\/07\/IMG_9571.jpeg?resize=350%2C200&ssl=1","width":350,"height":200,"srcset":"https:\/\/i0.wp.com\/www.grieta.org.mx\/wp-content\/uploads\/2025\/07\/IMG_9571.jpeg?resize=350%2C200&ssl=1 1x, https:\/\/i0.wp.com\/www.grieta.org.mx\/wp-content\/uploads\/2025\/07\/IMG_9571.jpeg?resize=525%2C300&ssl=1 1.5x, https:\/\/i0.wp.com\/www.grieta.org.mx\/wp-content\/uploads\/2025\/07\/IMG_9571.jpeg?resize=700%2C400&ssl=1 2x, https:\/\/i0.wp.com\/www.grieta.org.mx\/wp-content\/uploads\/2025\/07\/IMG_9571.jpeg?resize=1050%2C600&ssl=1 3x"},"classes":[]},{"id":11123,"url":"https:\/\/www.grieta.org.mx\/index.php\/2016\/06\/27\/movilizacion-contra-la-violencia-hacia-las-mujeres-en-oaxaca\/","url_meta":{"origin":46098,"position":5},"title":"Movilizaciones contra la violencia hacia las mujeres en Oaxaca","author":"grieta","date":"27 junio, 2016","format":false,"excerpt":"27\/06\/16. Grupo de mujeres 8 de marzo protestan en \u201cD\u00eda Naranja\u201d por la no violencia P\u00e1gina 3 24\/04\/16. Mujeres y hombres oaxaque\u00f1os marchan nuevamente contra la violencia machista NSS Oaxaca 24\/04\/16. Marchan contra feminicidios en Oaxaca La Jornada","rel":"","context":"En &quot;NOTICIAS NACIONALES&quot;","block_context":{"text":"NOTICIAS NACIONALES","link":"https:\/\/www.grieta.org.mx\/index.php\/category\/noticias-nacionales\/"},"img":{"alt_text":"","src":"https:\/\/i0.wp.com\/www.grieta.org.mx\/wp-content\/uploads\/2018\/03\/14524434_1106112876131411_958039263622046936_o.jpg?resize=350%2C200&ssl=1","width":350,"height":200,"srcset":"https:\/\/i0.wp.com\/www.grieta.org.mx\/wp-content\/uploads\/2018\/03\/14524434_1106112876131411_958039263622046936_o.jpg?resize=350%2C200&ssl=1 1x, https:\/\/i0.wp.com\/www.grieta.org.mx\/wp-content\/uploads\/2018\/03\/14524434_1106112876131411_958039263622046936_o.jpg?resize=525%2C300&ssl=1 1.5x, https:\/\/i0.wp.com\/www.grieta.org.mx\/wp-content\/uploads\/2018\/03\/14524434_1106112876131411_958039263622046936_o.jpg?resize=700%2C400&ssl=1 2x"},"classes":[]}],"_links":{"self":[{"href":"https:\/\/www.grieta.org.mx\/index.php\/wp-json\/wp\/v2\/posts\/46098","targetHints":{"allow":["GET"]}}],"collection":[{"href":"https:\/\/www.grieta.org.mx\/index.php\/wp-json\/wp\/v2\/posts"}],"about":[{"href":"https:\/\/www.grieta.org.mx\/index.php\/wp-json\/wp\/v2\/types\/post"}],"author":[{"embeddable":true,"href":"https:\/\/www.grieta.org.mx\/index.php\/wp-json\/wp\/v2\/users\/2"}],"replies":[{"embeddable":true,"href":"https:\/\/www.grieta.org.mx\/index.php\/wp-json\/wp\/v2\/comments?post=46098"}],"version-history":[{"count":1,"href":"https:\/\/www.grieta.org.mx\/index.php\/wp-json\/wp\/v2\/posts\/46098\/revisions"}],"predecessor-version":[{"id":46100,"href":"https:\/\/www.grieta.org.mx\/index.php\/wp-json\/wp\/v2\/posts\/46098\/revisions\/46100"}],"wp:featuredmedia":[{"embeddable":true,"href":"https:\/\/www.grieta.org.mx\/index.php\/wp-json\/wp\/v2\/media\/46099"}],"wp:attachment":[{"href":"https:\/\/www.grieta.org.mx\/index.php\/wp-json\/wp\/v2\/media?parent=46098"}],"wp:term":[{"taxonomy":"category","embeddable":true,"href":"https:\/\/www.grieta.org.mx\/index.php\/wp-json\/wp\/v2\/categories?post=46098"},{"taxonomy":"post_tag","embeddable":true,"href":"https:\/\/www.grieta.org.mx\/index.php\/wp-json\/wp\/v2\/tags?post=46098"}],"curies":[{"name":"wp","href":"https:\/\/api.w.org\/{rel}","templated":true}]}}