{"id":46095,"date":"2020-03-11T15:04:21","date_gmt":"2020-03-11T21:04:21","guid":{"rendered":"http:\/\/www.grieta.org.mx\/?p=46095"},"modified":"2020-03-13T15:07:57","modified_gmt":"2020-03-13T21:07:57","slug":"cero-tolerancia-a-acosadores-en-cobao-08-oaxaca","status":"publish","type":"post","link":"https:\/\/www.grieta.org.mx\/index.php\/2020\/03\/11\/cero-tolerancia-a-acosadores-en-cobao-08-oaxaca\/","title":{"rendered":"Cero tolerancia a acosadores en COBAO 08 (Oaxaca)"},"content":{"rendered":"<p>Noticias \/ Leslie Aguilar.<\/p>\n<p><img loading=\"lazy\" decoding=\"async\" data-attachment-id=\"46096\" data-permalink=\"https:\/\/www.grieta.org.mx\/index.php\/2020\/03\/11\/cero-tolerancia-a-acosadores-en-cobao-08-oaxaca\/copia_de_principal_2_11\/\" data-orig-file=\"https:\/\/www.grieta.org.mx\/wp-content\/uploads\/2020\/03\/copia_de_principal_2_11.jpg\" data-orig-size=\"1144,645\" data-comments-opened=\"0\" data-image-meta=\"{&quot;aperture&quot;:&quot;0&quot;,&quot;credit&quot;:&quot;&quot;,&quot;camera&quot;:&quot;&quot;,&quot;caption&quot;:&quot;&quot;,&quot;created_timestamp&quot;:&quot;0&quot;,&quot;copyright&quot;:&quot;&quot;,&quot;focal_length&quot;:&quot;0&quot;,&quot;iso&quot;:&quot;0&quot;,&quot;shutter_speed&quot;:&quot;0&quot;,&quot;title&quot;:&quot;&quot;,&quot;orientation&quot;:&quot;0&quot;}\" data-image-title=\"copia_de_principal_2_11\" data-image-description=\"\" data-image-caption=\"\" data-medium-file=\"https:\/\/www.grieta.org.mx\/wp-content\/uploads\/2020\/03\/copia_de_principal_2_11-300x169.jpg\" data-large-file=\"https:\/\/www.grieta.org.mx\/wp-content\/uploads\/2020\/03\/copia_de_principal_2_11-1024x577.jpg\" class=\"aligncenter wp-image-46096\" src=\"http:\/\/www.grieta.org.mx\/wp-content\/uploads\/2020\/03\/copia_de_principal_2_11.jpg\" alt=\"\" width=\"800\" height=\"451\" srcset=\"https:\/\/www.grieta.org.mx\/wp-content\/uploads\/2020\/03\/copia_de_principal_2_11.jpg 1144w, https:\/\/www.grieta.org.mx\/wp-content\/uploads\/2020\/03\/copia_de_principal_2_11-300x169.jpg 300w, https:\/\/www.grieta.org.mx\/wp-content\/uploads\/2020\/03\/copia_de_principal_2_11-768x433.jpg 768w, https:\/\/www.grieta.org.mx\/wp-content\/uploads\/2020\/03\/copia_de_principal_2_11-1024x577.jpg 1024w, https:\/\/www.grieta.org.mx\/wp-content\/uploads\/2020\/03\/copia_de_principal_2_11-887x500.jpg 887w\" sizes=\"auto, (max-width: 800px) 100vw, 800px\" \/><\/p>\n<p>HUAJUAPAN DE LE\u00d3N, Oaxaca.- Luego de que un grupo de mujeres march\u00f3 el 8 de marzo en las calles de Huajuapan, las feministas colocaron un tendedero de denuncias, en el que muchas de ellas expusieron ser v\u00edctimas de acoso por parte de cuatro docentes del Colegio de Bachilleres del Estado de Oaxaca (COBAO) 08 Huajuapan.<\/p>\n<p>En este sentido, el director de la instituci\u00f3n, Enrique Salazar Garc\u00e9s, destac\u00f3 que este caso ya fue turnado al jur\u00eddico del Colegio de Bachilleres, en donde se levant\u00f3 el acta y se est\u00e1 a la espera de que los y las afectadas por acoso escolar denuncien, por lo que no habr\u00e1 tolerancia por este tipo de situaciones.<\/p>\n<p>Indic\u00f3 que hasta este momento, la direcci\u00f3n general del COBAO en Oaxaca lleva cesando a 11 docentes, a quienes se les ha comprobado responsabilidad por las denuncias presentadas por los y las afectadas.<\/p>\n<p>Recalc\u00f3 que aunque la denuncia se hizo de manera p\u00fablica, es necesario que las v\u00edctimas de acoso acudan al Colegio de Bachilleres plantel Huajuapan acompa\u00f1adas de sus padres de familia o tutores y se inicien los procedimientos correspondientes, pues se les brinda acompa\u00f1amiento por parte de la Fiscal\u00eda del Estado de Oaxaca. <\/p>\n<p>El director del COBAO 08 se\u00f1al\u00f3 que se est\u00e1n dando a conocer cinco pasos para denunciar la violencia de g\u00e9nero en esta instituci\u00f3n educativa, por lo que se declararon en alerta m\u00e1xima y esperan que quienes hayan sido v\u00edctimas de este tipo de situaciones se acerquen, ya que no existir\u00e1n represalias, sino que se castigar\u00e1 a los responsables. <\/p>\n<p>Cabe hacer menci\u00f3n que en el tendedero de denuncias que se hizo en el municipio de Huajuapan, fueron cuatro los profesores quienes fueron expuestos por el tema de acoso; sin embargo, no hay ninguna denuncia oficial hasta este momento. <\/p>\n<p>Salazar  Garc\u00e9s refiri\u00f3 que del 17 al 21 de febrero se llevaron cabo algunas pl\u00e1ticas preventivas hechas por la Instancia Municipal de la Mujer (Inmujer) denominada \u201cUna vida libre de violencia\u201d, por lo que el Colegio de Bachilleres ha estado generando los mecanismos necesarios para evitar este tipo de situaciones dentro del plantel.<\/p>\n<p>Detall\u00f3 que tambi\u00e9n est\u00e1n teniendo reuniones con los 30 grupos y se est\u00e1n dado a conocer los casos que se presentan para que se inicien los procedimientos; sin embargo, los nombres de los profesores han sido publicados a trav\u00e9s de redes sociales y han sido compartidos varias veces, por lo que esta situaci\u00f3n tambi\u00e9n se vive en el COBAO 06 de Putla.<\/p>\n<p>Es preciso mencionar que en el plantel de Putla, la situaci\u00f3n ya ha sido turnada a las autoridades y el docente acosador ya ha sido destituido de su cargo, adem\u00e1s de que el caso est\u00e1 siendo llevado por la direcci\u00f3n general del COBAO en Oaxaca. <\/p>\n<p><a href=\"https:\/\/www.nvinoticias.com\/nota\/140029\/cero-tolerancia-acosadores-en-cobao-08\" rel=\"noopener noreferrer\" target=\"_blank\">https:\/\/www.nvinoticias.com\/nota\/140029\/cero-tolerancia-acosadores-en-cobao-08<\/a><\/p>\n","protected":false},"excerpt":{"rendered":"<p>Noticias \/ Leslie Aguilar. HUAJUAPAN DE LE\u00d3N, Oaxaca.- Luego de que un grupo de mujeres march\u00f3 el 8 de marzo en las calles de Huajuapan, las feministas colocaron un tendedero &hellip; <a href=\"https:\/\/www.grieta.org.mx\/index.php\/2020\/03\/11\/cero-tolerancia-a-acosadores-en-cobao-08-oaxaca\/\" class=\"more-link\">Leer m\u00e1s<\/a><\/p>\n","protected":false},"author":2,"featured_media":46096,"comment_status":"closed","ping_status":"closed","sticky":false,"template":"","format":"standard","meta":{"ngg_post_thumbnail":0,"_jetpack_newsletter_access":"","_jetpack_dont_email_post_to_subs":false,"_jetpack_newsletter_tier_id":0,"_jetpack_memberships_contains_paywalled_content":false,"_jetpack_memberships_contains_paid_content":false,"footnotes":""},"categories":[80,3163,2,25,1665],"tags":[],"class_list":["post-46095","post","type-post","status-publish","format-standard","has-post-thumbnail","hentry","category-cintillo","category-la-lucha-de-las-mujeres-en-oaxaca","category-noticias-nacionales","category-oaxaca","category-violencia-contra-las-mujeres-en-oaxaca","entry"],"jetpack_featured_media_url":"https:\/\/www.grieta.org.mx\/wp-content\/uploads\/2020\/03\/copia_de_principal_2_11.jpg","jetpack_sharing_enabled":true,"jetpack_shortlink":"https:\/\/wp.me\/p7ZJR4-bZt","jetpack_likes_enabled":false,"jetpack-related-posts":[{"id":46003,"url":"https:\/\/www.grieta.org.mx\/index.php\/2020\/03\/05\/detienen-a-presunto-maestro-acosador-tras-protesta-de-bachilleres-en-oaxaca-videos\/","url_meta":{"origin":46095,"position":0},"title":"Detienen a presunto maestro acosador tras protesta de bachilleres en Oaxaca (Videos)","author":"grieta","date":"5 marzo, 2020","format":false,"excerpt":"Proceso \/ Pedro Mat\u00edas. Protesta en el Colegio de Bachilleres de Oaxaca (Cobao) 39 de Nazareno Etla. Foto: Twitter @metricasocial_ OAXACA, Oax. (apro).- \u201cEstamos cansadas de que nos pidan dinero o favores sexuales. A nadie le interesa ir contigo por un raspado. Mi cuerpo no vale tu calificaci\u00f3n\u201d, fueron los\u2026","rel":"","context":"En &quot;CINTILLO&quot;","block_context":{"text":"CINTILLO","link":"https:\/\/www.grieta.org.mx\/index.php\/category\/cintillo\/"},"img":{"alt_text":"","src":"https:\/\/i0.wp.com\/www.grieta.org.mx\/wp-content\/uploads\/2020\/03\/bachilleres-870x522.jpg?resize=350%2C200&ssl=1","width":350,"height":200,"srcset":"https:\/\/i0.wp.com\/www.grieta.org.mx\/wp-content\/uploads\/2020\/03\/bachilleres-870x522.jpg?resize=350%2C200&ssl=1 1x, https:\/\/i0.wp.com\/www.grieta.org.mx\/wp-content\/uploads\/2020\/03\/bachilleres-870x522.jpg?resize=525%2C300&ssl=1 1.5x, https:\/\/i0.wp.com\/www.grieta.org.mx\/wp-content\/uploads\/2020\/03\/bachilleres-870x522.jpg?resize=700%2C400&ssl=1 2x"},"classes":[]},{"id":45807,"url":"https:\/\/www.grieta.org.mx\/index.php\/2020\/03\/07\/dicen-que-cesan-a-11-trabajadores-del-cobao-ante-rebelion-estudiantil-pero-no-dan-nombres-oaxaca\/","url_meta":{"origin":46095,"position":1},"title":"Dicen que cesan a 11 trabajadores del Cobao ante rebeli\u00f3n estudiantil pero no dan nombres (Oaxaca)","author":"grieta","date":"7 marzo, 2020","format":false,"excerpt":"P\u00e1gina 3 \/ Pedro Mat\u00edas. *Tanto el director general del Cobao como el l\u00edder sindical se han dedicado a proteger a presuntos acosadores sexuales. Estudiantes del COBAO denunciaron que llevan a\u00f1os sin respuestas a los se\u00f1alamientos de acoso sexual que enfrentan. Imagen: Estaci\u00f3n Foto. OAXACA, Oax.- Aunque el director General\u2026","rel":"","context":"En &quot;CINTILLO&quot;","block_context":{"text":"CINTILLO","link":"https:\/\/www.grieta.org.mx\/index.php\/category\/cintillo\/"},"img":{"alt_text":"","src":"https:\/\/i0.wp.com\/www.grieta.org.mx\/wp-content\/uploads\/2020\/03\/Cobao-denuncian-acoso-sexual-696x340.png?resize=350%2C200&ssl=1","width":350,"height":200,"srcset":"https:\/\/i0.wp.com\/www.grieta.org.mx\/wp-content\/uploads\/2020\/03\/Cobao-denuncian-acoso-sexual-696x340.png?resize=350%2C200&ssl=1 1x, https:\/\/i0.wp.com\/www.grieta.org.mx\/wp-content\/uploads\/2020\/03\/Cobao-denuncian-acoso-sexual-696x340.png?resize=525%2C300&ssl=1 1.5x"},"classes":[]},{"id":51476,"url":"https:\/\/www.grieta.org.mx\/index.php\/2020\/06\/30\/se-agrava-pandemia-de-violencia-feminicida-en-oaxaca-matan-y-queman-a-alumna-de-cobao-y-a-su-hijo\/","url_meta":{"origin":46095,"position":2},"title":"Se agrava pandemia de violencia feminicida en Oaxaca; matan y queman a alumna de Cobao y a su hijo","author":"grieta","date":"30 junio, 2020","format":false,"excerpt":"P\u00e1gina 3 \/ Pedro Mat\u00edas. - Suman 443 mujeres asesinadas en el sexenio de Murat; van 60 solo en el 2020 - Congreso pide a Fiscal investigaci\u00f3n expedita en este feminicidio e infanticidio OAXACA, Oax.- La pandemia de la violencia feminicida se agrava en Oaxaca con el caso de una\u2026","rel":"","context":"En &quot;CINTILLO&quot;","block_context":{"text":"CINTILLO","link":"https:\/\/www.grieta.org.mx\/index.php\/category\/cintillo\/"},"img":{"alt_text":"","src":"https:\/\/i0.wp.com\/www.grieta.org.mx\/wp-content\/uploads\/2020\/06\/A-3.jpg?resize=350%2C200&ssl=1","width":350,"height":200},"classes":[]},{"id":45633,"url":"https:\/\/www.grieta.org.mx\/index.php\/2020\/03\/05\/seremos-la-ultima-generacion-a-la-que-acoses-estudiantes-del-cobao-de-nazareno-oaxaca\/","url_meta":{"origin":46095,"position":3},"title":"\u201cSeremos la \u00faltima generaci\u00f3n a la que acoses\u201d: estudiantes del COBAO de Nazareno, Oaxaca","author":"grieta","date":"5 marzo, 2020","format":false,"excerpt":"Noticias \/ Citlalli Luciana. No hay titubeo en sus voces. El se\u00f1alamiento es directo y contundente. \u201cSeremos la \u00faltima generaci\u00f3n a la que acoses\u201d. Agolpadas en la puerta del sal\u00f3n de computaci\u00f3n del plantel, decenas de ni\u00f1as se unen. Llevan de frente el valor y la denuncia contra el profesor\u2026","rel":"","context":"En &quot;CINTILLO&quot;","block_context":{"text":"CINTILLO","link":"https:\/\/www.grieta.org.mx\/index.php\/category\/cintillo\/"},"img":{"alt_text":"","src":"https:\/\/i0.wp.com\/www.grieta.org.mx\/wp-content\/uploads\/2020\/03\/d.jpg?resize=350%2C200&ssl=1","width":350,"height":200,"srcset":"https:\/\/i0.wp.com\/www.grieta.org.mx\/wp-content\/uploads\/2020\/03\/d.jpg?resize=350%2C200&ssl=1 1x, https:\/\/i0.wp.com\/www.grieta.org.mx\/wp-content\/uploads\/2020\/03\/d.jpg?resize=525%2C300&ssl=1 1.5x, https:\/\/i0.wp.com\/www.grieta.org.mx\/wp-content\/uploads\/2020\/03\/d.jpg?resize=700%2C400&ssl=1 2x, https:\/\/i0.wp.com\/www.grieta.org.mx\/wp-content\/uploads\/2020\/03\/d.jpg?resize=1050%2C600&ssl=1 3x"},"classes":[]},{"id":46006,"url":"https:\/\/www.grieta.org.mx\/index.php\/2020\/03\/10\/periodista-acusa-al-lider-del-pri-en-oaxaca-de-amenazarla\/","url_meta":{"origin":46095,"position":4},"title":"Periodista acusa al l\u00edder del PRI en Oaxaca de amenazarla","author":"grieta","date":"10 marzo, 2020","format":false,"excerpt":"Proceso \/ Pedro Mat\u00edas Jorge Gonz\u00e1lez Ilescas, lider del PRI en Oaxaca. Foto: @PRIOaxacaCDE OAXACA, Oax. (apro).- \u201cMaldita enferma\u201d, \u201cHay que saludarla\u2026 bien\u201d, fue la amenaza que le mand\u00f3 el dirigente estatal del PRI en Oaxaca, Jorge Gonz\u00e1lez Ilescas, a la periodista Mar\u00eda de los \u00c1ngeles Niv\u00f3n. La amenaza se\u2026","rel":"","context":"En &quot;CINTILLO&quot;","block_context":{"text":"CINTILLO","link":"https:\/\/www.grieta.org.mx\/index.php\/category\/cintillo\/"},"img":{"alt_text":"","src":"https:\/\/i0.wp.com\/www.grieta.org.mx\/wp-content\/uploads\/2020\/03\/pri-oaxaca-OK-870x522.jpg?resize=350%2C200&ssl=1","width":350,"height":200,"srcset":"https:\/\/i0.wp.com\/www.grieta.org.mx\/wp-content\/uploads\/2020\/03\/pri-oaxaca-OK-870x522.jpg?resize=350%2C200&ssl=1 1x, https:\/\/i0.wp.com\/www.grieta.org.mx\/wp-content\/uploads\/2020\/03\/pri-oaxaca-OK-870x522.jpg?resize=525%2C300&ssl=1 1.5x, https:\/\/i0.wp.com\/www.grieta.org.mx\/wp-content\/uploads\/2020\/03\/pri-oaxaca-OK-870x522.jpg?resize=700%2C400&ssl=1 2x"},"classes":[]},{"id":26876,"url":"https:\/\/www.grieta.org.mx\/index.php\/2018\/09\/25\/alumnos-con-faldas-y-alumnas-con-pantalones-denuncian-acoso-sexual-en-el-cobao-de-cuilapan-oaxaca\/","url_meta":{"origin":46095,"position":5},"title":"Alumnos con faldas y alumnas con pantalones denuncian acoso sexual en el Cobao de Cuilapan (Oaxaca)","author":"grieta","date":"25 septiembre, 2018","format":false,"excerpt":"P\u00e1gina 3. Pedro Mat\u00edas, Oaxaca, Oax.- Por no creer en la palabra de una alumna acosada sexualmente por el intendente, estudiantes del plantel 32 del Colegio de Bachilleres de Oaxaca (Cobao) de Cuilapan de Guerrero realizaron hoy una protesta contra las autoridades educativas por proteger a un trabajador en lugar\u2026","rel":"","context":"En &quot;CINTILLO&quot;","block_context":{"text":"CINTILLO","link":"https:\/\/www.grieta.org.mx\/index.php\/category\/cintillo\/"},"img":{"alt_text":"","src":"https:\/\/i0.wp.com\/www.grieta.org.mx\/wp-content\/uploads\/2018\/09\/Protesta-en-COBAO-32-Cuilapan-adrian-gaytan-3-e1537836616999-960x500.jpg?resize=350%2C200&ssl=1","width":350,"height":200,"srcset":"https:\/\/i0.wp.com\/www.grieta.org.mx\/wp-content\/uploads\/2018\/09\/Protesta-en-COBAO-32-Cuilapan-adrian-gaytan-3-e1537836616999-960x500.jpg?resize=350%2C200&ssl=1 1x, https:\/\/i0.wp.com\/www.grieta.org.mx\/wp-content\/uploads\/2018\/09\/Protesta-en-COBAO-32-Cuilapan-adrian-gaytan-3-e1537836616999-960x500.jpg?resize=525%2C300&ssl=1 1.5x, https:\/\/i0.wp.com\/www.grieta.org.mx\/wp-content\/uploads\/2018\/09\/Protesta-en-COBAO-32-Cuilapan-adrian-gaytan-3-e1537836616999-960x500.jpg?resize=700%2C400&ssl=1 2x"},"classes":[]}],"_links":{"self":[{"href":"https:\/\/www.grieta.org.mx\/index.php\/wp-json\/wp\/v2\/posts\/46095","targetHints":{"allow":["GET"]}}],"collection":[{"href":"https:\/\/www.grieta.org.mx\/index.php\/wp-json\/wp\/v2\/posts"}],"about":[{"href":"https:\/\/www.grieta.org.mx\/index.php\/wp-json\/wp\/v2\/types\/post"}],"author":[{"embeddable":true,"href":"https:\/\/www.grieta.org.mx\/index.php\/wp-json\/wp\/v2\/users\/2"}],"replies":[{"embeddable":true,"href":"https:\/\/www.grieta.org.mx\/index.php\/wp-json\/wp\/v2\/comments?post=46095"}],"version-history":[{"count":1,"href":"https:\/\/www.grieta.org.mx\/index.php\/wp-json\/wp\/v2\/posts\/46095\/revisions"}],"predecessor-version":[{"id":46097,"href":"https:\/\/www.grieta.org.mx\/index.php\/wp-json\/wp\/v2\/posts\/46095\/revisions\/46097"}],"wp:featuredmedia":[{"embeddable":true,"href":"https:\/\/www.grieta.org.mx\/index.php\/wp-json\/wp\/v2\/media\/46096"}],"wp:attachment":[{"href":"https:\/\/www.grieta.org.mx\/index.php\/wp-json\/wp\/v2\/media?parent=46095"}],"wp:term":[{"taxonomy":"category","embeddable":true,"href":"https:\/\/www.grieta.org.mx\/index.php\/wp-json\/wp\/v2\/categories?post=46095"},{"taxonomy":"post_tag","embeddable":true,"href":"https:\/\/www.grieta.org.mx\/index.php\/wp-json\/wp\/v2\/tags?post=46095"}],"curies":[{"name":"wp","href":"https:\/\/api.w.org\/{rel}","templated":true}]}}