{"id":46092,"date":"2020-03-10T02:00:56","date_gmt":"2020-03-10T08:00:56","guid":{"rendered":"http:\/\/www.grieta.org.mx\/?p=46092"},"modified":"2020-03-13T02:07:53","modified_gmt":"2020-03-13T08:07:53","slug":"otorgan-suspension-de-la-autopista-toluca-naucalpan-y-vuelven-enfrentamientos-estado-de-mexico","status":"publish","type":"post","link":"https:\/\/www.grieta.org.mx\/index.php\/2020\/03\/10\/otorgan-suspension-de-la-autopista-toluca-naucalpan-y-vuelven-enfrentamientos-estado-de-mexico\/","title":{"rendered":"Otorgan suspensi\u00f3n de la autopista Toluca-Naucalpan y vuelven enfrentamientos (Estado de M\u00e9xico)"},"content":{"rendered":"<p><img loading=\"lazy\" decoding=\"async\" data-attachment-id=\"46093\" data-permalink=\"https:\/\/www.grieta.org.mx\/index.php\/2020\/03\/10\/otorgan-suspension-de-la-autopista-toluca-naucalpan-y-vuelven-enfrentamientos-estado-de-mexico\/otorgan-suspension-de-la-autopista-toluca-naucalpan-y-vuelven-enfrentamientos-edomex-mzo\/\" data-orig-file=\"https:\/\/www.grieta.org.mx\/wp-content\/uploads\/2020\/03\/Otorgan-suspensi\u00f3n-de-la-autopista-Toluca-Naucalpan-y-vuelven-enfrentamientos-edomex-mzo.jpg\" data-orig-size=\"768,479\" data-comments-opened=\"0\" data-image-meta=\"{&quot;aperture&quot;:&quot;0&quot;,&quot;credit&quot;:&quot;&quot;,&quot;camera&quot;:&quot;&quot;,&quot;caption&quot;:&quot;&quot;,&quot;created_timestamp&quot;:&quot;0&quot;,&quot;copyright&quot;:&quot;&quot;,&quot;focal_length&quot;:&quot;0&quot;,&quot;iso&quot;:&quot;0&quot;,&quot;shutter_speed&quot;:&quot;0&quot;,&quot;title&quot;:&quot;&quot;,&quot;orientation&quot;:&quot;0&quot;}\" data-image-title=\"Otorgan suspensi\u00f3n de la autopista Toluca-Naucalpan y vuelven enfrentamientos edomex mzo\" data-image-description=\"\" data-image-caption=\"\" data-medium-file=\"https:\/\/www.grieta.org.mx\/wp-content\/uploads\/2020\/03\/Otorgan-suspensi\u00f3n-de-la-autopista-Toluca-Naucalpan-y-vuelven-enfrentamientos-edomex-mzo-300x187.jpg\" data-large-file=\"https:\/\/www.grieta.org.mx\/wp-content\/uploads\/2020\/03\/Otorgan-suspensi\u00f3n-de-la-autopista-Toluca-Naucalpan-y-vuelven-enfrentamientos-edomex-mzo.jpg\" class=\"aligncenter size-full wp-image-46093\" src=\"http:\/\/www.grieta.org.mx\/wp-content\/uploads\/2020\/03\/Otorgan-suspensi\u00f3n-de-la-autopista-Toluca-Naucalpan-y-vuelven-enfrentamientos-edomex-mzo.jpg\" alt=\"\" width=\"768\" height=\"479\" srcset=\"https:\/\/www.grieta.org.mx\/wp-content\/uploads\/2020\/03\/Otorgan-suspensi\u00f3n-de-la-autopista-Toluca-Naucalpan-y-vuelven-enfrentamientos-edomex-mzo.jpg 768w, https:\/\/www.grieta.org.mx\/wp-content\/uploads\/2020\/03\/Otorgan-suspensi\u00f3n-de-la-autopista-Toluca-Naucalpan-y-vuelven-enfrentamientos-edomex-mzo-300x187.jpg 300w\" sizes=\"auto, (max-width: 768px) 100vw, 768px\" \/><br \/>\nFoto: Cortes\u00eda San Francisco Xochicuautla<\/p>\n<p>Filiberto Ramos \/ El Sol de Toluca<\/p>\n<blockquote><p>Uno de los cuatro juicios de amparo que se mantienen vigentes en contra de la obra vial tuvo resultados a favor de la comunidad de San Francisco Xochicuautla, seg\u00fan detallan los vecinos que se oponen a la obra<\/p><\/blockquote>\n<p>Un nuevo enfrentamiento entre comuneros de San Francisco Xochicuautla, en Lerma, y polic\u00edas estatales se gener\u00f3 este martes en la zona de obras de la autopista Toluca-Naucalpan, luego de que un juez le otorgara a la comunidad la suspensi\u00f3n definitiva de los trabajos, seg\u00fan detalla la parte que se opone a la obra.<\/p>\n<p>Jaime Vargas, integrante del Consejo Ind\u00edgena Supremo de Xochicuautla, inform\u00f3 que el viernes pasado 5 de marzo por orden del juez del Quinto Juzgado del Distrito de Toluca, recibieron una notificaci\u00f3n en favor de San Francisco Xochicuautla y su anexo La Concepci\u00f3n Xochicuautla, por medio del n\u00famero de amparo 441\/2016 en contra de la autopista Toluca \u2013 Naucalpan.<\/p>\n<p>Con lo cual se obliga a la suspensi\u00f3n inmediata y de forma permanente de las obras viales que se realizan desde hace a\u00f1os en el cerro de La Campana, en Lerma.<\/p>\n<p>&#8220;Nos dicen que a partir de la fecha se\u00f1alada con 5 de Marzo de 2020, la empresa de la constructora de la autopista y autoridades responsables tienen 24 horas para dejar de trabajar en el trazo carretero, dando la raz\u00f3n a nuestra comunidad que efectivamente est\u00e1n violando la suspensi\u00f3n definitiva de trabajos y de obras que tenemos de hace tiempo&#8221;.<\/p>\n<p>Derivado de la resoluci\u00f3n del juez, los comuneros subieron desde el lunes para obligar a parar los trabajos a los obreros de la constructora, as\u00ed como a bajar la maquinaria.<\/p>\n<p>Sin embargo, eso provoc\u00f3 que hubiera nuevamente intervenci\u00f3n de elementos de la Secretar\u00eda de Seguridad del Estado de M\u00e9xico (SSEM) y brotes de violencia.<\/p>\n<p>&#8220;Los habitantes subimos a la zona de obras para bajar la maquinaria y parar las obras pero fuimos reprimidos por la polic\u00eda&#8221;, denunci\u00f3 Vargas.<\/p>\n<p>Actualmente existen diversos amparos ingresados para la suspensi\u00f3n de las obras viales, que se realizan en territorio de la comunidad ind\u00edgena.<\/p>\n<p>Vargas detall\u00f3 que adem\u00e1s del juicio 441\/2016, el cual ya se gan\u00f3, hay otros como el juicio 771\/2015; el juicio 1117\/2018 y el m\u00e1s reciente es el 1635\/2019, el cual fue firmado por la comunidad de Huitzitzilapan y San Francisco Xochicuautla. Este \u00faltimo fue por Suspensi\u00f3n de Plano y Oficio.<\/p>\n<p>El comunero detall\u00f3 que, el mes pasado, el Instituto Nacional para los Pueblos Ind\u00edgenas (INPI) y el Instituto Nacional de Antropolog\u00eda e Historia (INAH) realizaron una visita para inspeccionar y generar un dictamen sobre el da\u00f1o a las rutas sagradas del cerro La Campana, causadas por el paso de las obras viales.<\/p>\n<p>\u201cEstamos a la espera que el INPI y el INAH nos entreguen su dictamen sobre las afectaciones a nuestras rutas sagradas y que se puedan presentar al juez como pruebas\u201d, argument\u00f3 Jaime Vargas.<\/p>\n<p>El grupo que encabeza Jaime Vargas, se subdividi\u00f3 de otro, el cual a principios de 2019 decidieron aceptar el paso de la autopista y llegaron a un acuerdo en el que hay de por medio un proyecto sustentable con paso de puentes y un convenio para que parte del porcentaje de las ganancias en el peaje, sea para la comunidad de San Francisco Xochicuautla.<\/p>\n<p>Sin embargo, luego de las protestas que han hecho los integrantes del Consejo Supremo Ind\u00edgena, ha echado abajo los planes del grupo de comuneros la SCT y la constructora Teya, propiedad de Juan Armando Hinojosa Cant\u00fa.<\/p>\n<p><a href=\"https:\/\/www.elsoldetoluca.com.mx\/local\/otorgan-suspension-de-la-autopista-toluca-naucalpan-y-vuelven-enfrentamientos-4951965.html\" target=\"_blank\" rel=\"noopener noreferrer\">https:\/\/www.elsoldetoluca.com.mx\/local\/otorgan-suspension-de-la-autopista-toluca-naucalpan-y-vuelven-enfrentamientos-4951965.html<\/a><\/p>\n","protected":false},"excerpt":{"rendered":"<p>Foto: Cortes\u00eda San Francisco Xochicuautla Filiberto Ramos \/ El Sol de Toluca Uno de los cuatro juicios de amparo que se mantienen vigentes en contra de la obra vial tuvo &hellip; <a href=\"https:\/\/www.grieta.org.mx\/index.php\/2020\/03\/10\/otorgan-suspension-de-la-autopista-toluca-naucalpan-y-vuelven-enfrentamientos-estado-de-mexico\/\" class=\"more-link\">Leer m\u00e1s<\/a><\/p>\n","protected":false},"author":2,"featured_media":46093,"comment_status":"closed","ping_status":"closed","sticky":false,"template":"","format":"standard","meta":{"ngg_post_thumbnail":0,"_jetpack_newsletter_access":"","_jetpack_dont_email_post_to_subs":false,"_jetpack_newsletter_tier_id":0,"_jetpack_memberships_contains_paywalled_content":false,"_jetpack_memberships_contains_paid_content":false,"footnotes":""},"categories":[50,2798,306,80,2989,1278,964,1,954,16,1729,3,922,3035,932,2,2526,83],"tags":[2204,1065,2465],"class_list":["post-46092","post","type-post","status-publish","format-standard","has-post-thumbnail","hentry","category-6-xochicuautla","category-abuso-policiaco-y-tortura-en-el-estado-de-mexico","category-autopista-toluca-naucalpan","category-cintillo","category-despojo-de-tierras-en-el-estado-de-mexico","category-despojo-de-tierras-y-territorios","category-esp-edo-mex","category-espejos-de-la-resistencia","category-espejos-estados","category-estado-de-mexico","category-lucha-y-resistencia-del-pueblo-en-el-estado-de-mexico","category-megaproyectos","category-megaproyectos-estados","category-movilizaciones-y-protestas-de-habitantes-en-el-estado-de-mexico","category-mp-edo-mex","category-noticias-nacionales","category-resistencia-de-los-pueblos-indigenas-del-estado-de-mexico","category-temas-nacionales","tag-abuso-de-fuerzas-represivas","tag-despojo-de-agua-y-tierras","tag-despojo-de-territorios-indigenas","entry"],"jetpack_featured_media_url":"https:\/\/www.grieta.org.mx\/wp-content\/uploads\/2020\/03\/Otorgan-suspensi\u00f3n-de-la-autopista-Toluca-Naucalpan-y-vuelven-enfrentamientos-edomex-mzo.jpg","jetpack_sharing_enabled":true,"jetpack_shortlink":"https:\/\/wp.me\/p7ZJR4-bZq","jetpack_likes_enabled":false,"jetpack-related-posts":[{"id":36228,"url":"https:\/\/www.grieta.org.mx\/index.php\/2019\/07\/10\/comunidad-de-xochicuautla-denuncia-hostigamiento-de-policia-estatal-y-grupo-higa-edomex\/","url_meta":{"origin":46092,"position":0},"title":"Comunidad de Xochicuautla denuncia hostigamiento de polic\u00eda estatal y Grupo Higa (Edomex)","author":"grieta","date":"10 julio, 2019","format":false,"excerpt":"Foto: Ilustrativa Pobladores de Xochicuautla refirieron que la constructora de Grupo Higa est\u00e1 trabajando ilegalmente. Nancy G\u00f3mez \/ SDP Noticias M\u00e9xico.- Pobladores de\u00a0San Francisco\u00a0Xochicuautla, Estado de M\u00e9xico, denunciaron\u00a0\u00a0hostigamiento\u00a0en su contra por parte de la\u00a0polic\u00eda estatal y de trabajadores de la constructora Teya,\u00a0perteneciente a\u00a0Grupo Higa, mismos que pretenden reiniciar los trabajos\u2026","rel":"","context":"En &quot;6. Xochicuautla&quot;","block_context":{"text":"6. Xochicuautla","link":"https:\/\/www.grieta.org.mx\/index.php\/category\/espejos-de-la-resistencia\/6-xochicuautla\/"},"img":{"alt_text":"","src":"https:\/\/i0.wp.com\/www.grieta.org.mx\/wp-content\/uploads\/2019\/07\/GANA-AMPARO-XOCHICUAUTLA.jpg?resize=350%2C200&ssl=1","width":350,"height":200,"srcset":"https:\/\/i0.wp.com\/www.grieta.org.mx\/wp-content\/uploads\/2019\/07\/GANA-AMPARO-XOCHICUAUTLA.jpg?resize=350%2C200&ssl=1 1x, https:\/\/i0.wp.com\/www.grieta.org.mx\/wp-content\/uploads\/2019\/07\/GANA-AMPARO-XOCHICUAUTLA.jpg?resize=525%2C300&ssl=1 1.5x"},"classes":[]},{"id":39139,"url":"https:\/\/www.grieta.org.mx\/index.php\/2019\/09\/10\/nuevo-ataque-contra-comunidades-otomis-en-defensa-del-bosque\/","url_meta":{"origin":46092,"position":1},"title":"Nuevo ataque contra comunidades Otom\u00eds en defensa del bosque","author":"grieta","date":"10 septiembre, 2019","format":false,"excerpt":"Colectivo grieta, 10 de septiembre de 2019. El d\u00eda 9 de septiembre a las 9.30 de la ma\u00f1ana, pobladores de la comunidad San Francisco Xochicuautla en el Estado de M\u00e9xico, que resisten a la construcci\u00f3n de la autopista Toluca-Naucalpan, fueron agredidos por un grupo de golpeadores. En un comunicado hecho\u2026","rel":"","context":"En &quot;6. Xochicuautla&quot;","block_context":{"text":"6. Xochicuautla","link":"https:\/\/www.grieta.org.mx\/index.php\/category\/espejos-de-la-resistencia\/6-xochicuautla\/"},"img":{"alt_text":"","src":"https:\/\/i0.wp.com\/www.grieta.org.mx\/wp-content\/uploads\/2018\/03\/14524434_1106112876131411_958039263622046936_o.jpg?resize=350%2C200&ssl=1","width":350,"height":200,"srcset":"https:\/\/i0.wp.com\/www.grieta.org.mx\/wp-content\/uploads\/2018\/03\/14524434_1106112876131411_958039263622046936_o.jpg?resize=350%2C200&ssl=1 1x, https:\/\/i0.wp.com\/www.grieta.org.mx\/wp-content\/uploads\/2018\/03\/14524434_1106112876131411_958039263622046936_o.jpg?resize=525%2C300&ssl=1 1.5x, https:\/\/i0.wp.com\/www.grieta.org.mx\/wp-content\/uploads\/2018\/03\/14524434_1106112876131411_958039263622046936_o.jpg?resize=700%2C400&ssl=1 2x"},"classes":[]},{"id":47052,"url":"https:\/\/www.grieta.org.mx\/index.php\/2020\/04\/01\/grupo-higa-continua-autopista-ilegal-bajo-proteccion-de-guardia-y-policia-mexiquense-edomex\/","url_meta":{"origin":46092,"position":2},"title":"Grupo Higa contin\u00faa autopista ilegal, bajo protecci\u00f3n de Guardia y polic\u00eda mexiquense (Edomex)","author":"Admin","date":"1 abril, 2020","format":false,"excerpt":"Texto: Lydiette Carri\u00f3n \/ Pie de p\u00e1gina Ciudad de M\u00e9xico.- Este martes, los obreros que concluyen a todas prisas la autopista privada Naucalpan- Toluca llegaron a trabajar como si no hubiera emergencia sanitaria nacional; y como si no hubiera un amparo de suspensi\u00f3n definitiva. Llegaron en punto, a las nueve\u2026","rel":"","context":"En &quot;6. Xochicuautla&quot;","block_context":{"text":"6. Xochicuautla","link":"https:\/\/www.grieta.org.mx\/index.php\/category\/espejos-de-la-resistencia\/6-xochicuautla\/"},"img":{"alt_text":"","src":"https:\/\/i0.wp.com\/www.grieta.org.mx\/wp-content\/uploads\/2020\/04\/especial_xochichuautla.jpg?resize=350%2C200&ssl=1","width":350,"height":200,"srcset":"https:\/\/i0.wp.com\/www.grieta.org.mx\/wp-content\/uploads\/2020\/04\/especial_xochichuautla.jpg?resize=350%2C200&ssl=1 1x, https:\/\/i0.wp.com\/www.grieta.org.mx\/wp-content\/uploads\/2020\/04\/especial_xochichuautla.jpg?resize=525%2C300&ssl=1 1.5x, https:\/\/i0.wp.com\/www.grieta.org.mx\/wp-content\/uploads\/2020\/04\/especial_xochichuautla.jpg?resize=700%2C400&ssl=1 2x, https:\/\/i0.wp.com\/www.grieta.org.mx\/wp-content\/uploads\/2020\/04\/especial_xochichuautla.jpg?resize=1050%2C600&ssl=1 3x"},"classes":[]},{"id":47033,"url":"https:\/\/www.grieta.org.mx\/index.php\/2020\/03\/31\/denuncian-detencion-del-defensor-otomi-ivan-vargas-gonzalez-xochicuautla-edomex\/","url_meta":{"origin":46092,"position":3},"title":"Denuncian detenci\u00f3n del defensor otom\u00ed Iv\u00e1n Vargas Gonz\u00e1lez (Xochicuautla, Edomex)","author":"grieta","date":"31 marzo, 2020","format":false,"excerpt":"Neldy San Mart\u00edn\/ PROCESO CIUDAD DE M\u00c9XICO (apro).- Pobladores de la comunidad ind\u00edgena otom\u00ed de San Francisco Xochicuautla, Estado de M\u00e9xico, denunciaron que el defensor otom\u00ed Iv\u00e1n Vargas Gonz\u00e1lez fue detenido este martes por polic\u00edas estatales y desconocen su paradero. A las 9 de la ma\u00f1ana, Iv\u00e1n Vargas Gonz\u00e1lez y\u2026","rel":"","context":"En &quot;6. Xochicuautla&quot;","block_context":{"text":"6. Xochicuautla","link":"https:\/\/www.grieta.org.mx\/index.php\/category\/espejos-de-la-resistencia\/6-xochicuautla\/"},"img":{"alt_text":"","src":"https:\/\/i0.wp.com\/www.grieta.org.mx\/wp-content\/uploads\/2020\/03\/Iv%C3%A1n-Vargas.jpg?resize=350%2C200&ssl=1","width":350,"height":200,"srcset":"https:\/\/i0.wp.com\/www.grieta.org.mx\/wp-content\/uploads\/2020\/03\/Iv%C3%A1n-Vargas.jpg?resize=350%2C200&ssl=1 1x, https:\/\/i0.wp.com\/www.grieta.org.mx\/wp-content\/uploads\/2020\/03\/Iv%C3%A1n-Vargas.jpg?resize=525%2C300&ssl=1 1.5x, https:\/\/i0.wp.com\/www.grieta.org.mx\/wp-content\/uploads\/2020\/03\/Iv%C3%A1n-Vargas.jpg?resize=700%2C400&ssl=1 2x"},"classes":[]},{"id":46709,"url":"https:\/\/www.grieta.org.mx\/index.php\/2020\/03\/21\/comunidad-de-xochicuautla-logra-detener-carretera-impulsada-por-pena-nieto-estado-de-mexico\/","url_meta":{"origin":46092,"position":4},"title":"Comunidad de Xochicuautla logra detener carretera impulsada por Pe\u00f1a Nieto (Estado de M\u00e9xico)","author":"grieta","date":"21 marzo, 2020","format":false,"excerpt":"Texto: Lydiette Carri\u00f3n Fotos: Sa\u00fal L\u00f3pez Pie de P\u00e1gina La comunidad ind\u00edgena otom\u00ed H\u00f1ath\u00f6 San Francisco Xochicuautla y su barrio La Concepci\u00f3n ganaron la suspensi\u00f3n definitiva de la autopista M\u00e9xico-Naucalpan. \u00c9sta es la culminaci\u00f3n de 13 a\u00f1os de oposici\u00f3n al gobierno del Estado de M\u00e9xico y una empresa filial a\u2026","rel":"","context":"En &quot;6. Xochicuautla&quot;","block_context":{"text":"6. Xochicuautla","link":"https:\/\/www.grieta.org.mx\/index.php\/category\/espejos-de-la-resistencia\/6-xochicuautla\/"},"img":{"alt_text":"","src":"https:\/\/i0.wp.com\/www.grieta.org.mx\/wp-content\/uploads\/2020\/03\/Comunidad-de-Xochicuautla-logra-detener-carretera-impulsada-por-Pe%C3%B1a-Nieto-edomex-mzo.jpeg?resize=350%2C200&ssl=1","width":350,"height":200,"srcset":"https:\/\/i0.wp.com\/www.grieta.org.mx\/wp-content\/uploads\/2020\/03\/Comunidad-de-Xochicuautla-logra-detener-carretera-impulsada-por-Pe%C3%B1a-Nieto-edomex-mzo.jpeg?resize=350%2C200&ssl=1 1x, https:\/\/i0.wp.com\/www.grieta.org.mx\/wp-content\/uploads\/2020\/03\/Comunidad-de-Xochicuautla-logra-detener-carretera-impulsada-por-Pe%C3%B1a-Nieto-edomex-mzo.jpeg?resize=525%2C300&ssl=1 1.5x, https:\/\/i0.wp.com\/www.grieta.org.mx\/wp-content\/uploads\/2020\/03\/Comunidad-de-Xochicuautla-logra-detener-carretera-impulsada-por-Pe%C3%B1a-Nieto-edomex-mzo.jpeg?resize=700%2C400&ssl=1 2x, https:\/\/i0.wp.com\/www.grieta.org.mx\/wp-content\/uploads\/2020\/03\/Comunidad-de-Xochicuautla-logra-detener-carretera-impulsada-por-Pe%C3%B1a-Nieto-edomex-mzo.jpeg?resize=1050%2C600&ssl=1 3x"},"classes":[]},{"id":3302,"url":"https:\/\/www.grieta.org.mx\/index.php\/2016\/09\/07\/despojo-de-tierra-en-xochicuautla-y-huitzizilapan-por-autopista-toluca-naucalpan\/","url_meta":{"origin":46092,"position":5},"title":"Despojo de tierra en Xochicuautla y Huitzizilapan por autopista Toluca-Naucalpan","author":"grieta","date":"7 septiembre, 2016","format":false,"excerpt":"07\/09\/16. Grupo Higa ignor\u00f3 a grupo de la ONU que investiga la construcci\u00f3n de autopista en XochicuautlaAnimal Pol\u00edtico 07\/09\/16. El derribo del Castillo en Xochicuautla, la afrenta contra habitantes expuesta ante la ONUAnimal Pol\u00edtico 01\/09\/16. Ni\u00f1os de Xochicuautla acusan a Pe\u00f1a, a La Gaviota e Higa por vulnerar derechosProceso 08\/06\/16.\u2026","rel":"","context":"En &quot;6. Xochicuautla&quot;","block_context":{"text":"6. Xochicuautla","link":"https:\/\/www.grieta.org.mx\/index.php\/category\/espejos-de-la-resistencia\/6-xochicuautla\/"},"img":{"alt_text":"","src":"https:\/\/i0.wp.com\/www.grieta.org.mx\/wp-content\/uploads\/2018\/03\/14524434_1106112876131411_958039263622046936_o.jpg?resize=350%2C200&ssl=1","width":350,"height":200,"srcset":"https:\/\/i0.wp.com\/www.grieta.org.mx\/wp-content\/uploads\/2018\/03\/14524434_1106112876131411_958039263622046936_o.jpg?resize=350%2C200&ssl=1 1x, https:\/\/i0.wp.com\/www.grieta.org.mx\/wp-content\/uploads\/2018\/03\/14524434_1106112876131411_958039263622046936_o.jpg?resize=525%2C300&ssl=1 1.5x, https:\/\/i0.wp.com\/www.grieta.org.mx\/wp-content\/uploads\/2018\/03\/14524434_1106112876131411_958039263622046936_o.jpg?resize=700%2C400&ssl=1 2x"},"classes":[]}],"_links":{"self":[{"href":"https:\/\/www.grieta.org.mx\/index.php\/wp-json\/wp\/v2\/posts\/46092","targetHints":{"allow":["GET"]}}],"collection":[{"href":"https:\/\/www.grieta.org.mx\/index.php\/wp-json\/wp\/v2\/posts"}],"about":[{"href":"https:\/\/www.grieta.org.mx\/index.php\/wp-json\/wp\/v2\/types\/post"}],"author":[{"embeddable":true,"href":"https:\/\/www.grieta.org.mx\/index.php\/wp-json\/wp\/v2\/users\/2"}],"replies":[{"embeddable":true,"href":"https:\/\/www.grieta.org.mx\/index.php\/wp-json\/wp\/v2\/comments?post=46092"}],"version-history":[{"count":1,"href":"https:\/\/www.grieta.org.mx\/index.php\/wp-json\/wp\/v2\/posts\/46092\/revisions"}],"predecessor-version":[{"id":46094,"href":"https:\/\/www.grieta.org.mx\/index.php\/wp-json\/wp\/v2\/posts\/46092\/revisions\/46094"}],"wp:featuredmedia":[{"embeddable":true,"href":"https:\/\/www.grieta.org.mx\/index.php\/wp-json\/wp\/v2\/media\/46093"}],"wp:attachment":[{"href":"https:\/\/www.grieta.org.mx\/index.php\/wp-json\/wp\/v2\/media?parent=46092"}],"wp:term":[{"taxonomy":"category","embeddable":true,"href":"https:\/\/www.grieta.org.mx\/index.php\/wp-json\/wp\/v2\/categories?post=46092"},{"taxonomy":"post_tag","embeddable":true,"href":"https:\/\/www.grieta.org.mx\/index.php\/wp-json\/wp\/v2\/tags?post=46092"}],"curies":[{"name":"wp","href":"https:\/\/api.w.org\/{rel}","templated":true}]}}