{"id":4607,"date":"2015-10-21T04:13:08","date_gmt":"2015-10-21T04:13:08","guid":{"rendered":"http:\/\/50.22.11.12\/~grietaor\/?p=4607"},"modified":"2016-04-01T19:40:57","modified_gmt":"2016-04-01T19:40:57","slug":"oaxaquenos-resisten-a-la-destruccion-del-cerro-del-fortin","status":"publish","type":"post","link":"https:\/\/www.grieta.org.mx\/index.php\/2015\/10\/21\/oaxaquenos-resisten-a-la-destruccion-del-cerro-del-fortin\/","title":{"rendered":"Oaxaque\u00f1os resisten a la destrucci\u00f3n del Cerro del Fort\u00edn"},"content":{"rendered":"<p><strong>21\/10\/15. <\/strong><a href=\"http:\/\/grieta.org.mx\/index.php\/2015\/10\/21\/cue-renuncia-a-construir-en-el-cerro-del-fortin-cambia-sede-del-centro-de-convenciones\/\">Cu\u00e9 renuncia a construir en el Cerro del Fort\u00edn; cambia sede del Centro de Convenciones<\/a><br \/>\n<em>Proceso<\/em><\/p>\n<p><strong>06\/10\/15. <\/strong><a href=\"http:\/\/grieta.org.mx\/index.php\/2015\/10\/06\/desde-las-esferas-del-gobierno-amenazan-a-francisco-toledo-y-sergio-hernandez-por-oponerse-al-centro-de-convenciones\/\">Desde las esferas del gobierno amenazan a Francisco Toledo y Sergio Hern\u00e1ndez por oponerse al Centro de Convenciones<\/a><br \/>\n<em>P\u00e1gina 3<\/em><\/p>\n<p><strong>03\/10\/15. <\/strong><a href=\"http:\/\/grieta.org.mx\/index.php\/2015\/10\/03\/caprichos-personales-o-politicos-no-deben-obstaculizar-el-ccco-dice-dirigente-del-pan\/\">Caprichos personales o pol\u00edticos no deben obstaculizar el CCCO, dice dirigente del PAN<\/a><br \/>\n<em>P\u00e1gina 3<\/em><\/p>\n<p><strong>02\/10\/15. <\/strong><a href=\"http:\/\/grieta.org.mx\/index.php\/2015\/10\/02\/appj-pide-a-gabino-cue-no-construir-centro-de-convenciones-en-cerro-de-fortin\/\">APPJ pide a Gabino Cu\u00e9 no construir Centro de Convenciones en Cerro de Fort\u00edn<\/a><br \/>\n<em>P\u00e1gina 3<\/em><\/p>\n<p><strong>21\/09\/15. <\/strong><a href=\"http:\/\/grieta.org.mx\/index.php\/2015\/09\/21\/obligan-a-trabajadores-del-gobierno-del-estado-a-conseguir-copias-de-credencial-de-elector-a-favor-de-ccco\/\">Obligan a trabajadores del Gobierno del Estado, a conseguir copias de credencial de elector a favor de CCCO<\/a><br \/>\n<em>P\u00e1gina 3<\/em><\/p>\n<p><strong>08\/09\/15. <\/strong><a href=\"http:\/\/grieta.org.mx\/index.php\/2015\/09\/08\/expertos-argumentan-inviabilidad-del-ccco-en-el-cerro-del-fortin\/\">Expertos argumentan inviabilidad del CCCO en el Cerro del Fort\u00edn<\/a><br \/>\n<em>Voces Oaxaca<\/em><\/p>\n<p><strong>05\/09\/15. <\/strong><a href=\"http:\/\/grieta.org.mx\/index.php\/2015\/09\/05\/el-organismo-se-deslinda-de-la-embajadora-harriet-turner\/\">El organismo se deslinda de la embajadora Harriet Turner<\/a><br \/>\n<em>La Jornada<\/em><\/p>\n<p><strong>17\/07\/15. <\/strong><a href=\"http:\/\/www.grieta.org.mx\/?p=454084\" target=\"_blank\">Gobierno muestra desinter\u00e9s por debatir sobre CCCO<\/a><br \/>\n<em>P\u00e1gina 3<\/em><\/p>\n<p><strong>17\/07\/15. <\/strong><a href=\"http:\/\/www.grieta.org.mx\/?p=454261\" target=\"_blank\">Despliegan tag gigante frente a Santo Domingo en Oaxaca, en defensa del cerro del Fort\u00edn (Opini\u00f3n)<\/a><br \/>\n<em>M\u00e1s de 131<\/em><\/p>\n<p><strong>16\/07\/15. <\/strong><a href=\"http:\/\/grieta.org.mx\/index.php\/2015\/07\/16\/habra-proceso-de-consulta-publica-sobre-el-centro-de-convenciones-en-el-cerro-del-fortin\/\">Habr\u00e1 proceso de consulta p\u00fablica sobre el Centro de Convenciones en el Cerro del Fort\u00edn<\/a><br \/>\n<em>Desinform\u00e9monos<\/em><\/p>\n<p><strong>14\/07\/15. <\/strong><a href=\"http:\/\/grieta.org.mx\/index.php\/2015\/07\/14\/la-guerra-continua-advierte-frente-a-gobierno-de-oaxaca\/\">La guerra contin\u00faa, advierte Frente a Gobierno de Oaxaca<\/a><br \/>\n<em>P\u00e1gina 3<\/em><\/p>\n<p><strong>13\/07\/15. <\/strong><a href=\"http:\/\/grieta.org.mx\/index.php\/2015\/07\/13\/solicitan-a-la-corte-atraer-caso-del-centro-de-convenciones-de-oaxaca\/\">Solicitan a la Corte atraer caso del Centro de Convenciones de Oaxaca<\/a><br \/>\n<em>Proceso<\/em><\/p>\n<p><strong>07\/07\/15. <\/strong><a href=\"http:\/\/grieta.org.mx\/index.php\/2015\/07\/07\/tres-razones-para-oponerse-al-centro-de-convenciones-en-el-cerro-del-fortin\/\">Tres razones para oponerse al Centro de Convenciones en el cerro del Fort\u00edn<\/a><br \/>\n<em>P\u00e1gina 3<\/em><\/p>\n<p><strong>07\/07\/15. <\/strong><a href=\"http:\/\/grieta.org.mx\/index.php\/2015\/07\/07\/empresa-maniobra-para-continuar-destruccion-del-cerro-el-fortin-oaxaca\/\">Empresa maniobra para continuar destrucci\u00f3n del cerro El Fort\u00edn, Oaxaca<\/a><br \/>\n<em>Desinform\u00e9monos<\/em><\/p>\n<p><strong>30\/06\/15. <\/strong><a href=\"http:\/\/grieta.org.mx\/index.php\/2015\/06\/30\/agreden-a-manifestantes-encabezados-por-toledo-en-el-cerro-del-fortin\/\">Agreden a manifestantes encabezados por Toledo en el Cerro del Fort\u00edn<\/a><br \/>\n<em>Proceso<\/em><\/p>\n<p><strong>30\/06\/15. <\/strong><a href=\"http:\/\/grieta.org.mx\/index.php\/2015\/06\/30\/frente-en-defensa-del-cerro-del-fortin-busca-clausurar-el-ccco\/\">Frente en Defensa del Cerro del Fort\u00edn busca clausurar el CCCO<\/a><br \/>\n<em>P\u00e1gina 3<\/em><\/p>\n","protected":false},"excerpt":{"rendered":"<p>21\/10\/15. Cu\u00e9 renuncia a construir en el Cerro del Fort\u00edn; cambia sede del Centro de Convenciones Proceso 06\/10\/15. Desde las esferas del gobierno amenazan a Francisco Toledo y Sergio Hern\u00e1ndez &hellip; <a href=\"https:\/\/www.grieta.org.mx\/index.php\/2015\/10\/21\/oaxaquenos-resisten-a-la-destruccion-del-cerro-del-fortin\/\" class=\"more-link\">Leer m\u00e1s<\/a><\/p>\n","protected":false},"author":2,"featured_media":21928,"comment_status":"closed","ping_status":"open","sticky":false,"template":"","format":"standard","meta":{"ngg_post_thumbnail":0,"_jetpack_newsletter_access":"","_jetpack_dont_email_post_to_subs":false,"_jetpack_newsletter_tier_id":0,"_jetpack_memberships_contains_paywalled_content":false,"_jetpack_memberships_contains_paid_content":false,"footnotes":""},"categories":[43,2,25],"tags":[],"class_list":["post-4607","post","type-post","status-publish","format-standard","has-post-thumbnail","hentry","category-areas-naturales-protegidas","category-noticias-nacionales","category-oaxaca","entry"],"jetpack_featured_media_url":"https:\/\/www.grieta.org.mx\/wp-content\/uploads\/2018\/03\/14524434_1106112876131411_958039263622046936_o.jpg","jetpack_sharing_enabled":true,"jetpack_shortlink":"https:\/\/wp.me\/p7ZJR4-1cj","jetpack_likes_enabled":false,"jetpack-related-posts":[{"id":4680,"url":"https:\/\/www.grieta.org.mx\/index.php\/2015\/10\/02\/appj-pide-a-gabino-cue-no-construir-centro-de-convenciones-en-cerro-de-fortin\/","url_meta":{"origin":4607,"position":0},"title":"APPJ pide a Gabino Cu\u00e9 no construir Centro de Convenciones en Cerro de Fort\u00edn","author":"grieta","date":"2 octubre, 2015","format":false,"excerpt":"Diana Manzo, Oaxaca. 2 de octubre.-JUCHIT\u00c1N,OAX.-Integrantes de la Asamblea Popular del Pueblo Juchiteco (APPJ) hicieron un llamado urgente al gobierno del estado de Oaxaca, Gabino Cu\u00e9 Monteagudo para que para que evite continuar con la construcci\u00f3n del Centro de Convenciones en el Cerro del Fort\u00edn, el cual aseguraron es patrimonio\u2026","rel":"","context":"En &quot;CINTILLO&quot;","block_context":{"text":"CINTILLO","link":"https:\/\/www.grieta.org.mx\/index.php\/category\/cintillo\/"},"img":{"alt_text":"","src":"https:\/\/i0.wp.com\/www.grieta.org.mx\/wp-content\/uploads\/2018\/03\/14524434_1106112876131411_958039263622046936_o.jpg?resize=350%2C200&ssl=1","width":350,"height":200,"srcset":"https:\/\/i0.wp.com\/www.grieta.org.mx\/wp-content\/uploads\/2018\/03\/14524434_1106112876131411_958039263622046936_o.jpg?resize=350%2C200&ssl=1 1x, https:\/\/i0.wp.com\/www.grieta.org.mx\/wp-content\/uploads\/2018\/03\/14524434_1106112876131411_958039263622046936_o.jpg?resize=525%2C300&ssl=1 1.5x, https:\/\/i0.wp.com\/www.grieta.org.mx\/wp-content\/uploads\/2018\/03\/14524434_1106112876131411_958039263622046936_o.jpg?resize=700%2C400&ssl=1 2x"},"classes":[]},{"id":4686,"url":"https:\/\/www.grieta.org.mx\/index.php\/2015\/10\/21\/cue-renuncia-a-construir-en-el-cerro-del-fortin-cambia-sede-del-centro-de-convenciones\/","url_meta":{"origin":4607,"position":1},"title":"Cu\u00e9 renuncia a construir en el Cerro del Fort\u00edn; cambia sede del Centro de Convenciones","author":"grieta","date":"21 octubre, 2015","format":false,"excerpt":"Pedro Mat\u00edas, Oaxaca. OAXACA, Oax. (apro).- Con el argumento de \u201cgarantizar la unidad de la sociedad oaxaque\u00f1a\u201d, el gobernador Gabino Cu\u00e9 Monteagudo determin\u00f3 cambiar la sede del Centro Cultural y de Convenciones de Oaxaca (CCCO) que beneficiaba a su secretario de Turismo, Jos\u00e9 Zorrilla, y que le gener\u00f3 una confrontaci\u00f3n\u2026","rel":"","context":"En &quot;CINTILLO&quot;","block_context":{"text":"CINTILLO","link":"https:\/\/www.grieta.org.mx\/index.php\/category\/cintillo\/"},"img":{"alt_text":"","src":"https:\/\/i0.wp.com\/www.grieta.org.mx\/wp-content\/uploads\/2018\/03\/14524434_1106112876131411_958039263622046936_o.jpg?resize=350%2C200&ssl=1","width":350,"height":200,"srcset":"https:\/\/i0.wp.com\/www.grieta.org.mx\/wp-content\/uploads\/2018\/03\/14524434_1106112876131411_958039263622046936_o.jpg?resize=350%2C200&ssl=1 1x, https:\/\/i0.wp.com\/www.grieta.org.mx\/wp-content\/uploads\/2018\/03\/14524434_1106112876131411_958039263622046936_o.jpg?resize=525%2C300&ssl=1 1.5x, https:\/\/i0.wp.com\/www.grieta.org.mx\/wp-content\/uploads\/2018\/03\/14524434_1106112876131411_958039263622046936_o.jpg?resize=700%2C400&ssl=1 2x"},"classes":[]},{"id":4668,"url":"https:\/\/www.grieta.org.mx\/index.php\/2015\/07\/16\/habra-proceso-de-consulta-publica-sobre-el-centro-de-convenciones-en-el-cerro-del-fortin\/","url_meta":{"origin":4607,"position":2},"title":"Habr\u00e1 proceso de consulta p\u00fablica sobre el Centro de Convenciones en el Cerro del Fort\u00edn","author":"grieta","date":"16 julio, 2015","format":false,"excerpt":"Desinform\u00e9monos Por presiones de las organizaciones agrupadas en el Frente de Defensa del Cerro del Fort\u00edn, el gobernador de Oaxaca, Gabino Cu\u00e9 Monteagudo acept\u00f3 someter a consulta p\u00fablica el Centro Cultural y de Convenciones que ser\u00e1 construido en la capital oaxaque\u00f1a y sobre un \u00e1rea protegida pretenden, adem\u00e1s de redise\u00f1ar\u2026","rel":"","context":"En &quot;CINTILLO&quot;","block_context":{"text":"CINTILLO","link":"https:\/\/www.grieta.org.mx\/index.php\/category\/cintillo\/"},"img":{"alt_text":"","src":"https:\/\/i0.wp.com\/www.grieta.org.mx\/wp-content\/uploads\/2018\/03\/14524434_1106112876131411_958039263622046936_o.jpg?resize=350%2C200&ssl=1","width":350,"height":200,"srcset":"https:\/\/i0.wp.com\/www.grieta.org.mx\/wp-content\/uploads\/2018\/03\/14524434_1106112876131411_958039263622046936_o.jpg?resize=350%2C200&ssl=1 1x, https:\/\/i0.wp.com\/www.grieta.org.mx\/wp-content\/uploads\/2018\/03\/14524434_1106112876131411_958039263622046936_o.jpg?resize=525%2C300&ssl=1 1.5x, https:\/\/i0.wp.com\/www.grieta.org.mx\/wp-content\/uploads\/2018\/03\/14524434_1106112876131411_958039263622046936_o.jpg?resize=700%2C400&ssl=1 2x"},"classes":[]},{"id":4610,"url":"https:\/\/www.grieta.org.mx\/index.php\/2015\/06\/30\/agreden-a-manifestantes-encabezados-por-toledo-en-el-cerro-del-fortin\/","url_meta":{"origin":4607,"position":3},"title":"Agreden a manifestantes encabezados por Toledo en el Cerro del Fort\u00edn","author":"grieta","date":"30 junio, 2015","format":false,"excerpt":"Pedro Mat\u00edas, Oaxaca OAXACA, Oax. (apro).- Grupos de choque presuntamente vinculados con el PRI y el gobierno de Gabino Cu\u00e9 disolvieron una manifestaci\u00f3n ciudadana encabezada por el pintor Francisco Toledo que se opone a la construcci\u00f3n del Centro Cultural y de Convenciones de Oaxaca en el Cerro del Fort\u00edn. En\u2026","rel":"","context":"En &quot;CINTILLO&quot;","block_context":{"text":"CINTILLO","link":"https:\/\/www.grieta.org.mx\/index.php\/category\/cintillo\/"},"img":{"alt_text":"","src":"https:\/\/i0.wp.com\/www.grieta.org.mx\/wp-content\/uploads\/2018\/03\/14524434_1106112876131411_958039263622046936_o.jpg?resize=350%2C200&ssl=1","width":350,"height":200,"srcset":"https:\/\/i0.wp.com\/www.grieta.org.mx\/wp-content\/uploads\/2018\/03\/14524434_1106112876131411_958039263622046936_o.jpg?resize=350%2C200&ssl=1 1x, https:\/\/i0.wp.com\/www.grieta.org.mx\/wp-content\/uploads\/2018\/03\/14524434_1106112876131411_958039263622046936_o.jpg?resize=525%2C300&ssl=1 1.5x, https:\/\/i0.wp.com\/www.grieta.org.mx\/wp-content\/uploads\/2018\/03\/14524434_1106112876131411_958039263622046936_o.jpg?resize=700%2C400&ssl=1 2x"},"classes":[]},{"id":4614,"url":"https:\/\/www.grieta.org.mx\/index.php\/2015\/07\/07\/tres-razones-para-oponerse-al-centro-de-convenciones-en-el-cerro-del-fortin\/","url_meta":{"origin":4607,"position":4},"title":"Tres razones para oponerse al Centro de Convenciones en el cerro del Fort\u00edn","author":"grieta","date":"7 julio, 2015","format":false,"excerpt":"Elisa Ruiz Hern\u00e1ndez, Oaxaca OAXACA, Oax. (sucedi\u00f3enoaxaca.com).- Juan Jos\u00e9 Consejo Due\u00f1as, director del Instituto de la Naturaleza y la Sociedad de Oaxaca (INSO), con m\u00e1s de 30 a\u00f1os de experiencia en la protecci\u00f3n de \u00e1reas naturales protegidas, advierte que una obra de las dimensiones del Centro Cultural y de Convenciones\u2026","rel":"","context":"En &quot;CINTILLO&quot;","block_context":{"text":"CINTILLO","link":"https:\/\/www.grieta.org.mx\/index.php\/category\/cintillo\/"},"img":{"alt_text":"","src":"https:\/\/i0.wp.com\/www.grieta.org.mx\/wp-content\/uploads\/2018\/03\/14524434_1106112876131411_958039263622046936_o.jpg?resize=350%2C200&ssl=1","width":350,"height":200,"srcset":"https:\/\/i0.wp.com\/www.grieta.org.mx\/wp-content\/uploads\/2018\/03\/14524434_1106112876131411_958039263622046936_o.jpg?resize=350%2C200&ssl=1 1x, https:\/\/i0.wp.com\/www.grieta.org.mx\/wp-content\/uploads\/2018\/03\/14524434_1106112876131411_958039263622046936_o.jpg?resize=525%2C300&ssl=1 1.5x, https:\/\/i0.wp.com\/www.grieta.org.mx\/wp-content\/uploads\/2018\/03\/14524434_1106112876131411_958039263622046936_o.jpg?resize=700%2C400&ssl=1 2x"},"classes":[]},{"id":4684,"url":"https:\/\/www.grieta.org.mx\/index.php\/2015\/10\/06\/desde-las-esferas-del-gobierno-amenazan-a-francisco-toledo-y-sergio-hernandez-por-oponerse-al-centro-de-convenciones\/","url_meta":{"origin":4607,"position":5},"title":"Desde las esferas del gobierno amenazan a Francisco Toledo y Sergio Hern\u00e1ndez por oponerse al Centro de Convenciones","author":"grieta","date":"6 octubre, 2015","format":false,"excerpt":"Pedro Mat\u00edas, Oaxaca. OAXACA, (pagina3.mx).- Con el hashtag #muerteatoledoylosopositoresalCCCO se inici\u00f3 una campa\u00f1a sucia y de represi\u00f3n en contra de los pintores Sergio Hern\u00e1ndez y Francisco Toledo por oponerse al negocio del secretario de Turismo, Jos\u00e9 Zorrilla Diego de SanMart\u00edn. Sin embargo, los artistas pl\u00e1sticos adelantaron que \u201cnada de esto\u2026","rel":"","context":"En &quot;CINTILLO&quot;","block_context":{"text":"CINTILLO","link":"https:\/\/www.grieta.org.mx\/index.php\/category\/cintillo\/"},"img":{"alt_text":"","src":"https:\/\/i0.wp.com\/www.grieta.org.mx\/wp-content\/uploads\/2018\/03\/14524434_1106112876131411_958039263622046936_o.jpg?resize=350%2C200&ssl=1","width":350,"height":200,"srcset":"https:\/\/i0.wp.com\/www.grieta.org.mx\/wp-content\/uploads\/2018\/03\/14524434_1106112876131411_958039263622046936_o.jpg?resize=350%2C200&ssl=1 1x, https:\/\/i0.wp.com\/www.grieta.org.mx\/wp-content\/uploads\/2018\/03\/14524434_1106112876131411_958039263622046936_o.jpg?resize=525%2C300&ssl=1 1.5x, https:\/\/i0.wp.com\/www.grieta.org.mx\/wp-content\/uploads\/2018\/03\/14524434_1106112876131411_958039263622046936_o.jpg?resize=700%2C400&ssl=1 2x"},"classes":[]}],"_links":{"self":[{"href":"https:\/\/www.grieta.org.mx\/index.php\/wp-json\/wp\/v2\/posts\/4607","targetHints":{"allow":["GET"]}}],"collection":[{"href":"https:\/\/www.grieta.org.mx\/index.php\/wp-json\/wp\/v2\/posts"}],"about":[{"href":"https:\/\/www.grieta.org.mx\/index.php\/wp-json\/wp\/v2\/types\/post"}],"author":[{"embeddable":true,"href":"https:\/\/www.grieta.org.mx\/index.php\/wp-json\/wp\/v2\/users\/2"}],"replies":[{"embeddable":true,"href":"https:\/\/www.grieta.org.mx\/index.php\/wp-json\/wp\/v2\/comments?post=4607"}],"version-history":[{"count":1,"href":"https:\/\/www.grieta.org.mx\/index.php\/wp-json\/wp\/v2\/posts\/4607\/revisions"}],"predecessor-version":[{"id":4691,"href":"https:\/\/www.grieta.org.mx\/index.php\/wp-json\/wp\/v2\/posts\/4607\/revisions\/4691"}],"wp:featuredmedia":[{"embeddable":true,"href":"https:\/\/www.grieta.org.mx\/index.php\/wp-json\/wp\/v2\/media\/21928"}],"wp:attachment":[{"href":"https:\/\/www.grieta.org.mx\/index.php\/wp-json\/wp\/v2\/media?parent=4607"}],"wp:term":[{"taxonomy":"category","embeddable":true,"href":"https:\/\/www.grieta.org.mx\/index.php\/wp-json\/wp\/v2\/categories?post=4607"},{"taxonomy":"post_tag","embeddable":true,"href":"https:\/\/www.grieta.org.mx\/index.php\/wp-json\/wp\/v2\/tags?post=4607"}],"curies":[{"name":"wp","href":"https:\/\/api.w.org\/{rel}","templated":true}]}}