{"id":46057,"date":"2020-03-01T11:36:47","date_gmt":"2020-03-01T17:36:47","guid":{"rendered":"http:\/\/www.grieta.org.mx\/?p=46057"},"modified":"2020-03-12T11:46:22","modified_gmt":"2020-03-12T17:46:22","slug":"desaparece-el-50-de-abejas-san-luis-potosi","status":"publish","type":"post","link":"https:\/\/www.grieta.org.mx\/index.php\/2020\/03\/01\/desaparece-el-50-de-abejas-san-luis-potosi\/","title":{"rendered":"Desaparece el 50% de abejas  (San Luis Potos\u00ed)"},"content":{"rendered":"<p>Gilberto Salas\/Quadrat\u00edn SLP<br \/>\n1 marzo 2020<\/p>\n<p><img loading=\"lazy\" decoding=\"async\" data-attachment-id=\"46058\" data-permalink=\"https:\/\/www.grieta.org.mx\/index.php\/2020\/03\/01\/desaparece-el-50-de-abejas-san-luis-potosi\/abejas-1160x700\/\" data-orig-file=\"https:\/\/www.grieta.org.mx\/wp-content\/uploads\/2020\/03\/abejas-1160x700.jpeg\" data-orig-size=\"1160,700\" data-comments-opened=\"0\" data-image-meta=\"{&quot;aperture&quot;:&quot;0&quot;,&quot;credit&quot;:&quot;&quot;,&quot;camera&quot;:&quot;&quot;,&quot;caption&quot;:&quot;&quot;,&quot;created_timestamp&quot;:&quot;0&quot;,&quot;copyright&quot;:&quot;&quot;,&quot;focal_length&quot;:&quot;0&quot;,&quot;iso&quot;:&quot;0&quot;,&quot;shutter_speed&quot;:&quot;0&quot;,&quot;title&quot;:&quot;&quot;,&quot;orientation&quot;:&quot;0&quot;}\" data-image-title=\"abejas-1160&amp;#215;700\" data-image-description=\"\" data-image-caption=\"\" data-medium-file=\"https:\/\/www.grieta.org.mx\/wp-content\/uploads\/2020\/03\/abejas-1160x700-300x181.jpeg\" data-large-file=\"https:\/\/www.grieta.org.mx\/wp-content\/uploads\/2020\/03\/abejas-1160x700-1024x618.jpeg\" src=\"http:\/\/www.grieta.org.mx\/wp-content\/uploads\/2020\/03\/abejas-1160x700.jpeg\" alt=\"\" width=\"1160\" height=\"700\" class=\"aligncenter size-full wp-image-46058\" srcset=\"https:\/\/www.grieta.org.mx\/wp-content\/uploads\/2020\/03\/abejas-1160x700.jpeg 1160w, https:\/\/www.grieta.org.mx\/wp-content\/uploads\/2020\/03\/abejas-1160x700-300x181.jpeg 300w, https:\/\/www.grieta.org.mx\/wp-content\/uploads\/2020\/03\/abejas-1160x700-768x463.jpeg 768w, https:\/\/www.grieta.org.mx\/wp-content\/uploads\/2020\/03\/abejas-1160x700-1024x618.jpeg 1024w, https:\/\/www.grieta.org.mx\/wp-content\/uploads\/2020\/03\/abejas-1160x700-829x500.jpeg 829w\" sizes=\"auto, (max-width: 1160px) 100vw, 1160px\" \/><\/p>\n<p>SAN LUIS POTOS\u00cd, SLP., 1 de marzo de 2020.- La desaparici\u00f3n del 50 por ciento de las abejas de colmena en los \u00faltimos cuatro a\u00f1os en San Luis Potos\u00ed, se debe a diversos factores, entre ellos el cambio clim\u00e1tico y la falta de apoyos gubernamentales, pero principalmente al uso indiscriminado de los agroqu\u00edmicos en la agricultura, se\u00f1al\u00f3 el presidente del Comit\u00e9 Estatal de Apicultores, Pedro Serna Gonz\u00e1lez. <\/p>\n<p>\u201cEstamos en crisis dr\u00e1stica a nivel estatal y en la zona media. Desgraciadamente la apicultura en San Luis Potos\u00ed est\u00e1 en riesgo por el precio de la miel, el cambio clim\u00e1tico y la falta de apoyos de gobierno, pero a\u00fan m\u00e1s la afectaci\u00f3n por desaparici\u00f3n de abejas debido al uso de peligrosos qu\u00edmicos en el campo\u201d, extern\u00f3 el apicultor. <\/p>\n<p>En promedio se han perdido 25 mil cajones de colmenas en el estado, lo que representa m\u00e1s de 50 por ciento que hab\u00eda en San Luis Potos\u00ed, en su mayor\u00eda en los municipios de la zona media. <\/p>\n<p>\u201cEst\u00e1n registradas 110 mil, pero no es un dato cierto, por la p\u00e9rdida de 25 mil cajones es grav\u00edsimo por la labor esencial que tienen las abejas en los procesos naturales en los naranjos, en la sand\u00eda, aguacate, mel\u00f3n y en el pepino. La abeja no solo produce miel\u201d, indic\u00f3. <\/p>\n<p>Serna Gonz\u00e1lez dijo que es urgente legislar y vigilar la regulaci\u00f3n del uso de agroqu\u00edmicos, pues la crisis no se detiene a pesar del trabajo de apicultores y la sanidad vegetal. <\/p>\n<p>\u201cHemos tenido coordinaci\u00f3n con los productores y las autoridades pero no es suficiente, ya que en M\u00e9xico a diferencia de otros pa\u00edses no hay leyes que nos protejan y la reglamentaci\u00f3n que hay no se cumplen\u201d, sentenci\u00f3.<\/p>\n<p><a href=\"https:\/\/sanluispotosi.quadratin.com.mx\/media\/desaparece-el-50-de-abejas\/\" rel=\"noopener noreferrer\" target=\"_blank\">https:\/\/sanluispotosi.quadratin.com.mx\/media\/desaparece-el-50-de-abejas\/<\/a><\/p>\n","protected":false},"excerpt":{"rendered":"<p>Gilberto Salas\/Quadrat\u00edn SLP 1 marzo 2020 SAN LUIS POTOS\u00cd, SLP., 1 de marzo de 2020.- La desaparici\u00f3n del 50 por ciento de las abejas de colmena en los \u00faltimos cuatro &hellip; <a href=\"https:\/\/www.grieta.org.mx\/index.php\/2020\/03\/01\/desaparece-el-50-de-abejas-san-luis-potosi\/\" class=\"more-link\">Leer m\u00e1s<\/a><\/p>\n","protected":false},"author":2,"featured_media":46058,"comment_status":"closed","ping_status":"closed","sticky":false,"template":"","format":"standard","meta":{"ngg_post_thumbnail":0,"_jetpack_newsletter_access":"","_jetpack_dont_email_post_to_subs":false,"_jetpack_newsletter_tier_id":0,"_jetpack_memberships_contains_paywalled_content":false,"_jetpack_memberships_contains_paid_content":false,"footnotes":""},"categories":[80,1792,2,29],"tags":[744,3120,2187,2722],"class_list":["post-46057","post","type-post","status-publish","format-standard","has-post-thumbnail","hentry","category-cintillo","category-contaminacion-ambiental-en-san-luis-potosi","category-noticias-nacionales","category-san-luis-potosi","tag-agroquimicos","tag-cambio-climatico","tag-crisis-ambiental","tag-muerte-de-abejas","entry"],"jetpack_featured_media_url":"https:\/\/www.grieta.org.mx\/wp-content\/uploads\/2020\/03\/abejas-1160x700.jpeg","jetpack_sharing_enabled":true,"jetpack_shortlink":"https:\/\/wp.me\/p7ZJR4-bYR","jetpack_likes_enabled":false,"jetpack-related-posts":[{"id":8751,"url":"https:\/\/www.grieta.org.mx\/index.php\/2016\/08\/10\/feminicidios-en-san-luis-potosi\/","url_meta":{"origin":46057,"position":0},"title":"Feminicidios en San Luis Potos\u00ed","author":"grieta","date":"10 agosto, 2016","format":false,"excerpt":"09\/08\/16. Inmujeres y asociaciones critican fallida estrategia contra la violencia de g\u00e9nero en SLPLa Jornada San Luis 20\/06\/16. Violencia contra la mujer en SLPPlano Informativo 10\/05\/16. En San Luis Potos\u00ed. 171 feminicidios en 5 a\u00f1osAstrolabio 18\/01\/16. Feminicidio en Alaquines Plano Informativo 13\/11\/15. Feminicidios en SLP: Ausencia de protocolos, casos olvidados,\u2026","rel":"","context":"En &quot;Feminicidios&quot;","block_context":{"text":"Feminicidios","link":"https:\/\/www.grieta.org.mx\/index.php\/category\/temas-nacionales\/feminicidios\/"},"img":{"alt_text":"","src":"https:\/\/i0.wp.com\/www.grieta.org.mx\/wp-content\/uploads\/2018\/03\/14524434_1106112876131411_958039263622046936_o.jpg?resize=350%2C200&ssl=1","width":350,"height":200,"srcset":"https:\/\/i0.wp.com\/www.grieta.org.mx\/wp-content\/uploads\/2018\/03\/14524434_1106112876131411_958039263622046936_o.jpg?resize=350%2C200&ssl=1 1x, https:\/\/i0.wp.com\/www.grieta.org.mx\/wp-content\/uploads\/2018\/03\/14524434_1106112876131411_958039263622046936_o.jpg?resize=525%2C300&ssl=1 1.5x, https:\/\/i0.wp.com\/www.grieta.org.mx\/wp-content\/uploads\/2018\/03\/14524434_1106112876131411_958039263622046936_o.jpg?resize=700%2C400&ssl=1 2x"},"classes":[]},{"id":34336,"url":"https:\/\/www.grieta.org.mx\/index.php\/2019\/06\/05\/afectados-por-calidra-interponen-queja-ante-derechos-humanos-san-luis-potosi\/","url_meta":{"origin":46057,"position":1},"title":"Afectados por Calidra interponen queja ante Derechos Humanos (San Luis Potos\u00ed)","author":"grieta","date":"5 junio, 2019","format":false,"excerpt":"Jorge Torres \/ Plano Informativo Es una queja contra autoridades del Ayuntamiento de San Luis Potos\u00ed por la permisibilidad de un cambio de usos de suelo y diversos permisos municipales San Luis Potos\u00ed, SLP.- El presidente de la Comisi\u00f3n Estatal de Derechos Humanos (CEDH), Jorge Andr\u00e9s L\u00f3pez Espinosa, informo que\u2026","rel":"","context":"En &quot;CINTILLO&quot;","block_context":{"text":"CINTILLO","link":"https:\/\/www.grieta.org.mx\/index.php\/category\/cintillo\/"},"img":{"alt_text":"","src":"https:\/\/i0.wp.com\/www.grieta.org.mx\/wp-content\/uploads\/2019\/06\/Afectados-por-Calidra-interponen-queja-ante-Derechos-Humanos-slp-jun.jpg?resize=350%2C200&ssl=1","width":350,"height":200,"srcset":"https:\/\/i0.wp.com\/www.grieta.org.mx\/wp-content\/uploads\/2019\/06\/Afectados-por-Calidra-interponen-queja-ante-Derechos-Humanos-slp-jun.jpg?resize=350%2C200&ssl=1 1x, https:\/\/i0.wp.com\/www.grieta.org.mx\/wp-content\/uploads\/2019\/06\/Afectados-por-Calidra-interponen-queja-ante-Derechos-Humanos-slp-jun.jpg?resize=525%2C300&ssl=1 1.5x, https:\/\/i0.wp.com\/www.grieta.org.mx\/wp-content\/uploads\/2019\/06\/Afectados-por-Calidra-interponen-queja-ante-Derechos-Humanos-slp-jun.jpg?resize=700%2C400&ssl=1 2x"},"classes":[]},{"id":40562,"url":"https:\/\/www.grieta.org.mx\/index.php\/2019\/10\/19\/san-luis-potosi-una-ciudad-mas-contaminada-que-la-cdmx\/","url_meta":{"origin":46057,"position":2},"title":"San Luis Potos\u00ed, una ciudad m\u00e1s contaminada que la CDMX","author":"grieta","date":"19 octubre, 2019","format":false,"excerpt":"El 84 por ciento de las crisis de contaminaci\u00f3n en San Luis Potos\u00ed provienen de la Zona Industrial, de acuerdo con un investigador de la UASLP Roberto Rocha\/La Orquesta 19 octubre En San Luis Potos\u00ed, el 84 por ciento de los episodios de altos niveles de contaminaci\u00f3n provienen de la\u2026","rel":"","context":"En &quot;CINTILLO&quot;","block_context":{"text":"CINTILLO","link":"https:\/\/www.grieta.org.mx\/index.php\/category\/cintillo\/"},"img":{"alt_text":"","src":"https:\/\/i0.wp.com\/www.grieta.org.mx\/wp-content\/uploads\/2019\/10\/WhatsApp-Image-2018-03-01-at-1.50.33-PM.jpeg?resize=350%2C200&ssl=1","width":350,"height":200,"srcset":"https:\/\/i0.wp.com\/www.grieta.org.mx\/wp-content\/uploads\/2019\/10\/WhatsApp-Image-2018-03-01-at-1.50.33-PM.jpeg?resize=350%2C200&ssl=1 1x, https:\/\/i0.wp.com\/www.grieta.org.mx\/wp-content\/uploads\/2019\/10\/WhatsApp-Image-2018-03-01-at-1.50.33-PM.jpeg?resize=525%2C300&ssl=1 1.5x, https:\/\/i0.wp.com\/www.grieta.org.mx\/wp-content\/uploads\/2019\/10\/WhatsApp-Image-2018-03-01-at-1.50.33-PM.jpeg?resize=700%2C400&ssl=1 2x"},"classes":[]},{"id":31312,"url":"https:\/\/www.grieta.org.mx\/index.php\/2019\/03\/19\/en-poco-mas-de-2-anos-slp-registra-90-feminicidios-san-luis-potosi\/","url_meta":{"origin":46057,"position":3},"title":"EN POCO M\u00c1S DE 2 A\u00d1OS, SLP REGISTRA 90 FEMINICIDIOS (San Luis Potos\u00ed)","author":"grieta","date":"19 marzo, 2019","format":false,"excerpt":"Omar Ni\u00f1o La Alerta de de G\u00e9nero Contra Las Mujeres en San Luis Potos\u00ed ha sido un fracaso, se\u00f1al\u00f3 en rueda de prensa el Presidente de la Comisi\u00f3n Estatal de Derechos Humanos Jorge Andr\u00e9s L\u00f3pez Espinoza. El Ombudsman inform\u00f3 que en el 2017 hubo 34 muertes violentas en el 2018\u2026","rel":"","context":"En &quot;CINTILLO&quot;","block_context":{"text":"CINTILLO","link":"https:\/\/www.grieta.org.mx\/index.php\/category\/cintillo\/"},"img":{"alt_text":"","src":"https:\/\/i0.wp.com\/www.grieta.org.mx\/wp-content\/uploads\/2019\/03\/EN-POCO-M%C3%81S-DE-2-A%C3%91OS-SLP-REGISTRA-90-FEMINICIDIOS-slp-mzo.png?resize=350%2C200&ssl=1","width":350,"height":200,"srcset":"https:\/\/i0.wp.com\/www.grieta.org.mx\/wp-content\/uploads\/2019\/03\/EN-POCO-M%C3%81S-DE-2-A%C3%91OS-SLP-REGISTRA-90-FEMINICIDIOS-slp-mzo.png?resize=350%2C200&ssl=1 1x, https:\/\/i0.wp.com\/www.grieta.org.mx\/wp-content\/uploads\/2019\/03\/EN-POCO-M%C3%81S-DE-2-A%C3%91OS-SLP-REGISTRA-90-FEMINICIDIOS-slp-mzo.png?resize=525%2C300&ssl=1 1.5x"},"classes":[]},{"id":37219,"url":"https:\/\/www.grieta.org.mx\/index.php\/2019\/07\/27\/levantan-25-mil-firmas-contra-la-venta-de-terrenos-en-la-sierra-san-luis-potosi\/","url_meta":{"origin":46057,"position":4},"title":"Levantan 25 mil firmas contra la venta de terrenos en la sierra  (San Luis Potos\u00ed)","author":"grieta","date":"27 julio, 2019","format":false,"excerpt":"Patricia Azuara \/ Quadrat\u00edn SLP SAN LUIS POTOS\u00cd, SLP., 27 de julio de 2019.- La recolecci\u00f3n de firmas para frenar la urbanizaci\u00f3n en la Sierra de San Miguelito contin\u00faa con m\u00e1s de 25 mil apoyos de potosinos, pese a que en la asamblea del pasado domingo, comuneros de San Juan\u2026","rel":"","context":"En &quot;CINTILLO&quot;","block_context":{"text":"CINTILLO","link":"https:\/\/www.grieta.org.mx\/index.php\/category\/cintillo\/"},"img":{"alt_text":"","src":"https:\/\/i0.wp.com\/www.grieta.org.mx\/wp-content\/uploads\/2019\/07\/COVARRUBIAS-REND%C3%93N-1160x700.jpeg?resize=350%2C200&ssl=1","width":350,"height":200,"srcset":"https:\/\/i0.wp.com\/www.grieta.org.mx\/wp-content\/uploads\/2019\/07\/COVARRUBIAS-REND%C3%93N-1160x700.jpeg?resize=350%2C200&ssl=1 1x, https:\/\/i0.wp.com\/www.grieta.org.mx\/wp-content\/uploads\/2019\/07\/COVARRUBIAS-REND%C3%93N-1160x700.jpeg?resize=525%2C300&ssl=1 1.5x, https:\/\/i0.wp.com\/www.grieta.org.mx\/wp-content\/uploads\/2019\/07\/COVARRUBIAS-REND%C3%93N-1160x700.jpeg?resize=700%2C400&ssl=1 2x, https:\/\/i0.wp.com\/www.grieta.org.mx\/wp-content\/uploads\/2019\/07\/COVARRUBIAS-REND%C3%93N-1160x700.jpeg?resize=1050%2C600&ssl=1 3x"},"classes":[]},{"id":47122,"url":"https:\/\/www.grieta.org.mx\/index.php\/2020\/03\/31\/se-ensanan-con-costo-del-huevo-en-san-luis-potosi\/","url_meta":{"origin":46057,"position":5},"title":"Se ensa\u00f1an con costo del huevo en San Luis Potos\u00ed","author":"grieta","date":"31 marzo, 2020","format":false,"excerpt":"Redacci\u00f3n\/Quadrat\u00edn SLP 31 marzo 2020 SAN LUIS POTOS\u00cd, SLP., 31 de marzo 2020.- Adem\u00e1s de escaso, el huevo es el producto de primera necesidad que se ha encarecido m\u00e1s de la cuenta en San Luis Potos\u00ed con la contingencia del coronavirus Covid 19, sin que hasta el momento se vea\u2026","rel":"","context":"En &quot;CINTILLO&quot;","block_context":{"text":"CINTILLO","link":"https:\/\/www.grieta.org.mx\/index.php\/category\/cintillo\/"},"img":{"alt_text":"","src":"https:\/\/i0.wp.com\/www.grieta.org.mx\/wp-content\/uploads\/2020\/04\/WhatsApp-Image-2020-03-29-at-3.22.47-PM-1160x700-1.jpeg?resize=350%2C200&ssl=1","width":350,"height":200,"srcset":"https:\/\/i0.wp.com\/www.grieta.org.mx\/wp-content\/uploads\/2020\/04\/WhatsApp-Image-2020-03-29-at-3.22.47-PM-1160x700-1.jpeg?resize=350%2C200&ssl=1 1x, https:\/\/i0.wp.com\/www.grieta.org.mx\/wp-content\/uploads\/2020\/04\/WhatsApp-Image-2020-03-29-at-3.22.47-PM-1160x700-1.jpeg?resize=525%2C300&ssl=1 1.5x, https:\/\/i0.wp.com\/www.grieta.org.mx\/wp-content\/uploads\/2020\/04\/WhatsApp-Image-2020-03-29-at-3.22.47-PM-1160x700-1.jpeg?resize=700%2C400&ssl=1 2x, https:\/\/i0.wp.com\/www.grieta.org.mx\/wp-content\/uploads\/2020\/04\/WhatsApp-Image-2020-03-29-at-3.22.47-PM-1160x700-1.jpeg?resize=1050%2C600&ssl=1 3x"},"classes":[]}],"_links":{"self":[{"href":"https:\/\/www.grieta.org.mx\/index.php\/wp-json\/wp\/v2\/posts\/46057","targetHints":{"allow":["GET"]}}],"collection":[{"href":"https:\/\/www.grieta.org.mx\/index.php\/wp-json\/wp\/v2\/posts"}],"about":[{"href":"https:\/\/www.grieta.org.mx\/index.php\/wp-json\/wp\/v2\/types\/post"}],"author":[{"embeddable":true,"href":"https:\/\/www.grieta.org.mx\/index.php\/wp-json\/wp\/v2\/users\/2"}],"replies":[{"embeddable":true,"href":"https:\/\/www.grieta.org.mx\/index.php\/wp-json\/wp\/v2\/comments?post=46057"}],"version-history":[{"count":1,"href":"https:\/\/www.grieta.org.mx\/index.php\/wp-json\/wp\/v2\/posts\/46057\/revisions"}],"predecessor-version":[{"id":46059,"href":"https:\/\/www.grieta.org.mx\/index.php\/wp-json\/wp\/v2\/posts\/46057\/revisions\/46059"}],"wp:featuredmedia":[{"embeddable":true,"href":"https:\/\/www.grieta.org.mx\/index.php\/wp-json\/wp\/v2\/media\/46058"}],"wp:attachment":[{"href":"https:\/\/www.grieta.org.mx\/index.php\/wp-json\/wp\/v2\/media?parent=46057"}],"wp:term":[{"taxonomy":"category","embeddable":true,"href":"https:\/\/www.grieta.org.mx\/index.php\/wp-json\/wp\/v2\/categories?post=46057"},{"taxonomy":"post_tag","embeddable":true,"href":"https:\/\/www.grieta.org.mx\/index.php\/wp-json\/wp\/v2\/tags?post=46057"}],"curies":[{"name":"wp","href":"https:\/\/api.w.org\/{rel}","templated":true}]}}