{"id":4604,"date":"2015-11-05T04:02:32","date_gmt":"2015-11-05T04:02:32","guid":{"rendered":"http:\/\/50.22.11.12\/~grietaor\/?p=4604"},"modified":"2016-03-25T04:03:46","modified_gmt":"2016-03-25T04:03:46","slug":"detienen-a-dos-implicados-en-la-violacion-tumultuaria-de-pasante-de-medicina-en-el-istmo-de-tehuantepec","status":"publish","type":"post","link":"https:\/\/www.grieta.org.mx\/index.php\/2015\/11\/05\/detienen-a-dos-implicados-en-la-violacion-tumultuaria-de-pasante-de-medicina-en-el-istmo-de-tehuantepec\/","title":{"rendered":"Detienen a dos implicados en la violaci\u00f3n tumultuaria de pasante de Medicina en el Istmo de Tehuantepec"},"content":{"rendered":"<p>Pedro Mat\u00edas, Oaxaca<\/p>\n<p>OAXACA, Oax. (pagina3.mx).- Agentes Estatales de Investigaci\u00f3n (AEI) detuvieron a dos de los cinco individuos que violaron a una pasante de Medicina del Centro de Salud de San Pedro<br \/>\nComitancillo.<\/p>\n<p>Fue el pasado 30 de octubre cuando fueron detenidos Juan Diego Calder\u00f3n Toledo y H\u00e9ctor Ojeda L\u00f3pez, como probables responsables en la comisi\u00f3n de los delitos de violaci\u00f3n tumultuaria y robo, luego que el Juez de garant\u00eda de Santo Domingo Tehuantepec obsequi\u00f3 la orden de aprehensi\u00f3n bajo la causa penal 426\/2015.<br \/>\nLos indiciados fueron trasladados a la oficina de la Vice fiscal\u00eda por Raz\u00f3n de G\u00e9nero de la Subprocuradur\u00eda General del Istmo, y presentados ante el Juez de Garant\u00eda para la audiencia de control de detenci\u00f3n, quien este mi\u00e9rcoles a las 17:00 horas los declar\u00f3 formalmente vinculados a proceso en prisi\u00f3n preventiva.<br \/>\nLa Fiscal\u00eda de Justicia resalt\u00f3 que la pasante de la licenciatura en Medicina egresada del Instituto Polit\u00e9cnico Nacional (IPN) lleg\u00f3 hace ocho meses a San Pedro Comitancillo Tehuantepec para realizar su Servicio Social en el centro de Salud de la comunidad.<br \/>\nFue el pasado jueves 22 de octubre, alrededor de las tres de la madrugada cuando la v\u00edctima se despert\u00f3 al escuchar ruidos y descubri\u00f3 a sus cinco atacantes, entre los que identific\u00f3 a Juan Diego Calder\u00f3n Toledo y H\u00e9ctor Ojeda L\u00f3pez.<br \/>\nLos atacantes la sometieron amenaz\u00e1ndola que pertenec\u00edan al grupo criminal del \u201cLos zetas\u201d, y que mejor no hiciera nada, posteriormente uno a uno de los imputados la ultrajaron sexualmente.<br \/>\nPor estos hechos se inici\u00f3 el legajo de investigaci\u00f3n 4959\/FMIT\/2015 y la Fiscal\u00eda de Justicia del Estado procedi\u00f3 a la detenci\u00f3n de dos de los implicados.<br \/>\nEl Fiscal H\u00e9ctor Joaqu\u00edn Carrillo Ruiz manifest\u00f3 que este delito ser\u00e1 sancionado de manera severa al vulnerar de forma integral la situaci\u00f3n de la v\u00edctima y de todo su entorno social.<br \/>\nLa Defensor\u00eda de los Derechos Humanos del Pueblo de Oaxaca di\u00f3 un plazo de cinco d\u00edas a la Fiscal\u00eda General de Justicia para que rinda un informe de las investigaciones realizadas sobre la agresi\u00f3n sexual que sufri\u00f3 una pasante de medicina egresada del Instituto Polit\u00e9cnico Nacional que realizaba su servicio social en el centro de salud de en San Pedro Comitancillo.<br \/>\nPor su parte, trabajadores de la Secci\u00f3n 35 del Sindicato Nacional de Trabajadores de la Salud (SNTS) realizaron el pasado 27 de octubre un paro de labores en los siete hospitales y 143 centros de salud del Istmo de Tehuantepec para exigir a las autoridades de justicia esclarecer hechos de abuso sexual y f\u00edsico que sufri\u00f3 la pasante de medicina.<br \/>\nLos sindicalizados lamentaron que la inseguridad que azota a la regi\u00f3n istme\u00f1a afecte la actividad del personal que brinda servicios a la salud en localidades, porque no existen condiciones de seguridad en las cl\u00ednicas y hospitales.<\/p>\n<p><a href=\"http:\/\/pagina3.mx\/2015\/11\/detienen-a-dos-implicados-en-la-violacion-tumultuaria-de-pasante-de-medicina-en-el-istmo-de-tehuantepec\/\" target=\"_blank\">pagina3.mx\/2015\/11\/detienen-a-dos-implicados-en-la-violacion-tumultuaria-de-pasante-de-medicina-en-el-istmo-de-tehuantepec\/<\/a><\/p>\n","protected":false},"excerpt":{"rendered":"<p>Pedro Mat\u00edas, Oaxaca OAXACA, Oax. (pagina3.mx).- Agentes Estatales de Investigaci\u00f3n (AEI) detuvieron a dos de los cinco individuos que violaron a una pasante de Medicina del Centro de Salud de &hellip; <a href=\"https:\/\/www.grieta.org.mx\/index.php\/2015\/11\/05\/detienen-a-dos-implicados-en-la-violacion-tumultuaria-de-pasante-de-medicina-en-el-istmo-de-tehuantepec\/\" class=\"more-link\">Leer m\u00e1s<\/a><\/p>\n","protected":false},"author":2,"featured_media":21928,"comment_status":"closed","ping_status":"open","sticky":false,"template":"","format":"standard","meta":{"ngg_post_thumbnail":0,"_jetpack_newsletter_access":"","_jetpack_dont_email_post_to_subs":false,"_jetpack_newsletter_tier_id":0,"_jetpack_memberships_contains_paywalled_content":false,"_jetpack_memberships_contains_paid_content":false,"footnotes":""},"categories":[80],"tags":[174,93,149],"class_list":["post-4604","post","type-post","status-publish","format-standard","has-post-thumbnail","hentry","category-cintillo","tag-derechos-humanos","tag-oaxaca","tag-salud","entry"],"jetpack_featured_media_url":"https:\/\/www.grieta.org.mx\/wp-content\/uploads\/2018\/03\/14524434_1106112876131411_958039263622046936_o.jpg","jetpack_sharing_enabled":true,"jetpack_shortlink":"https:\/\/wp.me\/p7ZJR4-1cg","jetpack_likes_enabled":false,"jetpack-related-posts":[{"id":4598,"url":"https:\/\/www.grieta.org.mx\/index.php\/2015\/11\/05\/habitantes-del-istmo-y-trabajadores-de-salud-protestan-por-abuso-sexual-a-joven-medica\/","url_meta":{"origin":4604,"position":0},"title":"Habitantes del Istmo y trabajadores de salud protestan por abuso sexual a joven m\u00e9dica","author":"grieta","date":"5 noviembre, 2015","format":false,"excerpt":"05\/11\/15. Detienen a dos implicados en la violaci\u00f3n tumultuaria de pasante de Medicina en el Istmo de Tehuantepec P\u00e1gina 3 29\/10\/15. Marchan m\u00e1s de mil trabajadores de salud en Comitancillo Istmo Press 27\/10\/15. Paran labores trabajadores del Sector Salud en el Istmo, exigen justicia por m\u00e9dica que sufri\u00f3 abuso sexual\u2026","rel":"","context":"En &quot;NOTICIAS NACIONALES&quot;","block_context":{"text":"NOTICIAS NACIONALES","link":"https:\/\/www.grieta.org.mx\/index.php\/category\/noticias-nacionales\/"},"img":{"alt_text":"","src":"https:\/\/i0.wp.com\/www.grieta.org.mx\/wp-content\/uploads\/2018\/03\/14524434_1106112876131411_958039263622046936_o.jpg?resize=350%2C200&ssl=1","width":350,"height":200,"srcset":"https:\/\/i0.wp.com\/www.grieta.org.mx\/wp-content\/uploads\/2018\/03\/14524434_1106112876131411_958039263622046936_o.jpg?resize=350%2C200&ssl=1 1x, https:\/\/i0.wp.com\/www.grieta.org.mx\/wp-content\/uploads\/2018\/03\/14524434_1106112876131411_958039263622046936_o.jpg?resize=525%2C300&ssl=1 1.5x, https:\/\/i0.wp.com\/www.grieta.org.mx\/wp-content\/uploads\/2018\/03\/14524434_1106112876131411_958039263622046936_o.jpg?resize=700%2C400&ssl=1 2x"},"classes":[]},{"id":4600,"url":"https:\/\/www.grieta.org.mx\/index.php\/2015\/10\/27\/paran-labores-trabajadores-del-sector-salud-en-el-istmo-exigen-justicia-por-medica-que-sufrio-abuso-sexual-y-fisico\/","url_meta":{"origin":4604,"position":1},"title":"Paran labores trabajadores del Sector Salud en el Istmo, exigen justicia por m\u00e9dica que sufri\u00f3 abuso sexual y f\u00edsico","author":"grieta","date":"27 octubre, 2015","format":false,"excerpt":"Diana Manzo, Oaxaca JUCHIT\u00c1N, OAX.- Trabajadores sindicalizados de los Servicios de Salud de Oaxaca adscritos al Sindicato Nacional de Trabajadores de la Salud (SNTS) secci\u00f3n 35 \u201cRegi\u00f3n Istmo\u201d, pararon labores en los siete hospitales y 143 centros de salud del Istmo de Tehuantepec para exigir a las autoridades de justicia\u2026","rel":"","context":"En &quot;CINTILLO&quot;","block_context":{"text":"CINTILLO","link":"https:\/\/www.grieta.org.mx\/index.php\/category\/cintillo\/"},"img":{"alt_text":"","src":"https:\/\/i0.wp.com\/www.grieta.org.mx\/wp-content\/uploads\/2018\/03\/14524434_1106112876131411_958039263622046936_o.jpg?resize=350%2C200&ssl=1","width":350,"height":200,"srcset":"https:\/\/i0.wp.com\/www.grieta.org.mx\/wp-content\/uploads\/2018\/03\/14524434_1106112876131411_958039263622046936_o.jpg?resize=350%2C200&ssl=1 1x, https:\/\/i0.wp.com\/www.grieta.org.mx\/wp-content\/uploads\/2018\/03\/14524434_1106112876131411_958039263622046936_o.jpg?resize=525%2C300&ssl=1 1.5x, https:\/\/i0.wp.com\/www.grieta.org.mx\/wp-content\/uploads\/2018\/03\/14524434_1106112876131411_958039263622046936_o.jpg?resize=700%2C400&ssl=1 2x"},"classes":[]},{"id":4143,"url":"https:\/\/www.grieta.org.mx\/index.php\/2015\/10\/26\/marchan-para-exigir-justicia-por-medica-que-sufrio-abuso-sexual\/","url_meta":{"origin":4604,"position":2},"title":"Marchan para exigir justicia por m\u00e9dica que sufri\u00f3 abuso sexual","author":"grieta","date":"26 octubre, 2015","format":false,"excerpt":"Diana Manzo, Oaxaca SAN PEDRO COMITANCILLO, OAX.- Unas 400 personas de la sociedad civil vestidas de blanco marcharon pac\u00edficamente para exigir justicia por el abuso sexual, f\u00edsico y psicol\u00f3gico que sufri\u00f3 una joven pasante de medicina y que estaba encargada del servicio nocturno en el centro de Salud del municipio\u2026","rel":"","context":"En &quot;CINTILLO&quot;","block_context":{"text":"CINTILLO","link":"https:\/\/www.grieta.org.mx\/index.php\/category\/cintillo\/"},"img":{"alt_text":"","src":"https:\/\/i0.wp.com\/www.grieta.org.mx\/wp-content\/uploads\/2018\/03\/14524434_1106112876131411_958039263622046936_o.jpg?resize=350%2C200&ssl=1","width":350,"height":200,"srcset":"https:\/\/i0.wp.com\/www.grieta.org.mx\/wp-content\/uploads\/2018\/03\/14524434_1106112876131411_958039263622046936_o.jpg?resize=350%2C200&ssl=1 1x, https:\/\/i0.wp.com\/www.grieta.org.mx\/wp-content\/uploads\/2018\/03\/14524434_1106112876131411_958039263622046936_o.jpg?resize=525%2C300&ssl=1 1.5x, https:\/\/i0.wp.com\/www.grieta.org.mx\/wp-content\/uploads\/2018\/03\/14524434_1106112876131411_958039263622046936_o.jpg?resize=700%2C400&ssl=1 2x"},"classes":[]},{"id":4602,"url":"https:\/\/www.grieta.org.mx\/index.php\/2015\/10\/29\/marchan-mas-de-mil-trabajadores-de-salud-en-comitancillo\/","url_meta":{"origin":4604,"position":3},"title":"Marchan m\u00e1s de mil trabajadores de salud en Comitancillo","author":"grieta","date":"29 octubre, 2015","format":false,"excerpt":"Diana Manzo, Oaxaca #Comitancillo 29 oct (#istmopress).- M\u00e1s de mil trabajadores de los Servicios de Salud de Oaxaca de 18 delegaciones sindicales en el Istmo de Tehuantepec marcharon para repudiar hechos contra una medico pasante, quien fue atacada sexual y f\u00edsicamente en el municipio de San Pedro Comitancillo el pasado\u2026","rel":"","context":"En &quot;CINTILLO&quot;","block_context":{"text":"CINTILLO","link":"https:\/\/www.grieta.org.mx\/index.php\/category\/cintillo\/"},"img":{"alt_text":"","src":"https:\/\/i0.wp.com\/www.grieta.org.mx\/wp-content\/uploads\/2018\/03\/14524434_1106112876131411_958039263622046936_o.jpg?resize=350%2C200&ssl=1","width":350,"height":200,"srcset":"https:\/\/i0.wp.com\/www.grieta.org.mx\/wp-content\/uploads\/2018\/03\/14524434_1106112876131411_958039263622046936_o.jpg?resize=350%2C200&ssl=1 1x, https:\/\/i0.wp.com\/www.grieta.org.mx\/wp-content\/uploads\/2018\/03\/14524434_1106112876131411_958039263622046936_o.jpg?resize=525%2C300&ssl=1 1.5x, https:\/\/i0.wp.com\/www.grieta.org.mx\/wp-content\/uploads\/2018\/03\/14524434_1106112876131411_958039263622046936_o.jpg?resize=700%2C400&ssl=1 2x"},"classes":[]},{"id":25619,"url":"https:\/\/www.grieta.org.mx\/index.php\/2018\/08\/07\/refuerzan-grupo-especial-de-seguridad-en-el-istmo-ante-aumento-de-ejecuciones-fosas-clandestinas-robos-de-cajeros-oaxaca\/","url_meta":{"origin":4604,"position":4},"title":"Refuerzan grupo especial de seguridad en el Istmo ante aumento de ejecuciones, fosas clandestinas, robos de cajeros\u2026 (Oaxaca)","author":"grieta","date":"7 agosto, 2018","format":false,"excerpt":"P\u00e1gina 3. Pedro Mat\u00edas, Oaxaca.- El grupo \u201cFuerza Especial de Seguridad Oaxaca\u201d ser\u00e1 reforzado para brindar una mayor cobertura del despliegue de seguridad en la regi\u00f3n del Istmo de Tehuantepec donde la inseguridad y violencia no se ha detenido, por el contrario, hasta han sido descubiertas fosas clandestinas. Ante los\u2026","rel":"","context":"En &quot;CINTILLO&quot;","block_context":{"text":"CINTILLO","link":"https:\/\/www.grieta.org.mx\/index.php\/category\/cintillo\/"},"img":{"alt_text":"","src":"https:\/\/i0.wp.com\/www.grieta.org.mx\/wp-content\/uploads\/2018\/08\/segurida-oax-1.jpg?resize=350%2C200&ssl=1","width":350,"height":200,"srcset":"https:\/\/i0.wp.com\/www.grieta.org.mx\/wp-content\/uploads\/2018\/08\/segurida-oax-1.jpg?resize=350%2C200&ssl=1 1x, https:\/\/i0.wp.com\/www.grieta.org.mx\/wp-content\/uploads\/2018\/08\/segurida-oax-1.jpg?resize=525%2C300&ssl=1 1.5x, https:\/\/i0.wp.com\/www.grieta.org.mx\/wp-content\/uploads\/2018\/08\/segurida-oax-1.jpg?resize=700%2C400&ssl=1 2x"},"classes":[]},{"id":62483,"url":"https:\/\/www.grieta.org.mx\/index.php\/2021\/10\/11\/liberan-a-profesora-detenida-por-oponerse-a-obra-de-corredor-interoceanico-en-sus-tierras-oaxaca\/","url_meta":{"origin":4604,"position":5},"title":"Liberan a profesora detenida por oponerse a obra de Corredor Interoce\u00e1nico en sus tierras (Oaxaca)","author":"grieta","date":"11 octubre, 2021","format":false,"excerpt":"Pi\u00e9 de P\u00e1gina \/ Diana Manzo \/ Fotos: Especial. Luego de dos d\u00edas detenida, la profesora Micaela Valdivieso Joaqu\u00edn fue liberada la tarde de este domingo. La docente y su hijo fueron acusados de oponerse a que en sus tierras se construyan obras del Corredor Interoce\u00e1nico del Istmo de Tehuantepec.\u2026","rel":"","context":"En &quot;Brutalidad polic\u00edaca en Oaxaca&quot;","block_context":{"text":"Brutalidad polic\u00edaca en Oaxaca","link":"https:\/\/www.grieta.org.mx\/index.php\/category\/noticias-nacionales\/oaxaca\/brutalidad-policiaca-en-oaxaca\/"},"img":{"alt_text":"","src":"https:\/\/i0.wp.com\/www.grieta.org.mx\/wp-content\/uploads\/2021\/10\/Q.jpg?resize=350%2C200&ssl=1","width":350,"height":200,"srcset":"https:\/\/i0.wp.com\/www.grieta.org.mx\/wp-content\/uploads\/2021\/10\/Q.jpg?resize=350%2C200&ssl=1 1x, https:\/\/i0.wp.com\/www.grieta.org.mx\/wp-content\/uploads\/2021\/10\/Q.jpg?resize=525%2C300&ssl=1 1.5x, https:\/\/i0.wp.com\/www.grieta.org.mx\/wp-content\/uploads\/2021\/10\/Q.jpg?resize=700%2C400&ssl=1 2x, https:\/\/i0.wp.com\/www.grieta.org.mx\/wp-content\/uploads\/2021\/10\/Q.jpg?resize=1050%2C600&ssl=1 3x"},"classes":[]}],"_links":{"self":[{"href":"https:\/\/www.grieta.org.mx\/index.php\/wp-json\/wp\/v2\/posts\/4604","targetHints":{"allow":["GET"]}}],"collection":[{"href":"https:\/\/www.grieta.org.mx\/index.php\/wp-json\/wp\/v2\/posts"}],"about":[{"href":"https:\/\/www.grieta.org.mx\/index.php\/wp-json\/wp\/v2\/types\/post"}],"author":[{"embeddable":true,"href":"https:\/\/www.grieta.org.mx\/index.php\/wp-json\/wp\/v2\/users\/2"}],"replies":[{"embeddable":true,"href":"https:\/\/www.grieta.org.mx\/index.php\/wp-json\/wp\/v2\/comments?post=4604"}],"version-history":[{"count":1,"href":"https:\/\/www.grieta.org.mx\/index.php\/wp-json\/wp\/v2\/posts\/4604\/revisions"}],"predecessor-version":[{"id":4605,"href":"https:\/\/www.grieta.org.mx\/index.php\/wp-json\/wp\/v2\/posts\/4604\/revisions\/4605"}],"wp:featuredmedia":[{"embeddable":true,"href":"https:\/\/www.grieta.org.mx\/index.php\/wp-json\/wp\/v2\/media\/21928"}],"wp:attachment":[{"href":"https:\/\/www.grieta.org.mx\/index.php\/wp-json\/wp\/v2\/media?parent=4604"}],"wp:term":[{"taxonomy":"category","embeddable":true,"href":"https:\/\/www.grieta.org.mx\/index.php\/wp-json\/wp\/v2\/categories?post=4604"},{"taxonomy":"post_tag","embeddable":true,"href":"https:\/\/www.grieta.org.mx\/index.php\/wp-json\/wp\/v2\/tags?post=4604"}],"curies":[{"name":"wp","href":"https:\/\/api.w.org\/{rel}","templated":true}]}}