{"id":4598,"date":"2015-11-05T03:46:15","date_gmt":"2015-11-05T03:46:15","guid":{"rendered":"http:\/\/50.22.11.12\/~grietaor\/?p=4598"},"modified":"2016-03-25T04:05:01","modified_gmt":"2016-03-25T04:05:01","slug":"habitantes-del-istmo-y-trabajadores-de-salud-protestan-por-abuso-sexual-a-joven-medica","status":"publish","type":"post","link":"https:\/\/www.grieta.org.mx\/index.php\/2015\/11\/05\/habitantes-del-istmo-y-trabajadores-de-salud-protestan-por-abuso-sexual-a-joven-medica\/","title":{"rendered":"Habitantes del Istmo y trabajadores de salud protestan por abuso sexual a joven m\u00e9dica"},"content":{"rendered":"<p><strong>05\/11\/15. <\/strong><a href=\"http:\/\/grieta.org.mx\/index.php\/2015\/11\/05\/detienen-a-dos-implicados-en-la-violacion-tumultuaria-de-pasante-de-medicina-en-el-istmo-de-tehuantepec\/\">Detienen a dos implicados en la violaci\u00f3n tumultuaria de pasante de Medicina en el Istmo de Tehuantepec <\/a><br \/>\n<em>P\u00e1gina 3<\/em><\/p>\n<p><strong>29\/10\/15. <\/strong><a href=\"http:\/\/grieta.org.mx\/index.php\/2015\/10\/29\/marchan-mas-de-mil-trabajadores-de-salud-en-comitancillo\/\">Marchan m\u00e1s de mil trabajadores de salud en Comitancillo<\/a><br \/>\n<em>Istmo Press<\/em><\/p>\n<p><strong>27\/10\/15. <\/strong><a href=\"http:\/\/grieta.org.mx\/index.php\/2015\/10\/27\/paran-labores-trabajadores-del-sector-salud-en-el-istmo-exigen-justicia-por-medica-que-sufrio-abuso-sexual-y-fisico\/\">Paran labores trabajadores del Sector Salud en el Istmo, exigen justicia por m\u00e9dica que sufri\u00f3 abuso sexual y f\u00edsico<\/a><br \/>\n<em>P\u00e1gina 3<\/em><\/p>\n<p><strong>26\/10\/15. <\/strong><a href=\"http:\/\/grieta.org.mx\/index.php\/2015\/10\/26\/marchan-para-exigir-justicia-por-medica-que-sufrio-abuso-sexual\/\">Marchan para exigir justicia por m\u00e9dica que sufri\u00f3 abuso sexual<\/a><br \/>\n<em>P\u00e1gina 3<\/em><\/p>\n","protected":false},"excerpt":{"rendered":"<p>05\/11\/15. Detienen a dos implicados en la violaci\u00f3n tumultuaria de pasante de Medicina en el Istmo de Tehuantepec P\u00e1gina 3 29\/10\/15. Marchan m\u00e1s de mil trabajadores de salud en Comitancillo &hellip; <a href=\"https:\/\/www.grieta.org.mx\/index.php\/2015\/11\/05\/habitantes-del-istmo-y-trabajadores-de-salud-protestan-por-abuso-sexual-a-joven-medica\/\" class=\"more-link\">Leer m\u00e1s<\/a><\/p>\n","protected":false},"author":2,"featured_media":21928,"comment_status":"closed","ping_status":"open","sticky":false,"template":"","format":"standard","meta":{"ngg_post_thumbnail":0,"_jetpack_newsletter_access":"","_jetpack_dont_email_post_to_subs":false,"_jetpack_newsletter_tier_id":0,"_jetpack_memberships_contains_paywalled_content":false,"_jetpack_memberships_contains_paid_content":false,"footnotes":""},"categories":[2,25],"tags":[],"class_list":["post-4598","post","type-post","status-publish","format-standard","has-post-thumbnail","hentry","category-noticias-nacionales","category-oaxaca","entry"],"jetpack_featured_media_url":"https:\/\/www.grieta.org.mx\/wp-content\/uploads\/2018\/03\/14524434_1106112876131411_958039263622046936_o.jpg","jetpack_sharing_enabled":true,"jetpack_shortlink":"https:\/\/wp.me\/p7ZJR4-1ca","jetpack_likes_enabled":false,"jetpack-related-posts":[{"id":4600,"url":"https:\/\/www.grieta.org.mx\/index.php\/2015\/10\/27\/paran-labores-trabajadores-del-sector-salud-en-el-istmo-exigen-justicia-por-medica-que-sufrio-abuso-sexual-y-fisico\/","url_meta":{"origin":4598,"position":0},"title":"Paran labores trabajadores del Sector Salud en el Istmo, exigen justicia por m\u00e9dica que sufri\u00f3 abuso sexual y f\u00edsico","author":"grieta","date":"27 octubre, 2015","format":false,"excerpt":"Diana Manzo, Oaxaca JUCHIT\u00c1N, OAX.- Trabajadores sindicalizados de los Servicios de Salud de Oaxaca adscritos al Sindicato Nacional de Trabajadores de la Salud (SNTS) secci\u00f3n 35 \u201cRegi\u00f3n Istmo\u201d, pararon labores en los siete hospitales y 143 centros de salud del Istmo de Tehuantepec para exigir a las autoridades de justicia\u2026","rel":"","context":"En &quot;CINTILLO&quot;","block_context":{"text":"CINTILLO","link":"https:\/\/www.grieta.org.mx\/index.php\/category\/cintillo\/"},"img":{"alt_text":"","src":"https:\/\/i0.wp.com\/www.grieta.org.mx\/wp-content\/uploads\/2018\/03\/14524434_1106112876131411_958039263622046936_o.jpg?resize=350%2C200&ssl=1","width":350,"height":200,"srcset":"https:\/\/i0.wp.com\/www.grieta.org.mx\/wp-content\/uploads\/2018\/03\/14524434_1106112876131411_958039263622046936_o.jpg?resize=350%2C200&ssl=1 1x, https:\/\/i0.wp.com\/www.grieta.org.mx\/wp-content\/uploads\/2018\/03\/14524434_1106112876131411_958039263622046936_o.jpg?resize=525%2C300&ssl=1 1.5x, https:\/\/i0.wp.com\/www.grieta.org.mx\/wp-content\/uploads\/2018\/03\/14524434_1106112876131411_958039263622046936_o.jpg?resize=700%2C400&ssl=1 2x"},"classes":[]},{"id":4143,"url":"https:\/\/www.grieta.org.mx\/index.php\/2015\/10\/26\/marchan-para-exigir-justicia-por-medica-que-sufrio-abuso-sexual\/","url_meta":{"origin":4598,"position":1},"title":"Marchan para exigir justicia por m\u00e9dica que sufri\u00f3 abuso sexual","author":"grieta","date":"26 octubre, 2015","format":false,"excerpt":"Diana Manzo, Oaxaca SAN PEDRO COMITANCILLO, OAX.- Unas 400 personas de la sociedad civil vestidas de blanco marcharon pac\u00edficamente para exigir justicia por el abuso sexual, f\u00edsico y psicol\u00f3gico que sufri\u00f3 una joven pasante de medicina y que estaba encargada del servicio nocturno en el centro de Salud del municipio\u2026","rel":"","context":"En &quot;CINTILLO&quot;","block_context":{"text":"CINTILLO","link":"https:\/\/www.grieta.org.mx\/index.php\/category\/cintillo\/"},"img":{"alt_text":"","src":"https:\/\/i0.wp.com\/www.grieta.org.mx\/wp-content\/uploads\/2018\/03\/14524434_1106112876131411_958039263622046936_o.jpg?resize=350%2C200&ssl=1","width":350,"height":200,"srcset":"https:\/\/i0.wp.com\/www.grieta.org.mx\/wp-content\/uploads\/2018\/03\/14524434_1106112876131411_958039263622046936_o.jpg?resize=350%2C200&ssl=1 1x, https:\/\/i0.wp.com\/www.grieta.org.mx\/wp-content\/uploads\/2018\/03\/14524434_1106112876131411_958039263622046936_o.jpg?resize=525%2C300&ssl=1 1.5x, https:\/\/i0.wp.com\/www.grieta.org.mx\/wp-content\/uploads\/2018\/03\/14524434_1106112876131411_958039263622046936_o.jpg?resize=700%2C400&ssl=1 2x"},"classes":[]},{"id":15387,"url":"https:\/\/www.grieta.org.mx\/index.php\/2016\/06\/23\/marchan-en-el-istmo-contra-la-universalizacion-de-la-salud\/","url_meta":{"origin":4598,"position":2},"title":"Marchan en el istmo contra la Universalizaci\u00f3n de la Salud","author":"grieta","date":"23 junio, 2016","format":false,"excerpt":"E. Santiago, Oaxaca. #SalinaCruz 23 jun (#Istmopress) .- Al grito de \u201cVa a caer, va a caer la reforma va a caer\u201d, as\u00ed marcharon esta trabajadores del sector Salud en este municipio. Esta marcha que parti\u00f3 frente a la cl\u00ednica del Instituto Mexicano del Seguro Social IMSS, tambi\u00e9n fue en\u2026","rel":"","context":"En &quot;CINTILLO&quot;","block_context":{"text":"CINTILLO","link":"https:\/\/www.grieta.org.mx\/index.php\/category\/cintillo\/"},"img":{"alt_text":"","src":"https:\/\/i0.wp.com\/www.grieta.org.mx\/wp-content\/uploads\/2018\/03\/14524434_1106112876131411_958039263622046936_o.jpg?resize=350%2C200&ssl=1","width":350,"height":200,"srcset":"https:\/\/i0.wp.com\/www.grieta.org.mx\/wp-content\/uploads\/2018\/03\/14524434_1106112876131411_958039263622046936_o.jpg?resize=350%2C200&ssl=1 1x, https:\/\/i0.wp.com\/www.grieta.org.mx\/wp-content\/uploads\/2018\/03\/14524434_1106112876131411_958039263622046936_o.jpg?resize=525%2C300&ssl=1 1.5x, https:\/\/i0.wp.com\/www.grieta.org.mx\/wp-content\/uploads\/2018\/03\/14524434_1106112876131411_958039263622046936_o.jpg?resize=700%2C400&ssl=1 2x"},"classes":[]},{"id":15321,"url":"https:\/\/www.grieta.org.mx\/index.php\/2016\/06\/23\/movilizaciones-del-sector-salud-en-oaxaca\/","url_meta":{"origin":4598,"position":3},"title":"Movilizaciones del sector salud en Oaxaca","author":"grieta","date":"23 junio, 2016","format":false,"excerpt":"23\/06\/16. Marchan en el istmo contra la Universalizaci\u00f3n de la Salud Istmo Press 22\/06\/16. Marchan m\u00e9dicos, enfermeras y administrativos contra la reforma a la salud P\u00e1gina 3 22\/06\/16. Trabajadores del sector salud realizan marcha en Huajuapan P\u00e1gina 3 22\/06\/16. Cumplen una semana de paro en Hospitales del Istmo Istmo Press","rel":"","context":"En &quot;NOTICIAS NACIONALES&quot;","block_context":{"text":"NOTICIAS NACIONALES","link":"https:\/\/www.grieta.org.mx\/index.php\/category\/noticias-nacionales\/"},"img":{"alt_text":"","src":"https:\/\/i0.wp.com\/www.grieta.org.mx\/wp-content\/uploads\/2018\/03\/14524434_1106112876131411_958039263622046936_o.jpg?resize=350%2C200&ssl=1","width":350,"height":200,"srcset":"https:\/\/i0.wp.com\/www.grieta.org.mx\/wp-content\/uploads\/2018\/03\/14524434_1106112876131411_958039263622046936_o.jpg?resize=350%2C200&ssl=1 1x, https:\/\/i0.wp.com\/www.grieta.org.mx\/wp-content\/uploads\/2018\/03\/14524434_1106112876131411_958039263622046936_o.jpg?resize=525%2C300&ssl=1 1.5x, https:\/\/i0.wp.com\/www.grieta.org.mx\/wp-content\/uploads\/2018\/03\/14524434_1106112876131411_958039263622046936_o.jpg?resize=700%2C400&ssl=1 2x"},"classes":[]},{"id":4602,"url":"https:\/\/www.grieta.org.mx\/index.php\/2015\/10\/29\/marchan-mas-de-mil-trabajadores-de-salud-en-comitancillo\/","url_meta":{"origin":4598,"position":4},"title":"Marchan m\u00e1s de mil trabajadores de salud en Comitancillo","author":"grieta","date":"29 octubre, 2015","format":false,"excerpt":"Diana Manzo, Oaxaca #Comitancillo 29 oct (#istmopress).- M\u00e1s de mil trabajadores de los Servicios de Salud de Oaxaca de 18 delegaciones sindicales en el Istmo de Tehuantepec marcharon para repudiar hechos contra una medico pasante, quien fue atacada sexual y f\u00edsicamente en el municipio de San Pedro Comitancillo el pasado\u2026","rel":"","context":"En &quot;CINTILLO&quot;","block_context":{"text":"CINTILLO","link":"https:\/\/www.grieta.org.mx\/index.php\/category\/cintillo\/"},"img":{"alt_text":"","src":"https:\/\/i0.wp.com\/www.grieta.org.mx\/wp-content\/uploads\/2018\/03\/14524434_1106112876131411_958039263622046936_o.jpg?resize=350%2C200&ssl=1","width":350,"height":200,"srcset":"https:\/\/i0.wp.com\/www.grieta.org.mx\/wp-content\/uploads\/2018\/03\/14524434_1106112876131411_958039263622046936_o.jpg?resize=350%2C200&ssl=1 1x, https:\/\/i0.wp.com\/www.grieta.org.mx\/wp-content\/uploads\/2018\/03\/14524434_1106112876131411_958039263622046936_o.jpg?resize=525%2C300&ssl=1 1.5x, https:\/\/i0.wp.com\/www.grieta.org.mx\/wp-content\/uploads\/2018\/03\/14524434_1106112876131411_958039263622046936_o.jpg?resize=700%2C400&ssl=1 2x"},"classes":[]},{"id":4604,"url":"https:\/\/www.grieta.org.mx\/index.php\/2015\/11\/05\/detienen-a-dos-implicados-en-la-violacion-tumultuaria-de-pasante-de-medicina-en-el-istmo-de-tehuantepec\/","url_meta":{"origin":4598,"position":5},"title":"Detienen a dos implicados en la violaci\u00f3n tumultuaria de pasante de Medicina en el Istmo de Tehuantepec","author":"grieta","date":"5 noviembre, 2015","format":false,"excerpt":"Pedro Mat\u00edas, Oaxaca OAXACA, Oax. (pagina3.mx).- Agentes Estatales de Investigaci\u00f3n (AEI) detuvieron a dos de los cinco individuos que violaron a una pasante de Medicina del Centro de Salud de San Pedro Comitancillo. Fue el pasado 30 de octubre cuando fueron detenidos Juan Diego Calder\u00f3n Toledo y H\u00e9ctor Ojeda L\u00f3pez,\u2026","rel":"","context":"En &quot;CINTILLO&quot;","block_context":{"text":"CINTILLO","link":"https:\/\/www.grieta.org.mx\/index.php\/category\/cintillo\/"},"img":{"alt_text":"","src":"https:\/\/i0.wp.com\/www.grieta.org.mx\/wp-content\/uploads\/2018\/03\/14524434_1106112876131411_958039263622046936_o.jpg?resize=350%2C200&ssl=1","width":350,"height":200,"srcset":"https:\/\/i0.wp.com\/www.grieta.org.mx\/wp-content\/uploads\/2018\/03\/14524434_1106112876131411_958039263622046936_o.jpg?resize=350%2C200&ssl=1 1x, https:\/\/i0.wp.com\/www.grieta.org.mx\/wp-content\/uploads\/2018\/03\/14524434_1106112876131411_958039263622046936_o.jpg?resize=525%2C300&ssl=1 1.5x, https:\/\/i0.wp.com\/www.grieta.org.mx\/wp-content\/uploads\/2018\/03\/14524434_1106112876131411_958039263622046936_o.jpg?resize=700%2C400&ssl=1 2x"},"classes":[]}],"_links":{"self":[{"href":"https:\/\/www.grieta.org.mx\/index.php\/wp-json\/wp\/v2\/posts\/4598","targetHints":{"allow":["GET"]}}],"collection":[{"href":"https:\/\/www.grieta.org.mx\/index.php\/wp-json\/wp\/v2\/posts"}],"about":[{"href":"https:\/\/www.grieta.org.mx\/index.php\/wp-json\/wp\/v2\/types\/post"}],"author":[{"embeddable":true,"href":"https:\/\/www.grieta.org.mx\/index.php\/wp-json\/wp\/v2\/users\/2"}],"replies":[{"embeddable":true,"href":"https:\/\/www.grieta.org.mx\/index.php\/wp-json\/wp\/v2\/comments?post=4598"}],"version-history":[{"count":1,"href":"https:\/\/www.grieta.org.mx\/index.php\/wp-json\/wp\/v2\/posts\/4598\/revisions"}],"predecessor-version":[{"id":4606,"href":"https:\/\/www.grieta.org.mx\/index.php\/wp-json\/wp\/v2\/posts\/4598\/revisions\/4606"}],"wp:featuredmedia":[{"embeddable":true,"href":"https:\/\/www.grieta.org.mx\/index.php\/wp-json\/wp\/v2\/media\/21928"}],"wp:attachment":[{"href":"https:\/\/www.grieta.org.mx\/index.php\/wp-json\/wp\/v2\/media?parent=4598"}],"wp:term":[{"taxonomy":"category","embeddable":true,"href":"https:\/\/www.grieta.org.mx\/index.php\/wp-json\/wp\/v2\/categories?post=4598"},{"taxonomy":"post_tag","embeddable":true,"href":"https:\/\/www.grieta.org.mx\/index.php\/wp-json\/wp\/v2\/tags?post=4598"}],"curies":[{"name":"wp","href":"https:\/\/api.w.org\/{rel}","templated":true}]}}