{"id":45919,"date":"2020-03-10T20:47:24","date_gmt":"2020-03-11T02:47:24","guid":{"rendered":"http:\/\/www.grieta.org.mx\/?p=45919"},"modified":"2020-03-25T22:16:30","modified_gmt":"2020-03-26T04:16:30","slug":"galeria-fotografica-del-dia-internacional-de-la-mujer-en-oaxaca","status":"publish","type":"post","link":"https:\/\/www.grieta.org.mx\/index.php\/2020\/03\/10\/galeria-fotografica-del-dia-internacional-de-la-mujer-en-oaxaca\/","title":{"rendered":"Galer\u00eda fotogr\u00e1fica del d\u00eda internacional de la mujer en Oaxaca"},"content":{"rendered":"<p>Colectivo Grieta.<\/p>\n<p>D\u00eda internacional de la mujer.<br \/>\nActividad: Marcha y jornada de lucha.<br \/>\nLugar: Oaxaca, Oaxaca<br \/>\nFotos: Colectivo Grieta, Centro de Ciencias y Artes &#8220;La Luciernaga&#8221; y Colectivo Colmena.<br \/>\nVideo: Centro de Ciencias y Artes &#8220;La Luciernaga&#8221;<\/p>\n<p><em>&#8220;Como mujeres zapatistas que somos esto es lo que pensamos y sentimos cuando analizamos sus palabras y acciones de las hermanas Brujas del Mar [de Veracruz]: pensamos que es buena idea, porque el d\u00eda 8 de marzo, van a mirar y a sentir nuestros dolores y nuestras rabias. Y el d\u00eda 9 los machistas patriarcales se van a preocupar de qu\u00e9 estamos pensando o planeando o sintiendo, porque no lo van a saber, que sea no nos van a mirar&#8221;<\/em> (Comunicado EZLN, 1 de marzo 2020).<\/p>\n<p><img loading=\"lazy\" decoding=\"async\" data-attachment-id=\"46588\" data-permalink=\"https:\/\/www.grieta.org.mx\/index.php\/2020\/03\/10\/galeria-fotografica-del-dia-internacional-de-la-mujer-en-oaxaca\/dsc_0024are\/\" data-orig-file=\"https:\/\/www.grieta.org.mx\/wp-content\/uploads\/2020\/03\/DSC_0024are.jpg\" data-orig-size=\"750,500\" data-comments-opened=\"0\" data-image-meta=\"{&quot;aperture&quot;:&quot;6.7&quot;,&quot;credit&quot;:&quot;&quot;,&quot;camera&quot;:&quot;NIKON D5200&quot;,&quot;caption&quot;:&quot;&quot;,&quot;created_timestamp&quot;:&quot;1583681913&quot;,&quot;copyright&quot;:&quot;&quot;,&quot;focal_length&quot;:&quot;40&quot;,&quot;iso&quot;:&quot;100&quot;,&quot;shutter_speed&quot;:&quot;0.0055555555555556&quot;,&quot;title&quot;:&quot;&quot;,&quot;orientation&quot;:&quot;1&quot;}\" data-image-title=\"DSC_0024are\" data-image-description=\"\" data-image-caption=\"\" data-medium-file=\"https:\/\/www.grieta.org.mx\/wp-content\/uploads\/2020\/03\/DSC_0024are-300x200.jpg\" data-large-file=\"https:\/\/www.grieta.org.mx\/wp-content\/uploads\/2020\/03\/DSC_0024are.jpg\" class=\"aligncenter wp-image-46588\" src=\"http:\/\/www.grieta.org.mx\/wp-content\/uploads\/2020\/03\/DSC_0024are.jpg\" alt=\"\" width=\"800\" height=\"533\" srcset=\"https:\/\/www.grieta.org.mx\/wp-content\/uploads\/2020\/03\/DSC_0024are.jpg 750w, https:\/\/www.grieta.org.mx\/wp-content\/uploads\/2020\/03\/DSC_0024are-300x200.jpg 300w\" sizes=\"auto, (max-width: 800px) 100vw, 800px\" \/><\/p>\n<p><em>&#8220;Las hermanas ausentes, las asesinadas, las desaparecidas, las encarceladas, las migrantes, las violentadas, sepan que [&#8230;] hay quienes se preocupan por ellas y por sus familiares, por su dolor y por su rabia&#8221;<\/em> (Comunicado EZLN, 1 de marzo 2020).<\/p>\n<p><img loading=\"lazy\" decoding=\"async\" data-attachment-id=\"46589\" data-permalink=\"https:\/\/www.grieta.org.mx\/index.php\/2020\/03\/10\/galeria-fotografica-del-dia-internacional-de-la-mujer-en-oaxaca\/dsc_0045are\/\" data-orig-file=\"https:\/\/www.grieta.org.mx\/wp-content\/uploads\/2020\/03\/DSC_0045are.jpg\" data-orig-size=\"750,500\" data-comments-opened=\"0\" data-image-meta=\"{&quot;aperture&quot;:&quot;6.7&quot;,&quot;credit&quot;:&quot;&quot;,&quot;camera&quot;:&quot;NIKON D5200&quot;,&quot;caption&quot;:&quot;&quot;,&quot;created_timestamp&quot;:&quot;1583682160&quot;,&quot;copyright&quot;:&quot;&quot;,&quot;focal_length&quot;:&quot;55&quot;,&quot;iso&quot;:&quot;100&quot;,&quot;shutter_speed&quot;:&quot;0.0055555555555556&quot;,&quot;title&quot;:&quot;&quot;,&quot;orientation&quot;:&quot;1&quot;}\" data-image-title=\"DSC_0045are\" data-image-description=\"\" data-image-caption=\"\" data-medium-file=\"https:\/\/www.grieta.org.mx\/wp-content\/uploads\/2020\/03\/DSC_0045are-300x200.jpg\" data-large-file=\"https:\/\/www.grieta.org.mx\/wp-content\/uploads\/2020\/03\/DSC_0045are.jpg\" class=\"aligncenter wp-image-46589\" src=\"http:\/\/www.grieta.org.mx\/wp-content\/uploads\/2020\/03\/DSC_0045are.jpg\" alt=\"\" width=\"800\" height=\"533\" srcset=\"https:\/\/www.grieta.org.mx\/wp-content\/uploads\/2020\/03\/DSC_0045are.jpg 750w, https:\/\/www.grieta.org.mx\/wp-content\/uploads\/2020\/03\/DSC_0045are-300x200.jpg 300w\" sizes=\"auto, (max-width: 800px) 100vw, 800px\" \/><\/p>\n<p><img loading=\"lazy\" decoding=\"async\" data-attachment-id=\"46590\" data-permalink=\"https:\/\/www.grieta.org.mx\/index.php\/2020\/03\/10\/galeria-fotografica-del-dia-internacional-de-la-mujer-en-oaxaca\/dsc_0059are\/\" data-orig-file=\"https:\/\/www.grieta.org.mx\/wp-content\/uploads\/2020\/03\/DSC_0059are.jpg\" data-orig-size=\"750,500\" data-comments-opened=\"0\" data-image-meta=\"{&quot;aperture&quot;:&quot;6.7&quot;,&quot;credit&quot;:&quot;&quot;,&quot;camera&quot;:&quot;NIKON D5200&quot;,&quot;caption&quot;:&quot;&quot;,&quot;created_timestamp&quot;:&quot;1583682952&quot;,&quot;copyright&quot;:&quot;&quot;,&quot;focal_length&quot;:&quot;29&quot;,&quot;iso&quot;:&quot;100&quot;,&quot;shutter_speed&quot;:&quot;0.0055555555555556&quot;,&quot;title&quot;:&quot;&quot;,&quot;orientation&quot;:&quot;1&quot;}\" data-image-title=\"DSC_0059are\" data-image-description=\"\" data-image-caption=\"\" data-medium-file=\"https:\/\/www.grieta.org.mx\/wp-content\/uploads\/2020\/03\/DSC_0059are-300x200.jpg\" data-large-file=\"https:\/\/www.grieta.org.mx\/wp-content\/uploads\/2020\/03\/DSC_0059are.jpg\" class=\"aligncenter size-full wp-image-46590\" src=\"http:\/\/www.grieta.org.mx\/wp-content\/uploads\/2020\/03\/DSC_0059are.jpg\" alt=\"\" width=\"750\" height=\"500\" srcset=\"https:\/\/www.grieta.org.mx\/wp-content\/uploads\/2020\/03\/DSC_0059are.jpg 750w, https:\/\/www.grieta.org.mx\/wp-content\/uploads\/2020\/03\/DSC_0059are-300x200.jpg 300w\" sizes=\"auto, (max-width: 750px) 100vw, 750px\" \/><\/p>\n<p><img loading=\"lazy\" decoding=\"async\" data-attachment-id=\"46591\" data-permalink=\"https:\/\/www.grieta.org.mx\/index.php\/2020\/03\/10\/galeria-fotografica-del-dia-internacional-de-la-mujer-en-oaxaca\/dsc_0073are\/\" data-orig-file=\"https:\/\/www.grieta.org.mx\/wp-content\/uploads\/2020\/03\/DSC_0073are.jpg\" data-orig-size=\"750,500\" data-comments-opened=\"0\" data-image-meta=\"{&quot;aperture&quot;:&quot;6.7&quot;,&quot;credit&quot;:&quot;&quot;,&quot;camera&quot;:&quot;NIKON D5200&quot;,&quot;caption&quot;:&quot;&quot;,&quot;created_timestamp&quot;:&quot;1583683384&quot;,&quot;copyright&quot;:&quot;&quot;,&quot;focal_length&quot;:&quot;18&quot;,&quot;iso&quot;:&quot;100&quot;,&quot;shutter_speed&quot;:&quot;0.0028571428571429&quot;,&quot;title&quot;:&quot;&quot;,&quot;orientation&quot;:&quot;1&quot;}\" data-image-title=\"DSC_0073are\" data-image-description=\"\" data-image-caption=\"\" data-medium-file=\"https:\/\/www.grieta.org.mx\/wp-content\/uploads\/2020\/03\/DSC_0073are-300x200.jpg\" data-large-file=\"https:\/\/www.grieta.org.mx\/wp-content\/uploads\/2020\/03\/DSC_0073are.jpg\" class=\"aligncenter wp-image-46591\" src=\"http:\/\/www.grieta.org.mx\/wp-content\/uploads\/2020\/03\/DSC_0073are.jpg\" alt=\"\" width=\"800\" height=\"533\" srcset=\"https:\/\/www.grieta.org.mx\/wp-content\/uploads\/2020\/03\/DSC_0073are.jpg 750w, https:\/\/www.grieta.org.mx\/wp-content\/uploads\/2020\/03\/DSC_0073are-300x200.jpg 300w\" sizes=\"auto, (max-width: 800px) 100vw, 800px\" \/><\/p>\n<p><img loading=\"lazy\" decoding=\"async\" data-attachment-id=\"46592\" data-permalink=\"https:\/\/www.grieta.org.mx\/index.php\/2020\/03\/10\/galeria-fotografica-del-dia-internacional-de-la-mujer-en-oaxaca\/dsc_0087are\/\" data-orig-file=\"https:\/\/www.grieta.org.mx\/wp-content\/uploads\/2020\/03\/DSC_0087are.jpg\" data-orig-size=\"750,500\" data-comments-opened=\"0\" data-image-meta=\"{&quot;aperture&quot;:&quot;6.7&quot;,&quot;credit&quot;:&quot;&quot;,&quot;camera&quot;:&quot;NIKON D5200&quot;,&quot;caption&quot;:&quot;&quot;,&quot;created_timestamp&quot;:&quot;1583683755&quot;,&quot;copyright&quot;:&quot;&quot;,&quot;focal_length&quot;:&quot;18&quot;,&quot;iso&quot;:&quot;500&quot;,&quot;shutter_speed&quot;:&quot;0.0028571428571429&quot;,&quot;title&quot;:&quot;&quot;,&quot;orientation&quot;:&quot;1&quot;}\" data-image-title=\"DSC_0087are\" data-image-description=\"\" data-image-caption=\"\" data-medium-file=\"https:\/\/www.grieta.org.mx\/wp-content\/uploads\/2020\/03\/DSC_0087are-300x200.jpg\" data-large-file=\"https:\/\/www.grieta.org.mx\/wp-content\/uploads\/2020\/03\/DSC_0087are.jpg\" class=\"aligncenter wp-image-46592\" src=\"http:\/\/www.grieta.org.mx\/wp-content\/uploads\/2020\/03\/DSC_0087are.jpg\" alt=\"\" width=\"800\" height=\"533\" srcset=\"https:\/\/www.grieta.org.mx\/wp-content\/uploads\/2020\/03\/DSC_0087are.jpg 750w, https:\/\/www.grieta.org.mx\/wp-content\/uploads\/2020\/03\/DSC_0087are-300x200.jpg 300w\" sizes=\"auto, (max-width: 800px) 100vw, 800px\" \/><\/p>\n<p><img loading=\"lazy\" decoding=\"async\" data-attachment-id=\"46593\" data-permalink=\"https:\/\/www.grieta.org.mx\/index.php\/2020\/03\/10\/galeria-fotografica-del-dia-internacional-de-la-mujer-en-oaxaca\/dsc_0097are\/\" data-orig-file=\"https:\/\/www.grieta.org.mx\/wp-content\/uploads\/2020\/03\/DSC_0097are.jpg\" data-orig-size=\"750,500\" data-comments-opened=\"0\" data-image-meta=\"{&quot;aperture&quot;:&quot;6.7&quot;,&quot;credit&quot;:&quot;&quot;,&quot;camera&quot;:&quot;NIKON D5200&quot;,&quot;caption&quot;:&quot;&quot;,&quot;created_timestamp&quot;:&quot;1583684175&quot;,&quot;copyright&quot;:&quot;&quot;,&quot;focal_length&quot;:&quot;20&quot;,&quot;iso&quot;:&quot;320&quot;,&quot;shutter_speed&quot;:&quot;0.0028571428571429&quot;,&quot;title&quot;:&quot;&quot;,&quot;orientation&quot;:&quot;1&quot;}\" data-image-title=\"DSC_0097are\" data-image-description=\"\" data-image-caption=\"\" data-medium-file=\"https:\/\/www.grieta.org.mx\/wp-content\/uploads\/2020\/03\/DSC_0097are-300x200.jpg\" data-large-file=\"https:\/\/www.grieta.org.mx\/wp-content\/uploads\/2020\/03\/DSC_0097are.jpg\" class=\"aligncenter wp-image-46593\" src=\"http:\/\/www.grieta.org.mx\/wp-content\/uploads\/2020\/03\/DSC_0097are.jpg\" alt=\"\" width=\"800\" height=\"533\" srcset=\"https:\/\/www.grieta.org.mx\/wp-content\/uploads\/2020\/03\/DSC_0097are.jpg 750w, https:\/\/www.grieta.org.mx\/wp-content\/uploads\/2020\/03\/DSC_0097are-300x200.jpg 300w\" sizes=\"auto, (max-width: 800px) 100vw, 800px\" \/><\/p>\n<p>&nbsp;<\/p>\n<p><img loading=\"lazy\" decoding=\"async\" data-attachment-id=\"46596\" data-permalink=\"https:\/\/www.grieta.org.mx\/index.php\/2020\/03\/10\/galeria-fotografica-del-dia-internacional-de-la-mujer-en-oaxaca\/dsc_0105are\/\" data-orig-file=\"https:\/\/www.grieta.org.mx\/wp-content\/uploads\/2020\/03\/DSC_0105are.jpg\" data-orig-size=\"750,500\" data-comments-opened=\"0\" data-image-meta=\"{&quot;aperture&quot;:&quot;6.7&quot;,&quot;credit&quot;:&quot;&quot;,&quot;camera&quot;:&quot;NIKON D5200&quot;,&quot;caption&quot;:&quot;&quot;,&quot;created_timestamp&quot;:&quot;1583684400&quot;,&quot;copyright&quot;:&quot;&quot;,&quot;focal_length&quot;:&quot;26&quot;,&quot;iso&quot;:&quot;200&quot;,&quot;shutter_speed&quot;:&quot;0.0028571428571429&quot;,&quot;title&quot;:&quot;&quot;,&quot;orientation&quot;:&quot;1&quot;}\" data-image-title=\"DSC_0105are\" data-image-description=\"\" data-image-caption=\"\" data-medium-file=\"https:\/\/www.grieta.org.mx\/wp-content\/uploads\/2020\/03\/DSC_0105are-300x200.jpg\" data-large-file=\"https:\/\/www.grieta.org.mx\/wp-content\/uploads\/2020\/03\/DSC_0105are.jpg\" class=\"aligncenter wp-image-46596\" src=\"http:\/\/www.grieta.org.mx\/wp-content\/uploads\/2020\/03\/DSC_0105are.jpg\" alt=\"\" width=\"800\" height=\"533\" srcset=\"https:\/\/www.grieta.org.mx\/wp-content\/uploads\/2020\/03\/DSC_0105are.jpg 750w, https:\/\/www.grieta.org.mx\/wp-content\/uploads\/2020\/03\/DSC_0105are-300x200.jpg 300w\" sizes=\"auto, (max-width: 800px) 100vw, 800px\" \/><\/p>\n<p><img loading=\"lazy\" decoding=\"async\" data-attachment-id=\"46597\" data-permalink=\"https:\/\/www.grieta.org.mx\/index.php\/2020\/03\/10\/galeria-fotografica-del-dia-internacional-de-la-mujer-en-oaxaca\/dsc_0113are\/\" data-orig-file=\"https:\/\/www.grieta.org.mx\/wp-content\/uploads\/2020\/03\/DSC_0113are.jpg\" data-orig-size=\"750,500\" data-comments-opened=\"0\" data-image-meta=\"{&quot;aperture&quot;:&quot;6.7&quot;,&quot;credit&quot;:&quot;&quot;,&quot;camera&quot;:&quot;NIKON D5200&quot;,&quot;caption&quot;:&quot;&quot;,&quot;created_timestamp&quot;:&quot;1583684571&quot;,&quot;copyright&quot;:&quot;&quot;,&quot;focal_length&quot;:&quot;55&quot;,&quot;iso&quot;:&quot;800&quot;,&quot;shutter_speed&quot;:&quot;0.0028571428571429&quot;,&quot;title&quot;:&quot;&quot;,&quot;orientation&quot;:&quot;1&quot;}\" data-image-title=\"DSC_0113are\" data-image-description=\"\" data-image-caption=\"\" data-medium-file=\"https:\/\/www.grieta.org.mx\/wp-content\/uploads\/2020\/03\/DSC_0113are-300x200.jpg\" data-large-file=\"https:\/\/www.grieta.org.mx\/wp-content\/uploads\/2020\/03\/DSC_0113are.jpg\" class=\"aligncenter wp-image-46597\" src=\"http:\/\/www.grieta.org.mx\/wp-content\/uploads\/2020\/03\/DSC_0113are.jpg\" alt=\"\" width=\"800\" height=\"533\" srcset=\"https:\/\/www.grieta.org.mx\/wp-content\/uploads\/2020\/03\/DSC_0113are.jpg 750w, https:\/\/www.grieta.org.mx\/wp-content\/uploads\/2020\/03\/DSC_0113are-300x200.jpg 300w\" sizes=\"auto, (max-width: 800px) 100vw, 800px\" \/><\/p>\n<p><img loading=\"lazy\" decoding=\"async\" data-attachment-id=\"46598\" data-permalink=\"https:\/\/www.grieta.org.mx\/index.php\/2020\/03\/10\/galeria-fotografica-del-dia-internacional-de-la-mujer-en-oaxaca\/dsc_0120are\/\" data-orig-file=\"https:\/\/www.grieta.org.mx\/wp-content\/uploads\/2020\/03\/DSC_0120are.jpg\" data-orig-size=\"750,500\" data-comments-opened=\"0\" data-image-meta=\"{&quot;aperture&quot;:&quot;6.7&quot;,&quot;credit&quot;:&quot;&quot;,&quot;camera&quot;:&quot;NIKON D5200&quot;,&quot;caption&quot;:&quot;&quot;,&quot;created_timestamp&quot;:&quot;1583684828&quot;,&quot;copyright&quot;:&quot;&quot;,&quot;focal_length&quot;:&quot;55&quot;,&quot;iso&quot;:&quot;100&quot;,&quot;shutter_speed&quot;:&quot;0.0028571428571429&quot;,&quot;title&quot;:&quot;&quot;,&quot;orientation&quot;:&quot;1&quot;}\" data-image-title=\"DSC_0120are\" data-image-description=\"\" data-image-caption=\"\" data-medium-file=\"https:\/\/www.grieta.org.mx\/wp-content\/uploads\/2020\/03\/DSC_0120are-300x200.jpg\" data-large-file=\"https:\/\/www.grieta.org.mx\/wp-content\/uploads\/2020\/03\/DSC_0120are.jpg\" class=\"aligncenter wp-image-46598\" src=\"http:\/\/www.grieta.org.mx\/wp-content\/uploads\/2020\/03\/DSC_0120are.jpg\" alt=\"\" width=\"800\" height=\"533\" srcset=\"https:\/\/www.grieta.org.mx\/wp-content\/uploads\/2020\/03\/DSC_0120are.jpg 750w, https:\/\/www.grieta.org.mx\/wp-content\/uploads\/2020\/03\/DSC_0120are-300x200.jpg 300w\" sizes=\"auto, (max-width: 800px) 100vw, 800px\" \/><\/p>\n<p><img loading=\"lazy\" decoding=\"async\" data-attachment-id=\"46599\" data-permalink=\"https:\/\/www.grieta.org.mx\/index.php\/2020\/03\/10\/galeria-fotografica-del-dia-internacional-de-la-mujer-en-oaxaca\/dsc_0128are\/\" data-orig-file=\"https:\/\/www.grieta.org.mx\/wp-content\/uploads\/2020\/03\/DSC_0128are.jpg\" data-orig-size=\"750,500\" data-comments-opened=\"0\" data-image-meta=\"{&quot;aperture&quot;:&quot;6.7&quot;,&quot;credit&quot;:&quot;&quot;,&quot;camera&quot;:&quot;NIKON D5200&quot;,&quot;caption&quot;:&quot;&quot;,&quot;created_timestamp&quot;:&quot;1583684947&quot;,&quot;copyright&quot;:&quot;&quot;,&quot;focal_length&quot;:&quot;55&quot;,&quot;iso&quot;:&quot;100&quot;,&quot;shutter_speed&quot;:&quot;0.0028571428571429&quot;,&quot;title&quot;:&quot;&quot;,&quot;orientation&quot;:&quot;1&quot;}\" data-image-title=\"DSC_0128are\" data-image-description=\"\" data-image-caption=\"\" data-medium-file=\"https:\/\/www.grieta.org.mx\/wp-content\/uploads\/2020\/03\/DSC_0128are-300x200.jpg\" data-large-file=\"https:\/\/www.grieta.org.mx\/wp-content\/uploads\/2020\/03\/DSC_0128are.jpg\" class=\"aligncenter wp-image-46599\" src=\"http:\/\/www.grieta.org.mx\/wp-content\/uploads\/2020\/03\/DSC_0128are.jpg\" alt=\"\" width=\"800\" height=\"533\" srcset=\"https:\/\/www.grieta.org.mx\/wp-content\/uploads\/2020\/03\/DSC_0128are.jpg 750w, https:\/\/www.grieta.org.mx\/wp-content\/uploads\/2020\/03\/DSC_0128are-300x200.jpg 300w\" sizes=\"auto, (max-width: 800px) 100vw, 800px\" \/><\/p>\n<p><img loading=\"lazy\" decoding=\"async\" data-attachment-id=\"46600\" data-permalink=\"https:\/\/www.grieta.org.mx\/index.php\/2020\/03\/10\/galeria-fotografica-del-dia-internacional-de-la-mujer-en-oaxaca\/dsc_0158are\/\" data-orig-file=\"https:\/\/www.grieta.org.mx\/wp-content\/uploads\/2020\/03\/DSC_0158are.jpg\" data-orig-size=\"750,500\" data-comments-opened=\"0\" data-image-meta=\"{&quot;aperture&quot;:&quot;6.7&quot;,&quot;credit&quot;:&quot;&quot;,&quot;camera&quot;:&quot;NIKON D5200&quot;,&quot;caption&quot;:&quot;&quot;,&quot;created_timestamp&quot;:&quot;1583685712&quot;,&quot;copyright&quot;:&quot;&quot;,&quot;focal_length&quot;:&quot;22&quot;,&quot;iso&quot;:&quot;100&quot;,&quot;shutter_speed&quot;:&quot;0.0028571428571429&quot;,&quot;title&quot;:&quot;&quot;,&quot;orientation&quot;:&quot;1&quot;}\" data-image-title=\"DSC_0158are\" data-image-description=\"\" data-image-caption=\"\" data-medium-file=\"https:\/\/www.grieta.org.mx\/wp-content\/uploads\/2020\/03\/DSC_0158are-300x200.jpg\" data-large-file=\"https:\/\/www.grieta.org.mx\/wp-content\/uploads\/2020\/03\/DSC_0158are.jpg\" class=\"aligncenter wp-image-46600\" src=\"http:\/\/www.grieta.org.mx\/wp-content\/uploads\/2020\/03\/DSC_0158are.jpg\" alt=\"\" width=\"800\" height=\"533\" srcset=\"https:\/\/www.grieta.org.mx\/wp-content\/uploads\/2020\/03\/DSC_0158are.jpg 750w, https:\/\/www.grieta.org.mx\/wp-content\/uploads\/2020\/03\/DSC_0158are-300x200.jpg 300w\" sizes=\"auto, (max-width: 800px) 100vw, 800px\" \/><\/p>\n<p><img loading=\"lazy\" decoding=\"async\" data-attachment-id=\"46601\" data-permalink=\"https:\/\/www.grieta.org.mx\/index.php\/2020\/03\/10\/galeria-fotografica-del-dia-internacional-de-la-mujer-en-oaxaca\/dsc_0203are\/\" data-orig-file=\"https:\/\/www.grieta.org.mx\/wp-content\/uploads\/2020\/03\/DSC_0203are.jpg\" data-orig-size=\"750,500\" data-comments-opened=\"0\" data-image-meta=\"{&quot;aperture&quot;:&quot;6.7&quot;,&quot;credit&quot;:&quot;&quot;,&quot;camera&quot;:&quot;NIKON D5200&quot;,&quot;caption&quot;:&quot;&quot;,&quot;created_timestamp&quot;:&quot;1583686053&quot;,&quot;copyright&quot;:&quot;&quot;,&quot;focal_length&quot;:&quot;55&quot;,&quot;iso&quot;:&quot;100&quot;,&quot;shutter_speed&quot;:&quot;0.0028571428571429&quot;,&quot;title&quot;:&quot;&quot;,&quot;orientation&quot;:&quot;1&quot;}\" data-image-title=\"DSC_0203are\" data-image-description=\"\" data-image-caption=\"\" data-medium-file=\"https:\/\/www.grieta.org.mx\/wp-content\/uploads\/2020\/03\/DSC_0203are-300x200.jpg\" data-large-file=\"https:\/\/www.grieta.org.mx\/wp-content\/uploads\/2020\/03\/DSC_0203are.jpg\" class=\"aligncenter wp-image-46601\" src=\"http:\/\/www.grieta.org.mx\/wp-content\/uploads\/2020\/03\/DSC_0203are.jpg\" alt=\"\" width=\"800\" height=\"533\" srcset=\"https:\/\/www.grieta.org.mx\/wp-content\/uploads\/2020\/03\/DSC_0203are.jpg 750w, https:\/\/www.grieta.org.mx\/wp-content\/uploads\/2020\/03\/DSC_0203are-300x200.jpg 300w\" sizes=\"auto, (max-width: 800px) 100vw, 800px\" \/><\/p>\n<p>La lucha de la ni\u00f1as y jovenas de los COBAO en diferentes regiones de Oaxaca contra el acoso sexual a movilizado a cientos de estuandiantes en diferentes regiones del estado y a dejado una advertencia a los sistemas de educaci\u00f3n media superior: &#8220;Seremos la \u00faltima generaci\u00f3n a la que acoses&#8221;.<\/p>\n<p><img loading=\"lazy\" decoding=\"async\" data-attachment-id=\"46603\" data-permalink=\"https:\/\/www.grieta.org.mx\/index.php\/2020\/03\/10\/galeria-fotografica-del-dia-internacional-de-la-mujer-en-oaxaca\/final-1\/\" data-orig-file=\"https:\/\/www.grieta.org.mx\/wp-content\/uploads\/2020\/03\/final-1.jpg\" data-orig-size=\"750,500\" data-comments-opened=\"0\" data-image-meta=\"{&quot;aperture&quot;:&quot;6.7&quot;,&quot;credit&quot;:&quot;&quot;,&quot;camera&quot;:&quot;NIKON D5200&quot;,&quot;caption&quot;:&quot;&quot;,&quot;created_timestamp&quot;:&quot;1583685616&quot;,&quot;copyright&quot;:&quot;&quot;,&quot;focal_length&quot;:&quot;46&quot;,&quot;iso&quot;:&quot;100&quot;,&quot;shutter_speed&quot;:&quot;0.0028571428571429&quot;,&quot;title&quot;:&quot;&quot;,&quot;orientation&quot;:&quot;1&quot;}\" data-image-title=\"final 1\" data-image-description=\"\" data-image-caption=\"\" data-medium-file=\"https:\/\/www.grieta.org.mx\/wp-content\/uploads\/2020\/03\/final-1-300x200.jpg\" data-large-file=\"https:\/\/www.grieta.org.mx\/wp-content\/uploads\/2020\/03\/final-1.jpg\" class=\"aligncenter wp-image-46603\" src=\"http:\/\/www.grieta.org.mx\/wp-content\/uploads\/2020\/03\/final-1.jpg\" alt=\"\" width=\"800\" height=\"533\" srcset=\"https:\/\/www.grieta.org.mx\/wp-content\/uploads\/2020\/03\/final-1.jpg 750w, https:\/\/www.grieta.org.mx\/wp-content\/uploads\/2020\/03\/final-1-300x200.jpg 300w\" sizes=\"auto, (max-width: 800px) 100vw, 800px\" \/><\/p>\n<p><img loading=\"lazy\" decoding=\"async\" data-attachment-id=\"46604\" data-permalink=\"https:\/\/www.grieta.org.mx\/index.php\/2020\/03\/10\/galeria-fotografica-del-dia-internacional-de-la-mujer-en-oaxaca\/final-3\/\" data-orig-file=\"https:\/\/www.grieta.org.mx\/wp-content\/uploads\/2020\/03\/final-3.jpg\" data-orig-size=\"750,500\" data-comments-opened=\"0\" data-image-meta=\"{&quot;aperture&quot;:&quot;6.7&quot;,&quot;credit&quot;:&quot;&quot;,&quot;camera&quot;:&quot;NIKON D5200&quot;,&quot;caption&quot;:&quot;&quot;,&quot;created_timestamp&quot;:&quot;1583685640&quot;,&quot;copyright&quot;:&quot;&quot;,&quot;focal_length&quot;:&quot;42&quot;,&quot;iso&quot;:&quot;100&quot;,&quot;shutter_speed&quot;:&quot;0.0028571428571429&quot;,&quot;title&quot;:&quot;&quot;,&quot;orientation&quot;:&quot;1&quot;}\" data-image-title=\"final 3\" data-image-description=\"\" data-image-caption=\"\" data-medium-file=\"https:\/\/www.grieta.org.mx\/wp-content\/uploads\/2020\/03\/final-3-300x200.jpg\" data-large-file=\"https:\/\/www.grieta.org.mx\/wp-content\/uploads\/2020\/03\/final-3.jpg\" class=\"aligncenter wp-image-46604\" src=\"http:\/\/www.grieta.org.mx\/wp-content\/uploads\/2020\/03\/final-3.jpg\" alt=\"\" width=\"800\" height=\"533\" srcset=\"https:\/\/www.grieta.org.mx\/wp-content\/uploads\/2020\/03\/final-3.jpg 750w, https:\/\/www.grieta.org.mx\/wp-content\/uploads\/2020\/03\/final-3-300x200.jpg 300w\" sizes=\"auto, (max-width: 800px) 100vw, 800px\" \/><\/p>\n<p>&nbsp;<\/p>\n<p><img loading=\"lazy\" decoding=\"async\" data-attachment-id=\"46610\" data-permalink=\"https:\/\/www.grieta.org.mx\/index.php\/2020\/03\/10\/galeria-fotografica-del-dia-internacional-de-la-mujer-en-oaxaca\/dsc_0275are\/\" data-orig-file=\"https:\/\/www.grieta.org.mx\/wp-content\/uploads\/2020\/03\/DSC_0275are.jpg\" data-orig-size=\"750,500\" data-comments-opened=\"0\" data-image-meta=\"{&quot;aperture&quot;:&quot;6.7&quot;,&quot;credit&quot;:&quot;&quot;,&quot;camera&quot;:&quot;NIKON D5200&quot;,&quot;caption&quot;:&quot;&quot;,&quot;created_timestamp&quot;:&quot;1583687297&quot;,&quot;copyright&quot;:&quot;&quot;,&quot;focal_length&quot;:&quot;48&quot;,&quot;iso&quot;:&quot;1000&quot;,&quot;shutter_speed&quot;:&quot;0.0028571428571429&quot;,&quot;title&quot;:&quot;&quot;,&quot;orientation&quot;:&quot;1&quot;}\" data-image-title=\"DSC_0275are\" data-image-description=\"\" data-image-caption=\"\" data-medium-file=\"https:\/\/www.grieta.org.mx\/wp-content\/uploads\/2020\/03\/DSC_0275are-300x200.jpg\" data-large-file=\"https:\/\/www.grieta.org.mx\/wp-content\/uploads\/2020\/03\/DSC_0275are.jpg\" class=\"aligncenter wp-image-46610\" src=\"http:\/\/www.grieta.org.mx\/wp-content\/uploads\/2020\/03\/DSC_0275are.jpg\" alt=\"\" width=\"800\" height=\"533\" srcset=\"https:\/\/www.grieta.org.mx\/wp-content\/uploads\/2020\/03\/DSC_0275are.jpg 750w, https:\/\/www.grieta.org.mx\/wp-content\/uploads\/2020\/03\/DSC_0275are-300x200.jpg 300w\" sizes=\"auto, (max-width: 800px) 100vw, 800px\" \/><\/p>\n<p><img loading=\"lazy\" decoding=\"async\" data-attachment-id=\"46606\" data-permalink=\"https:\/\/www.grieta.org.mx\/index.php\/2020\/03\/10\/galeria-fotografica-del-dia-internacional-de-la-mujer-en-oaxaca\/dsc_0215are\/\" data-orig-file=\"https:\/\/www.grieta.org.mx\/wp-content\/uploads\/2020\/03\/DSC_0215are.jpg\" data-orig-size=\"750,500\" data-comments-opened=\"0\" data-image-meta=\"{&quot;aperture&quot;:&quot;6.7&quot;,&quot;credit&quot;:&quot;&quot;,&quot;camera&quot;:&quot;NIKON D5200&quot;,&quot;caption&quot;:&quot;&quot;,&quot;created_timestamp&quot;:&quot;1583686545&quot;,&quot;copyright&quot;:&quot;&quot;,&quot;focal_length&quot;:&quot;42&quot;,&quot;iso&quot;:&quot;100&quot;,&quot;shutter_speed&quot;:&quot;0.0028571428571429&quot;,&quot;title&quot;:&quot;&quot;,&quot;orientation&quot;:&quot;1&quot;}\" data-image-title=\"DSC_0215are\" data-image-description=\"\" data-image-caption=\"\" data-medium-file=\"https:\/\/www.grieta.org.mx\/wp-content\/uploads\/2020\/03\/DSC_0215are-300x200.jpg\" data-large-file=\"https:\/\/www.grieta.org.mx\/wp-content\/uploads\/2020\/03\/DSC_0215are.jpg\" class=\"aligncenter wp-image-46606\" src=\"http:\/\/www.grieta.org.mx\/wp-content\/uploads\/2020\/03\/DSC_0215are.jpg\" alt=\"\" width=\"800\" height=\"533\" srcset=\"https:\/\/www.grieta.org.mx\/wp-content\/uploads\/2020\/03\/DSC_0215are.jpg 750w, https:\/\/www.grieta.org.mx\/wp-content\/uploads\/2020\/03\/DSC_0215are-300x200.jpg 300w\" sizes=\"auto, (max-width: 800px) 100vw, 800px\" \/><\/p>\n<p><img loading=\"lazy\" decoding=\"async\" data-attachment-id=\"46607\" data-permalink=\"https:\/\/www.grieta.org.mx\/index.php\/2020\/03\/10\/galeria-fotografica-del-dia-internacional-de-la-mujer-en-oaxaca\/dsc_0216are\/\" data-orig-file=\"https:\/\/www.grieta.org.mx\/wp-content\/uploads\/2020\/03\/DSC_0216are.jpg\" data-orig-size=\"750,500\" data-comments-opened=\"0\" data-image-meta=\"{&quot;aperture&quot;:&quot;6.7&quot;,&quot;credit&quot;:&quot;&quot;,&quot;camera&quot;:&quot;NIKON D5200&quot;,&quot;caption&quot;:&quot;&quot;,&quot;created_timestamp&quot;:&quot;1583686554&quot;,&quot;copyright&quot;:&quot;&quot;,&quot;focal_length&quot;:&quot;42&quot;,&quot;iso&quot;:&quot;100&quot;,&quot;shutter_speed&quot;:&quot;0.0028571428571429&quot;,&quot;title&quot;:&quot;&quot;,&quot;orientation&quot;:&quot;1&quot;}\" data-image-title=\"DSC_0216are\" data-image-description=\"\" data-image-caption=\"\" data-medium-file=\"https:\/\/www.grieta.org.mx\/wp-content\/uploads\/2020\/03\/DSC_0216are-300x200.jpg\" data-large-file=\"https:\/\/www.grieta.org.mx\/wp-content\/uploads\/2020\/03\/DSC_0216are.jpg\" class=\"aligncenter wp-image-46607\" src=\"http:\/\/www.grieta.org.mx\/wp-content\/uploads\/2020\/03\/DSC_0216are.jpg\" alt=\"\" width=\"800\" height=\"533\" srcset=\"https:\/\/www.grieta.org.mx\/wp-content\/uploads\/2020\/03\/DSC_0216are.jpg 750w, https:\/\/www.grieta.org.mx\/wp-content\/uploads\/2020\/03\/DSC_0216are-300x200.jpg 300w\" sizes=\"auto, (max-width: 800px) 100vw, 800px\" \/><\/p>\n<p><img loading=\"lazy\" decoding=\"async\" data-attachment-id=\"46608\" data-permalink=\"https:\/\/www.grieta.org.mx\/index.php\/2020\/03\/10\/galeria-fotografica-del-dia-internacional-de-la-mujer-en-oaxaca\/dsc_0221are\/\" data-orig-file=\"https:\/\/www.grieta.org.mx\/wp-content\/uploads\/2020\/03\/DSC_0221are.jpg\" data-orig-size=\"750,500\" data-comments-opened=\"0\" data-image-meta=\"{&quot;aperture&quot;:&quot;6.7&quot;,&quot;credit&quot;:&quot;&quot;,&quot;camera&quot;:&quot;NIKON D5200&quot;,&quot;caption&quot;:&quot;&quot;,&quot;created_timestamp&quot;:&quot;1583686602&quot;,&quot;copyright&quot;:&quot;&quot;,&quot;focal_length&quot;:&quot;36&quot;,&quot;iso&quot;:&quot;100&quot;,&quot;shutter_speed&quot;:&quot;0.0028571428571429&quot;,&quot;title&quot;:&quot;&quot;,&quot;orientation&quot;:&quot;1&quot;}\" data-image-title=\"DSC_0221are\" data-image-description=\"\" data-image-caption=\"\" data-medium-file=\"https:\/\/www.grieta.org.mx\/wp-content\/uploads\/2020\/03\/DSC_0221are-300x200.jpg\" data-large-file=\"https:\/\/www.grieta.org.mx\/wp-content\/uploads\/2020\/03\/DSC_0221are.jpg\" class=\"aligncenter wp-image-46608\" src=\"http:\/\/www.grieta.org.mx\/wp-content\/uploads\/2020\/03\/DSC_0221are.jpg\" alt=\"\" width=\"800\" height=\"533\" srcset=\"https:\/\/www.grieta.org.mx\/wp-content\/uploads\/2020\/03\/DSC_0221are.jpg 750w, https:\/\/www.grieta.org.mx\/wp-content\/uploads\/2020\/03\/DSC_0221are-300x200.jpg 300w\" sizes=\"auto, (max-width: 800px) 100vw, 800px\" \/><\/p>\n<p><em>&#8220;Pero, como de por s\u00ed pasa en la historia del mundo, pues lo que va a pasar es que nos vamos a organizar precisamente para detener esa mataz\u00f3n. Y ya despu\u00e9s, pues habr\u00e1 quien diga que hasta ah\u00ed nom\u00e1s. Pero habremos otras que nos seguiremos m\u00e1s all\u00e1, hasta terminar con la ra\u00edz del \u00e1rbol de nuestro dolor: el sistema capitalista patriarcal, racista, explotador, represivo, robador y antihumano&#8221;<\/em> (Comunicado EZLN, 1 de marzo 2020).<\/p>\n<p><img loading=\"lazy\" decoding=\"async\" data-attachment-id=\"45960\" data-permalink=\"https:\/\/www.grieta.org.mx\/index.php\/2020\/03\/10\/galeria-fotografica-del-dia-internacional-de-la-mujer-en-oaxaca\/2-48\/\" data-orig-file=\"https:\/\/www.grieta.org.mx\/wp-content\/uploads\/2020\/03\/2-1.jpeg\" data-orig-size=\"960,1280\" data-comments-opened=\"0\" data-image-meta=\"{&quot;aperture&quot;:&quot;0&quot;,&quot;credit&quot;:&quot;&quot;,&quot;camera&quot;:&quot;&quot;,&quot;caption&quot;:&quot;&quot;,&quot;created_timestamp&quot;:&quot;0&quot;,&quot;copyright&quot;:&quot;&quot;,&quot;focal_length&quot;:&quot;0&quot;,&quot;iso&quot;:&quot;0&quot;,&quot;shutter_speed&quot;:&quot;0&quot;,&quot;title&quot;:&quot;&quot;,&quot;orientation&quot;:&quot;0&quot;}\" data-image-title=\"2\" data-image-description=\"\" data-image-caption=\"\" data-medium-file=\"https:\/\/www.grieta.org.mx\/wp-content\/uploads\/2020\/03\/2-1-225x300.jpeg\" data-large-file=\"https:\/\/www.grieta.org.mx\/wp-content\/uploads\/2020\/03\/2-1-768x1024.jpeg\" class=\"aligncenter wp-image-45960\" src=\"http:\/\/www.grieta.org.mx\/wp-content\/uploads\/2020\/03\/2-1.jpeg\" alt=\"\" width=\"800\" height=\"1067\" srcset=\"https:\/\/www.grieta.org.mx\/wp-content\/uploads\/2020\/03\/2-1.jpeg 960w, https:\/\/www.grieta.org.mx\/wp-content\/uploads\/2020\/03\/2-1-225x300.jpeg 225w, https:\/\/www.grieta.org.mx\/wp-content\/uploads\/2020\/03\/2-1-768x1024.jpeg 768w, https:\/\/www.grieta.org.mx\/wp-content\/uploads\/2020\/03\/2-1-375x500.jpeg 375w\" sizes=\"auto, (max-width: 800px) 100vw, 800px\" \/><\/p>\n<p><img loading=\"lazy\" decoding=\"async\" data-attachment-id=\"45952\" data-permalink=\"https:\/\/www.grieta.org.mx\/index.php\/2020\/03\/10\/galeria-fotografica-del-dia-internacional-de-la-mujer-en-oaxaca\/3-37\/\" data-orig-file=\"https:\/\/www.grieta.org.mx\/wp-content\/uploads\/2020\/03\/3-1.jpeg\" data-orig-size=\"960,1280\" data-comments-opened=\"0\" data-image-meta=\"{&quot;aperture&quot;:&quot;0&quot;,&quot;credit&quot;:&quot;&quot;,&quot;camera&quot;:&quot;&quot;,&quot;caption&quot;:&quot;&quot;,&quot;created_timestamp&quot;:&quot;0&quot;,&quot;copyright&quot;:&quot;&quot;,&quot;focal_length&quot;:&quot;0&quot;,&quot;iso&quot;:&quot;0&quot;,&quot;shutter_speed&quot;:&quot;0&quot;,&quot;title&quot;:&quot;&quot;,&quot;orientation&quot;:&quot;0&quot;}\" data-image-title=\"3\" data-image-description=\"\" data-image-caption=\"\" data-medium-file=\"https:\/\/www.grieta.org.mx\/wp-content\/uploads\/2020\/03\/3-1-225x300.jpeg\" data-large-file=\"https:\/\/www.grieta.org.mx\/wp-content\/uploads\/2020\/03\/3-1-768x1024.jpeg\" class=\"aligncenter wp-image-45952\" src=\"http:\/\/www.grieta.org.mx\/wp-content\/uploads\/2020\/03\/3-1.jpeg\" alt=\"\" width=\"800\" height=\"1067\" srcset=\"https:\/\/www.grieta.org.mx\/wp-content\/uploads\/2020\/03\/3-1.jpeg 960w, https:\/\/www.grieta.org.mx\/wp-content\/uploads\/2020\/03\/3-1-225x300.jpeg 225w, https:\/\/www.grieta.org.mx\/wp-content\/uploads\/2020\/03\/3-1-768x1024.jpeg 768w, https:\/\/www.grieta.org.mx\/wp-content\/uploads\/2020\/03\/3-1-375x500.jpeg 375w\" sizes=\"auto, (max-width: 800px) 100vw, 800px\" \/><\/p>\n<p><img loading=\"lazy\" decoding=\"async\" data-attachment-id=\"46611\" data-permalink=\"https:\/\/www.grieta.org.mx\/index.php\/2020\/03\/10\/galeria-fotografica-del-dia-internacional-de-la-mujer-en-oaxaca\/dsc_0301are\/\" data-orig-file=\"https:\/\/www.grieta.org.mx\/wp-content\/uploads\/2020\/03\/DSC_0301are.jpg\" data-orig-size=\"750,500\" data-comments-opened=\"0\" data-image-meta=\"{&quot;aperture&quot;:&quot;6.7&quot;,&quot;credit&quot;:&quot;&quot;,&quot;camera&quot;:&quot;NIKON D5200&quot;,&quot;caption&quot;:&quot;&quot;,&quot;created_timestamp&quot;:&quot;1583687640&quot;,&quot;copyright&quot;:&quot;&quot;,&quot;focal_length&quot;:&quot;34&quot;,&quot;iso&quot;:&quot;100&quot;,&quot;shutter_speed&quot;:&quot;0.0028571428571429&quot;,&quot;title&quot;:&quot;&quot;,&quot;orientation&quot;:&quot;1&quot;}\" data-image-title=\"DSC_0301are\" data-image-description=\"\" data-image-caption=\"\" data-medium-file=\"https:\/\/www.grieta.org.mx\/wp-content\/uploads\/2020\/03\/DSC_0301are-300x200.jpg\" data-large-file=\"https:\/\/www.grieta.org.mx\/wp-content\/uploads\/2020\/03\/DSC_0301are.jpg\" class=\"aligncenter size-full wp-image-46611\" src=\"http:\/\/www.grieta.org.mx\/wp-content\/uploads\/2020\/03\/DSC_0301are.jpg\" alt=\"\" width=\"750\" height=\"500\" srcset=\"https:\/\/www.grieta.org.mx\/wp-content\/uploads\/2020\/03\/DSC_0301are.jpg 750w, https:\/\/www.grieta.org.mx\/wp-content\/uploads\/2020\/03\/DSC_0301are-300x200.jpg 300w\" sizes=\"auto, (max-width: 750px) 100vw, 750px\" \/><\/p>\n<p>&nbsp;<\/p>\n<p><img loading=\"lazy\" decoding=\"async\" data-attachment-id=\"46800\" data-permalink=\"https:\/\/www.grieta.org.mx\/index.php\/2020\/03\/10\/galeria-fotografica-del-dia-internacional-de-la-mujer-en-oaxaca\/dsc_0268are\/\" data-orig-file=\"https:\/\/www.grieta.org.mx\/wp-content\/uploads\/2020\/03\/DSC_0268are.jpg\" data-orig-size=\"750,500\" data-comments-opened=\"0\" data-image-meta=\"{&quot;aperture&quot;:&quot;6.7&quot;,&quot;credit&quot;:&quot;&quot;,&quot;camera&quot;:&quot;NIKON D5200&quot;,&quot;caption&quot;:&quot;&quot;,&quot;created_timestamp&quot;:&quot;1583687160&quot;,&quot;copyright&quot;:&quot;&quot;,&quot;focal_length&quot;:&quot;42&quot;,&quot;iso&quot;:&quot;1000&quot;,&quot;shutter_speed&quot;:&quot;0.0028571428571429&quot;,&quot;title&quot;:&quot;&quot;,&quot;orientation&quot;:&quot;1&quot;}\" data-image-title=\"DSC_0268are\" data-image-description=\"\" data-image-caption=\"\" data-medium-file=\"https:\/\/www.grieta.org.mx\/wp-content\/uploads\/2020\/03\/DSC_0268are-300x200.jpg\" data-large-file=\"https:\/\/www.grieta.org.mx\/wp-content\/uploads\/2020\/03\/DSC_0268are.jpg\" class=\"aligncenter wp-image-46800\" src=\"http:\/\/www.grieta.org.mx\/wp-content\/uploads\/2020\/03\/DSC_0268are.jpg\" alt=\"\" width=\"800\" height=\"533\" srcset=\"https:\/\/www.grieta.org.mx\/wp-content\/uploads\/2020\/03\/DSC_0268are.jpg 750w, https:\/\/www.grieta.org.mx\/wp-content\/uploads\/2020\/03\/DSC_0268are-300x200.jpg 300w\" sizes=\"auto, (max-width: 800px) 100vw, 800px\" \/><\/p>\n<p><img loading=\"lazy\" decoding=\"async\" data-attachment-id=\"46613\" data-permalink=\"https:\/\/www.grieta.org.mx\/index.php\/2020\/03\/10\/galeria-fotografica-del-dia-internacional-de-la-mujer-en-oaxaca\/dsc_0303are-2\/\" data-orig-file=\"https:\/\/www.grieta.org.mx\/wp-content\/uploads\/2020\/03\/DSC_0303are-1.jpg\" data-orig-size=\"750,500\" data-comments-opened=\"0\" data-image-meta=\"{&quot;aperture&quot;:&quot;6.7&quot;,&quot;credit&quot;:&quot;&quot;,&quot;camera&quot;:&quot;NIKON D5200&quot;,&quot;caption&quot;:&quot;&quot;,&quot;created_timestamp&quot;:&quot;1583687682&quot;,&quot;copyright&quot;:&quot;&quot;,&quot;focal_length&quot;:&quot;45&quot;,&quot;iso&quot;:&quot;100&quot;,&quot;shutter_speed&quot;:&quot;0.0028571428571429&quot;,&quot;title&quot;:&quot;&quot;,&quot;orientation&quot;:&quot;1&quot;}\" data-image-title=\"DSC_0303are\" data-image-description=\"\" data-image-caption=\"\" data-medium-file=\"https:\/\/www.grieta.org.mx\/wp-content\/uploads\/2020\/03\/DSC_0303are-1-300x200.jpg\" data-large-file=\"https:\/\/www.grieta.org.mx\/wp-content\/uploads\/2020\/03\/DSC_0303are-1.jpg\" class=\"aligncenter size-full wp-image-46613\" src=\"http:\/\/www.grieta.org.mx\/wp-content\/uploads\/2020\/03\/DSC_0303are-1.jpg\" alt=\"\" width=\"750\" height=\"500\" srcset=\"https:\/\/www.grieta.org.mx\/wp-content\/uploads\/2020\/03\/DSC_0303are-1.jpg 750w, https:\/\/www.grieta.org.mx\/wp-content\/uploads\/2020\/03\/DSC_0303are-1-300x200.jpg 300w\" sizes=\"auto, (max-width: 750px) 100vw, 750px\" \/><\/p>\n<p><img loading=\"lazy\" decoding=\"async\" data-attachment-id=\"46615\" data-permalink=\"https:\/\/www.grieta.org.mx\/index.php\/2020\/03\/10\/galeria-fotografica-del-dia-internacional-de-la-mujer-en-oaxaca\/dsc_0345are\/\" data-orig-file=\"https:\/\/www.grieta.org.mx\/wp-content\/uploads\/2020\/03\/DSC_0345are.jpg\" data-orig-size=\"750,500\" data-comments-opened=\"0\" data-image-meta=\"{&quot;aperture&quot;:&quot;6.7&quot;,&quot;credit&quot;:&quot;&quot;,&quot;camera&quot;:&quot;NIKON D5200&quot;,&quot;caption&quot;:&quot;&quot;,&quot;created_timestamp&quot;:&quot;1583689672&quot;,&quot;copyright&quot;:&quot;&quot;,&quot;focal_length&quot;:&quot;55&quot;,&quot;iso&quot;:&quot;640&quot;,&quot;shutter_speed&quot;:&quot;0.0028571428571429&quot;,&quot;title&quot;:&quot;&quot;,&quot;orientation&quot;:&quot;1&quot;}\" data-image-title=\"DSC_0345are\" data-image-description=\"\" data-image-caption=\"\" data-medium-file=\"https:\/\/www.grieta.org.mx\/wp-content\/uploads\/2020\/03\/DSC_0345are-300x200.jpg\" data-large-file=\"https:\/\/www.grieta.org.mx\/wp-content\/uploads\/2020\/03\/DSC_0345are.jpg\" class=\"aligncenter size-full wp-image-46615\" src=\"http:\/\/www.grieta.org.mx\/wp-content\/uploads\/2020\/03\/DSC_0345are.jpg\" alt=\"\" width=\"750\" height=\"500\" srcset=\"https:\/\/www.grieta.org.mx\/wp-content\/uploads\/2020\/03\/DSC_0345are.jpg 750w, https:\/\/www.grieta.org.mx\/wp-content\/uploads\/2020\/03\/DSC_0345are-300x200.jpg 300w\" sizes=\"auto, (max-width: 750px) 100vw, 750px\" \/><\/p>\n<p><img loading=\"lazy\" decoding=\"async\" data-attachment-id=\"46616\" data-permalink=\"https:\/\/www.grieta.org.mx\/index.php\/2020\/03\/10\/galeria-fotografica-del-dia-internacional-de-la-mujer-en-oaxaca\/dsc_0354are\/\" data-orig-file=\"https:\/\/www.grieta.org.mx\/wp-content\/uploads\/2020\/03\/DSC_0354are.jpg\" data-orig-size=\"750,500\" data-comments-opened=\"0\" data-image-meta=\"{&quot;aperture&quot;:&quot;6.7&quot;,&quot;credit&quot;:&quot;&quot;,&quot;camera&quot;:&quot;NIKON D5200&quot;,&quot;caption&quot;:&quot;&quot;,&quot;created_timestamp&quot;:&quot;1583689818&quot;,&quot;copyright&quot;:&quot;&quot;,&quot;focal_length&quot;:&quot;32&quot;,&quot;iso&quot;:&quot;640&quot;,&quot;shutter_speed&quot;:&quot;0.0028571428571429&quot;,&quot;title&quot;:&quot;&quot;,&quot;orientation&quot;:&quot;1&quot;}\" data-image-title=\"DSC_0354are\" data-image-description=\"\" data-image-caption=\"\" data-medium-file=\"https:\/\/www.grieta.org.mx\/wp-content\/uploads\/2020\/03\/DSC_0354are-300x200.jpg\" data-large-file=\"https:\/\/www.grieta.org.mx\/wp-content\/uploads\/2020\/03\/DSC_0354are.jpg\" class=\"aligncenter size-full wp-image-46616\" src=\"http:\/\/www.grieta.org.mx\/wp-content\/uploads\/2020\/03\/DSC_0354are.jpg\" alt=\"\" width=\"750\" height=\"500\" srcset=\"https:\/\/www.grieta.org.mx\/wp-content\/uploads\/2020\/03\/DSC_0354are.jpg 750w, https:\/\/www.grieta.org.mx\/wp-content\/uploads\/2020\/03\/DSC_0354are-300x200.jpg 300w\" sizes=\"auto, (max-width: 750px) 100vw, 750px\" \/><\/p>\n<p><img loading=\"lazy\" decoding=\"async\" data-attachment-id=\"46617\" data-permalink=\"https:\/\/www.grieta.org.mx\/index.php\/2020\/03\/10\/galeria-fotografica-del-dia-internacional-de-la-mujer-en-oaxaca\/dsc_0355are\/\" data-orig-file=\"https:\/\/www.grieta.org.mx\/wp-content\/uploads\/2020\/03\/DSC_0355are.jpg\" data-orig-size=\"750,500\" data-comments-opened=\"0\" data-image-meta=\"{&quot;aperture&quot;:&quot;6.7&quot;,&quot;credit&quot;:&quot;&quot;,&quot;camera&quot;:&quot;NIKON D5200&quot;,&quot;caption&quot;:&quot;&quot;,&quot;created_timestamp&quot;:&quot;1583689869&quot;,&quot;copyright&quot;:&quot;&quot;,&quot;focal_length&quot;:&quot;35&quot;,&quot;iso&quot;:&quot;640&quot;,&quot;shutter_speed&quot;:&quot;0.0028571428571429&quot;,&quot;title&quot;:&quot;&quot;,&quot;orientation&quot;:&quot;1&quot;}\" data-image-title=\"DSC_0355are\" data-image-description=\"\" data-image-caption=\"\" data-medium-file=\"https:\/\/www.grieta.org.mx\/wp-content\/uploads\/2020\/03\/DSC_0355are-300x200.jpg\" data-large-file=\"https:\/\/www.grieta.org.mx\/wp-content\/uploads\/2020\/03\/DSC_0355are.jpg\" class=\"aligncenter size-full wp-image-46617\" src=\"http:\/\/www.grieta.org.mx\/wp-content\/uploads\/2020\/03\/DSC_0355are.jpg\" alt=\"\" width=\"750\" height=\"500\" srcset=\"https:\/\/www.grieta.org.mx\/wp-content\/uploads\/2020\/03\/DSC_0355are.jpg 750w, https:\/\/www.grieta.org.mx\/wp-content\/uploads\/2020\/03\/DSC_0355are-300x200.jpg 300w\" sizes=\"auto, (max-width: 750px) 100vw, 750px\" \/><\/p>\n<p><img loading=\"lazy\" decoding=\"async\" data-attachment-id=\"46618\" data-permalink=\"https:\/\/www.grieta.org.mx\/index.php\/2020\/03\/10\/galeria-fotografica-del-dia-internacional-de-la-mujer-en-oaxaca\/dsc_0356are\/\" data-orig-file=\"https:\/\/www.grieta.org.mx\/wp-content\/uploads\/2020\/03\/DSC_0356are.jpg\" data-orig-size=\"750,500\" data-comments-opened=\"0\" data-image-meta=\"{&quot;aperture&quot;:&quot;6.7&quot;,&quot;credit&quot;:&quot;&quot;,&quot;camera&quot;:&quot;NIKON D5200&quot;,&quot;caption&quot;:&quot;&quot;,&quot;created_timestamp&quot;:&quot;1583689885&quot;,&quot;copyright&quot;:&quot;&quot;,&quot;focal_length&quot;:&quot;22&quot;,&quot;iso&quot;:&quot;640&quot;,&quot;shutter_speed&quot;:&quot;0.0028571428571429&quot;,&quot;title&quot;:&quot;&quot;,&quot;orientation&quot;:&quot;1&quot;}\" data-image-title=\"DSC_0356are\" data-image-description=\"\" data-image-caption=\"\" data-medium-file=\"https:\/\/www.grieta.org.mx\/wp-content\/uploads\/2020\/03\/DSC_0356are-300x200.jpg\" data-large-file=\"https:\/\/www.grieta.org.mx\/wp-content\/uploads\/2020\/03\/DSC_0356are.jpg\" class=\"aligncenter size-full wp-image-46618\" src=\"http:\/\/www.grieta.org.mx\/wp-content\/uploads\/2020\/03\/DSC_0356are.jpg\" alt=\"\" width=\"750\" height=\"500\" srcset=\"https:\/\/www.grieta.org.mx\/wp-content\/uploads\/2020\/03\/DSC_0356are.jpg 750w, https:\/\/www.grieta.org.mx\/wp-content\/uploads\/2020\/03\/DSC_0356are-300x200.jpg 300w\" sizes=\"auto, (max-width: 750px) 100vw, 750px\" \/><\/p>\n<p><img loading=\"lazy\" decoding=\"async\" data-attachment-id=\"46619\" data-permalink=\"https:\/\/www.grieta.org.mx\/index.php\/2020\/03\/10\/galeria-fotografica-del-dia-internacional-de-la-mujer-en-oaxaca\/dsc_0358are\/\" data-orig-file=\"https:\/\/www.grieta.org.mx\/wp-content\/uploads\/2020\/03\/DSC_0358are.jpg\" data-orig-size=\"750,500\" data-comments-opened=\"0\" data-image-meta=\"{&quot;aperture&quot;:&quot;6.7&quot;,&quot;credit&quot;:&quot;&quot;,&quot;camera&quot;:&quot;NIKON D5200&quot;,&quot;caption&quot;:&quot;&quot;,&quot;created_timestamp&quot;:&quot;1583689963&quot;,&quot;copyright&quot;:&quot;&quot;,&quot;focal_length&quot;:&quot;26&quot;,&quot;iso&quot;:&quot;640&quot;,&quot;shutter_speed&quot;:&quot;0.0028571428571429&quot;,&quot;title&quot;:&quot;&quot;,&quot;orientation&quot;:&quot;1&quot;}\" data-image-title=\"DSC_0358are\" data-image-description=\"\" data-image-caption=\"\" data-medium-file=\"https:\/\/www.grieta.org.mx\/wp-content\/uploads\/2020\/03\/DSC_0358are-300x200.jpg\" data-large-file=\"https:\/\/www.grieta.org.mx\/wp-content\/uploads\/2020\/03\/DSC_0358are.jpg\" class=\"aligncenter size-full wp-image-46619\" src=\"http:\/\/www.grieta.org.mx\/wp-content\/uploads\/2020\/03\/DSC_0358are.jpg\" alt=\"\" width=\"750\" height=\"500\" srcset=\"https:\/\/www.grieta.org.mx\/wp-content\/uploads\/2020\/03\/DSC_0358are.jpg 750w, https:\/\/www.grieta.org.mx\/wp-content\/uploads\/2020\/03\/DSC_0358are-300x200.jpg 300w\" sizes=\"auto, (max-width: 750px) 100vw, 750px\" \/><\/p>\n<p><img loading=\"lazy\" decoding=\"async\" data-attachment-id=\"46620\" data-permalink=\"https:\/\/www.grieta.org.mx\/index.php\/2020\/03\/10\/galeria-fotografica-del-dia-internacional-de-la-mujer-en-oaxaca\/dsc_0370are\/\" data-orig-file=\"https:\/\/www.grieta.org.mx\/wp-content\/uploads\/2020\/03\/DSC_0370are.jpg\" data-orig-size=\"750,500\" data-comments-opened=\"0\" data-image-meta=\"{&quot;aperture&quot;:&quot;6.7&quot;,&quot;credit&quot;:&quot;&quot;,&quot;camera&quot;:&quot;NIKON D5200&quot;,&quot;caption&quot;:&quot;&quot;,&quot;created_timestamp&quot;:&quot;1583690513&quot;,&quot;copyright&quot;:&quot;&quot;,&quot;focal_length&quot;:&quot;190&quot;,&quot;iso&quot;:&quot;500&quot;,&quot;shutter_speed&quot;:&quot;0.0028571428571429&quot;,&quot;title&quot;:&quot;&quot;,&quot;orientation&quot;:&quot;1&quot;}\" data-image-title=\"DSC_0370are\" data-image-description=\"\" data-image-caption=\"\" data-medium-file=\"https:\/\/www.grieta.org.mx\/wp-content\/uploads\/2020\/03\/DSC_0370are-300x200.jpg\" data-large-file=\"https:\/\/www.grieta.org.mx\/wp-content\/uploads\/2020\/03\/DSC_0370are.jpg\" class=\"aligncenter size-full wp-image-46620\" src=\"http:\/\/www.grieta.org.mx\/wp-content\/uploads\/2020\/03\/DSC_0370are.jpg\" alt=\"\" width=\"750\" height=\"500\" srcset=\"https:\/\/www.grieta.org.mx\/wp-content\/uploads\/2020\/03\/DSC_0370are.jpg 750w, https:\/\/www.grieta.org.mx\/wp-content\/uploads\/2020\/03\/DSC_0370are-300x200.jpg 300w\" sizes=\"auto, (max-width: 750px) 100vw, 750px\" \/><\/p>\n<p><img loading=\"lazy\" decoding=\"async\" data-attachment-id=\"46621\" data-permalink=\"https:\/\/www.grieta.org.mx\/index.php\/2020\/03\/10\/galeria-fotografica-del-dia-internacional-de-la-mujer-en-oaxaca\/dsc_0372are\/\" data-orig-file=\"https:\/\/www.grieta.org.mx\/wp-content\/uploads\/2020\/03\/DSC_0372are.jpg\" data-orig-size=\"750,500\" data-comments-opened=\"0\" data-image-meta=\"{&quot;aperture&quot;:&quot;6.7&quot;,&quot;credit&quot;:&quot;&quot;,&quot;camera&quot;:&quot;NIKON D5200&quot;,&quot;caption&quot;:&quot;&quot;,&quot;created_timestamp&quot;:&quot;1583690530&quot;,&quot;copyright&quot;:&quot;&quot;,&quot;focal_length&quot;:&quot;190&quot;,&quot;iso&quot;:&quot;500&quot;,&quot;shutter_speed&quot;:&quot;0.0028571428571429&quot;,&quot;title&quot;:&quot;&quot;,&quot;orientation&quot;:&quot;1&quot;}\" data-image-title=\"DSC_0372are\" data-image-description=\"\" data-image-caption=\"\" data-medium-file=\"https:\/\/www.grieta.org.mx\/wp-content\/uploads\/2020\/03\/DSC_0372are-300x200.jpg\" data-large-file=\"https:\/\/www.grieta.org.mx\/wp-content\/uploads\/2020\/03\/DSC_0372are.jpg\" class=\"aligncenter size-full wp-image-46621\" src=\"http:\/\/www.grieta.org.mx\/wp-content\/uploads\/2020\/03\/DSC_0372are.jpg\" alt=\"\" width=\"750\" height=\"500\" srcset=\"https:\/\/www.grieta.org.mx\/wp-content\/uploads\/2020\/03\/DSC_0372are.jpg 750w, https:\/\/www.grieta.org.mx\/wp-content\/uploads\/2020\/03\/DSC_0372are-300x200.jpg 300w\" sizes=\"auto, (max-width: 750px) 100vw, 750px\" \/><\/p>\n<p><img loading=\"lazy\" decoding=\"async\" data-attachment-id=\"46622\" data-permalink=\"https:\/\/www.grieta.org.mx\/index.php\/2020\/03\/10\/galeria-fotografica-del-dia-internacional-de-la-mujer-en-oaxaca\/dsc_0389are\/\" data-orig-file=\"https:\/\/www.grieta.org.mx\/wp-content\/uploads\/2020\/03\/DSC_0389are.jpg\" data-orig-size=\"750,500\" data-comments-opened=\"0\" data-image-meta=\"{&quot;aperture&quot;:&quot;6.7&quot;,&quot;credit&quot;:&quot;&quot;,&quot;camera&quot;:&quot;NIKON D5200&quot;,&quot;caption&quot;:&quot;&quot;,&quot;created_timestamp&quot;:&quot;1583690806&quot;,&quot;copyright&quot;:&quot;&quot;,&quot;focal_length&quot;:&quot;55&quot;,&quot;iso&quot;:&quot;500&quot;,&quot;shutter_speed&quot;:&quot;0.0028571428571429&quot;,&quot;title&quot;:&quot;&quot;,&quot;orientation&quot;:&quot;1&quot;}\" data-image-title=\"DSC_0389are\" data-image-description=\"\" data-image-caption=\"\" data-medium-file=\"https:\/\/www.grieta.org.mx\/wp-content\/uploads\/2020\/03\/DSC_0389are-300x200.jpg\" data-large-file=\"https:\/\/www.grieta.org.mx\/wp-content\/uploads\/2020\/03\/DSC_0389are.jpg\" class=\"aligncenter size-full wp-image-46622\" src=\"http:\/\/www.grieta.org.mx\/wp-content\/uploads\/2020\/03\/DSC_0389are.jpg\" alt=\"\" width=\"750\" height=\"500\" srcset=\"https:\/\/www.grieta.org.mx\/wp-content\/uploads\/2020\/03\/DSC_0389are.jpg 750w, https:\/\/www.grieta.org.mx\/wp-content\/uploads\/2020\/03\/DSC_0389are-300x200.jpg 300w\" sizes=\"auto, (max-width: 750px) 100vw, 750px\" \/><\/p>\n<p><img loading=\"lazy\" decoding=\"async\" data-attachment-id=\"46623\" data-permalink=\"https:\/\/www.grieta.org.mx\/index.php\/2020\/03\/10\/galeria-fotografica-del-dia-internacional-de-la-mujer-en-oaxaca\/dsc_0427are\/\" data-orig-file=\"https:\/\/www.grieta.org.mx\/wp-content\/uploads\/2020\/03\/DSC_0427are.jpg\" data-orig-size=\"750,500\" data-comments-opened=\"0\" data-image-meta=\"{&quot;aperture&quot;:&quot;6.7&quot;,&quot;credit&quot;:&quot;&quot;,&quot;camera&quot;:&quot;NIKON D5200&quot;,&quot;caption&quot;:&quot;&quot;,&quot;created_timestamp&quot;:&quot;1583691417&quot;,&quot;copyright&quot;:&quot;&quot;,&quot;focal_length&quot;:&quot;26&quot;,&quot;iso&quot;:&quot;1250&quot;,&quot;shutter_speed&quot;:&quot;0.0028571428571429&quot;,&quot;title&quot;:&quot;&quot;,&quot;orientation&quot;:&quot;1&quot;}\" data-image-title=\"DSC_0427are\" data-image-description=\"\" data-image-caption=\"\" data-medium-file=\"https:\/\/www.grieta.org.mx\/wp-content\/uploads\/2020\/03\/DSC_0427are-300x200.jpg\" data-large-file=\"https:\/\/www.grieta.org.mx\/wp-content\/uploads\/2020\/03\/DSC_0427are.jpg\" class=\"aligncenter size-full wp-image-46623\" src=\"http:\/\/www.grieta.org.mx\/wp-content\/uploads\/2020\/03\/DSC_0427are.jpg\" alt=\"\" width=\"750\" height=\"500\" srcset=\"https:\/\/www.grieta.org.mx\/wp-content\/uploads\/2020\/03\/DSC_0427are.jpg 750w, https:\/\/www.grieta.org.mx\/wp-content\/uploads\/2020\/03\/DSC_0427are-300x200.jpg 300w\" sizes=\"auto, (max-width: 750px) 100vw, 750px\" \/><\/p>\n<p>Video de la marcha del d\u00eda internacional de la mujer en Oaxaca:<\/p>\n<div class=\"jetpack-video-wrapper\"><iframe loading=\"lazy\" title=\"Marcha mujeres Oaxaca 080320\" width=\"1170\" height=\"658\" src=\"https:\/\/www.youtube.com\/embed\/glmFipURieM?feature=oembed\" frameborder=\"0\" allow=\"accelerometer; autoplay; clipboard-write; encrypted-media; gyroscope; picture-in-picture\" allowfullscreen><\/iframe><\/div>\n<p>Leer Comunicado del EZLN: &#8220;No necesitamos permiso para luchar por la vida. Las mujeres zapatistas se unen al paro nacional del 9 de marzo&#8221;, del 1 de marzo de 2020: http:\/\/enlacezapatista.ezln.org.mx\/2020\/03\/01\/no-necesitamos-permiso-para-luchar-por-la-vida-las-mujeres-zapatistas-se-unen-al-paro-nacional-del-9-de-marzo\/<\/p>\n","protected":false},"excerpt":{"rendered":"<p>Colectivo Grieta. D\u00eda internacional de la mujer. Actividad: Marcha y jornada de lucha. Lugar: Oaxaca, Oaxaca Fotos: Colectivo Grieta, Centro de Ciencias y Artes &#8220;La Luciernaga&#8221; y Colectivo Colmena. Video: &hellip; <a href=\"https:\/\/www.grieta.org.mx\/index.php\/2020\/03\/10\/galeria-fotografica-del-dia-internacional-de-la-mujer-en-oaxaca\/\" class=\"more-link\">Leer m\u00e1s<\/a><\/p>\n","protected":false},"author":2,"featured_media":45921,"comment_status":"closed","ping_status":"closed","sticky":false,"template":"","format":"standard","meta":{"ngg_post_thumbnail":0,"_jetpack_newsletter_access":"","_jetpack_dont_email_post_to_subs":false,"_jetpack_newsletter_tier_id":0,"_jetpack_memberships_contains_paywalled_content":false,"_jetpack_memberships_contains_paid_content":false,"footnotes":""},"categories":[80,1775,1325,3163,2,25,1665],"tags":[],"class_list":["post-45919","post","type-post","status-publish","format-standard","has-post-thumbnail","hentry","category-cintillo","category-colectivo-grieta","category-feminicidios-en-oaxaca-oaxaca","category-la-lucha-de-las-mujeres-en-oaxaca","category-noticias-nacionales","category-oaxaca","category-violencia-contra-las-mujeres-en-oaxaca","entry"],"jetpack_featured_media_url":"https:\/\/www.grieta.org.mx\/wp-content\/uploads\/2020\/03\/Portada.jpeg","jetpack_sharing_enabled":true,"jetpack_shortlink":"https:\/\/wp.me\/p7ZJR4-bWD","jetpack_likes_enabled":false,"jetpack-related-posts":[{"id":24773,"url":"https:\/\/www.grieta.org.mx\/index.php\/2018\/07\/16\/mas-de-198-feminicidios-en-oaxaca-urge-declarar-alerta-de-genero\/","url_meta":{"origin":45919,"position":0},"title":"M\u00e1s de 198 feminicidios en Oaxaca, urge declarar alerta de g\u00e9nero","author":"grieta","date":"16 julio, 2018","format":false,"excerpt":"P\u00e1gina 3. Diana Manzo \/ Corresponsal, Juchit\u00e1n, Oaxaca.- Paulina Tolentino L\u00f3pez de 16 a\u00f1os de edad desapareci\u00f3 hace una semana en Juchit\u00e1n y todav\u00eda no aparece, seg\u00fan la organizaci\u00f3n social Consorcio para la Equidad y G\u00e9nero suman 278 mujeres las desaparecidas en Oaxaca desde la administraci\u00f3n del actual gobernador Alejandro\u2026","rel":"","context":"En &quot;CINTILLO&quot;","block_context":{"text":"CINTILLO","link":"https:\/\/www.grieta.org.mx\/index.php\/category\/cintillo\/"},"img":{"alt_text":"","src":"https:\/\/i0.wp.com\/www.grieta.org.mx\/wp-content\/uploads\/2018\/07\/feminicidio-en-Oaxaca.jpg?resize=350%2C200&ssl=1","width":350,"height":200,"srcset":"https:\/\/i0.wp.com\/www.grieta.org.mx\/wp-content\/uploads\/2018\/07\/feminicidio-en-Oaxaca.jpg?resize=350%2C200&ssl=1 1x, https:\/\/i0.wp.com\/www.grieta.org.mx\/wp-content\/uploads\/2018\/07\/feminicidio-en-Oaxaca.jpg?resize=525%2C300&ssl=1 1.5x, https:\/\/i0.wp.com\/www.grieta.org.mx\/wp-content\/uploads\/2018\/07\/feminicidio-en-Oaxaca.jpg?resize=700%2C400&ssl=1 2x"},"classes":[]},{"id":57369,"url":"https:\/\/www.grieta.org.mx\/index.php\/2021\/03\/07\/marchan-mujeres-zapotecas-contra-feminicidios-en-el-istmo-oaxaca\/","url_meta":{"origin":45919,"position":1},"title":"Marchan mujeres zapotecas contra feminicidios en el Istmo (Oaxaca)","author":"grieta","date":"7 marzo, 2021","format":false,"excerpt":"Pi\u00e9 de P\u00e1gina \/ Diana Manzo. Juchit\u00e1n, Oaxaca.- Vestidas con sus enaguas y huipiles, mujeres zapotecas de este municipio oaxaque\u00f1o marcharon contra los feminicidios y la violencia en el marco del D\u00eda Internacional de la Mujer. Familiares de Carolina, la \u00faltima mujer asesinada en Juchit\u00e1n, encabezaron el contingente que parti\u00f3\u2026","rel":"","context":"En &quot;CINTILLO&quot;","block_context":{"text":"CINTILLO","link":"https:\/\/www.grieta.org.mx\/index.php\/category\/cintillo\/"},"img":{"alt_text":"","src":"https:\/\/i0.wp.com\/www.grieta.org.mx\/wp-content\/uploads\/2021\/03\/1-1.jpg?resize=350%2C200&ssl=1","width":350,"height":200,"srcset":"https:\/\/i0.wp.com\/www.grieta.org.mx\/wp-content\/uploads\/2021\/03\/1-1.jpg?resize=350%2C200&ssl=1 1x, https:\/\/i0.wp.com\/www.grieta.org.mx\/wp-content\/uploads\/2021\/03\/1-1.jpg?resize=525%2C300&ssl=1 1.5x, https:\/\/i0.wp.com\/www.grieta.org.mx\/wp-content\/uploads\/2021\/03\/1-1.jpg?resize=700%2C400&ssl=1 2x"},"classes":[]},{"id":57729,"url":"https:\/\/www.grieta.org.mx\/index.php\/2021\/03\/09\/violeta-y-aurora-ya-no-conmemoraron-el-dia-internacional-de-la-mujer-porque-las-mataron-oaxaca\/","url_meta":{"origin":45919,"position":2},"title":"Violeta y Aurora ya no conmemoraron el D\u00eda Internacional de la Mujer porque las mataron (Oaxaca)","author":"grieta","date":"9 marzo, 2021","format":false,"excerpt":"P\u00e1gina 3 \/ Pedro Mat\u00edas. Oaxaca.- Violeta y Aurora pasaron a formar parte de las estad\u00edsticas de la violencia feminicida en Oaxaca. Las mataron. Violeta fue ejecutada en pleno D\u00eda Internacional de la Mujer (8 de marzo) y Aurora fue asesinada la v\u00edspera (7 de marzo). Las dos mujeres fueron\u2026","rel":"","context":"En &quot;CINTILLO&quot;","block_context":{"text":"CINTILLO","link":"https:\/\/www.grieta.org.mx\/index.php\/category\/cintillo\/"},"img":{"alt_text":"","src":"https:\/\/i0.wp.com\/www.grieta.org.mx\/wp-content\/uploads\/2021\/03\/a-1.jpeg?resize=350%2C200&ssl=1","width":350,"height":200,"srcset":"https:\/\/i0.wp.com\/www.grieta.org.mx\/wp-content\/uploads\/2021\/03\/a-1.jpeg?resize=350%2C200&ssl=1 1x, https:\/\/i0.wp.com\/www.grieta.org.mx\/wp-content\/uploads\/2021\/03\/a-1.jpeg?resize=525%2C300&ssl=1 1.5x, https:\/\/i0.wp.com\/www.grieta.org.mx\/wp-content\/uploads\/2021\/03\/a-1.jpeg?resize=700%2C400&ssl=1 2x"},"classes":[]},{"id":57381,"url":"https:\/\/www.grieta.org.mx\/index.php\/2021\/03\/08\/conmemoran-jornada-de-manifestaciones-en-oaxaca-por-el-dia-internacional-de-la-mujer\/","url_meta":{"origin":45919,"position":3},"title":"Conmemoran jornada de manifestaciones en Oaxaca por el D\u00eda Internacional de la Mujer","author":"grieta","date":"8 marzo, 2021","format":false,"excerpt":"Noticias \/ Ana Lilia. Desde la ma\u00f1ana de este lunes 8 de marzo, contingentes de mujeres se dieron cita en distintos puntos de la capital oaxaque\u00f1a para conmemorar el D\u00eda Internacional de la Mujer para exigir mejores condiciones de vida o laborales. La fuente de la Ocho Regiones, el atrio\u2026","rel":"","context":"En &quot;CINTILLO&quot;","block_context":{"text":"CINTILLO","link":"https:\/\/www.grieta.org.mx\/index.php\/category\/cintillo\/"},"img":{"alt_text":"","src":"https:\/\/i0.wp.com\/www.grieta.org.mx\/wp-content\/uploads\/2021\/03\/1.jpeg?resize=350%2C200&ssl=1","width":350,"height":200,"srcset":"https:\/\/i0.wp.com\/www.grieta.org.mx\/wp-content\/uploads\/2021\/03\/1.jpeg?resize=350%2C200&ssl=1 1x, https:\/\/i0.wp.com\/www.grieta.org.mx\/wp-content\/uploads\/2021\/03\/1.jpeg?resize=525%2C300&ssl=1 1.5x, https:\/\/i0.wp.com\/www.grieta.org.mx\/wp-content\/uploads\/2021\/03\/1.jpeg?resize=700%2C400&ssl=1 2x, https:\/\/i0.wp.com\/www.grieta.org.mx\/wp-content\/uploads\/2021\/03\/1.jpeg?resize=1050%2C600&ssl=1 3x"},"classes":[]},{"id":60094,"url":"https:\/\/www.grieta.org.mx\/index.php\/2021\/06\/16\/mujeres-de-san-pablo-cuatro-venados-resisten-y-defienden-sus-tierras-ancestrales-oaxaca\/","url_meta":{"origin":45919,"position":4},"title":"Mujeres de San Pablo Cuatro Venados resisten y defienden sus tierras ancestrales (Oaxaca)","author":"grieta","date":"16 junio, 2021","format":false,"excerpt":"Centro de Ciencias y Artes \u201cLa Luci\u00e9rnaga\u201d \/ Texto y fotos: Luna Negra. Las mujeres de las localidades de El Rebolledo, Los Arquitos y R\u00edo Minas, perteneciente al municipio y n\u00facleo agrario de San Pablo Cuatro Venados, se han organizado para la defender su territorio ante la amenaza de la\u2026","rel":"","context":"En &quot;CINTILLO&quot;","block_context":{"text":"CINTILLO","link":"https:\/\/www.grieta.org.mx\/index.php\/category\/cintillo\/"},"img":{"alt_text":"","src":"https:\/\/i0.wp.com\/www.grieta.org.mx\/wp-content\/uploads\/2021\/06\/1-3-scaled.jpg?resize=350%2C200&ssl=1","width":350,"height":200,"srcset":"https:\/\/i0.wp.com\/www.grieta.org.mx\/wp-content\/uploads\/2021\/06\/1-3-scaled.jpg?resize=350%2C200&ssl=1 1x, https:\/\/i0.wp.com\/www.grieta.org.mx\/wp-content\/uploads\/2021\/06\/1-3-scaled.jpg?resize=525%2C300&ssl=1 1.5x, https:\/\/i0.wp.com\/www.grieta.org.mx\/wp-content\/uploads\/2021\/06\/1-3-scaled.jpg?resize=700%2C400&ssl=1 2x, https:\/\/i0.wp.com\/www.grieta.org.mx\/wp-content\/uploads\/2021\/06\/1-3-scaled.jpg?resize=1050%2C600&ssl=1 3x, https:\/\/i0.wp.com\/www.grieta.org.mx\/wp-content\/uploads\/2021\/06\/1-3-scaled.jpg?resize=1400%2C800&ssl=1 4x"},"classes":[]},{"id":30370,"url":"https:\/\/www.grieta.org.mx\/index.php\/2019\/03\/08\/se-manifiestan-mujeres-con-simulacro-feminicida-oaxaca\/","url_meta":{"origin":45919,"position":5},"title":"Se manifiestan mujeres con simulacro feminicida (Oaxaca)","author":"grieta","date":"8 marzo, 2019","format":false,"excerpt":"P\u00e1gina 3. Ana Luisa Cantoral, *Realizan un Flash-move para sensibilizar a la sociedad y que las autoridades frenen el feminicidio. Oaxaca.- Un grupo de mujeres, entre estudiantes, amas de casa y profesionistas, se manifestaron la ma\u00f1ana de este viernes 8 de marzo, en el andador tur\u00edstico con un simulacro feminicida\u2026","rel":"","context":"En &quot;CINTILLO&quot;","block_context":{"text":"CINTILLO","link":"https:\/\/www.grieta.org.mx\/index.php\/category\/cintillo\/"},"img":{"alt_text":"","src":"https:\/\/i0.wp.com\/www.grieta.org.mx\/wp-content\/uploads\/2019\/03\/Flash-move-feminicidio-1.jpeg?resize=350%2C200&ssl=1","width":350,"height":200,"srcset":"https:\/\/i0.wp.com\/www.grieta.org.mx\/wp-content\/uploads\/2019\/03\/Flash-move-feminicidio-1.jpeg?resize=350%2C200&ssl=1 1x, https:\/\/i0.wp.com\/www.grieta.org.mx\/wp-content\/uploads\/2019\/03\/Flash-move-feminicidio-1.jpeg?resize=525%2C300&ssl=1 1.5x, https:\/\/i0.wp.com\/www.grieta.org.mx\/wp-content\/uploads\/2019\/03\/Flash-move-feminicidio-1.jpeg?resize=700%2C400&ssl=1 2x"},"classes":[]}],"_links":{"self":[{"href":"https:\/\/www.grieta.org.mx\/index.php\/wp-json\/wp\/v2\/posts\/45919","targetHints":{"allow":["GET"]}}],"collection":[{"href":"https:\/\/www.grieta.org.mx\/index.php\/wp-json\/wp\/v2\/posts"}],"about":[{"href":"https:\/\/www.grieta.org.mx\/index.php\/wp-json\/wp\/v2\/types\/post"}],"author":[{"embeddable":true,"href":"https:\/\/www.grieta.org.mx\/index.php\/wp-json\/wp\/v2\/users\/2"}],"replies":[{"embeddable":true,"href":"https:\/\/www.grieta.org.mx\/index.php\/wp-json\/wp\/v2\/comments?post=45919"}],"version-history":[{"count":1,"href":"https:\/\/www.grieta.org.mx\/index.php\/wp-json\/wp\/v2\/posts\/45919\/revisions"}],"predecessor-version":[{"id":46801,"href":"https:\/\/www.grieta.org.mx\/index.php\/wp-json\/wp\/v2\/posts\/45919\/revisions\/46801"}],"wp:featuredmedia":[{"embeddable":true,"href":"https:\/\/www.grieta.org.mx\/index.php\/wp-json\/wp\/v2\/media\/45921"}],"wp:attachment":[{"href":"https:\/\/www.grieta.org.mx\/index.php\/wp-json\/wp\/v2\/media?parent=45919"}],"wp:term":[{"taxonomy":"category","embeddable":true,"href":"https:\/\/www.grieta.org.mx\/index.php\/wp-json\/wp\/v2\/categories?post=45919"},{"taxonomy":"post_tag","embeddable":true,"href":"https:\/\/www.grieta.org.mx\/index.php\/wp-json\/wp\/v2\/tags?post=45919"}],"curies":[{"name":"wp","href":"https:\/\/api.w.org\/{rel}","templated":true}]}}