{"id":45899,"date":"2019-11-21T13:44:15","date_gmt":"2019-11-21T19:44:15","guid":{"rendered":"http:\/\/www.grieta.org.mx\/?p=45899"},"modified":"2020-03-10T13:52:20","modified_gmt":"2020-03-10T19:52:20","slug":"amenazan-a-radio-de-zacatepec-por-difundir-conflicto-ambiental-puebla","status":"publish","type":"post","link":"https:\/\/www.grieta.org.mx\/index.php\/2019\/11\/21\/amenazan-a-radio-de-zacatepec-por-difundir-conflicto-ambiental-puebla\/","title":{"rendered":"Amenazan a radio de Zacatepec por difundir conflicto ambiental (Puebla)"},"content":{"rendered":"<figure id=\"attachment_45900\" aria-describedby=\"caption-attachment-45900\" style=\"width: 800px\" class=\"wp-caption aligncenter\"><a href=\"http:\/\/www.grieta.org.mx\/wp-content\/uploads\/2020\/03\/radioscomunitarias-239832.jpg\"><img loading=\"lazy\" decoding=\"async\" data-attachment-id=\"45900\" data-permalink=\"https:\/\/www.grieta.org.mx\/index.php\/2019\/11\/21\/amenazan-a-radio-de-zacatepec-por-difundir-conflicto-ambiental-puebla\/radios-comunitarias\/\" data-orig-file=\"https:\/\/www.grieta.org.mx\/wp-content\/uploads\/2020\/03\/radioscomunitarias-239832.jpg\" data-orig-size=\"640,426\" data-comments-opened=\"0\" data-image-meta=\"{&quot;aperture&quot;:&quot;6.3&quot;,&quot;credit&quot;:&quot;&quot;,&quot;camera&quot;:&quot;Canon EOS 6D&quot;,&quot;caption&quot;:&quot;PUEBLA, Pue., 18 Julio 2016.- Integrantes de radios comunitarias indigenas ofrecieron rueda de prensa para  dar a conocer que el Pleno del Instituto Federal de Telecomunicaciones (IFT), aprob\\u00f3 el otorgamiento de  la concesi\\u00f3n de una radiodifusora en FM en Tlaxcalancingo y Santa Mar\\u00eda Zacatepec.  \/\/Mary Cortez\/Agencia Enfoque\/\/&quot;,&quot;created_timestamp&quot;:&quot;1468748514&quot;,&quot;copyright&quot;:&quot;&quot;,&quot;focal_length&quot;:&quot;40&quot;,&quot;iso&quot;:&quot;1600&quot;,&quot;shutter_speed&quot;:&quot;0.0015625&quot;,&quot;title&quot;:&quot;RADIOS COMUNITARIAS&quot;,&quot;orientation&quot;:&quot;1&quot;}\" data-image-title=\"RADIOS COMUNITARIAS\" data-image-description=\"\" data-image-caption=\"&lt;p&gt;PUEBLA, Pue., 18 Julio 2016.- Integrantes de radios comunitarias indigenas ofrecieron rueda de prensa para  dar a conocer que el Pleno del Instituto Federal de Telecomunicaciones (IFT), aprob\u00f3 el otorgamiento de  la concesi\u00f3n de una radiodifusora en FM en Tlaxcalancingo y Santa Mar\u00eda Zacatepec.  \/\/Mary Cortez\/Agencia Enfoque\/\/&lt;\/p&gt;\n\" data-medium-file=\"https:\/\/www.grieta.org.mx\/wp-content\/uploads\/2020\/03\/radioscomunitarias-239832-300x200.jpg\" data-large-file=\"https:\/\/www.grieta.org.mx\/wp-content\/uploads\/2020\/03\/radioscomunitarias-239832.jpg\" class=\"wp-image-45900\" src=\"http:\/\/www.grieta.org.mx\/wp-content\/uploads\/2020\/03\/radioscomunitarias-239832.jpg\" alt=\"\" width=\"800\" height=\"533\" srcset=\"https:\/\/www.grieta.org.mx\/wp-content\/uploads\/2020\/03\/radioscomunitarias-239832.jpg 640w, https:\/\/www.grieta.org.mx\/wp-content\/uploads\/2020\/03\/radioscomunitarias-239832-300x200.jpg 300w\" sizes=\"auto, (max-width: 800px) 100vw, 800px\" \/><\/a><figcaption id=\"caption-attachment-45900\" class=\"wp-caption-text\">PUEBLA, Pue., 18 Julio 2016.- Integrantes de radios comunitarias indigenas ofrecieron rueda de prensa para dar a conocer que el Pleno del Instituto Federal de Telecomunicaciones (IFT), aprob\u00f3 el otorgamiento de la concesi\u00f3n de una radiodifusora en FM en Tlaxcalancingo y Santa Mar\u00eda Zacatepec. \/\/Mary Cortez\/Agencia Enfoque\/\/<\/figcaption><\/figure>\n<p>Laura Ruiz \/ e- consulta<\/p>\n<p>El conflicto por el desag\u00fce de la zona industrial de Huejotzingo, en el municipio de Juan C. Bonilla, dej\u00f3 ya amenazas y da\u00f1os a quienes forman parte de la radio comunitaria de Santa Mar\u00eda Zacatepec.<\/p>\n<p>As\u00ed lo denunciaron este jueves integrantes de ese medio de comunicaci\u00f3n y defensores de la libertad de expresi\u00f3n durante una rueda de prensa ofrecida en la Ciudad de M\u00e9xico.<\/p>\n<p>Aunque hist\u00f3ricamente esta radio ha sido perseguida, comentaron, la tensi\u00f3n ha regresado a partir de que han emitido informaci\u00f3n sobre el rechazo al &#8220;Proyecto Integral del Sistema de Alcantarillado Sanitario de la Zona Industrial de Huejotzingo&#8221; que opositores consideran afectara al r\u00edo Metlapanapa.<\/p>\n<p>Uno de los casos m\u00e1s graves, expuso el comunicador Alejandro Torres, se registr\u00f3 contra una colaboradora de 16 a\u00f1os de edad que recibi\u00f3 mensajes en su tel\u00e9fono en los que se le amenaza de muerte.<\/p>\n<p>Mientras que a \u00e9l y a otro comunicador los amenazaron directamente pobladores de la misma comunidad que son afines al edil Joel Lozano.<\/p>\n<p>Adem\u00e1s de amenazas, expuso Torres, en los \u00faltimos d\u00edas se registr\u00f3 tambi\u00e9n un acto vand\u00e1lico en el que rompieron los vidrios del lugar desde el que transmiten y eso les oblig\u00f3 a trasladarse a otro sitio.<\/p>\n<p>&#8220;Las amenazas est\u00e1n siendo constantes hacia nuestra radio. La quieren callar porque es nuestra voz, es la voz del pueblo, una radio que habla con la verdad y que nosotros utilizamos como herramienta para reconstruir el tejido social&#8221;, dijo Torres.<\/p>\n<p>Otros da\u00f1os colaterales, explic\u00f3, son las afectaciones a pobladores de San Bernardino Tlaxcalancingo, San Andr\u00e9s Cholula, pues comparten la infraestructura de la radio comunitaria con otro proyecto radiof\u00f3nico de esa comunidad.<\/p>\n<p>Al exponer los riesgos que pasa ese medio de comunicaci\u00f3n de Zacatepec, representantes de las organizaciones Art\u00edculo 19 y Front Line Defenders pidieron garant\u00edas a los gobiernos de Puebla y federal.<\/p>\n<p>Se\u00f1alaron que obligatoriamente deben investigar y proteger a los comunicadores aun sin que existan denuncias, por un principio de proactividad y m\u00e1s en el caso de una radio comunitaria pues estos medios son m\u00e1s vulnerables dado que sus casos no son tan visibles.<\/p>\n<p><a href=\"https:\/\/m.e-consulta.com\/nota\/2019-11-21\/sociedad\/amenazan-radio-de-zacatepec-por-difundir-conflicto-ambiental\">https:\/\/m.e-consulta.com\/nota\/2019-11-21\/sociedad\/amenazan-radio-de-zacatepec-por-difundir-conflicto-ambiental<\/a><\/p>\n","protected":false},"excerpt":{"rendered":"<p>Laura Ruiz \/ e- consulta El conflicto por el desag\u00fce de la zona industrial de Huejotzingo, en el municipio de Juan C. Bonilla, dej\u00f3 ya amenazas y da\u00f1os a quienes &hellip; <a href=\"https:\/\/www.grieta.org.mx\/index.php\/2019\/11\/21\/amenazan-a-radio-de-zacatepec-por-difundir-conflicto-ambiental-puebla\/\" class=\"more-link\">Leer m\u00e1s<\/a><\/p>\n","protected":false},"author":1,"featured_media":45900,"comment_status":"closed","ping_status":"closed","sticky":false,"template":"","format":"standard","meta":{"ngg_post_thumbnail":0,"_jetpack_newsletter_access":"","_jetpack_dont_email_post_to_subs":false,"_jetpack_newsletter_tier_id":0,"_jetpack_memberships_contains_paywalled_content":false,"_jetpack_memberships_contains_paid_content":false,"footnotes":""},"categories":[3,44,26,3166,3119,1249,3165,1252],"tags":[2262,1180,2175,563],"class_list":["post-45899","post","type-post","status-publish","format-standard","has-post-thumbnail","hentry","category-megaproyectos","category-proyecto-integral-morelos","category-puebla","category-radios-comunitarias","category-radios-comunitarias-en-puebla","category-rechazo-al-proyecto-interal-morelos-en-puebla","category-resistencias","category-violencia-contra-periodistas-en-puebla","tag-agresiones-contra-periodistas","tag-asesinato-de-periodistas","tag-ataque-a-radios-comunitarias","tag-radios-comunitarias","entry"],"jetpack_featured_media_url":"https:\/\/www.grieta.org.mx\/wp-content\/uploads\/2020\/03\/radioscomunitarias-239832.jpg","jetpack_sharing_enabled":true,"jetpack_shortlink":"https:\/\/wp.me\/p7ZJR4-bWj","jetpack_likes_enabled":false,"jetpack-related-posts":[{"id":45902,"url":"https:\/\/www.grieta.org.mx\/index.php\/2014\/08\/05\/desmantelan-dos-estaciones-de-radio-comunitarias-en-puebla\/","url_meta":{"origin":45899,"position":0},"title":"Desmantelan dos estaciones de radio comunitarias en Puebla","author":"Admin","date":"5 agosto, 2014","format":false,"excerpt":"Gabriela Hern\u00e1ndez \/ Proceso PUEBLA, Pue. (apro).- Representantes del Instituto Federal de Telecomunicaciones (Ifetel), apoyados por elementos de la Polic\u00eda Federal vestidos de civil, desmantelaron las radios comunitarias de los pueblos Santa Mar\u00eda Zacatepec y San Bernardino Tlaxcalancingo. En un operativo realizado la noche de ayer y que incluy\u00f3 el\u2026","rel":"","context":"En &quot;MEGAPROYECTOS&quot;","block_context":{"text":"MEGAPROYECTOS","link":"https:\/\/www.grieta.org.mx\/index.php\/category\/megaproyectos\/"},"img":{"alt_text":"","src":"https:\/\/i0.wp.com\/www.grieta.org.mx\/wp-content\/uploads\/2020\/03\/Radio-comunitarias-Tomada-de-La-Jornada-de-Oriente.jpg?resize=350%2C200&ssl=1","width":350,"height":200,"srcset":"https:\/\/i0.wp.com\/www.grieta.org.mx\/wp-content\/uploads\/2020\/03\/Radio-comunitarias-Tomada-de-La-Jornada-de-Oriente.jpg?resize=350%2C200&ssl=1 1x, https:\/\/i0.wp.com\/www.grieta.org.mx\/wp-content\/uploads\/2020\/03\/Radio-comunitarias-Tomada-de-La-Jornada-de-Oriente.jpg?resize=525%2C300&ssl=1 1.5x"},"classes":[]},{"id":45895,"url":"https:\/\/www.grieta.org.mx\/index.php\/2013\/11\/04\/a-fin-de-informar-al-pueblo-sobre-el-gasoducto-morelos-nace-radio-comunitaria-zacatepec-puebla\/","url_meta":{"origin":45899,"position":1},"title":"A fin de informar al pueblo sobre el Gasoducto Morelos nace Radio Comunitaria Zacatepec (Puebla)","author":"Admin","date":"4 noviembre, 2013","format":false,"excerpt":"Yadira Llaven Anzures \/ La Jornada de Oriente Con la finalidad de informar sobre el conflicto social que ha generado la instalaci\u00f3n del Gasoducto Morelos en sus tierras de cultivo, adem\u00e1s de rescatar las tradiciones y costumbres de la localidad, nace la Radio Comunitaria de Santa Mar\u00eda Zacatepec, en el\u2026","rel":"","context":"En &quot;MEGAPROYECTOS&quot;","block_context":{"text":"MEGAPROYECTOS","link":"https:\/\/www.grieta.org.mx\/index.php\/category\/megaproyectos\/"},"img":{"alt_text":"","src":"https:\/\/i0.wp.com\/www.grieta.org.mx\/wp-content\/uploads\/2020\/03\/RADIO-ZACATEPEC.jpg?resize=350%2C200&ssl=1","width":350,"height":200,"srcset":"https:\/\/i0.wp.com\/www.grieta.org.mx\/wp-content\/uploads\/2020\/03\/RADIO-ZACATEPEC.jpg?resize=350%2C200&ssl=1 1x, https:\/\/i0.wp.com\/www.grieta.org.mx\/wp-content\/uploads\/2020\/03\/RADIO-ZACATEPEC.jpg?resize=525%2C300&ssl=1 1.5x, https:\/\/i0.wp.com\/www.grieta.org.mx\/wp-content\/uploads\/2020\/03\/RADIO-ZACATEPEC.jpg?resize=700%2C400&ssl=1 2x"},"classes":[]},{"id":45910,"url":"https:\/\/www.grieta.org.mx\/index.php\/2015\/06\/03\/pobladores-tratan-de-restablecer-radio-comunitaria-en-zacatepec-puebla\/","url_meta":{"origin":45899,"position":2},"title":"Pobladores tratan de restablecer radio comunitaria en Zacatepec (Puebla)","author":"Admin","date":"3 junio, 2015","format":false,"excerpt":"H\u00e9ctor Tenorio \/ Diario CAmbio Alrededor de la 13:00 horas de este martes se llev\u00f3 acabo la asamblea en la comunidad de Santa Mar\u00eda Zacatepec en la cual se tocaron los temas de la reactivaci\u00f3n de la radio comunitaria, en donde asistieron la regidora de gobernaci\u00f3n Selene Agua y el\u2026","rel":"","context":"En &quot;Puebla&quot;","block_context":{"text":"Puebla","link":"https:\/\/www.grieta.org.mx\/index.php\/category\/noticias-nacionales\/puebla\/"},"img":{"alt_text":"","src":"https:\/\/i0.wp.com\/www.grieta.org.mx\/wp-content\/uploads\/2020\/03\/08591b49a0cd2403c3a6dd15ade7af60_L.jpg?resize=350%2C200&ssl=1","width":350,"height":200,"srcset":"https:\/\/i0.wp.com\/www.grieta.org.mx\/wp-content\/uploads\/2020\/03\/08591b49a0cd2403c3a6dd15ade7af60_L.jpg?resize=350%2C200&ssl=1 1x, https:\/\/i0.wp.com\/www.grieta.org.mx\/wp-content\/uploads\/2020\/03\/08591b49a0cd2403c3a6dd15ade7af60_L.jpg?resize=525%2C300&ssl=1 1.5x, https:\/\/i0.wp.com\/www.grieta.org.mx\/wp-content\/uploads\/2020\/03\/08591b49a0cd2403c3a6dd15ade7af60_L.jpg?resize=700%2C400&ssl=1 2x"},"classes":[]},{"id":45891,"url":"https:\/\/www.grieta.org.mx\/index.php\/2016\/04\/24\/radio-zacatepec-sigue-siendo-criminalizada-por-el-estado-puebla\/","url_meta":{"origin":45899,"position":3},"title":"Radio Zacatepec sigue siendo criminalizada por el Estado (Puebla)","author":"Admin","date":"24 abril, 2016","format":false,"excerpt":"Aranzaz\u00fa Ayala Mart\u00ednez \/ Lado B Zacatepec es una comunidad atravesada por la carretera federal Puebla-M\u00e9xico y al aeropuerto internacional de Huejotzingo. Por sus tierras tambi\u00e9n corre el trazo del Gasoducto Morelos, esa larga serpiente de metal que lleva en sus entra\u00f1as gas a trav\u00e9s de una zona considerada de\u2026","rel":"","context":"En &quot;Autonom\u00edas&quot;","block_context":{"text":"Autonom\u00edas","link":"https:\/\/www.grieta.org.mx\/index.php\/category\/resistencias\/autonomias\/"},"img":{"alt_text":"","src":"https:\/\/i0.wp.com\/www.grieta.org.mx\/wp-content\/uploads\/2020\/03\/B1-75-700x466.jpg?resize=350%2C200&ssl=1","width":350,"height":200,"srcset":"https:\/\/i0.wp.com\/www.grieta.org.mx\/wp-content\/uploads\/2020\/03\/B1-75-700x466.jpg?resize=350%2C200&ssl=1 1x, https:\/\/i0.wp.com\/www.grieta.org.mx\/wp-content\/uploads\/2020\/03\/B1-75-700x466.jpg?resize=525%2C300&ssl=1 1.5x, https:\/\/i0.wp.com\/www.grieta.org.mx\/wp-content\/uploads\/2020\/03\/B1-75-700x466.jpg?resize=700%2C400&ssl=1 2x"},"classes":[]},{"id":23574,"url":"https:\/\/www.grieta.org.mx\/index.php\/2018\/06\/04\/radios-comunitarias-denuncian-hostigamiento-de-bandas-criminales-en-puebla\/","url_meta":{"origin":45899,"position":4},"title":"Radios comunitarias denuncian hostigamiento de bandas criminales en Puebla","author":"grieta","date":"4 junio, 2018","format":false,"excerpt":"Por Gabriela Hern\u00e1ndez, Proceso PUEBLA, Pue. (apro).- Al participar en una protesta ante la delegaci\u00f3n estatal de la PGR, representantes de radios comunitarias que operan en la zona conocida como el \u201cTri\u00e1ngulo Rojo\u201d denunciaron el hostigamiento y acoso que sufren por parte de grupos delictivos. Hilario Cruz, de Radio Xalli,\u2026","rel":"","context":"En &quot;CINTILLO&quot;","block_context":{"text":"CINTILLO","link":"https:\/\/www.grieta.org.mx\/index.php\/category\/cintillo\/"},"img":{"alt_text":"","src":"https:\/\/i0.wp.com\/www.grieta.org.mx\/wp-content\/uploads\/2018\/03\/14524434_1106112876131411_958039263622046936_o.jpg?resize=350%2C200&ssl=1","width":350,"height":200,"srcset":"https:\/\/i0.wp.com\/www.grieta.org.mx\/wp-content\/uploads\/2018\/03\/14524434_1106112876131411_958039263622046936_o.jpg?resize=350%2C200&ssl=1 1x, https:\/\/i0.wp.com\/www.grieta.org.mx\/wp-content\/uploads\/2018\/03\/14524434_1106112876131411_958039263622046936_o.jpg?resize=525%2C300&ssl=1 1.5x, https:\/\/i0.wp.com\/www.grieta.org.mx\/wp-content\/uploads\/2018\/03\/14524434_1106112876131411_958039263622046936_o.jpg?resize=700%2C400&ssl=1 2x"},"classes":[]},{"id":40933,"url":"https:\/\/www.grieta.org.mx\/index.php\/2019\/10\/10\/amenazan-de-muerte-a-tres-opositores-al-proyecto-integral-morelos-puebla\/","url_meta":{"origin":45899,"position":5},"title":"Amenazan de muerte a tres opositores al Proyecto Integral Morelos (Puebla)","author":"grieta","date":"10 octubre, 2019","format":false,"excerpt":"Indra Cirigo \/ Contral\u00ednea El Colectivo Nacional Alerta Temprana de Periodistas y Activistas (Conapa) denunci\u00f3 que el gobierno \u2013en sus tres niveles\u2013 est\u00e1 violando los derechos humanos de los defensores de la tierra que se oponen a la construcci\u00f3n del corredor industrial en los estados de Tlaxcala, Puebla y Morelos\u2026","rel":"","context":"En &quot;CINTILLO&quot;","block_context":{"text":"CINTILLO","link":"https:\/\/www.grieta.org.mx\/index.php\/category\/cintillo\/"},"img":{"alt_text":"","src":"https:\/\/i0.wp.com\/www.grieta.org.mx\/wp-content\/uploads\/2019\/11\/co.jpg?resize=350%2C200&ssl=1","width":350,"height":200,"srcset":"https:\/\/i0.wp.com\/www.grieta.org.mx\/wp-content\/uploads\/2019\/11\/co.jpg?resize=350%2C200&ssl=1 1x, https:\/\/i0.wp.com\/www.grieta.org.mx\/wp-content\/uploads\/2019\/11\/co.jpg?resize=525%2C300&ssl=1 1.5x"},"classes":[]}],"_links":{"self":[{"href":"https:\/\/www.grieta.org.mx\/index.php\/wp-json\/wp\/v2\/posts\/45899","targetHints":{"allow":["GET"]}}],"collection":[{"href":"https:\/\/www.grieta.org.mx\/index.php\/wp-json\/wp\/v2\/posts"}],"about":[{"href":"https:\/\/www.grieta.org.mx\/index.php\/wp-json\/wp\/v2\/types\/post"}],"author":[{"embeddable":true,"href":"https:\/\/www.grieta.org.mx\/index.php\/wp-json\/wp\/v2\/users\/1"}],"replies":[{"embeddable":true,"href":"https:\/\/www.grieta.org.mx\/index.php\/wp-json\/wp\/v2\/comments?post=45899"}],"version-history":[{"count":1,"href":"https:\/\/www.grieta.org.mx\/index.php\/wp-json\/wp\/v2\/posts\/45899\/revisions"}],"predecessor-version":[{"id":45901,"href":"https:\/\/www.grieta.org.mx\/index.php\/wp-json\/wp\/v2\/posts\/45899\/revisions\/45901"}],"wp:featuredmedia":[{"embeddable":true,"href":"https:\/\/www.grieta.org.mx\/index.php\/wp-json\/wp\/v2\/media\/45900"}],"wp:attachment":[{"href":"https:\/\/www.grieta.org.mx\/index.php\/wp-json\/wp\/v2\/media?parent=45899"}],"wp:term":[{"taxonomy":"category","embeddable":true,"href":"https:\/\/www.grieta.org.mx\/index.php\/wp-json\/wp\/v2\/categories?post=45899"},{"taxonomy":"post_tag","embeddable":true,"href":"https:\/\/www.grieta.org.mx\/index.php\/wp-json\/wp\/v2\/tags?post=45899"}],"curies":[{"name":"wp","href":"https:\/\/api.w.org\/{rel}","templated":true}]}}