{"id":45856,"date":"2020-03-10T09:56:52","date_gmt":"2020-03-10T15:56:52","guid":{"rendered":"http:\/\/www.grieta.org.mx\/?p=45856"},"modified":"2020-03-10T09:56:52","modified_gmt":"2020-03-10T15:56:52","slug":"galeria-de-fotos-del-dia-internacional-de-la-mujer-en-mazatlan-sinaloa","status":"publish","type":"post","link":"https:\/\/www.grieta.org.mx\/index.php\/2020\/03\/10\/galeria-de-fotos-del-dia-internacional-de-la-mujer-en-mazatlan-sinaloa\/","title":{"rendered":"Galer\u00eda de fotos del d\u00eda Internacional de la Mujer en Mazatl\u00e1n, Sinaloa"},"content":{"rendered":"<p>Colectivo Grieta<\/p>\n<p>D\u00eda internacional de la mujer.<br \/>\nActividad: Bocina informativa, manta, cartulinas con informaci\u00f3n y mesa con nuestra de nuestro proyecto econ\u00f3mico (toallas ecol\u00f3gicas) y repartimos mo\u00f1os negros<br \/>\nLugar: Mazatl\u00e1n, Sinaloa<br \/>\nDe: Colectivo Sirenas en Resistencia perteneciente a la Red de Resistencia y Rebeld\u00eda<\/p>\n<p><a href=\"http:\/\/www.grieta.org.mx\/wp-content\/uploads\/2020\/03\/IMG_20200308_103031.jpg\"><img loading=\"lazy\" decoding=\"async\" data-attachment-id=\"45857\" data-permalink=\"https:\/\/www.grieta.org.mx\/index.php\/2020\/03\/10\/galeria-de-fotos-del-dia-internacional-de-la-mujer-en-mazatlan-sinaloa\/img_20200308_103031\/\" data-orig-file=\"https:\/\/www.grieta.org.mx\/wp-content\/uploads\/2020\/03\/IMG_20200308_103031.jpg\" data-orig-size=\"3120,4160\" data-comments-opened=\"0\" data-image-meta=\"{&quot;aperture&quot;:&quot;2&quot;,&quot;credit&quot;:&quot;&quot;,&quot;camera&quot;:&quot;Redmi Note 4&quot;,&quot;caption&quot;:&quot;&quot;,&quot;created_timestamp&quot;:&quot;1583663431&quot;,&quot;copyright&quot;:&quot;&quot;,&quot;focal_length&quot;:&quot;3.57&quot;,&quot;iso&quot;:&quot;100&quot;,&quot;shutter_speed&quot;:&quot;0.00052110474205315&quot;,&quot;title&quot;:&quot;&quot;,&quot;orientation&quot;:&quot;0&quot;}\" data-image-title=\"IMG_20200308_103031\" data-image-description=\"\" data-image-caption=\"\" data-medium-file=\"https:\/\/www.grieta.org.mx\/wp-content\/uploads\/2020\/03\/IMG_20200308_103031-225x300.jpg\" data-large-file=\"https:\/\/www.grieta.org.mx\/wp-content\/uploads\/2020\/03\/IMG_20200308_103031-768x1024.jpg\" class=\"aligncenter wp-image-45857\" src=\"http:\/\/www.grieta.org.mx\/wp-content\/uploads\/2020\/03\/IMG_20200308_103031-768x1024.jpg\" alt=\"\" width=\"500\" height=\"667\" srcset=\"https:\/\/www.grieta.org.mx\/wp-content\/uploads\/2020\/03\/IMG_20200308_103031-768x1024.jpg 768w, https:\/\/www.grieta.org.mx\/wp-content\/uploads\/2020\/03\/IMG_20200308_103031-225x300.jpg 225w, https:\/\/www.grieta.org.mx\/wp-content\/uploads\/2020\/03\/IMG_20200308_103031-375x500.jpg 375w\" sizes=\"auto, (max-width: 500px) 100vw, 500px\" \/><\/a><\/p>\n<p><a href=\"http:\/\/www.grieta.org.mx\/wp-content\/uploads\/2020\/03\/IMG-20200308-WA0013.jpg\"><img loading=\"lazy\" decoding=\"async\" data-attachment-id=\"45858\" data-permalink=\"https:\/\/www.grieta.org.mx\/index.php\/2020\/03\/10\/galeria-de-fotos-del-dia-internacional-de-la-mujer-en-mazatlan-sinaloa\/img-20200308-wa0013\/\" data-orig-file=\"https:\/\/www.grieta.org.mx\/wp-content\/uploads\/2020\/03\/IMG-20200308-WA0013.jpg\" data-orig-size=\"1040,780\" data-comments-opened=\"0\" data-image-meta=\"{&quot;aperture&quot;:&quot;0&quot;,&quot;credit&quot;:&quot;&quot;,&quot;camera&quot;:&quot;&quot;,&quot;caption&quot;:&quot;&quot;,&quot;created_timestamp&quot;:&quot;0&quot;,&quot;copyright&quot;:&quot;&quot;,&quot;focal_length&quot;:&quot;0&quot;,&quot;iso&quot;:&quot;0&quot;,&quot;shutter_speed&quot;:&quot;0&quot;,&quot;title&quot;:&quot;&quot;,&quot;orientation&quot;:&quot;0&quot;}\" data-image-title=\"IMG-20200308-WA0013\" data-image-description=\"\" data-image-caption=\"\" data-medium-file=\"https:\/\/www.grieta.org.mx\/wp-content\/uploads\/2020\/03\/IMG-20200308-WA0013-300x225.jpg\" data-large-file=\"https:\/\/www.grieta.org.mx\/wp-content\/uploads\/2020\/03\/IMG-20200308-WA0013-1024x768.jpg\" class=\"aligncenter wp-image-45858\" src=\"http:\/\/www.grieta.org.mx\/wp-content\/uploads\/2020\/03\/IMG-20200308-WA0013-1024x768.jpg\" alt=\"\" width=\"800\" height=\"600\" srcset=\"https:\/\/www.grieta.org.mx\/wp-content\/uploads\/2020\/03\/IMG-20200308-WA0013-1024x768.jpg 1024w, https:\/\/www.grieta.org.mx\/wp-content\/uploads\/2020\/03\/IMG-20200308-WA0013-300x225.jpg 300w, https:\/\/www.grieta.org.mx\/wp-content\/uploads\/2020\/03\/IMG-20200308-WA0013-768x576.jpg 768w, https:\/\/www.grieta.org.mx\/wp-content\/uploads\/2020\/03\/IMG-20200308-WA0013-667x500.jpg 667w, https:\/\/www.grieta.org.mx\/wp-content\/uploads\/2020\/03\/IMG-20200308-WA0013.jpg 1040w\" sizes=\"auto, (max-width: 800px) 100vw, 800px\" \/><\/a><\/p>\n<p><a href=\"http:\/\/www.grieta.org.mx\/wp-content\/uploads\/2020\/03\/IMG-20200308-WA0008.jpg\"><img loading=\"lazy\" decoding=\"async\" data-attachment-id=\"45859\" data-permalink=\"https:\/\/www.grieta.org.mx\/index.php\/2020\/03\/10\/galeria-de-fotos-del-dia-internacional-de-la-mujer-en-mazatlan-sinaloa\/img-20200308-wa0008\/\" data-orig-file=\"https:\/\/www.grieta.org.mx\/wp-content\/uploads\/2020\/03\/IMG-20200308-WA0008.jpg\" data-orig-size=\"780,1040\" data-comments-opened=\"0\" data-image-meta=\"{&quot;aperture&quot;:&quot;0&quot;,&quot;credit&quot;:&quot;&quot;,&quot;camera&quot;:&quot;&quot;,&quot;caption&quot;:&quot;&quot;,&quot;created_timestamp&quot;:&quot;0&quot;,&quot;copyright&quot;:&quot;&quot;,&quot;focal_length&quot;:&quot;0&quot;,&quot;iso&quot;:&quot;0&quot;,&quot;shutter_speed&quot;:&quot;0&quot;,&quot;title&quot;:&quot;&quot;,&quot;orientation&quot;:&quot;0&quot;}\" data-image-title=\"IMG-20200308-WA0008\" data-image-description=\"\" data-image-caption=\"\" data-medium-file=\"https:\/\/www.grieta.org.mx\/wp-content\/uploads\/2020\/03\/IMG-20200308-WA0008-225x300.jpg\" data-large-file=\"https:\/\/www.grieta.org.mx\/wp-content\/uploads\/2020\/03\/IMG-20200308-WA0008-768x1024.jpg\" class=\"aligncenter wp-image-45859\" src=\"http:\/\/www.grieta.org.mx\/wp-content\/uploads\/2020\/03\/IMG-20200308-WA0008-768x1024.jpg\" alt=\"\" width=\"500\" height=\"667\" srcset=\"https:\/\/www.grieta.org.mx\/wp-content\/uploads\/2020\/03\/IMG-20200308-WA0008-768x1024.jpg 768w, https:\/\/www.grieta.org.mx\/wp-content\/uploads\/2020\/03\/IMG-20200308-WA0008-225x300.jpg 225w, https:\/\/www.grieta.org.mx\/wp-content\/uploads\/2020\/03\/IMG-20200308-WA0008-375x500.jpg 375w, https:\/\/www.grieta.org.mx\/wp-content\/uploads\/2020\/03\/IMG-20200308-WA0008.jpg 780w\" sizes=\"auto, (max-width: 500px) 100vw, 500px\" \/><\/a><\/p>\n<p><a href=\"http:\/\/www.grieta.org.mx\/wp-content\/uploads\/2020\/03\/IMG_20200308_103325.jpg\"><img loading=\"lazy\" decoding=\"async\" data-attachment-id=\"45860\" data-permalink=\"https:\/\/www.grieta.org.mx\/index.php\/2020\/03\/10\/galeria-de-fotos-del-dia-internacional-de-la-mujer-en-mazatlan-sinaloa\/img_20200308_103325\/\" data-orig-file=\"https:\/\/www.grieta.org.mx\/wp-content\/uploads\/2020\/03\/IMG_20200308_103325.jpg\" data-orig-size=\"4160,3120\" data-comments-opened=\"0\" data-image-meta=\"{&quot;aperture&quot;:&quot;2&quot;,&quot;credit&quot;:&quot;&quot;,&quot;camera&quot;:&quot;Redmi Note 4&quot;,&quot;caption&quot;:&quot;&quot;,&quot;created_timestamp&quot;:&quot;1583663605&quot;,&quot;copyright&quot;:&quot;&quot;,&quot;focal_length&quot;:&quot;3.57&quot;,&quot;iso&quot;:&quot;100&quot;,&quot;shutter_speed&quot;:&quot;0.00068446269678303&quot;,&quot;title&quot;:&quot;&quot;,&quot;orientation&quot;:&quot;0&quot;}\" data-image-title=\"IMG_20200308_103325\" data-image-description=\"\" data-image-caption=\"\" data-medium-file=\"https:\/\/www.grieta.org.mx\/wp-content\/uploads\/2020\/03\/IMG_20200308_103325-300x225.jpg\" data-large-file=\"https:\/\/www.grieta.org.mx\/wp-content\/uploads\/2020\/03\/IMG_20200308_103325-1024x768.jpg\" class=\"aligncenter wp-image-45860\" src=\"http:\/\/www.grieta.org.mx\/wp-content\/uploads\/2020\/03\/IMG_20200308_103325-1024x768.jpg\" alt=\"\" width=\"800\" height=\"600\" srcset=\"https:\/\/www.grieta.org.mx\/wp-content\/uploads\/2020\/03\/IMG_20200308_103325-1024x768.jpg 1024w, https:\/\/www.grieta.org.mx\/wp-content\/uploads\/2020\/03\/IMG_20200308_103325-300x225.jpg 300w, https:\/\/www.grieta.org.mx\/wp-content\/uploads\/2020\/03\/IMG_20200308_103325-768x576.jpg 768w, https:\/\/www.grieta.org.mx\/wp-content\/uploads\/2020\/03\/IMG_20200308_103325-667x500.jpg 667w\" sizes=\"auto, (max-width: 800px) 100vw, 800px\" \/><\/a><\/p>\n","protected":false},"excerpt":{"rendered":"<p>Colectivo Grieta D\u00eda internacional de la mujer. Actividad: Bocina informativa, manta, cartulinas con informaci\u00f3n y mesa con nuestra de nuestro proyecto econ\u00f3mico (toallas ecol\u00f3gicas) y repartimos mo\u00f1os negros Lugar: Mazatl\u00e1n, &hellip; <a href=\"https:\/\/www.grieta.org.mx\/index.php\/2020\/03\/10\/galeria-de-fotos-del-dia-internacional-de-la-mujer-en-mazatlan-sinaloa\/\" class=\"more-link\">Leer m\u00e1s<\/a><\/p>\n","protected":false},"author":1,"featured_media":45857,"comment_status":"closed","ping_status":"closed","sticky":false,"template":"","format":"standard","meta":{"ngg_post_thumbnail":0,"_jetpack_newsletter_access":"","_jetpack_dont_email_post_to_subs":false,"_jetpack_newsletter_tier_id":0,"_jetpack_memberships_contains_paywalled_content":false,"_jetpack_memberships_contains_paid_content":false,"footnotes":""},"categories":[80,1775,1132,2,2661,30,2402],"tags":[2272,2248],"class_list":["post-45856","post","type-post","status-publish","format-standard","has-post-thumbnail","hentry","category-cintillo","category-colectivo-grieta","category-feminicidios-en-sinaloa","category-noticias-nacionales","category-redes-de-resistencia-y-rebeldia","category-sinaloa","category-violencia-contra-las-mujeres-en-sinaloa","tag-dia-internacional-de-la-mujer","tag-luchas-de-las-mujeres","entry"],"jetpack_featured_media_url":"https:\/\/www.grieta.org.mx\/wp-content\/uploads\/2020\/03\/IMG_20200308_103031.jpg","jetpack_sharing_enabled":true,"jetpack_shortlink":"https:\/\/wp.me\/p7ZJR4-bVC","jetpack_likes_enabled":false,"jetpack-related-posts":[{"id":45862,"url":"https:\/\/www.grieta.org.mx\/index.php\/2020\/03\/10\/galeria-de-fotos-del-dia-internacional-de-la-mujer-en-culiacan-sinaloa\/","url_meta":{"origin":45856,"position":0},"title":"Galer\u00eda de fotos del d\u00eda Internacional de la Mujer en Culiac\u00e1n, Sinaloa","author":"Admin","date":"10 marzo, 2020","format":false,"excerpt":"Colectivo Grieta \u00a0","rel":"","context":"En &quot;CINTILLO&quot;","block_context":{"text":"CINTILLO","link":"https:\/\/www.grieta.org.mx\/index.php\/category\/cintillo\/"},"img":{"alt_text":"","src":"https:\/\/i0.wp.com\/www.grieta.org.mx\/wp-content\/uploads\/2020\/03\/Culiacan01.jpeg?resize=350%2C200&ssl=1","width":350,"height":200,"srcset":"https:\/\/i0.wp.com\/www.grieta.org.mx\/wp-content\/uploads\/2020\/03\/Culiacan01.jpeg?resize=350%2C200&ssl=1 1x, https:\/\/i0.wp.com\/www.grieta.org.mx\/wp-content\/uploads\/2020\/03\/Culiacan01.jpeg?resize=525%2C300&ssl=1 1.5x, https:\/\/i0.wp.com\/www.grieta.org.mx\/wp-content\/uploads\/2020\/03\/Culiacan01.jpeg?resize=700%2C400&ssl=1 2x"},"classes":[]},{"id":55180,"url":"https:\/\/www.grieta.org.mx\/index.php\/2020\/11\/16\/accion-en-mazatlan-sinaloa-en-repudio-a-los-ataques-paramilitares-en-contra-de-comunidades-zapatistas\/","url_meta":{"origin":45856,"position":1},"title":"Acci\u00f3n en Mazatl\u00e1n, Sinaloa en repudio a los ataques paramilitares en contra de comunidades zapatistas","author":"grieta","date":"16 noviembre, 2020","format":false,"excerpt":"Colectivo Grieta El jueves 12 de noviembre se organizaron y desarrollaron actividades en la Plazuela Rep\u00fablica de Mazatl\u00e1n, Sinaloa, con el objetivo de denunciar las agresiones del grupo paramilitar ORCAO contra las Comunidades Ind\u00edgenas Zapatistas. Participaron compa\u00f1eros y compa\u00f1eras de la Red de Resistencia y Rebeld\u00eda-MZT. Como parte de las\u2026","rel":"","context":"En &quot;Alto a la Guerra contra los pueblos zapatistas&quot;","block_context":{"text":"Alto a la Guerra contra los pueblos zapatistas","link":"https:\/\/www.grieta.org.mx\/index.php\/category\/redes-de-resistencia-y-rebeldia\/contra-la-guerra-al-ezln\/"},"img":{"alt_text":"","src":"https:\/\/i0.wp.com\/www.grieta.org.mx\/wp-content\/uploads\/2020\/11\/photo_2020-11-16_22-22-24-1.jpg?resize=350%2C200","width":350,"height":200},"classes":[]},{"id":44678,"url":"https:\/\/www.grieta.org.mx\/index.php\/2020\/02\/21\/galeria-de-fotos-de-accion-dislocada-en-mazatlan-sinaloa-jornadas-samir-somos-todas-y-todos\/","url_meta":{"origin":45856,"position":2},"title":"Galer\u00eda de fotos de acci\u00f3n dislocada en Mazatl\u00e1n, Sinaloa. Jornadas \u201cSamir Somos Todas y Todos\u201d","author":"grieta","date":"21 febrero, 2020","format":false,"excerpt":"Colectivo Grieta Galer\u00eda de Mesa informativa, volanteo y difusi\u00f3n \u00a0","rel":"","context":"En &quot;CINTILLO&quot;","block_context":{"text":"CINTILLO","link":"https:\/\/www.grieta.org.mx\/index.php\/category\/cintillo\/"},"img":{"alt_text":"","src":"https:\/\/i0.wp.com\/www.grieta.org.mx\/wp-content\/uploads\/2020\/02\/IMG_20200220_114544.jpg?resize=350%2C200&ssl=1","width":350,"height":200,"srcset":"https:\/\/i0.wp.com\/www.grieta.org.mx\/wp-content\/uploads\/2020\/02\/IMG_20200220_114544.jpg?resize=350%2C200&ssl=1 1x, https:\/\/i0.wp.com\/www.grieta.org.mx\/wp-content\/uploads\/2020\/02\/IMG_20200220_114544.jpg?resize=525%2C300&ssl=1 1.5x, https:\/\/i0.wp.com\/www.grieta.org.mx\/wp-content\/uploads\/2020\/02\/IMG_20200220_114544.jpg?resize=700%2C400&ssl=1 2x, https:\/\/i0.wp.com\/www.grieta.org.mx\/wp-content\/uploads\/2020\/02\/IMG_20200220_114544.jpg?resize=1050%2C600&ssl=1 3x, https:\/\/i0.wp.com\/www.grieta.org.mx\/wp-content\/uploads\/2020\/02\/IMG_20200220_114544.jpg?resize=1400%2C800&ssl=1 4x"},"classes":[]},{"id":55202,"url":"https:\/\/www.grieta.org.mx\/index.php\/2020\/11\/16\/acciones-en-culiacan-los-mochis-y-escuinapa-sinaloa-en-repudio-a-los-ataques-paramilitares-en-contra-de-las-comunidades-zapatistas\/","url_meta":{"origin":45856,"position":3},"title":"Acciones en Culiac\u00e1n, Los Mochis y Escuinapa Sinaloa en repudio a los ataques paramilitares en contra de las comunidades zapatistas","author":"grieta","date":"16 noviembre, 2020","format":false,"excerpt":"Colectivo Grieta El pasado 10 de novimebre la JUNTA DE BUEN GOBIERNO ZAPATISTA \u201cNUEVO AMANECER EN RESISTENCIA Y REBELD\u00cdA POR LA VIDA Y LA HUMANIDAD\u201d dio a conocer una denuncia en la que se hac\u00edan publicos los ataques de la organizaci\u00f3n paramilitar ORCAO en contra de un compa\u00f1ero base de\u2026","rel":"","context":"En &quot;Alto a la Guerra contra los pueblos zapatistas&quot;","block_context":{"text":"Alto a la Guerra contra los pueblos zapatistas","link":"https:\/\/www.grieta.org.mx\/index.php\/category\/redes-de-resistencia-y-rebeldia\/contra-la-guerra-al-ezln\/"},"img":{"alt_text":"","src":"https:\/\/i0.wp.com\/www.grieta.org.mx\/wp-content\/uploads\/2020\/11\/photo_2020-11-16_23-02-53-1.jpg?resize=350%2C200&ssl=1","width":350,"height":200,"srcset":"https:\/\/i0.wp.com\/www.grieta.org.mx\/wp-content\/uploads\/2020\/11\/photo_2020-11-16_23-02-53-1.jpg?resize=350%2C200&ssl=1 1x, https:\/\/i0.wp.com\/www.grieta.org.mx\/wp-content\/uploads\/2020\/11\/photo_2020-11-16_23-02-53-1.jpg?resize=525%2C300&ssl=1 1.5x, https:\/\/i0.wp.com\/www.grieta.org.mx\/wp-content\/uploads\/2020\/11\/photo_2020-11-16_23-02-53-1.jpg?resize=700%2C400&ssl=1 2x, https:\/\/i0.wp.com\/www.grieta.org.mx\/wp-content\/uploads\/2020\/11\/photo_2020-11-16_23-02-53-1.jpg?resize=1050%2C600&ssl=1 3x"},"classes":[]},{"id":44660,"url":"https:\/\/www.grieta.org.mx\/index.php\/2020\/02\/21\/galeria-de-fotos-accion-dislocada-en-culiacan-sinaloa-jornadas-samir-somos-todas-y-todos\/","url_meta":{"origin":45856,"position":4},"title":"Galer\u00eda de fotos acci\u00f3n dislocada en Culiac\u00e1n, Sinaloa. Jornadas \u201cSamir Somos Todas y Todos\u201d","author":"grieta","date":"21 febrero, 2020","format":false,"excerpt":"Colectivo Grieta Galer\u00eda de Manta y tapete de aserr\u00edn pintado. Plazuela Obreg\u00f3n. Culiac\u00e1n, Sinaloa.","rel":"","context":"En &quot;CINTILLO&quot;","block_context":{"text":"CINTILLO","link":"https:\/\/www.grieta.org.mx\/index.php\/category\/cintillo\/"},"img":{"alt_text":"","src":"https:\/\/i0.wp.com\/www.grieta.org.mx\/wp-content\/uploads\/2020\/02\/image1.jpeg?resize=350%2C200&ssl=1","width":350,"height":200,"srcset":"https:\/\/i0.wp.com\/www.grieta.org.mx\/wp-content\/uploads\/2020\/02\/image1.jpeg?resize=350%2C200&ssl=1 1x, https:\/\/i0.wp.com\/www.grieta.org.mx\/wp-content\/uploads\/2020\/02\/image1.jpeg?resize=525%2C300&ssl=1 1.5x"},"classes":[]},{"id":45870,"url":"https:\/\/www.grieta.org.mx\/index.php\/2020\/03\/10\/galeria-de-fotos-del-dia-internacional-de-la-mujer-en-morelia-michoacan\/","url_meta":{"origin":45856,"position":5},"title":"Galer\u00eda de fotos del D\u00eda Internacional de la Mujer en Morelia, Michoac\u00e1n","author":"Admin","date":"10 marzo, 2020","format":false,"excerpt":"Colectivo Grieta \u00a0 Actividades en la Feria del Agua y el Tianguis la Gotita. Inaguracion del Foro \"Juchari Mandi Echeri\" Pagas de im\u00e1genes\u00a0y palabra de mujeres zapatistas. En el Centro de Morelia, Michoac\u00e1n.\u00a0 \u00a0","rel":"","context":"En &quot;CINTILLO&quot;","block_context":{"text":"CINTILLO","link":"https:\/\/www.grieta.org.mx\/index.php\/category\/cintillo\/"},"img":{"alt_text":"","src":"https:\/\/i0.wp.com\/www.grieta.org.mx\/wp-content\/uploads\/2020\/03\/WhatsApp-Image-2020-03-08-at-22.36.37.jpeg?resize=350%2C200&ssl=1","width":350,"height":200,"srcset":"https:\/\/i0.wp.com\/www.grieta.org.mx\/wp-content\/uploads\/2020\/03\/WhatsApp-Image-2020-03-08-at-22.36.37.jpeg?resize=350%2C200&ssl=1 1x, https:\/\/i0.wp.com\/www.grieta.org.mx\/wp-content\/uploads\/2020\/03\/WhatsApp-Image-2020-03-08-at-22.36.37.jpeg?resize=525%2C300&ssl=1 1.5x, https:\/\/i0.wp.com\/www.grieta.org.mx\/wp-content\/uploads\/2020\/03\/WhatsApp-Image-2020-03-08-at-22.36.37.jpeg?resize=700%2C400&ssl=1 2x, https:\/\/i0.wp.com\/www.grieta.org.mx\/wp-content\/uploads\/2020\/03\/WhatsApp-Image-2020-03-08-at-22.36.37.jpeg?resize=1050%2C600&ssl=1 3x"},"classes":[]}],"_links":{"self":[{"href":"https:\/\/www.grieta.org.mx\/index.php\/wp-json\/wp\/v2\/posts\/45856","targetHints":{"allow":["GET"]}}],"collection":[{"href":"https:\/\/www.grieta.org.mx\/index.php\/wp-json\/wp\/v2\/posts"}],"about":[{"href":"https:\/\/www.grieta.org.mx\/index.php\/wp-json\/wp\/v2\/types\/post"}],"author":[{"embeddable":true,"href":"https:\/\/www.grieta.org.mx\/index.php\/wp-json\/wp\/v2\/users\/1"}],"replies":[{"embeddable":true,"href":"https:\/\/www.grieta.org.mx\/index.php\/wp-json\/wp\/v2\/comments?post=45856"}],"version-history":[{"count":1,"href":"https:\/\/www.grieta.org.mx\/index.php\/wp-json\/wp\/v2\/posts\/45856\/revisions"}],"predecessor-version":[{"id":45861,"href":"https:\/\/www.grieta.org.mx\/index.php\/wp-json\/wp\/v2\/posts\/45856\/revisions\/45861"}],"wp:featuredmedia":[{"embeddable":true,"href":"https:\/\/www.grieta.org.mx\/index.php\/wp-json\/wp\/v2\/media\/45857"}],"wp:attachment":[{"href":"https:\/\/www.grieta.org.mx\/index.php\/wp-json\/wp\/v2\/media?parent=45856"}],"wp:term":[{"taxonomy":"category","embeddable":true,"href":"https:\/\/www.grieta.org.mx\/index.php\/wp-json\/wp\/v2\/categories?post=45856"},{"taxonomy":"post_tag","embeddable":true,"href":"https:\/\/www.grieta.org.mx\/index.php\/wp-json\/wp\/v2\/tags?post=45856"}],"curies":[{"name":"wp","href":"https:\/\/api.w.org\/{rel}","templated":true}]}}