{"id":45838,"date":"2020-03-07T21:28:31","date_gmt":"2020-03-08T03:28:31","guid":{"rendered":"http:\/\/www.grieta.org.mx\/?p=45838"},"modified":"2020-03-09T21:46:21","modified_gmt":"2020-03-10T03:46:21","slug":"feministas-exigen-juicio-politico-contra-el-fiscal-de-oaxaca","status":"publish","type":"post","link":"https:\/\/www.grieta.org.mx\/index.php\/2020\/03\/07\/feministas-exigen-juicio-politico-contra-el-fiscal-de-oaxaca\/","title":{"rendered":"Feministas exigen juicio pol\u00edtico contra el fiscal de Oaxaca"},"content":{"rendered":"<p>Proceso \/ Pedro Mat\u00edas.<\/p>\n<p><img loading=\"lazy\" decoding=\"async\" data-attachment-id=\"45839\" data-permalink=\"https:\/\/www.grieta.org.mx\/index.php\/2020\/03\/07\/feministas-exigen-juicio-politico-contra-el-fiscal-de-oaxaca\/fiscalia-oaxaca-870x522\/\" data-orig-file=\"https:\/\/www.grieta.org.mx\/wp-content\/uploads\/2020\/03\/Fiscalia-Oaxaca-870x522.jpg\" data-orig-size=\"870,522\" data-comments-opened=\"0\" data-image-meta=\"{&quot;aperture&quot;:&quot;0&quot;,&quot;credit&quot;:&quot;&quot;,&quot;camera&quot;:&quot;&quot;,&quot;caption&quot;:&quot;&quot;,&quot;created_timestamp&quot;:&quot;0&quot;,&quot;copyright&quot;:&quot;&quot;,&quot;focal_length&quot;:&quot;0&quot;,&quot;iso&quot;:&quot;0&quot;,&quot;shutter_speed&quot;:&quot;0&quot;,&quot;title&quot;:&quot;&quot;,&quot;orientation&quot;:&quot;1&quot;}\" data-image-title=\"Fiscalia-Oaxaca-870&amp;#215;522\" data-image-description=\"\" data-image-caption=\"\" data-medium-file=\"https:\/\/www.grieta.org.mx\/wp-content\/uploads\/2020\/03\/Fiscalia-Oaxaca-870x522-300x180.jpg\" data-large-file=\"https:\/\/www.grieta.org.mx\/wp-content\/uploads\/2020\/03\/Fiscalia-Oaxaca-870x522.jpg\" class=\"aligncenter wp-image-45839\" src=\"http:\/\/www.grieta.org.mx\/wp-content\/uploads\/2020\/03\/Fiscalia-Oaxaca-870x522.jpg\" alt=\"\" width=\"800\" height=\"480\" srcset=\"https:\/\/www.grieta.org.mx\/wp-content\/uploads\/2020\/03\/Fiscalia-Oaxaca-870x522.jpg 870w, https:\/\/www.grieta.org.mx\/wp-content\/uploads\/2020\/03\/Fiscalia-Oaxaca-870x522-300x180.jpg 300w, https:\/\/www.grieta.org.mx\/wp-content\/uploads\/2020\/03\/Fiscalia-Oaxaca-870x522-768x461.jpg 768w, https:\/\/www.grieta.org.mx\/wp-content\/uploads\/2020\/03\/Fiscalia-Oaxaca-870x522-833x500.jpg 833w\" sizes=\"auto, (max-width: 800px) 100vw, 800px\" \/><br \/>\nGrupos feministas colocaron cruces frente a la Fiscal\u00eda de Oaxaca. Foto: @consorciooaxaca.<\/p>\n<p>OAXACA, Oax. (apro).- Luego de marchar por distintas calles de la ciudad y colocar cruces en memoria de las mujeres asesinadas en la entidad, un grupo de feministas \u201cclausur\u00f3\u201d la Fiscal\u00eda General del estado (FGE) y exigi\u00f3 \u201cjuicio pol\u00edtico\u201d contra sus titular, Rub\u00e9n Vasconcelos M\u00e9ndez, por su incapacidad y uso tendencioso de la informaci\u00f3n y porque sus acciones u omisiones generan impunidad.<\/p>\n<p>Desde la tribuna del Congreso local, la diputada de Morena Magaly L\u00f3pez tambi\u00e9n critic\u00f3 al fiscal, cuyas acciones u omisiones, subray\u00f3, \u201cson causales de juicio pol\u00edtico mediante el cual se puede imponer su destituci\u00f3n y en su caso inhabilitaci\u00f3n para el servicio p\u00fablico\u201d.<\/p>\n<p>En su cuenta de Twitter @consorciooaxaca, la asociaci\u00f3n civil Consorcio Para el Di\u00e1logo Parlamentario escribi\u00f3: \u201cDemandamos al @CongresoOaxLXIV juicio pol\u00edtico contra el Fiscal General del Estado de Oaxaca @RVasconcelosM por su falta de capacidad, uso tendencioso de la informaci\u00f3n y porque sus acciones u omisiones generan impunidad @GobOax @alejandromurat\u201d.<\/p>\n<p>Y, al tiempo que se manifestaban frente a las oficinas de la instituci\u00f3n ubicada en La Experimental, San Antonio de la Cal, las activistas colocaron cruces en memoria de las m\u00e1s de mil 200 mujeres y ni\u00f1as asesinadas en los \u00faltimos 15 a\u00f1os. De esas ejecuciones, 405 se han cometido en los primeros tres a\u00f1os del gobierno de Alejandro Murat Hinojosa.<\/p>\n<p>Durante la protesta, las mujeres gritaban al un\u00edsono: \u201cAlto a los feminicidios\u201d, \u201cCon feminismo proletario, se destruye al patriarcado\u201d, y levantaron una lona con la leyenda: \u201cContra las violencias machistas #VivasNosQueremos en Oaxaca\u201d.<\/p>\n<p>En el marco del D\u00eda Internacional de la Mujer, que se celebra el 8 de marzo, las mujeres denunciaron que pese a existir la alerta de g\u00e9nero en la entidad, las autoridades han sido omisas en el tema de la violencia contra las mujeres.<\/p>\n<p>Y por segunda ocasi\u00f3n la 64 Legislatura exhort\u00f3 al fiscal Rub\u00e9n Vasconcelos M\u00e9ndez a actuar con la debida diligencia ante los pocos avances en la investigaci\u00f3n sobre los asesinatos de la fotoperiodista Mar\u00eda del Sol Cruz Jarqu\u00edn, la candidata a concejal Pamela Ter\u00e1n y su chofer, Adelfo Guerra, perpetrados en Juchit\u00e1n, en junio de 2018.<\/p>\n<p><a href=\"https:\/\/www.proceso.com.mx\/620795\/feministas-exigen-juicio-politico-contra-el-fiscal-de-oaxaca\" target=\"_blank\" rel=\"noopener noreferrer\">https:\/\/www.proceso.com.mx\/620795\/feministas-exigen-juicio-politico-contra-el-fiscal-de-oaxaca<\/a><\/p>\n","protected":false},"excerpt":{"rendered":"<p>Proceso \/ Pedro Mat\u00edas. Grupos feministas colocaron cruces frente a la Fiscal\u00eda de Oaxaca. Foto: @consorciooaxaca. OAXACA, Oax. (apro).- Luego de marchar por distintas calles de la ciudad y colocar &hellip; <a href=\"https:\/\/www.grieta.org.mx\/index.php\/2020\/03\/07\/feministas-exigen-juicio-politico-contra-el-fiscal-de-oaxaca\/\" class=\"more-link\">Leer m\u00e1s<\/a><\/p>\n","protected":false},"author":2,"featured_media":45839,"comment_status":"closed","ping_status":"closed","sticky":false,"template":"","format":"standard","meta":{"ngg_post_thumbnail":0,"_jetpack_newsletter_access":"","_jetpack_dont_email_post_to_subs":false,"_jetpack_newsletter_tier_id":0,"_jetpack_memberships_contains_paywalled_content":false,"_jetpack_memberships_contains_paid_content":false,"footnotes":""},"categories":[80,1325,3163,2,25,1665],"tags":[],"class_list":["post-45838","post","type-post","status-publish","format-standard","has-post-thumbnail","hentry","category-cintillo","category-feminicidios-en-oaxaca-oaxaca","category-la-lucha-de-las-mujeres-en-oaxaca","category-noticias-nacionales","category-oaxaca","category-violencia-contra-las-mujeres-en-oaxaca","entry"],"jetpack_featured_media_url":"https:\/\/www.grieta.org.mx\/wp-content\/uploads\/2020\/03\/Fiscalia-Oaxaca-870x522.jpg","jetpack_sharing_enabled":true,"jetpack_shortlink":"https:\/\/wp.me\/p7ZJR4-bVk","jetpack_likes_enabled":false,"jetpack-related-posts":[{"id":50476,"url":"https:\/\/www.grieta.org.mx\/index.php\/2020\/06\/05\/exigen-se-inicie-juicio-politico-y-destitucion-del-fiscal-ruben-vasconcelos-por-obstruir-la-justicia-para-sol-oaxaca\/","url_meta":{"origin":45838,"position":0},"title":"Exigen se inicie juicio pol\u00edtico y destituci\u00f3n del fiscal Rub\u00e9n Vasconcelos por obstruir la justicia para Sol (Oaxaca)","author":"grieta","date":"5 junio, 2020","format":false,"excerpt":"P\u00e1gina 3 \/ Pedro Mat\u00edas. OAXACA, Oax.- Casi un centenar de organizaciones exigieron al Congreso del Estado de Oaxaca que inicie un juicio pol\u00edtico y la destituci\u00f3n del fiscal General de Justicia de Oaxaca, Rub\u00e9n Vasconcelos M\u00e9ndez, porque a dos a\u00f1os del asesinato de la fotoperiodista Mar\u00eda del Sol Cruz\u2026","rel":"","context":"En &quot;CINTILLO&quot;","block_context":{"text":"CINTILLO","link":"https:\/\/www.grieta.org.mx\/index.php\/category\/cintillo\/"},"img":{"alt_text":"","src":"https:\/\/i0.wp.com\/www.grieta.org.mx\/wp-content\/uploads\/2018\/03\/14524434_1106112876131411_958039263622046936_o.jpg?resize=350%2C200&ssl=1","width":350,"height":200,"srcset":"https:\/\/i0.wp.com\/www.grieta.org.mx\/wp-content\/uploads\/2018\/03\/14524434_1106112876131411_958039263622046936_o.jpg?resize=350%2C200&ssl=1 1x, https:\/\/i0.wp.com\/www.grieta.org.mx\/wp-content\/uploads\/2018\/03\/14524434_1106112876131411_958039263622046936_o.jpg?resize=525%2C300&ssl=1 1.5x, https:\/\/i0.wp.com\/www.grieta.org.mx\/wp-content\/uploads\/2018\/03\/14524434_1106112876131411_958039263622046936_o.jpg?resize=700%2C400&ssl=1 2x"},"classes":[]},{"id":54655,"url":"https:\/\/www.grieta.org.mx\/index.php\/2020\/11\/01\/feministas-hacen-ofrenda-por-las-mujeres-asesinadas-en-oaxaca\/","url_meta":{"origin":45838,"position":1},"title":"Feministas hacen ofrenda por las mujeres asesinadas en Oaxaca","author":"grieta","date":"1 noviembre, 2020","format":false,"excerpt":"Noticias \/ Ana Lilia. Frente al Templo de Santo Domingo en la capital Norma, Bernarda, Alejandra, Cruz, Sandra Luz, Minerva, Sarita, son algunos de los 83 nombres que se le\u00edan en las cruces rosas que cubrieron el piso del atrio del templo de Santo Domingo la tarde de este s\u00e1bado.\u2026","rel":"","context":"En &quot;CINTILLO&quot;","block_context":{"text":"CINTILLO","link":"https:\/\/www.grieta.org.mx\/index.php\/category\/cintillo\/"},"img":{"alt_text":"","src":"https:\/\/i0.wp.com\/www.grieta.org.mx\/wp-content\/uploads\/2020\/11\/A.jpeg?resize=350%2C200&ssl=1","width":350,"height":200,"srcset":"https:\/\/i0.wp.com\/www.grieta.org.mx\/wp-content\/uploads\/2020\/11\/A.jpeg?resize=350%2C200&ssl=1 1x, https:\/\/i0.wp.com\/www.grieta.org.mx\/wp-content\/uploads\/2020\/11\/A.jpeg?resize=525%2C300&ssl=1 1.5x, https:\/\/i0.wp.com\/www.grieta.org.mx\/wp-content\/uploads\/2020\/11\/A.jpeg?resize=700%2C400&ssl=1 2x, https:\/\/i0.wp.com\/www.grieta.org.mx\/wp-content\/uploads\/2020\/11\/A.jpeg?resize=1050%2C600&ssl=1 3x"},"classes":[]},{"id":51020,"url":"https:\/\/www.grieta.org.mx\/index.php\/2020\/06\/18\/exigen-intervencion-de-segob-y-fgr-para-proteger-e-investigar-amenazas-a-feministas-de-consorcio-oaxaca\/","url_meta":{"origin":45838,"position":2},"title":"Exigen intervenci\u00f3n de Segob y FGR para proteger e investigar amenazas a feministas de Consorcio (Oaxaca)","author":"grieta","date":"18 junio, 2020","format":false,"excerpt":"P\u00e1gina 3 \/ Pedro Mat\u00edas. OAXACA, Oax.- La defensa de los derechos de las mujeres en Oaxaca se ha convertido en motivo de persecuci\u00f3n y amenazas, por eso exigen investigar amenazas a feministas. Como es el caso de Consorcio Oaxaca que por denunciar 427 feminicidios y 800 desapariciones en los\u2026","rel":"","context":"En &quot;CINTILLO&quot;","block_context":{"text":"CINTILLO","link":"https:\/\/www.grieta.org.mx\/index.php\/category\/cintillo\/"},"img":{"alt_text":"","src":"https:\/\/i0.wp.com\/www.grieta.org.mx\/wp-content\/uploads\/2020\/06\/A.png?resize=350%2C200&ssl=1","width":350,"height":200,"srcset":"https:\/\/i0.wp.com\/www.grieta.org.mx\/wp-content\/uploads\/2020\/06\/A.png?resize=350%2C200&ssl=1 1x, https:\/\/i0.wp.com\/www.grieta.org.mx\/wp-content\/uploads\/2020\/06\/A.png?resize=525%2C300&ssl=1 1.5x, https:\/\/i0.wp.com\/www.grieta.org.mx\/wp-content\/uploads\/2020\/06\/A.png?resize=700%2C400&ssl=1 2x"},"classes":[]},{"id":41527,"url":"https:\/\/www.grieta.org.mx\/index.php\/2019\/11\/24\/afro-oaxaquenas-exigen-a-murat-garantizar-la-vida-de-las-oaxaquenas-oaxaca\/","url_meta":{"origin":45838,"position":3},"title":"Afro-Oaxaque\u00f1as exigen a Murat garantizar la vida de las oaxaque\u00f1as (Oaxaca)","author":"grieta","date":"24 noviembre, 2019","format":false,"excerpt":"P\u00e1gina 3 \/ Comunicados. Al presidente de la Rep\u00fablica Lic. Andr\u00e9s Manuel L\u00f3pez Obrador Al gobernador de Oaxaca, Alejandro Murat Al fiscal general de Oaxaca, Rub\u00e9n Vasconcelos M\u00e9ndez A la Secretar\u00eda de la Mujer Oaxaque\u00f1a Las integrantes del \u201cPacto de Mujeres\u201d surgido del VI Foro de Mujeres Lideresas Huatulco 2018,\u2026","rel":"","context":"En &quot;CINTILLO&quot;","block_context":{"text":"CINTILLO","link":"https:\/\/www.grieta.org.mx\/index.php\/category\/cintillo\/"},"img":{"alt_text":"","src":"https:\/\/i0.wp.com\/www.grieta.org.mx\/wp-content\/uploads\/2018\/03\/14524434_1106112876131411_958039263622046936_o.jpg?resize=350%2C200&ssl=1","width":350,"height":200,"srcset":"https:\/\/i0.wp.com\/www.grieta.org.mx\/wp-content\/uploads\/2018\/03\/14524434_1106112876131411_958039263622046936_o.jpg?resize=350%2C200&ssl=1 1x, https:\/\/i0.wp.com\/www.grieta.org.mx\/wp-content\/uploads\/2018\/03\/14524434_1106112876131411_958039263622046936_o.jpg?resize=525%2C300&ssl=1 1.5x, https:\/\/i0.wp.com\/www.grieta.org.mx\/wp-content\/uploads\/2018\/03\/14524434_1106112876131411_958039263622046936_o.jpg?resize=700%2C400&ssl=1 2x"},"classes":[]},{"id":53427,"url":"https:\/\/www.grieta.org.mx\/index.php\/2020\/09\/16\/marchan-feministas-en-la-jornada-antigrita-para-denunciar-violencia-feminicida-y-agreden-a-una-periodista-oaxaca\/","url_meta":{"origin":45838,"position":4},"title":"Marchan feministas en la jornada Antigrita para denunciar violencia feminicida y agreden a una periodista (Oaxaca)","author":"grieta","date":"16 septiembre, 2020","format":false,"excerpt":"P\u00e1gina 3 \/ Pedro Mat\u00edas. OAXACA, Oax. (pagina3.mx).- En el marco de la jornada de protestas denominado \u201cLa Antigrita\u201d, organizaciones feministas realizaron una marcha de la fuente de las Ocho Regiones al z\u00f3calo de Oaxaca para denunciar la violencia feminicida y la incapacidad gubernamental para atender esta problem\u00e1tica que las\u2026","rel":"","context":"En &quot;CINTILLO&quot;","block_context":{"text":"CINTILLO","link":"https:\/\/www.grieta.org.mx\/index.php\/category\/cintillo\/"},"img":{"alt_text":"","src":"https:\/\/i0.wp.com\/www.grieta.org.mx\/wp-content\/uploads\/2020\/09\/h.jpg?resize=350%2C200&ssl=1","width":350,"height":200,"srcset":"https:\/\/i0.wp.com\/www.grieta.org.mx\/wp-content\/uploads\/2020\/09\/h.jpg?resize=350%2C200&ssl=1 1x, https:\/\/i0.wp.com\/www.grieta.org.mx\/wp-content\/uploads\/2020\/09\/h.jpg?resize=525%2C300&ssl=1 1.5x, https:\/\/i0.wp.com\/www.grieta.org.mx\/wp-content\/uploads\/2020\/09\/h.jpg?resize=700%2C400&ssl=1 2x, https:\/\/i0.wp.com\/www.grieta.org.mx\/wp-content\/uploads\/2020\/09\/h.jpg?resize=1050%2C600&ssl=1 3x"},"classes":[]},{"id":57369,"url":"https:\/\/www.grieta.org.mx\/index.php\/2021\/03\/07\/marchan-mujeres-zapotecas-contra-feminicidios-en-el-istmo-oaxaca\/","url_meta":{"origin":45838,"position":5},"title":"Marchan mujeres zapotecas contra feminicidios en el Istmo (Oaxaca)","author":"grieta","date":"7 marzo, 2021","format":false,"excerpt":"Pi\u00e9 de P\u00e1gina \/ Diana Manzo. Juchit\u00e1n, Oaxaca.- Vestidas con sus enaguas y huipiles, mujeres zapotecas de este municipio oaxaque\u00f1o marcharon contra los feminicidios y la violencia en el marco del D\u00eda Internacional de la Mujer. Familiares de Carolina, la \u00faltima mujer asesinada en Juchit\u00e1n, encabezaron el contingente que parti\u00f3\u2026","rel":"","context":"En &quot;CINTILLO&quot;","block_context":{"text":"CINTILLO","link":"https:\/\/www.grieta.org.mx\/index.php\/category\/cintillo\/"},"img":{"alt_text":"","src":"https:\/\/i0.wp.com\/www.grieta.org.mx\/wp-content\/uploads\/2021\/03\/1-1.jpg?resize=350%2C200&ssl=1","width":350,"height":200,"srcset":"https:\/\/i0.wp.com\/www.grieta.org.mx\/wp-content\/uploads\/2021\/03\/1-1.jpg?resize=350%2C200&ssl=1 1x, https:\/\/i0.wp.com\/www.grieta.org.mx\/wp-content\/uploads\/2021\/03\/1-1.jpg?resize=525%2C300&ssl=1 1.5x, https:\/\/i0.wp.com\/www.grieta.org.mx\/wp-content\/uploads\/2021\/03\/1-1.jpg?resize=700%2C400&ssl=1 2x"},"classes":[]}],"_links":{"self":[{"href":"https:\/\/www.grieta.org.mx\/index.php\/wp-json\/wp\/v2\/posts\/45838","targetHints":{"allow":["GET"]}}],"collection":[{"href":"https:\/\/www.grieta.org.mx\/index.php\/wp-json\/wp\/v2\/posts"}],"about":[{"href":"https:\/\/www.grieta.org.mx\/index.php\/wp-json\/wp\/v2\/types\/post"}],"author":[{"embeddable":true,"href":"https:\/\/www.grieta.org.mx\/index.php\/wp-json\/wp\/v2\/users\/2"}],"replies":[{"embeddable":true,"href":"https:\/\/www.grieta.org.mx\/index.php\/wp-json\/wp\/v2\/comments?post=45838"}],"version-history":[{"count":1,"href":"https:\/\/www.grieta.org.mx\/index.php\/wp-json\/wp\/v2\/posts\/45838\/revisions"}],"predecessor-version":[{"id":45843,"href":"https:\/\/www.grieta.org.mx\/index.php\/wp-json\/wp\/v2\/posts\/45838\/revisions\/45843"}],"wp:featuredmedia":[{"embeddable":true,"href":"https:\/\/www.grieta.org.mx\/index.php\/wp-json\/wp\/v2\/media\/45839"}],"wp:attachment":[{"href":"https:\/\/www.grieta.org.mx\/index.php\/wp-json\/wp\/v2\/media?parent=45838"}],"wp:term":[{"taxonomy":"category","embeddable":true,"href":"https:\/\/www.grieta.org.mx\/index.php\/wp-json\/wp\/v2\/categories?post=45838"},{"taxonomy":"post_tag","embeddable":true,"href":"https:\/\/www.grieta.org.mx\/index.php\/wp-json\/wp\/v2\/tags?post=45838"}],"curies":[{"name":"wp","href":"https:\/\/api.w.org\/{rel}","templated":true}]}}