{"id":45790,"date":"2020-03-06T08:42:10","date_gmt":"2020-03-06T14:42:10","guid":{"rendered":"http:\/\/www.grieta.org.mx\/?p=45790"},"modified":"2020-03-07T08:48:33","modified_gmt":"2020-03-07T14:48:33","slug":"dan-22-anos-de-prision-a-marinos-por-desaparicion-forzada","status":"publish","type":"post","link":"https:\/\/www.grieta.org.mx\/index.php\/2020\/03\/06\/dan-22-anos-de-prision-a-marinos-por-desaparicion-forzada\/","title":{"rendered":"Dan 22 a\u00f1os de prisi\u00f3n a marinos por desaparici\u00f3n forzada"},"content":{"rendered":"<p><img loading=\"lazy\" decoding=\"async\" data-attachment-id=\"45791\" data-permalink=\"https:\/\/www.grieta.org.mx\/index.php\/2020\/03\/06\/dan-22-anos-de-prision-a-marinos-por-desaparicion-forzada\/ciudad-de-mexico-12septiembre2016-se-llevo-a-cabo-el-ensayo-para-el-desfile-conmemorativo-del-proximo-viernes-16-de-septiembre-en-donde-participaron-mas-de-3-mil-elementos-de-la-secretaria-de-mar\/\" data-orig-file=\"https:\/\/www.grieta.org.mx\/wp-content\/uploads\/2020\/03\/Marina_armada.jpeg\" data-orig-size=\"1280,800\" data-comments-opened=\"0\" data-image-meta=\"{&quot;aperture&quot;:&quot;0&quot;,&quot;credit&quot;:&quot;Paulina Negrete&quot;,&quot;camera&quot;:&quot;&quot;,&quot;caption&quot;:&quot;&quot;,&quot;created_timestamp&quot;:&quot;1473638400&quot;,&quot;copyright&quot;:&quot;&quot;,&quot;focal_length&quot;:&quot;0&quot;,&quot;iso&quot;:&quot;0&quot;,&quot;shutter_speed&quot;:&quot;0&quot;,&quot;title&quot;:&quot;CIUDAD DE M\\u00c9XICO, 12SEPTIEMBRE2016.-  Se llev\\u00f3 a cabo el ensayo para el desfile conmemorativo del pr\\u00f3ximo viernes 16 de septiembre, en donde participaron m\\u00e1s de 3 mil elementos de la Secretaria de Marina Armada de M\\u00e9xico (SEMAR), elementos de la band&quot;,&quot;orientation&quot;:&quot;1&quot;}\" data-image-title=\"CIUDAD DE M\u00c9XICO, 12SEPTIEMBRE2016.-  Se llev\u00f3 a cabo el ensayo para el desfile conmemorativo del pr\u00f3ximo viernes 16 de septiembre, en donde participaron m\u00e1s de 3 mil elementos de la Secretaria de Marina Armada de M\u00e9xico (SEMAR), elementos de la band\" data-image-description=\"\" data-image-caption=\"\" data-medium-file=\"https:\/\/www.grieta.org.mx\/wp-content\/uploads\/2020\/03\/Marina_armada-300x188.jpeg\" data-large-file=\"https:\/\/www.grieta.org.mx\/wp-content\/uploads\/2020\/03\/Marina_armada-1024x640.jpeg\" class=\"aligncenter wp-image-45791\" src=\"http:\/\/www.grieta.org.mx\/wp-content\/uploads\/2020\/03\/Marina_armada.jpeg\" alt=\"\" width=\"800\" height=\"500\" srcset=\"https:\/\/www.grieta.org.mx\/wp-content\/uploads\/2020\/03\/Marina_armada.jpeg 1280w, https:\/\/www.grieta.org.mx\/wp-content\/uploads\/2020\/03\/Marina_armada-300x188.jpeg 300w, https:\/\/www.grieta.org.mx\/wp-content\/uploads\/2020\/03\/Marina_armada-768x480.jpeg 768w, https:\/\/www.grieta.org.mx\/wp-content\/uploads\/2020\/03\/Marina_armada-1024x640.jpeg 1024w, https:\/\/www.grieta.org.mx\/wp-content\/uploads\/2020\/03\/Marina_armada-800x500.jpeg 800w\" sizes=\"auto, (max-width: 800px) 100vw, 800px\" \/><\/p>\n<p style=\"text-align: left;\"><strong>Un capit\u00e1n y cuatro elementos de tropa fueron sentenciados luego de seis a\u00f1os de participar en la desaparici\u00f3n forzada de un joven, en Nuevo Le\u00f3n<\/strong><\/p>\n<p>&nbsp;<\/p>\n<p>Texto: Redacci\u00f3n PIE DE P\u00c1GINA\/ Foto: Paulina Negrete \/ CUARTOSCURO<\/p>\n<p>Un Juez de Distrito sentenci\u00f3 a 22 a\u00f1os de prisi\u00f3n a un capit\u00e1n y cuatro elementos de infanter\u00eda de la Secretar\u00eda de Marina por la desaparici\u00f3n forzada de Armando Humberto del Bosque Villarreal, inform\u00f3 el Comit\u00e9 de Derechos Humanos de Nuevo Laredo.<\/p>\n<p>Armando fue desaparecido en agosto de 2013 en Colombia, Nuevo Le\u00f3n, cuando los sentenciados lo detuvieron para \u201cinvestigar\u201d. Armando se hab\u00eda presentado en la comandancia de la polic\u00eda municipal. Fue a denunciar a un vecino que allan\u00f3 su domicilio y lo amenaz\u00f3 con arma de fuego. <\/p>\n<p>Ese vecino era \u201cinformante\u201d de los marinos; el capit\u00e1n lo liber\u00f3. Al denunciante lo ingresaron a la Base de Operaciones de la Marina en el poblado de Colombia y despu\u00e9s se perdi\u00f3 todo contacto con \u00e9l.<\/p>\n<p>Armando Humberto, de 33 a\u00f1os, estuvo desaparecido por dos meses. El 3 de octubre del 2013 se encontraron sus restos (con un impacto de bala en la cabeza) en el interior del rancho Santa Cecilia. La propiedad est\u00e1 a poco m\u00e1s de dos kil\u00f3metros de la Base de Operaciones de la Secretar\u00eda de Marina. <\/p>\n<p>Los marinos responsables de la desaparici\u00f3n y homicidio de Armando Humberto son el capit\u00e1n Ra\u00fal Enrique S\u00e1nchez Labrada, y los marineros Renato Ju\u00e1rez Arellanes, Alfi Ahumada Espinoza, Carlos Ad\u00e1n Verdugo Amarillas y Eliseo S\u00e1nchez Patr\u00f3n, presos en el Campo Militar No. 1, desde marzo del 2016 cuando los detuvieron en la Ciudad de M\u00e9xico por desaparici\u00f3n forzada.<\/p>\n<p>Para el Comit\u00e9 de Derechos Humanos, esta sentencia no tiene precedente en la historia reciente del pa\u00eds.<\/p>\n<p>Seis a\u00f1os de lucha<br \/>\nEl pap\u00e1 de la v\u00edctima, Armando Humberto del Bosque Guti\u00e9rrez, esper\u00f3 seis a\u00f1os y seis meses el fallo de la justicia mexicana. A decir del se\u00f1or del Bosque, altos mandos de la Marina presionaron al agente del Ministerio P\u00fablico de la Federaci\u00f3n para frenar el caso. <\/p>\n<p>Durante su lucha el se\u00f1or padeci\u00f3 una embolia y un accidente de tr\u00e1nsito que casi le cuestan la vida. Tambi\u00e9n perdi\u00f3 su empleo y sufri\u00f3 un desplazamiento forzado ante una serie de amenazas y hostigamientos por parte de elementos de la Secretar\u00eda de Marina para que desistiera en su denuncia penal.<\/p>\n<p>En el 2016 la Comisi\u00f3n Nacional de los Derechos Humanos emiti\u00f3 la Recomendaci\u00f3n 11\/2016 al entonces secretario de Marina, Almirante Vidal Francisco Sober\u00f3n Sanz. El organismo acredit\u00f3 la responsabilidad de los marinos por desaparici\u00f3n forzada y ejecuci\u00f3n arbitraria de Armando Humberto del Bosque Villarreal.<\/p>\n<p>Un a\u00f1o antes, en 2015, Armando Humberto del Bosque Guti\u00e9rrez se entrevist\u00f3 con representantes de la Comisi\u00f3n Interamericana de Derechos Humanos durante su visita a Monterrey. Ese mismo a\u00f1o, el Comit\u00e9 de Derechos Humanos de Nuevo Laredo entreg\u00f3 un informe al Alto Comisionado de Naciones Unidas para los Derechos Humanos, Zeid Ra\u2019ad Al Hussein, respecto a estos mismos hechos.<\/p>\n<p>La sentencia<br \/>\nSe acredita el delito de desaparici\u00f3n forzada de personas, contra los marinos se\u00f1alados anteriormente.<\/p>\n<p>Se les da una pena de 22 a\u00f1os y seis meses, los destituyen de su cargo y se les inhabilita por diez a\u00f1os, seis meses para desempe\u00f1ar cualquier cargo p\u00fablico.<\/p>\n<p>Los responsables deber\u00e1n pagar por reparaci\u00f3n del da\u00f1o y gastos funerarios.<\/p>\n<p><a href=\"https:\/\/piedepagina.mx\/dan-22-anos-de-prision-a-marinos-por-desaparicion-forzada\/\" rel=\"noopener noreferrer\" target=\"_blank\">https:\/\/piedepagina.mx\/dan-22-anos-de-prision-a-marinos-por-desaparicion-forzada\/<\/a><\/p>\n","protected":false},"excerpt":{"rendered":"<p>Un capit\u00e1n y cuatro elementos de tropa fueron sentenciados luego de seis a\u00f1os de participar en la desaparici\u00f3n forzada de un joven, en Nuevo Le\u00f3n &nbsp; Texto: Redacci\u00f3n PIE DE &hellip; <a href=\"https:\/\/www.grieta.org.mx\/index.php\/2020\/03\/06\/dan-22-anos-de-prision-a-marinos-por-desaparicion-forzada\/\" class=\"more-link\">Leer m\u00e1s<\/a><\/p>\n","protected":false},"author":2,"featured_media":45791,"comment_status":"closed","ping_status":"closed","sticky":false,"template":"","format":"standard","meta":{"ngg_post_thumbnail":0,"_jetpack_newsletter_access":"","_jetpack_dont_email_post_to_subs":false,"_jetpack_newsletter_tier_id":0,"_jetpack_memberships_contains_paywalled_content":false,"_jetpack_memberships_contains_paid_content":false,"footnotes":""},"categories":[80,912,2196,24,83,2443],"tags":[3159,3158,260,3160],"class_list":["post-45790","post","type-post","status-publish","format-standard","has-post-thumbnail","hentry","category-cintillo","category-militarizacion","category-militarizacion-en-nuevo-leon","category-nuevo-leon","category-temas-nacionales","category-violencia-de-fuerzas-represivas-en-nuevo-leon","tag-abusos-de-marinos-contra-civiles","tag-condenas-a-marinos-por-asesinatos","tag-desaparicion-forzada","tag-violaciones-a-derechos-humanos-por-marinos","entry"],"jetpack_featured_media_url":"https:\/\/www.grieta.org.mx\/wp-content\/uploads\/2020\/03\/Marina_armada.jpeg","jetpack_sharing_enabled":true,"jetpack_shortlink":"https:\/\/wp.me\/p7ZJR4-bUy","jetpack_likes_enabled":false,"jetpack-related-posts":[{"id":45787,"url":"https:\/\/www.grieta.org.mx\/index.php\/2020\/03\/06\/por-desaparicion-forzada-en-nl-sentencian-a-22-anos-de-prision-a-cinco-efectivos-de-la-semar\/","url_meta":{"origin":45790,"position":0},"title":"Por desaparici\u00f3n forzada en NL, sentencian a 22 a\u00f1os de prisi\u00f3n a cinco efectivos de la Semar","author":"grieta","date":"6 marzo, 2020","format":false,"excerpt":"Gloria Leticia D\u00ecaz\/ PROCESO CIUDAD DE M\u00c9XICO (apro).- Cinco efectivos de la Secretar\u00eda de Marina (Semar), entre ellos un capit\u00e1n, fueron sentenciados a 22 a\u00f1os de prisi\u00f3n por la desaparici\u00f3n forzada de un joven en Colombia, Nuevo Le\u00f3n, luego de m\u00e1s de seis a\u00f1os de ocurridos los hechos. El 3\u2026","rel":"","context":"En &quot;CINTILLO&quot;","block_context":{"text":"CINTILLO","link":"https:\/\/www.grieta.org.mx\/index.php\/category\/cintillo\/"},"img":{"alt_text":"","src":"https:\/\/i0.wp.com\/www.grieta.org.mx\/wp-content\/uploads\/2020\/03\/marina-tamps.jpg?resize=350%2C200&ssl=1","width":350,"height":200,"srcset":"https:\/\/i0.wp.com\/www.grieta.org.mx\/wp-content\/uploads\/2020\/03\/marina-tamps.jpg?resize=350%2C200&ssl=1 1x, https:\/\/i0.wp.com\/www.grieta.org.mx\/wp-content\/uploads\/2020\/03\/marina-tamps.jpg?resize=525%2C300&ssl=1 1.5x, https:\/\/i0.wp.com\/www.grieta.org.mx\/wp-content\/uploads\/2020\/03\/marina-tamps.jpg?resize=700%2C400&ssl=1 2x"},"classes":[]},{"id":58804,"url":"https:\/\/www.grieta.org.mx\/index.php\/2021\/04\/15\/juez-vincula-a-proceso-a-30-marinos-en-activo-por-la-desaparicion-de-cuatro-civiles-en-tamaulipas\/","url_meta":{"origin":45790,"position":1},"title":"Juez vincula a proceso a 30 marinos en activo por la desaparici\u00f3n de cuatro civiles en Tamaulipas","author":"grieta","date":"15 abril, 2021","format":false,"excerpt":"Juan Omar Fierro\/Proceso 15 abril 2021 CIUDAD DE M\u00c9XICO (apro).- Un juez de Control adscrito al Centro de Justicia Penal Federal de Reynosa, Tamaulipas, vincul\u00f3 a proceso, equivalente al inicio del proceso penal, a 30 elementos en activo de la Secretar\u00eda de Marina-Armada de M\u00e9xico (Semar), por su presunta responsabilidad\u2026","rel":"","context":"En &quot;CINTILLO&quot;","block_context":{"text":"CINTILLO","link":"https:\/\/www.grieta.org.mx\/index.php\/category\/cintillo\/"},"img":{"alt_text":"","src":"https:\/\/i0.wp.com\/www.grieta.org.mx\/wp-content\/uploads\/2021\/04\/marino.jpg?resize=350%2C200&ssl=1","width":350,"height":200,"srcset":"https:\/\/i0.wp.com\/www.grieta.org.mx\/wp-content\/uploads\/2021\/04\/marino.jpg?resize=350%2C200&ssl=1 1x, https:\/\/i0.wp.com\/www.grieta.org.mx\/wp-content\/uploads\/2021\/04\/marino.jpg?resize=525%2C300&ssl=1 1.5x, https:\/\/i0.wp.com\/www.grieta.org.mx\/wp-content\/uploads\/2021\/04\/marino.jpg?resize=700%2C400&ssl=1 2x"},"classes":[]},{"id":27499,"url":"https:\/\/www.grieta.org.mx\/index.php\/2018\/08\/04\/desaparecen-a-10-marinos-en-tamaulipas-y-nuevo-leon\/","url_meta":{"origin":45790,"position":2},"title":"Desaparecen a 10 marinos en Tamaulipas y Nuevo Le\u00f3n","author":"grieta","date":"4 agosto, 2018","format":false,"excerpt":"Agencia Reforma Agencia Reforma. CIUDAD DE M\u00c9XICO .-Elementos de la Armada son responsables de la desaparici\u00f3n forzada de 10 personas, entre ellos dos menores de edad, en hechos registrados en Nuevo Le\u00f3n y Tamaulipas entre 2011 y 2014, concluy\u00f3 la Comisi\u00f3n Nacional de los Derechos Humanos. En la Recomendaci\u00f3n 11\/VG\/2018\u2026","rel":"","context":"En &quot;Abuso policiaco y tortura en Tamaulipas&quot;","block_context":{"text":"Abuso policiaco y tortura en Tamaulipas","link":"https:\/\/www.grieta.org.mx\/index.php\/category\/noticias-nacionales\/tamaulipas\/abuso-policiaco-y-tortura-en-tamaulipas\/"},"img":{"alt_text":"","src":"https:\/\/i0.wp.com\/www.grieta.org.mx\/wp-content\/uploads\/2018\/11\/direct.jpg?resize=350%2C200&ssl=1","width":350,"height":200,"srcset":"https:\/\/i0.wp.com\/www.grieta.org.mx\/wp-content\/uploads\/2018\/11\/direct.jpg?resize=350%2C200&ssl=1 1x, https:\/\/i0.wp.com\/www.grieta.org.mx\/wp-content\/uploads\/2018\/11\/direct.jpg?resize=525%2C300&ssl=1 1.5x"},"classes":[]},{"id":63456,"url":"https:\/\/www.grieta.org.mx\/index.php\/2022\/02\/19\/liberan-a-12-marinos-acusados-de-desaparicion-forzada-en-tamaulipas\/","url_meta":{"origin":45790,"position":3},"title":"Liberan a 12 marinos acusados de desaparici\u00f3n forzada en Tamaulipas","author":"grieta","date":"19 febrero, 2022","format":false,"excerpt":"Rub\u00e9n Mosso\/Milenio 19 febrero 2022 Un juez federal liber\u00f3 a 12 de 30 marinos que permanec\u00edan en la Prisi\u00f3n Militar N\u00famero Uno, en la Ciudad de M\u00e9xico, al considerar que no hay pruebas de su participaci\u00f3n en el delito de desaparici\u00f3n forzada de personas en agravio de No\u00e9 Ignacio Alf\u00e9rez\u2026","rel":"","context":"En &quot;CINTILLO&quot;","block_context":{"text":"CINTILLO","link":"https:\/\/www.grieta.org.mx\/index.php\/category\/cintillo\/"},"img":{"alt_text":"","src":"https:\/\/i0.wp.com\/www.grieta.org.mx\/wp-content\/uploads\/2022\/02\/marinos-detenidos-no-estaban-asignados_0_0_958_596.jpg?resize=350%2C200&ssl=1","width":350,"height":200,"srcset":"https:\/\/i0.wp.com\/www.grieta.org.mx\/wp-content\/uploads\/2022\/02\/marinos-detenidos-no-estaban-asignados_0_0_958_596.jpg?resize=350%2C200&ssl=1 1x, https:\/\/i0.wp.com\/www.grieta.org.mx\/wp-content\/uploads\/2022\/02\/marinos-detenidos-no-estaban-asignados_0_0_958_596.jpg?resize=525%2C300&ssl=1 1.5x, https:\/\/i0.wp.com\/www.grieta.org.mx\/wp-content\/uploads\/2022\/02\/marinos-detenidos-no-estaban-asignados_0_0_958_596.jpg?resize=700%2C400&ssl=1 2x"},"classes":[]},{"id":5080,"url":"https:\/\/www.grieta.org.mx\/index.php\/2015\/11\/19\/en-nuevo-leon-173-casos-de-desaparicion-que-involucran-a-314-victimas\/","url_meta":{"origin":45790,"position":4},"title":"En Nuevo Le\u00f3n, 173 casos de desaparici\u00f3n que involucran a 314 v\u00edctimas","author":"grieta","date":"19 noviembre, 2015","format":false,"excerpt":"Desinform\u00e9monos Flor Goche En lo que va del sexenio de Enrique Pe\u00f1a Nieto, la organizaci\u00f3n Ciudadanos en Apoyo a los Derechos Humanos (Cadhac) ha documentado 173 casos de desaparici\u00f3n forzada o involuntaria de personas en Nuevo Le\u00f3n que involucran a 314 v\u00edctimas. De \u00e9stos, 142 son de desaparici\u00f3n y 31\u2026","rel":"","context":"En &quot;CINTILLO&quot;","block_context":{"text":"CINTILLO","link":"https:\/\/www.grieta.org.mx\/index.php\/category\/cintillo\/"},"img":{"alt_text":"","src":"https:\/\/i0.wp.com\/www.grieta.org.mx\/wp-content\/uploads\/2018\/03\/14524434_1106112876131411_958039263622046936_o.jpg?resize=350%2C200&ssl=1","width":350,"height":200,"srcset":"https:\/\/i0.wp.com\/www.grieta.org.mx\/wp-content\/uploads\/2018\/03\/14524434_1106112876131411_958039263622046936_o.jpg?resize=350%2C200&ssl=1 1x, https:\/\/i0.wp.com\/www.grieta.org.mx\/wp-content\/uploads\/2018\/03\/14524434_1106112876131411_958039263622046936_o.jpg?resize=525%2C300&ssl=1 1.5x, https:\/\/i0.wp.com\/www.grieta.org.mx\/wp-content\/uploads\/2018\/03\/14524434_1106112876131411_958039263622046936_o.jpg?resize=700%2C400&ssl=1 2x"},"classes":[]},{"id":63453,"url":"https:\/\/www.grieta.org.mx\/index.php\/2022\/02\/13\/marina-reserva-las-ordenes-que-recibieron-sus-elementos-acusados-de-desapariciones-en-nuevo-laredo\/","url_meta":{"origin":45790,"position":5},"title":"Marina reserva las \u00f3rdenes que recibieron sus elementos acusados de desapariciones en Nuevo Laredo","author":"grieta","date":"13 febrero, 2022","format":false,"excerpt":"Alberto Pradilla\/Animal Pol\u00edtico 13 febrero 2022 La Secretar\u00eda de Marina quiere reservar la informaci\u00f3n sobre dos operativos clave para entender las desapariciones perpetradas presuntamente por elementos navales entre febrero y junio de 2018. Se trata de los operativos Laguna 2018 y Refuerzo Laguna 2018, \u2212que seg\u00fan informaci\u00f3n contenida en diversas\u2026","rel":"","context":"En &quot;CINTILLO&quot;","block_context":{"text":"CINTILLO","link":"https:\/\/www.grieta.org.mx\/index.php\/category\/cintillo\/"},"img":{"alt_text":"","src":"https:\/\/i0.wp.com\/www.grieta.org.mx\/wp-content\/uploads\/2022\/02\/semar.jpeg?resize=350%2C200&ssl=1","width":350,"height":200,"srcset":"https:\/\/i0.wp.com\/www.grieta.org.mx\/wp-content\/uploads\/2022\/02\/semar.jpeg?resize=350%2C200&ssl=1 1x, https:\/\/i0.wp.com\/www.grieta.org.mx\/wp-content\/uploads\/2022\/02\/semar.jpeg?resize=525%2C300&ssl=1 1.5x, https:\/\/i0.wp.com\/www.grieta.org.mx\/wp-content\/uploads\/2022\/02\/semar.jpeg?resize=700%2C400&ssl=1 2x, https:\/\/i0.wp.com\/www.grieta.org.mx\/wp-content\/uploads\/2022\/02\/semar.jpeg?resize=1050%2C600&ssl=1 3x"},"classes":[]}],"_links":{"self":[{"href":"https:\/\/www.grieta.org.mx\/index.php\/wp-json\/wp\/v2\/posts\/45790","targetHints":{"allow":["GET"]}}],"collection":[{"href":"https:\/\/www.grieta.org.mx\/index.php\/wp-json\/wp\/v2\/posts"}],"about":[{"href":"https:\/\/www.grieta.org.mx\/index.php\/wp-json\/wp\/v2\/types\/post"}],"author":[{"embeddable":true,"href":"https:\/\/www.grieta.org.mx\/index.php\/wp-json\/wp\/v2\/users\/2"}],"replies":[{"embeddable":true,"href":"https:\/\/www.grieta.org.mx\/index.php\/wp-json\/wp\/v2\/comments?post=45790"}],"version-history":[{"count":1,"href":"https:\/\/www.grieta.org.mx\/index.php\/wp-json\/wp\/v2\/posts\/45790\/revisions"}],"predecessor-version":[{"id":45792,"href":"https:\/\/www.grieta.org.mx\/index.php\/wp-json\/wp\/v2\/posts\/45790\/revisions\/45792"}],"wp:featuredmedia":[{"embeddable":true,"href":"https:\/\/www.grieta.org.mx\/index.php\/wp-json\/wp\/v2\/media\/45791"}],"wp:attachment":[{"href":"https:\/\/www.grieta.org.mx\/index.php\/wp-json\/wp\/v2\/media?parent=45790"}],"wp:term":[{"taxonomy":"category","embeddable":true,"href":"https:\/\/www.grieta.org.mx\/index.php\/wp-json\/wp\/v2\/categories?post=45790"},{"taxonomy":"post_tag","embeddable":true,"href":"https:\/\/www.grieta.org.mx\/index.php\/wp-json\/wp\/v2\/tags?post=45790"}],"curies":[{"name":"wp","href":"https:\/\/api.w.org\/{rel}","templated":true}]}}