{"id":45709,"date":"2020-02-25T13:17:15","date_gmt":"2020-02-25T19:17:15","guid":{"rendered":"http:\/\/www.grieta.org.mx\/?p=45709"},"modified":"2020-03-06T13:20:53","modified_gmt":"2020-03-06T19:20:53","slug":"la-ceav-quiere-bajar-la-cortina-presupuestal-en-el-tema-de-desaparecidos-colectivos-veracruz","status":"publish","type":"post","link":"https:\/\/www.grieta.org.mx\/index.php\/2020\/02\/25\/la-ceav-quiere-bajar-la-cortina-presupuestal-en-el-tema-de-desaparecidos-colectivos-veracruz\/","title":{"rendered":"La CEAV \u201cquiere bajar la cortina presupuestal\u201d en el tema de desaparecidos: colectivos (Veracruz)"},"content":{"rendered":"<p><a href=\"http:\/\/www.grieta.org.mx\/wp-content\/uploads\/2020\/03\/colectivo-desaparecidos-1-870x522.jpg\"><img loading=\"lazy\" decoding=\"async\" data-attachment-id=\"45710\" data-permalink=\"https:\/\/www.grieta.org.mx\/index.php\/2020\/02\/25\/la-ceav-quiere-bajar-la-cortina-presupuestal-en-el-tema-de-desaparecidos-colectivos-veracruz\/colectivo-desaparecidos-1-870x522\/\" data-orig-file=\"https:\/\/www.grieta.org.mx\/wp-content\/uploads\/2020\/03\/colectivo-desaparecidos-1-870x522.jpg\" data-orig-size=\"870,522\" data-comments-opened=\"0\" data-image-meta=\"{&quot;aperture&quot;:&quot;0&quot;,&quot;credit&quot;:&quot;&quot;,&quot;camera&quot;:&quot;&quot;,&quot;caption&quot;:&quot;&quot;,&quot;created_timestamp&quot;:&quot;0&quot;,&quot;copyright&quot;:&quot;&quot;,&quot;focal_length&quot;:&quot;0&quot;,&quot;iso&quot;:&quot;0&quot;,&quot;shutter_speed&quot;:&quot;0&quot;,&quot;title&quot;:&quot;&quot;,&quot;orientation&quot;:&quot;0&quot;}\" data-image-title=\"colectivo-desaparecidos-1-870&amp;#215;522\" data-image-description=\"\" data-image-caption=\"\" data-medium-file=\"https:\/\/www.grieta.org.mx\/wp-content\/uploads\/2020\/03\/colectivo-desaparecidos-1-870x522-300x180.jpg\" data-large-file=\"https:\/\/www.grieta.org.mx\/wp-content\/uploads\/2020\/03\/colectivo-desaparecidos-1-870x522.jpg\" class=\"aligncenter wp-image-45710\" src=\"http:\/\/www.grieta.org.mx\/wp-content\/uploads\/2020\/03\/colectivo-desaparecidos-1-870x522.jpg\" alt=\"\" width=\"800\" height=\"480\" srcset=\"https:\/\/www.grieta.org.mx\/wp-content\/uploads\/2020\/03\/colectivo-desaparecidos-1-870x522.jpg 870w, https:\/\/www.grieta.org.mx\/wp-content\/uploads\/2020\/03\/colectivo-desaparecidos-1-870x522-300x180.jpg 300w, https:\/\/www.grieta.org.mx\/wp-content\/uploads\/2020\/03\/colectivo-desaparecidos-1-870x522-768x461.jpg 768w, https:\/\/www.grieta.org.mx\/wp-content\/uploads\/2020\/03\/colectivo-desaparecidos-1-870x522-833x500.jpg 833w\" sizes=\"auto, (max-width: 800px) 100vw, 800px\" \/><\/a><\/p>\n<p>No\u00e9 Zavaleta \/ Proceso<\/p>\n<p><strong>XALAPA, Ver. (apro).- Colectivos de desaparecidos de Veracruz, junto con activistas que acudieron a la Quinta Brigada Nacional de B\u00fasqueda, denunciaron que la Comisi\u00f3n Ejecutiva de Atenci\u00f3n a V\u00edctimas (CEAV) y su nueva administraci\u00f3n pretendan retirarles el apoyo alegando falta de presupuesto.<\/strong><\/p>\n<p>En un comunicado emitido este martes precisaron que, con el retiro de apoyo para traslados y la realizaci\u00f3n de diligencias de b\u00fasqueda \u00fanicamente programadas con semanas de anticipaci\u00f3n y en d\u00edas h\u00e1biles, se estar\u00edan violentando lineamientos de la Ley General de V\u00edctimas.<\/p>\n<p>V\u00eda telef\u00f3nica, Carlos Salda\u00f1a, del Colectivo Familias Enlaces Xalapa, quien desde noviembre de 2011 tiene desaparecidos a tres de sus hijos, se\u00f1al\u00f3 que la CEAV literalmente quiere bajar la cortina presupuestal en lo que a tema de desaparecidos se refiere.<\/p>\n<p>\u201cNo se ponen a ver que si nosotros no hacemos lo que nos corresponde (nuestras propias diligencias de b\u00fasqueda), las autoridades menos tendr\u00e1n avances en las carpetas, tanto del estado como las que tenemos en la Federaci\u00f3n\u201d, lanz\u00f3.<\/p>\n<p>A nivel nacional, el presidente Andr\u00e9s Manuel L\u00f3pez Obrador ha dicho que la b\u00fasqueda de desaparecidos es una prioridad en su gobierno, pero la realidad es muy distinta, pues ha existido un regateo sistem\u00e1tico en las diligencias para la b\u00fasqueda de desaparecidos y tambi\u00e9n en los trabajos de exhumaci\u00f3n de las fosas clandestinas, cuyos trabajos de clausura a\u00fan siguen pendientes, apunt\u00f3.<\/p>\n<p>Protesta en la CDMX<\/p>\n<p>Salda\u00f1a precis\u00f3 que, como medida emergente, representantes de diversos colectivos de desaparecidos del pa\u00eds tomaron las instalaciones de la CEAV en la Ciudad de M\u00e9xico, este martes, pero no fueron atendidos por su titular, Mara P\u00e9rez G\u00f3mez.<\/p>\n<p>Tras varias horas de plant\u00f3n, representantes de al menos 10 colectivos de desaparecidos de Veracruz, Puebla, Morelos y la regi\u00f3n se trasladaron a la Secretar\u00eda de Gobernaci\u00f3n en Bucareli, donde fueron escuchados por una funcionaria menor, a trav\u00e9s de una reja.<\/p>\n<p>Hace un par de semanas la misma CEAV, a trav\u00e9s de servidores p\u00fablicos inmediatos, dio a conocer que a partir de agosto pr\u00f3ximo no tendr\u00e1 suficiencia presupuestal para la b\u00fasqueda de desaparecidos.<\/p>\n<p>En pl\u00e1tica informal dijeron a familiares que depend\u00edan de una ampliaci\u00f3n del presupuesto en el Congreso de la Uni\u00f3n, o de una ministraci\u00f3n extraordinaria autorizada \u00fanicamente por el presidente de la Rep\u00fablica, Andr\u00e9s Manuel L\u00f3pez Obrador.<\/p>\n<p>La semana pasada, en entrevista con Apro, Mar\u00eda Herrera Magdaleno, quien busca a cuatro de sus hijos \u2013Salvador, Ra\u00fal, Luis Armando y Gustavo, v\u00edctimas de desaparici\u00f3n forzada en Guerrero (2008) y en Veracruz (2010)\u2013, sostuvo que las desapariciones forzadas presentan muchos casos paradigm\u00e1ticos que deber\u00edan pasar al \u00e1mbito internacional, para recibir ayuda, aunque al gobierno mexicano no le agrade.<\/p>\n<p>\u201cTienen que reconocer que necesitan recursos y ayuda internacional para la identificaci\u00f3n de restos humanos\u201d, expuso Herrera, luego de comentar la cifra actualizada: m\u00e1s de dos mil fosas en el pa\u00eds y 61 mil desaparecidos.<\/p>\n<p>\u201c\u00bfQu\u00e9 queremos? Que a futuro esta situaci\u00f3n de desaparici\u00f3n de personas tiene que parar; buscamos incluso que, a nivel de fuerza p\u00fablica, Guardia Nacional, FGR, Polic\u00eda Federal, Marina, polic\u00edas estatales y locales, nos firmen un documento a nivel nacional, donde se comprometan a nunca m\u00e1s desaparecer una persona\u2026 eso ser\u00eda un gran avance\u201d, lanz\u00f3.<\/p>\n<p>Mar\u00eda Herrera, quien desde hace 12 a\u00f1os busca a dos de sus hijos \u2013hace nueve \u201clevantaron\u201d a otros dos\u2013, expuso que es necesario un \u201cmayor compromiso\u201d por parte del gobierno de Andr\u00e9s Manuel L\u00f3pez Obrador, pues aunque en el discurso habla de tener como prioridad la \u201cidentificaci\u00f3n de restos humanos\u201d y la \u201cb\u00fasqueda de desaparecidos\u201d, la realidad es que la Comisi\u00f3n Nacional de B\u00fasqueda les acaba de informar que este organismo s\u00f3lo tiene presupuesto para \u201cb\u00fasqueda\u201d hasta agosto pr\u00f3ximo.<\/p>\n<p>\u201cY as\u00ed, \u00bfc\u00f3mo buscamos a nuestros seres queridos? Los familiares de desaparecidos aportan, la sociedad aporta, las iglesias ponen, pero, \u00bfy el gobierno?\u201d, concluy\u00f3 Herrera.<\/p>\n<p><a href=\"https:\/\/www.proceso.com.mx\/619317\/la-ceav-quiere-bajar-la-cortina-presupuestal-en-el-tema-de-desaparecidos-colectivos\">https:\/\/www.proceso.com.mx\/619317\/la-ceav-quiere-bajar-la-cortina-presupuestal-en-el-tema-de-desaparecidos-colectivos<\/a><\/p>\n","protected":false},"excerpt":{"rendered":"<p>No\u00e9 Zavaleta \/ Proceso XALAPA, Ver. (apro).- Colectivos de desaparecidos de Veracruz, junto con activistas que acudieron a la Quinta Brigada Nacional de B\u00fasqueda, denunciaron que la Comisi\u00f3n Ejecutiva de &hellip; <a href=\"https:\/\/www.grieta.org.mx\/index.php\/2020\/02\/25\/la-ceav-quiere-bajar-la-cortina-presupuestal-en-el-tema-de-desaparecidos-colectivos-veracruz\/\" class=\"more-link\">Leer m\u00e1s<\/a><\/p>\n","protected":false},"author":1,"featured_media":45710,"comment_status":"closed","ping_status":"closed","sticky":false,"template":"","format":"standard","meta":{"ngg_post_thumbnail":0,"_jetpack_newsletter_access":"","_jetpack_dont_email_post_to_subs":false,"_jetpack_newsletter_tier_id":0,"_jetpack_memberships_contains_paywalled_content":false,"_jetpack_memberships_contains_paid_content":false,"footnotes":""},"categories":[80,87,1012,2,83,35],"tags":[613,2484,1828],"class_list":["post-45709","post","type-post","status-publish","format-standard","has-post-thumbnail","hentry","category-cintillo","category-desaparecidos","category-desaparecidos-en-veracruz","category-noticias-nacionales","category-temas-nacionales","category-veracruz","tag-brigada-nacional-de-busqueda","tag-buscadoras","tag-busqueda-de-desaparecidos","entry"],"jetpack_featured_media_url":"https:\/\/www.grieta.org.mx\/wp-content\/uploads\/2020\/03\/colectivo-desaparecidos-1-870x522.jpg","jetpack_sharing_enabled":true,"jetpack_shortlink":"https:\/\/wp.me\/p7ZJR4-bTf","jetpack_likes_enabled":false,"jetpack-related-posts":[{"id":45648,"url":"https:\/\/www.grieta.org.mx\/index.php\/2020\/02\/26\/familias-de-desaparecidos-denuncian-campos-de-exterminio-en-veracruz\/","url_meta":{"origin":45709,"position":0},"title":"Familias de desaparecidos denuncian campos de exterminio en Veracruz","author":"Admin","date":"26 febrero, 2020","format":false,"excerpt":"Eliana Gilet \/ Sputnik News La quinta Brigada Nacional de B\u00fasqueda de personas desaparecidas en M\u00e9xico trabaj\u00f3 durante 15 d\u00edas en la zona norte del estado de Veracruz, particularmente afectado por la reiterada comisi\u00f3n de este delito de lesa humanidad, es decir, que no prescribe y que siempre puede ser\u2026","rel":"","context":"En &quot;CINTILLO&quot;","block_context":{"text":"CINTILLO","link":"https:\/\/www.grieta.org.mx\/index.php\/category\/cintillo\/"},"img":{"alt_text":"","src":"https:\/\/i0.wp.com\/www.grieta.org.mx\/wp-content\/uploads\/2020\/03\/Screenshot_2020-03-06-Familias-de-desaparecidos-denuncian-campos-de-exterminio-en-Veracruz.png?resize=350%2C200&ssl=1","width":350,"height":200,"srcset":"https:\/\/i0.wp.com\/www.grieta.org.mx\/wp-content\/uploads\/2020\/03\/Screenshot_2020-03-06-Familias-de-desaparecidos-denuncian-campos-de-exterminio-en-Veracruz.png?resize=350%2C200&ssl=1 1x, https:\/\/i0.wp.com\/www.grieta.org.mx\/wp-content\/uploads\/2020\/03\/Screenshot_2020-03-06-Familias-de-desaparecidos-denuncian-campos-de-exterminio-en-Veracruz.png?resize=525%2C300&ssl=1 1.5x, https:\/\/i0.wp.com\/www.grieta.org.mx\/wp-content\/uploads\/2020\/03\/Screenshot_2020-03-06-Familias-de-desaparecidos-denuncian-campos-de-exterminio-en-Veracruz.png?resize=700%2C400&ssl=1 2x, https:\/\/i0.wp.com\/www.grieta.org.mx\/wp-content\/uploads\/2020\/03\/Screenshot_2020-03-06-Familias-de-desaparecidos-denuncian-campos-de-exterminio-en-Veracruz.png?resize=1050%2C600&ssl=1 3x"},"classes":[]},{"id":10560,"url":"https:\/\/www.grieta.org.mx\/index.php\/2016\/09\/12\/desaparecidos-en-veracruz\/","url_meta":{"origin":45709,"position":1},"title":"Desaparecidos en Veracruz","author":"grieta","date":"12 septiembre, 2016","format":false,"excerpt":"El Colectivo Solecito Veracruzano contin\u00faa labores de b\u00fasqueda de desaparecidos 12\/09\/16. Mujeres que buscan fosas acusan que Fiscal\u00eda de Veracruz entorpece su b\u00fasqueda Animal Pol\u00edtico 29\/08\/16. Un narcocementerio llamado Veracruz Proceso 15\/08\/16. Encuentran 37 fosas clandestinas en ocho d\u00edas en Veracruz El Financiero 15\/08\/16. Encuentran fosas clandestinas en Veracruz, suman\u2026","rel":"","context":"En &quot;Desaparecidos&quot;","block_context":{"text":"Desaparecidos","link":"https:\/\/www.grieta.org.mx\/index.php\/category\/temas-nacionales\/desaparecidos\/"},"img":{"alt_text":"","src":"https:\/\/i0.wp.com\/www.grieta.org.mx\/wp-content\/uploads\/2018\/03\/14524434_1106112876131411_958039263622046936_o.jpg?resize=350%2C200&ssl=1","width":350,"height":200,"srcset":"https:\/\/i0.wp.com\/www.grieta.org.mx\/wp-content\/uploads\/2018\/03\/14524434_1106112876131411_958039263622046936_o.jpg?resize=350%2C200&ssl=1 1x, https:\/\/i0.wp.com\/www.grieta.org.mx\/wp-content\/uploads\/2018\/03\/14524434_1106112876131411_958039263622046936_o.jpg?resize=525%2C300&ssl=1 1.5x, https:\/\/i0.wp.com\/www.grieta.org.mx\/wp-content\/uploads\/2018\/03\/14524434_1106112876131411_958039263622046936_o.jpg?resize=700%2C400&ssl=1 2x"},"classes":[]},{"id":10566,"url":"https:\/\/www.grieta.org.mx\/index.php\/2016\/04\/12\/hallan-familiares-de-desaparecidos-ropa-con-aparentes-huellas-de-sangre-en-la-pochota\/","url_meta":{"origin":45709,"position":2},"title":"Hallan familiares de desaparecidos ropa con aparentes huellas de sangre en \u201cLa Pochota\u201d","author":"grieta","date":"12 abril, 2016","format":false,"excerpt":"Rechazan presencia de elementos de la Fiscal\u00eda de Veracruz; \u201cvulneran nuestra seguridad\u201d Zaira Ju\u00e1rez Garc\u00eda Amatl\u00e1n de los Reyes, Ver.- Integrantes de la primera Brigada Nacional de B\u00fasqueda de Familiares Desaparecidos, acompa\u00f1ados de expertos en b\u00fasqueda y personal de la Comisi\u00f3n Nacional de Derechos Humanos (CNDH), hallaron ropa con aparentes\u2026","rel":"","context":"En &quot;CINTILLO&quot;","block_context":{"text":"CINTILLO","link":"https:\/\/www.grieta.org.mx\/index.php\/category\/cintillo\/"},"img":{"alt_text":"","src":"https:\/\/i0.wp.com\/www.grieta.org.mx\/wp-content\/uploads\/2018\/03\/14524434_1106112876131411_958039263622046936_o.jpg?resize=350%2C200&ssl=1","width":350,"height":200,"srcset":"https:\/\/i0.wp.com\/www.grieta.org.mx\/wp-content\/uploads\/2018\/03\/14524434_1106112876131411_958039263622046936_o.jpg?resize=350%2C200&ssl=1 1x, https:\/\/i0.wp.com\/www.grieta.org.mx\/wp-content\/uploads\/2018\/03\/14524434_1106112876131411_958039263622046936_o.jpg?resize=525%2C300&ssl=1 1.5x, https:\/\/i0.wp.com\/www.grieta.org.mx\/wp-content\/uploads\/2018\/03\/14524434_1106112876131411_958039263622046936_o.jpg?resize=700%2C400&ssl=1 2x"},"classes":[]},{"id":44221,"url":"https:\/\/www.grieta.org.mx\/index.php\/2020\/02\/09\/familiares-de-desaparecidos-en-mexico-organizan-una-brigada-nacional-de-busqueda-veracruz\/","url_meta":{"origin":45709,"position":3},"title":"Familiares de desaparecidos en M\u00e9xico organizan una brigada nacional de b\u00fasqueda (Veracruz)","author":"grieta","date":"9 febrero, 2020","format":false,"excerpt":"Jos\u00e9 Beltr\u00e1n \/ Reuters Al menos 74 colectivos de familiares realizar\u00e1n recorridos en las comunidades de Papantla, Poza Rica, Tihuatl\u00e1n, Tuxpan y Guti\u00e9rrez Zamora, al norte de Veracruz. Este viernes 7 de febrero, alrededor de 300 personas de 21 estados participar\u00e1n en la Quinta Brigada Nacional de B\u00fasqueda de Personas\u2026","rel":"","context":"En &quot;CINTILLO&quot;","block_context":{"text":"CINTILLO","link":"https:\/\/www.grieta.org.mx\/index.php\/category\/cintillo\/"},"img":{"alt_text":"","src":"https:\/\/i0.wp.com\/www.grieta.org.mx\/wp-content\/uploads\/2020\/02\/5e3da9cde9ff717dd76b9c5e.jpg?resize=350%2C200&ssl=1","width":350,"height":200,"srcset":"https:\/\/i0.wp.com\/www.grieta.org.mx\/wp-content\/uploads\/2020\/02\/5e3da9cde9ff717dd76b9c5e.jpg?resize=350%2C200&ssl=1 1x, https:\/\/i0.wp.com\/www.grieta.org.mx\/wp-content\/uploads\/2020\/02\/5e3da9cde9ff717dd76b9c5e.jpg?resize=525%2C300&ssl=1 1.5x, https:\/\/i0.wp.com\/www.grieta.org.mx\/wp-content\/uploads\/2020\/02\/5e3da9cde9ff717dd76b9c5e.jpg?resize=700%2C400&ssl=1 2x, https:\/\/i0.wp.com\/www.grieta.org.mx\/wp-content\/uploads\/2020\/02\/5e3da9cde9ff717dd76b9c5e.jpg?resize=1050%2C600&ssl=1 3x"},"classes":[]},{"id":44199,"url":"https:\/\/www.grieta.org.mx\/index.php\/2020\/02\/08\/el-pais-de-las-fosas-la-busqueda-de-desaparecidos-en-veracruz-revivio-la-angustia-y-el-dolor\/","url_meta":{"origin":45709,"position":4},"title":"El pa\u00eds de las fosas: la b\u00fasqueda de desaparecidos en Veracruz revivi\u00f3 la angustia y el dolor","author":"grieta","date":"8 febrero, 2020","format":false,"excerpt":"Redacci\u00f3n \/ Infobae En Veracruz, una de las zonas m\u00e1s letales, m\u00e1s de 300 voluntarios buscan rastros de sus hijos, padres y madres M\u00e1s de 300 voluntarios, en su mayor\u00eda familiares, buscan desde el viernes y por dos semanas a desaparecidos en el estado de Veracruz, una de las zonas\u2026","rel":"","context":"En &quot;CINTILLO&quot;","block_context":{"text":"CINTILLO","link":"https:\/\/www.grieta.org.mx\/index.php\/category\/cintillo\/"},"img":{"alt_text":"","src":"https:\/\/i0.wp.com\/www.grieta.org.mx\/wp-content\/uploads\/2020\/02\/Screenshot_2020-02-12-El-pa%C3%ADs-de-las-fosas-la-b%C3%BAsqueda-de-desaparecidos-en-Veracruz-revivi%C3%B3-la-angustia-y-el-dolor-.png?resize=350%2C200&ssl=1","width":350,"height":200,"srcset":"https:\/\/i0.wp.com\/www.grieta.org.mx\/wp-content\/uploads\/2020\/02\/Screenshot_2020-02-12-El-pa%C3%ADs-de-las-fosas-la-b%C3%BAsqueda-de-desaparecidos-en-Veracruz-revivi%C3%B3-la-angustia-y-el-dolor-.png?resize=350%2C200&ssl=1 1x, https:\/\/i0.wp.com\/www.grieta.org.mx\/wp-content\/uploads\/2020\/02\/Screenshot_2020-02-12-El-pa%C3%ADs-de-las-fosas-la-b%C3%BAsqueda-de-desaparecidos-en-Veracruz-revivi%C3%B3-la-angustia-y-el-dolor-.png?resize=525%2C300&ssl=1 1.5x, https:\/\/i0.wp.com\/www.grieta.org.mx\/wp-content\/uploads\/2020\/02\/Screenshot_2020-02-12-El-pa%C3%ADs-de-las-fosas-la-b%C3%BAsqueda-de-desaparecidos-en-Veracruz-revivi%C3%B3-la-angustia-y-el-dolor-.png?resize=700%2C400&ssl=1 2x"},"classes":[]},{"id":44192,"url":"https:\/\/www.grieta.org.mx\/index.php\/2020\/02\/09\/mexicanos-lanzan-busqueda-masiva-de-desaparecidos-en-veracruz-foco-de-la-tragedia\/","url_meta":{"origin":45709,"position":5},"title":"Mexicanos lanzan b\u00fasqueda masiva de desaparecidos en Veracruz, foco de la tragedia","author":"grieta","date":"9 febrero, 2020","format":false,"excerpt":"Lizbeth Diaz \/ INFOBAE CIUDAD DE M\u00c9XICO, 7 feb (Reuters) - Con picos y palas, cientos de mexicanos iniciar\u00e1n el lunes una nueva b\u00fasqueda de desaparecidos en el estado Veracruz, ubicado en el sureste del pa\u00eds y uno de los epicentros de este drama, en el mayor operativo de este\u2026","rel":"","context":"En &quot;CINTILLO&quot;","block_context":{"text":"CINTILLO","link":"https:\/\/www.grieta.org.mx\/index.php\/category\/cintillo\/"},"img":{"alt_text":"","src":"https:\/\/i0.wp.com\/www.grieta.org.mx\/wp-content\/uploads\/2020\/02\/https-_www.infobae.com_new-resizer_CCMCwrK1MBaiRVxMqtx0uLUcGfE_750x0_filters-quality100_arc-anglerfish-arc2-prod-infobae.s3.amazonaws.com_public_AHUPQHB6OFE2RC7AAKXMGZBHYI.jpg?resize=350%2C200&ssl=1","width":350,"height":200,"srcset":"https:\/\/i0.wp.com\/www.grieta.org.mx\/wp-content\/uploads\/2020\/02\/https-_www.infobae.com_new-resizer_CCMCwrK1MBaiRVxMqtx0uLUcGfE_750x0_filters-quality100_arc-anglerfish-arc2-prod-infobae.s3.amazonaws.com_public_AHUPQHB6OFE2RC7AAKXMGZBHYI.jpg?resize=350%2C200&ssl=1 1x, https:\/\/i0.wp.com\/www.grieta.org.mx\/wp-content\/uploads\/2020\/02\/https-_www.infobae.com_new-resizer_CCMCwrK1MBaiRVxMqtx0uLUcGfE_750x0_filters-quality100_arc-anglerfish-arc2-prod-infobae.s3.amazonaws.com_public_AHUPQHB6OFE2RC7AAKXMGZBHYI.jpg?resize=525%2C300&ssl=1 1.5x, https:\/\/i0.wp.com\/www.grieta.org.mx\/wp-content\/uploads\/2020\/02\/https-_www.infobae.com_new-resizer_CCMCwrK1MBaiRVxMqtx0uLUcGfE_750x0_filters-quality100_arc-anglerfish-arc2-prod-infobae.s3.amazonaws.com_public_AHUPQHB6OFE2RC7AAKXMGZBHYI.jpg?resize=700%2C400&ssl=1 2x"},"classes":[]}],"_links":{"self":[{"href":"https:\/\/www.grieta.org.mx\/index.php\/wp-json\/wp\/v2\/posts\/45709","targetHints":{"allow":["GET"]}}],"collection":[{"href":"https:\/\/www.grieta.org.mx\/index.php\/wp-json\/wp\/v2\/posts"}],"about":[{"href":"https:\/\/www.grieta.org.mx\/index.php\/wp-json\/wp\/v2\/types\/post"}],"author":[{"embeddable":true,"href":"https:\/\/www.grieta.org.mx\/index.php\/wp-json\/wp\/v2\/users\/1"}],"replies":[{"embeddable":true,"href":"https:\/\/www.grieta.org.mx\/index.php\/wp-json\/wp\/v2\/comments?post=45709"}],"version-history":[{"count":1,"href":"https:\/\/www.grieta.org.mx\/index.php\/wp-json\/wp\/v2\/posts\/45709\/revisions"}],"predecessor-version":[{"id":45711,"href":"https:\/\/www.grieta.org.mx\/index.php\/wp-json\/wp\/v2\/posts\/45709\/revisions\/45711"}],"wp:featuredmedia":[{"embeddable":true,"href":"https:\/\/www.grieta.org.mx\/index.php\/wp-json\/wp\/v2\/media\/45710"}],"wp:attachment":[{"href":"https:\/\/www.grieta.org.mx\/index.php\/wp-json\/wp\/v2\/media?parent=45709"}],"wp:term":[{"taxonomy":"category","embeddable":true,"href":"https:\/\/www.grieta.org.mx\/index.php\/wp-json\/wp\/v2\/categories?post=45709"},{"taxonomy":"post_tag","embeddable":true,"href":"https:\/\/www.grieta.org.mx\/index.php\/wp-json\/wp\/v2\/tags?post=45709"}],"curies":[{"name":"wp","href":"https:\/\/api.w.org\/{rel}","templated":true}]}}