{"id":45672,"date":"2020-02-17T11:58:52","date_gmt":"2020-02-17T17:58:52","guid":{"rendered":"http:\/\/www.grieta.org.mx\/?p=45672"},"modified":"2020-03-06T12:03:05","modified_gmt":"2020-03-06T18:03:05","slug":"llega-caravana-de-los-43-a-amilcingo-morelos","status":"publish","type":"post","link":"https:\/\/www.grieta.org.mx\/index.php\/2020\/02\/17\/llega-caravana-de-los-43-a-amilcingo-morelos\/","title":{"rendered":"Llega caravana de los 43 a Amilcingo (Morelos)"},"content":{"rendered":"<figure id=\"attachment_45674\" aria-describedby=\"caption-attachment-45674\" style=\"width: 768px\" class=\"wp-caption aligncenter\"><a href=\"http:\/\/www.grieta.org.mx\/wp-content\/uploads\/2020\/03\/Llega-caravana-de-los-43-a-Amilcingo.jpg\"><img loading=\"lazy\" decoding=\"async\" data-attachment-id=\"45674\" data-permalink=\"https:\/\/www.grieta.org.mx\/index.php\/2020\/02\/17\/llega-caravana-de-los-43-a-amilcingo-morelos\/llega-caravana-de-los-43-a-amilcingo\/\" data-orig-file=\"https:\/\/www.grieta.org.mx\/wp-content\/uploads\/2020\/03\/Llega-caravana-de-los-43-a-Amilcingo.jpg\" data-orig-size=\"768,479\" data-comments-opened=\"0\" data-image-meta=\"{&quot;aperture&quot;:&quot;0&quot;,&quot;credit&quot;:&quot;&quot;,&quot;camera&quot;:&quot;&quot;,&quot;caption&quot;:&quot;&quot;,&quot;created_timestamp&quot;:&quot;0&quot;,&quot;copyright&quot;:&quot;&quot;,&quot;focal_length&quot;:&quot;0&quot;,&quot;iso&quot;:&quot;0&quot;,&quot;shutter_speed&quot;:&quot;0&quot;,&quot;title&quot;:&quot;&quot;,&quot;orientation&quot;:&quot;0&quot;}\" data-image-title=\"Llega caravana de los 43 a Amilcingo\" data-image-description=\"\" data-image-caption=\"\" data-medium-file=\"https:\/\/www.grieta.org.mx\/wp-content\/uploads\/2020\/03\/Llega-caravana-de-los-43-a-Amilcingo-300x187.jpg\" data-large-file=\"https:\/\/www.grieta.org.mx\/wp-content\/uploads\/2020\/03\/Llega-caravana-de-los-43-a-Amilcingo.jpg\" class=\"wp-image-45674 size-full\" src=\"http:\/\/www.grieta.org.mx\/wp-content\/uploads\/2020\/03\/Llega-caravana-de-los-43-a-Amilcingo.jpg\" alt=\"\" width=\"768\" height=\"479\" srcset=\"https:\/\/www.grieta.org.mx\/wp-content\/uploads\/2020\/03\/Llega-caravana-de-los-43-a-Amilcingo.jpg 768w, https:\/\/www.grieta.org.mx\/wp-content\/uploads\/2020\/03\/Llega-caravana-de-los-43-a-Amilcingo-300x187.jpg 300w\" sizes=\"auto, (max-width: 768px) 100vw, 768px\" \/><\/a><figcaption id=\"caption-attachment-45674\" class=\"wp-caption-text\">Foto: Jorge Vel\u00e1zquez<\/figcaption><\/figure>\n<p>Emmanuel Ruiz \/ El Sol de Cuautla<\/p>\n<p>Los padres de los 43 normalistas de Ayotzinapa, desaparecidos en en septiembre de 2014, visitar\u00e1n este 22 de febrero la localidad de Amilcingo, en el municipio de Temoac, como parte de la \u201cCaravana en busca de los 43\u201d, un recorrido que inici\u00f3 este 16 de marzo en Moctumatz\u00e1, Oaxaca, y que concluir\u00e1 en esta comunidad del estado de Morelos.<\/p>\n<p>Si bien la caravana llegar\u00e1 a la Escuela Normal Rural \u201cEmiliano Zapata Salazar\u201d, que se encuentra en Temoac, se espera que los padres visiten el centro de la comunidad de Amilcingo para emitir en mensaje a la poblaci\u00f3n, lo que coincidir\u00e1 con la reuni\u00f3n de la Asamblea por Defensa del Territorio y Agua que se realizar\u00e1 en el pueblo, en el marco del aniversario luctuoso del activista Samir Flores Soberanes, asesinado el 20 de febrero de 2019 y que fuera uno de los principales opositores al Proyecto Integral Morelos (PIM) y su termoel\u00e9ctrica en Huexca, seg\u00fan se\u00f1al\u00f3 Jorge Vel\u00e1zquez Escalvazeta, tambi\u00e9n opositor al proyecto e integrante de \u201cAmilcingo en Resistencia\u201d.<\/p>\n<p>&#8220;Los padres de los normalistas van a llegar a la asamblea a dar un saludo&#8221;, se\u00f1al\u00f3 Jos\u00e9 Luis Luna, normalista morelense.<\/p>\n<p>Originario de Amilcingo, Jos\u00e9 Luis Luna Torres es uno de los j\u00f3venes que desapareci\u00f3 entre la noche del 26 de septiembre y la madrugada de 27. Su madre, Macedonia Torres, ten\u00eda una vida normal hasta antes de saber que su hijo estaba en la lista de los desaparecidos. Y si bien sigue viviendo en Amilcingo, desde aquel momento se uni\u00f3 a la caravana que realizan los padres para exigir al gobierno la presentaci\u00f3n con vida de sus hijos.<\/p>\n<p>En esta regi\u00f3n del estado, los padres de los normalistas tambi\u00e9n han encontrado apoyo en las estudiantes de la escuela rural \u201cEmiliano Zapata Salazar\u201d, ubicada sobre la autopista Siglo XXI, cuyas estudiantes han participado en varias movilizaciones realizadas en carreteras para exigir justicia en varios temas, pero que tambi\u00e9n han sido criticadas por la posesi\u00f3n de autobuses de empresas particulares y la extracci\u00f3n de combustible a camiones.<\/p>\n<p><a href=\"https:\/\/www.elsoldecuernavaca.com.mx\/local\/llega-caravana-de-los-43-a-amilcingo-4845751.html\">https:\/\/www.elsoldecuernavaca.com.mx\/local\/llega-caravana-de-los-43-a-amilcingo-4845751.html<\/a><\/p>\n","protected":false},"excerpt":{"rendered":"<p>Emmanuel Ruiz \/ El Sol de Cuautla Los padres de los 43 normalistas de Ayotzinapa, desaparecidos en en septiembre de 2014, visitar\u00e1n este 22 de febrero la localidad de Amilcingo, &hellip; <a href=\"https:\/\/www.grieta.org.mx\/index.php\/2020\/02\/17\/llega-caravana-de-los-43-a-amilcingo-morelos\/\" class=\"more-link\">Leer m\u00e1s<\/a><\/p>\n","protected":false},"author":1,"featured_media":45674,"comment_status":"closed","ping_status":"closed","sticky":false,"template":"","format":"standard","meta":{"ngg_post_thumbnail":0,"_jetpack_newsletter_access":"","_jetpack_dont_email_post_to_subs":false,"_jetpack_newsletter_tier_id":0,"_jetpack_memberships_contains_paywalled_content":false,"_jetpack_memberships_contains_paid_content":false,"footnotes":""},"categories":[80,22,1770,2],"tags":[119,3104,229],"class_list":["post-45672","post","type-post","status-publish","format-standard","has-post-thumbnail","hentry","category-cintillo","category-morelos","category-movilizaciones-por-ayotzinapa-en-morelos","category-noticias-nacionales","tag-ayotzinapa","tag-jornadas-samir","tag-solidaridad-con-ayotzinapa","entry"],"jetpack_featured_media_url":"https:\/\/www.grieta.org.mx\/wp-content\/uploads\/2020\/03\/Llega-caravana-de-los-43-a-Amilcingo.jpg","jetpack_sharing_enabled":true,"jetpack_shortlink":"https:\/\/wp.me\/p7ZJR4-bSE","jetpack_likes_enabled":false,"jetpack-related-posts":[{"id":8570,"url":"https:\/\/www.grieta.org.mx\/index.php\/2016\/01\/24\/resguarda-la-ronda-comunitaria-de-amilcingo-morelos-a-los-padres-de-ayotzinapa\/","url_meta":{"origin":45672,"position":0},"title":"Resguarda la Ronda Comunitaria de Amilcingo, Morelos a los padres de Ayotzinapa","author":"grieta","date":"24 enero, 2016","format":false,"excerpt":"Lourdes Ch\u00e1vez El Sur Acapulco Integrantes de las Rondas Comunitarias resguardan este domingo a los padres de los normalistas de Ayotzinapa que participan en la tercera caravana al sur del pa\u00eds, en una caminata rumbo al acto de bienvenida de la comunidad y la casa de la familia del joven\u2026","rel":"","context":"En &quot;CINTILLO&quot;","block_context":{"text":"CINTILLO","link":"https:\/\/www.grieta.org.mx\/index.php\/category\/cintillo\/"},"img":{"alt_text":"","src":"https:\/\/i0.wp.com\/www.grieta.org.mx\/wp-content\/uploads\/2018\/03\/14524434_1106112876131411_958039263622046936_o.jpg?resize=350%2C200&ssl=1","width":350,"height":200,"srcset":"https:\/\/i0.wp.com\/www.grieta.org.mx\/wp-content\/uploads\/2018\/03\/14524434_1106112876131411_958039263622046936_o.jpg?resize=350%2C200&ssl=1 1x, https:\/\/i0.wp.com\/www.grieta.org.mx\/wp-content\/uploads\/2018\/03\/14524434_1106112876131411_958039263622046936_o.jpg?resize=525%2C300&ssl=1 1.5x, https:\/\/i0.wp.com\/www.grieta.org.mx\/wp-content\/uploads\/2018\/03\/14524434_1106112876131411_958039263622046936_o.jpg?resize=700%2C400&ssl=1 2x"},"classes":[]},{"id":8560,"url":"https:\/\/www.grieta.org.mx\/index.php\/2016\/03\/26\/movilizaciones-por-ayotzinapa-en-morelos\/","url_meta":{"origin":45672,"position":1},"title":"Movilizaciones por Ayotzinapa en Morelos","author":"grieta","date":"26 marzo, 2016","format":false,"excerpt":"26\/03\/16. Exigen esclarecimiento de desapariciones en Morelos, a 18 meses de Iguala Proceso 25\/01\/16. Llega a la UAEM la Caravana Nacional por Ayotzinapa La uni\u00f3n de Morelos 24\/01\/16. Resguarda la Ronda Comunitaria de Amilcingo, Morelos a los padres de Ayotzinapa El Sur Acapulco 24\/01\/16. Llega a Morelos y a Jalisco\u2026","rel":"","context":"En &quot;Morelos&quot;","block_context":{"text":"Morelos","link":"https:\/\/www.grieta.org.mx\/index.php\/category\/noticias-nacionales\/morelos\/"},"img":{"alt_text":"","src":"https:\/\/i0.wp.com\/www.grieta.org.mx\/wp-content\/uploads\/2018\/03\/14524434_1106112876131411_958039263622046936_o.jpg?resize=350%2C200&ssl=1","width":350,"height":200,"srcset":"https:\/\/i0.wp.com\/www.grieta.org.mx\/wp-content\/uploads\/2018\/03\/14524434_1106112876131411_958039263622046936_o.jpg?resize=350%2C200&ssl=1 1x, https:\/\/i0.wp.com\/www.grieta.org.mx\/wp-content\/uploads\/2018\/03\/14524434_1106112876131411_958039263622046936_o.jpg?resize=525%2C300&ssl=1 1.5x, https:\/\/i0.wp.com\/www.grieta.org.mx\/wp-content\/uploads\/2018\/03\/14524434_1106112876131411_958039263622046936_o.jpg?resize=700%2C400&ssl=1 2x"},"classes":[]},{"id":8558,"url":"https:\/\/www.grieta.org.mx\/index.php\/2016\/01\/25\/llega-a-la-uaem-la-caravana-nacional-por-ayotzinapa\/","url_meta":{"origin":45672,"position":2},"title":"Llega a la UAEM la Caravana Nacional por Ayotzinapa","author":"grieta","date":"25 enero, 2016","format":false,"excerpt":"La Redacci\u00f3n\/ Tlahui Preciado La Uni\u00f3n de Morelos La tarde de este lunes, cerca de las 14:00 horas, la Caravana Nacional por Ayotzinapa arrib\u00f3 al campus Chamilpa de la Universidad Aut\u00f3noma del Estado de Morelos (UAEM), en donde fue recibida por estudiantes y por el rector Jes\u00fas Alejandro Vera Jim\u00e9nez,\u2026","rel":"","context":"En &quot;CINTILLO&quot;","block_context":{"text":"CINTILLO","link":"https:\/\/www.grieta.org.mx\/index.php\/category\/cintillo\/"},"img":{"alt_text":"","src":"https:\/\/i0.wp.com\/www.grieta.org.mx\/wp-content\/uploads\/2018\/03\/14524434_1106112876131411_958039263622046936_o.jpg?resize=350%2C200&ssl=1","width":350,"height":200,"srcset":"https:\/\/i0.wp.com\/www.grieta.org.mx\/wp-content\/uploads\/2018\/03\/14524434_1106112876131411_958039263622046936_o.jpg?resize=350%2C200&ssl=1 1x, https:\/\/i0.wp.com\/www.grieta.org.mx\/wp-content\/uploads\/2018\/03\/14524434_1106112876131411_958039263622046936_o.jpg?resize=525%2C300&ssl=1 1.5x, https:\/\/i0.wp.com\/www.grieta.org.mx\/wp-content\/uploads\/2018\/03\/14524434_1106112876131411_958039263622046936_o.jpg?resize=700%2C400&ssl=1 2x"},"classes":[]},{"id":8575,"url":"https:\/\/www.grieta.org.mx\/index.php\/2016\/01\/24\/llega-a-morelos-y-a-jalisco-caravana-nacional-por-ayotzinapa\/","url_meta":{"origin":45672,"position":3},"title":"Llega a Morelos y a Jalisco Caravana Nacional por Ayotzinapa","author":"grieta","date":"24 enero, 2016","format":false,"excerpt":"Jaime Luis Brito Proceso AMILCINGO, Mor. La Caravana Nacional por Ayotzinapa arrib\u00f3 a esta hist\u00f3rica comunidad, de donde es originario Jos\u00e9 Luis Luna Torres, uno de los 43 estudiantes desaparecidos de la Normal Ra\u00fal Isidro Burgos el 26 de septiembre de 2014. Entre gritos de apoyo de las organizaciones sociales\u2026","rel":"","context":"En &quot;CINTILLO&quot;","block_context":{"text":"CINTILLO","link":"https:\/\/www.grieta.org.mx\/index.php\/category\/cintillo\/"},"img":{"alt_text":"","src":"https:\/\/i0.wp.com\/www.grieta.org.mx\/wp-content\/uploads\/2018\/03\/14524434_1106112876131411_958039263622046936_o.jpg?resize=350%2C200&ssl=1","width":350,"height":200,"srcset":"https:\/\/i0.wp.com\/www.grieta.org.mx\/wp-content\/uploads\/2018\/03\/14524434_1106112876131411_958039263622046936_o.jpg?resize=350%2C200&ssl=1 1x, https:\/\/i0.wp.com\/www.grieta.org.mx\/wp-content\/uploads\/2018\/03\/14524434_1106112876131411_958039263622046936_o.jpg?resize=525%2C300&ssl=1 1.5x, https:\/\/i0.wp.com\/www.grieta.org.mx\/wp-content\/uploads\/2018\/03\/14524434_1106112876131411_958039263622046936_o.jpg?resize=700%2C400&ssl=1 2x"},"classes":[]},{"id":17226,"url":"https:\/\/www.grieta.org.mx\/index.php\/2016\/07\/19\/llega-caravana-por-nochixtlan-a-amilcingo-morelos\/","url_meta":{"origin":45672,"position":4},"title":"Llega &#8220;Caravana por Nochixtl\u00e1n&#8221; a Amilcingo (MORELOS)","author":"grieta","date":"19 julio, 2016","format":false,"excerpt":"Emmanuel Ruiz, Morelos. Autobuses, ambulancias, veh\u00edculos particulares y del gobierno de Oaxaca llegaron llenos de maestros, autoridades y habitantes de ese estado a la comunidad de Amilcingo, en el municipio de Temoac, Morelos, como parte de la \"Caravana Motorizada Oaxaca-M\u00e9xico\", en oposici\u00f3n a la reforma educativa, tras las muertes registradas\u2026","rel":"","context":"En &quot;CINTILLO&quot;","block_context":{"text":"CINTILLO","link":"https:\/\/www.grieta.org.mx\/index.php\/category\/cintillo\/"},"img":{"alt_text":"","src":"https:\/\/i0.wp.com\/www.grieta.org.mx\/wp-content\/uploads\/2018\/03\/14524434_1106112876131411_958039263622046936_o.jpg?resize=350%2C200&ssl=1","width":350,"height":200,"srcset":"https:\/\/i0.wp.com\/www.grieta.org.mx\/wp-content\/uploads\/2018\/03\/14524434_1106112876131411_958039263622046936_o.jpg?resize=350%2C200&ssl=1 1x, https:\/\/i0.wp.com\/www.grieta.org.mx\/wp-content\/uploads\/2018\/03\/14524434_1106112876131411_958039263622046936_o.jpg?resize=525%2C300&ssl=1 1.5x, https:\/\/i0.wp.com\/www.grieta.org.mx\/wp-content\/uploads\/2018\/03\/14524434_1106112876131411_958039263622046936_o.jpg?resize=700%2C400&ssl=1 2x"},"classes":[]},{"id":70687,"url":"https:\/\/www.grieta.org.mx\/index.php\/2024\/12\/12\/culmina-caravana-muralista-en-contra-del-olvido-arte-de-resistencia-y-memoria-en-amilcingo-morelos\/","url_meta":{"origin":45672,"position":5},"title":"Culmina Caravana Muralista en Contra del Olvido, arte de resistencia y memoria en Amilcingo Morelos","author":"Admin","date":"12 diciembre, 2024","format":false,"excerpt":"Redacci\u00f3n \/ EDUCA Servicios para una educaci\u00f3n alternativa A.C. Este 11 de diciembre dio por culminada la caravana Muralista en Contra del Olvido, despu\u00e9s de una jornada de 13 d\u00edas y con un total de 21 murales de conciencia realizados en distintos puntos de la comunidad de Amilcingo Morelos, \u201cnos\u2026","rel":"","context":"En &quot;CINTILLO&quot;","block_context":{"text":"CINTILLO","link":"https:\/\/www.grieta.org.mx\/index.php\/category\/cintillo\/"},"img":{"alt_text":"","src":"https:\/\/i0.wp.com\/www.grieta.org.mx\/wp-content\/uploads\/2024\/12\/808328ac-8578-4321-98c8-d546d37204d9-450x300-1.jpg?resize=350%2C200&ssl=1","width":350,"height":200},"classes":[]}],"_links":{"self":[{"href":"https:\/\/www.grieta.org.mx\/index.php\/wp-json\/wp\/v2\/posts\/45672","targetHints":{"allow":["GET"]}}],"collection":[{"href":"https:\/\/www.grieta.org.mx\/index.php\/wp-json\/wp\/v2\/posts"}],"about":[{"href":"https:\/\/www.grieta.org.mx\/index.php\/wp-json\/wp\/v2\/types\/post"}],"author":[{"embeddable":true,"href":"https:\/\/www.grieta.org.mx\/index.php\/wp-json\/wp\/v2\/users\/1"}],"replies":[{"embeddable":true,"href":"https:\/\/www.grieta.org.mx\/index.php\/wp-json\/wp\/v2\/comments?post=45672"}],"version-history":[{"count":1,"href":"https:\/\/www.grieta.org.mx\/index.php\/wp-json\/wp\/v2\/posts\/45672\/revisions"}],"predecessor-version":[{"id":45677,"href":"https:\/\/www.grieta.org.mx\/index.php\/wp-json\/wp\/v2\/posts\/45672\/revisions\/45677"}],"wp:featuredmedia":[{"embeddable":true,"href":"https:\/\/www.grieta.org.mx\/index.php\/wp-json\/wp\/v2\/media\/45674"}],"wp:attachment":[{"href":"https:\/\/www.grieta.org.mx\/index.php\/wp-json\/wp\/v2\/media?parent=45672"}],"wp:term":[{"taxonomy":"category","embeddable":true,"href":"https:\/\/www.grieta.org.mx\/index.php\/wp-json\/wp\/v2\/categories?post=45672"},{"taxonomy":"post_tag","embeddable":true,"href":"https:\/\/www.grieta.org.mx\/index.php\/wp-json\/wp\/v2\/tags?post=45672"}],"curies":[{"name":"wp","href":"https:\/\/api.w.org\/{rel}","templated":true}]}}