{"id":45671,"date":"2020-03-01T11:57:30","date_gmt":"2020-03-01T17:57:30","guid":{"rendered":"http:\/\/www.grieta.org.mx\/?p=45671"},"modified":"2020-03-06T12:01:40","modified_gmt":"2020-03-06T18:01:40","slug":"ni-una-muerta-mas-exigen-mujeres-michoacanas","status":"publish","type":"post","link":"https:\/\/www.grieta.org.mx\/index.php\/2020\/03\/01\/ni-una-muerta-mas-exigen-mujeres-michoacanas\/","title":{"rendered":"\u00a1Ni una muerta m\u00e1s!; exigen mujeres michoacanas"},"content":{"rendered":"<figure id=\"attachment_45673\" aria-describedby=\"caption-attachment-45673\" style=\"width: 800px\" class=\"wp-caption aligncenter\"><img loading=\"lazy\" decoding=\"async\" data-attachment-id=\"45673\" data-permalink=\"https:\/\/www.grieta.org.mx\/index.php\/2020\/03\/01\/ni-una-muerta-mas-exigen-mujeres-michoacanas\/whatsapp-image-2019-11-29-at-5-37-37-pm-1000x500\/\" data-orig-file=\"https:\/\/www.grieta.org.mx\/wp-content\/uploads\/2020\/03\/WhatsApp-Image-2019-11-29-at-5.37.37-PM-1000x500.jpeg\" data-orig-size=\"1000,500\" data-comments-opened=\"0\" data-image-meta=\"{&quot;aperture&quot;:&quot;0&quot;,&quot;credit&quot;:&quot;&quot;,&quot;camera&quot;:&quot;&quot;,&quot;caption&quot;:&quot;&quot;,&quot;created_timestamp&quot;:&quot;0&quot;,&quot;copyright&quot;:&quot;&quot;,&quot;focal_length&quot;:&quot;0&quot;,&quot;iso&quot;:&quot;0&quot;,&quot;shutter_speed&quot;:&quot;0&quot;,&quot;title&quot;:&quot;&quot;,&quot;orientation&quot;:&quot;0&quot;}\" data-image-title=\"WhatsApp-Image-2019-11-29-at-5.37.37-PM-1000&amp;#215;500\" data-image-description=\"\" data-image-caption=\"&lt;p&gt;Foto: Contramuro&lt;\/p&gt;\n\" data-medium-file=\"https:\/\/www.grieta.org.mx\/wp-content\/uploads\/2020\/03\/WhatsApp-Image-2019-11-29-at-5.37.37-PM-1000x500-300x150.jpeg\" data-large-file=\"https:\/\/www.grieta.org.mx\/wp-content\/uploads\/2020\/03\/WhatsApp-Image-2019-11-29-at-5.37.37-PM-1000x500.jpeg\" class=\"wp-image-45673\" src=\"http:\/\/www.grieta.org.mx\/wp-content\/uploads\/2020\/03\/WhatsApp-Image-2019-11-29-at-5.37.37-PM-1000x500.jpeg\" alt=\"\" width=\"800\" height=\"400\" srcset=\"https:\/\/www.grieta.org.mx\/wp-content\/uploads\/2020\/03\/WhatsApp-Image-2019-11-29-at-5.37.37-PM-1000x500.jpeg 1000w, https:\/\/www.grieta.org.mx\/wp-content\/uploads\/2020\/03\/WhatsApp-Image-2019-11-29-at-5.37.37-PM-1000x500-300x150.jpeg 300w, https:\/\/www.grieta.org.mx\/wp-content\/uploads\/2020\/03\/WhatsApp-Image-2019-11-29-at-5.37.37-PM-1000x500-768x384.jpeg 768w\" sizes=\"auto, (max-width: 800px) 100vw, 800px\" \/><figcaption id=\"caption-attachment-45673\" class=\"wp-caption-text\">Foto: Contramuro<\/figcaption><\/figure>\n<p>Por Ireri Pi\u00f1a \/ Contramuro, 01 de marzo de 2020<\/p>\n<blockquote><p><strong><br \/>\nLa marcha del pr\u00f3ximo 8 de marzo tendr\u00e1 dos contingentes separatistas y uno mixto<\/strong><\/p><\/blockquote>\n<p>Morelia, Michoac\u00e1n.- \u201cAcabar con el acoso y la violencia familiar, justicia para las v\u00edctimas de feminicidio: por una vida libre de violencia ni una muerta m\u00e1s\u201d, expuso el colectivo Asamblea de Mujeres 8M, quienes son parte de la organizaci\u00f3n de la marcha que se realizar\u00e1 el pr\u00f3ximo domingo 8 de marzo.<\/p>\n<p>El colectivo tiene una serie de protestas dentro de la marcha, entre ellas el trabajo digno, la reducci\u00f3n de la brecha salarial, contratos a prueba simulaciones y violaci\u00f3n a nuestros derechos laborales; as\u00ed como el reconocimiento al trabajo en el hogar no remunerado.<\/p>\n<p>Tambi\u00e9n exigen el respeto a los derechos humanos de las mujeres migrantes y sus hijos; en ese tenor, se pide de parte del Estado acceso a la salud gratuito y guarder\u00edas paras los hijos de mujeres trabajadores. En el mismo tema de salud resaltan que la maternidad ser\u00e1 deseada \u201co no ser\u00e1\u201d.<\/p>\n<p>La marcha ser\u00e1 el domingo a las 17:00 horas desde la Calzada Fray Antonio de San Miguel (San Diego), hasta Palacio de Gobierno; ah\u00ed, se pondr\u00e1 un retablo en la que se pegar\u00e1n las cartulinas con las exigencias de quienes participen en la marcha.<\/p>\n<p>Se hizo \u00e9nfasis en que la marcha llevar\u00e1 dos contingentes separatistas (solo de mujeres) uno de ellos con una batucada; un tercero ser\u00e1 mixto y se pide que los hombres que quieran participar y apoyar la lucha de las mujeres, respeten los espacios en los que se podr\u00e1n mover.<\/p>\n<p>\u201cLlevar pa\u00f1uelos representativos, para ti y para compartir con otras mujeres, de color morado (feminismo, 8M y lucha de mujeres trabajadoras), verde (aborto y derechos sexuales y reproductivos), rosa (feminicidio). Portar un mo\u00f1o negro en se\u00f1al de dolor y pena por todas las mujeres desaparecidas y asesinadas en todo el mundo, atendiendo el llamado de nuestras compa\u00f1eras zapatistas\u201d.<\/p>\n<p>Importante es mencionar que previo a la marcha habr\u00e1 una concentraci\u00f3n en la Calzada ya mencionada, a las 16:00 horas. Y el 9 de marzo, tendr\u00e1n talleres (hora y lugar sin definir) para fortalecer la vida diaria de las mujeres.<\/p>\n<p><a href=\"https:\/\/www.contramuro.com\/ni-una-muerta-mas-exigen-mujeres-michoacanas\/\">https:\/\/www.contramuro.com\/ni-una-muerta-mas-exigen-mujeres-michoacanas\/<\/a><\/p>\n","protected":false},"excerpt":{"rendered":"<p>Por Ireri Pi\u00f1a \/ Contramuro, 01 de marzo de 2020 La marcha del pr\u00f3ximo 8 de marzo tendr\u00e1 dos contingentes separatistas y uno mixto Morelia, Michoac\u00e1n.- \u201cAcabar con el acoso &hellip; <a href=\"https:\/\/www.grieta.org.mx\/index.php\/2020\/03\/01\/ni-una-muerta-mas-exigen-mujeres-michoacanas\/\" class=\"more-link\">Leer m\u00e1s<\/a><\/p>\n","protected":false},"author":2,"featured_media":45673,"comment_status":"closed","ping_status":"closed","sticky":false,"template":"","format":"standard","meta":{"ngg_post_thumbnail":0,"_jetpack_newsletter_access":"","_jetpack_dont_email_post_to_subs":false,"_jetpack_newsletter_tier_id":0,"_jetpack_memberships_contains_paywalled_content":false,"_jetpack_memberships_contains_paid_content":false,"footnotes":""},"categories":[80,84,906,2819,21,2690,2934],"tags":[2248],"class_list":["post-45671","post","type-post","status-publish","format-standard","has-post-thumbnail","hentry","category-cintillo","category-feminicidios","category-feminicidios-en-michoacan","category-luchas-de-las-mujeres-en-michoacan","category-michoacan","category-resistencias","category-resistencias-en-michoacan","tag-luchas-de-las-mujeres","entry"],"jetpack_featured_media_url":"https:\/\/www.grieta.org.mx\/wp-content\/uploads\/2020\/03\/WhatsApp-Image-2019-11-29-at-5.37.37-PM-1000x500.jpeg","jetpack_sharing_enabled":true,"jetpack_shortlink":"https:\/\/wp.me\/p7ZJR4-bSD","jetpack_likes_enabled":false,"jetpack-related-posts":[{"id":45663,"url":"https:\/\/www.grieta.org.mx\/index.php\/2020\/02\/28\/asociacion-feminista-convoca-a-marcha-este-8-de-marzo-michoacan\/","url_meta":{"origin":45671,"position":0},"title":"Asociaci\u00f3n feminista convoca a marcha este 8 de marzo (Michoac\u00e1n)","author":"grieta","date":"28 febrero, 2020","format":false,"excerpt":"En la convocatoria emitida por dicha asociaci\u00f3n, se pide a las mujeres asistir con pa\u00f1uelos de colores morado, verde y rosa, as\u00ed como velas y listones negros. Contramuro, 28 de Febrero de 2020 A trav\u00e9s de Facebook, la asociaci\u00f3n feminista \u00abAsamblea de Mujeres\u00ab, realiza una convocatoria para que el pr\u00f3ximo\u2026","rel":"","context":"En &quot;CINTILLO&quot;","block_context":{"text":"CINTILLO","link":"https:\/\/www.grieta.org.mx\/index.php\/category\/cintillo\/"},"img":{"alt_text":"","src":"https:\/\/i0.wp.com\/www.grieta.org.mx\/wp-content\/uploads\/2020\/03\/Asociacionfeministaconvoca720x500.png?resize=350%2C200&ssl=1","width":350,"height":200,"srcset":"https:\/\/i0.wp.com\/www.grieta.org.mx\/wp-content\/uploads\/2020\/03\/Asociacionfeministaconvoca720x500.png?resize=350%2C200&ssl=1 1x, https:\/\/i0.wp.com\/www.grieta.org.mx\/wp-content\/uploads\/2020\/03\/Asociacionfeministaconvoca720x500.png?resize=525%2C300&ssl=1 1.5x, https:\/\/i0.wp.com\/www.grieta.org.mx\/wp-content\/uploads\/2020\/03\/Asociacionfeministaconvoca720x500.png?resize=700%2C400&ssl=1 2x"},"classes":[]},{"id":57308,"url":"https:\/\/www.grieta.org.mx\/index.php\/2021\/02\/28\/convocan-a-marcha-feminista-en-michoacan-el-8-de-marzo\/","url_meta":{"origin":45671,"position":1},"title":"Convocan a marcha feminista en Michoac\u00e1n el 8 de marzo","author":"grieta","date":"28 febrero, 2021","format":false,"excerpt":"La manifestaci\u00f3n se realizar\u00e1 con las medidas sanitarias correspondientes para evitar contagios por Covid-19 Foto: Mariana Luna | El Sol de Morelia Foto: Mariana Luna | El Sol de Morelia Adri\u00e1n Bucio | El Sol de Morelia, 28 de fenrero de 2021 Morelia, Michoac\u00e1n (OEM-Infomex).- La Red Colectivas Feministas Michoac\u00e1n\u2026","rel":"","context":"En &quot;CINTILLO&quot;","block_context":{"text":"CINTILLO","link":"https:\/\/www.grieta.org.mx\/index.php\/category\/cintillo\/"},"img":{"alt_text":"","src":"https:\/\/i0.wp.com\/www.grieta.org.mx\/wp-content\/uploads\/2021\/03\/feministas.jpg?resize=350%2C200&ssl=1","width":350,"height":200,"srcset":"https:\/\/i0.wp.com\/www.grieta.org.mx\/wp-content\/uploads\/2021\/03\/feministas.jpg?resize=350%2C200&ssl=1 1x, https:\/\/i0.wp.com\/www.grieta.org.mx\/wp-content\/uploads\/2021\/03\/feministas.jpg?resize=525%2C300&ssl=1 1.5x, https:\/\/i0.wp.com\/www.grieta.org.mx\/wp-content\/uploads\/2021\/03\/feministas.jpg?resize=700%2C400&ssl=1 2x"},"classes":[]},{"id":38100,"url":"https:\/\/www.grieta.org.mx\/index.php\/2019\/08\/16\/disculpen-las-molestias-pero-nos-estan-matando-feministas-michoacan\/","url_meta":{"origin":45671,"position":2},"title":"Disculpen las molestias, pero nos est\u00e1n matando: feministas (Michoac\u00e1n)","author":"grieta","date":"16 agosto, 2019","format":false,"excerpt":"Javier Vel\u00e1zquez \/Contramuro, 16 de agosto de 2019 M\u00e1s de 100 feministas se manifestaron esta tarde en la plaza Benito Ju\u00e1rez para exigir un alto a los homicidios en contra de ellas Morelia, Michoac\u00e1n.- Con diversas consignas acerca de las violaciones que han sufrido varias mujeres en el pa\u00eds, en\u2026","rel":"","context":"En &quot;CINTILLO&quot;","block_context":{"text":"CINTILLO","link":"https:\/\/www.grieta.org.mx\/index.php\/category\/cintillo\/"},"img":{"alt_text":"","src":"https:\/\/i0.wp.com\/www.grieta.org.mx\/wp-content\/uploads\/2019\/08\/WhatsApp-Image-2019-08-16-at-8.09.20-PM1-1000x500.jpeg?resize=350%2C200&ssl=1","width":350,"height":200,"srcset":"https:\/\/i0.wp.com\/www.grieta.org.mx\/wp-content\/uploads\/2019\/08\/WhatsApp-Image-2019-08-16-at-8.09.20-PM1-1000x500.jpeg?resize=350%2C200&ssl=1 1x, https:\/\/i0.wp.com\/www.grieta.org.mx\/wp-content\/uploads\/2019\/08\/WhatsApp-Image-2019-08-16-at-8.09.20-PM1-1000x500.jpeg?resize=525%2C300&ssl=1 1.5x, https:\/\/i0.wp.com\/www.grieta.org.mx\/wp-content\/uploads\/2019\/08\/WhatsApp-Image-2019-08-16-at-8.09.20-PM1-1000x500.jpeg?resize=700%2C400&ssl=1 2x"},"classes":[]},{"id":44426,"url":"https:\/\/www.grieta.org.mx\/index.php\/2020\/02\/15\/marchan-en-michoacan-por-feminicidio-de-ingrid-n\/","url_meta":{"origin":45671,"position":3},"title":"Marchan en Michoac\u00e1n por feminicidio de Ingrid \u201cN\u201d","author":"grieta","date":"15 febrero, 2020","format":false,"excerpt":"Las manifestantes, se\u00f1alaron que la protesta tambi\u00e9n tuvo por objetivo expresar el hartazgo por los 11 homicidios de mujeres que se registran diariamente en el pa\u00eds El Heraldo de M\u00e9xico. Morelia, Michoac\u00e1n, 15 de febrero de 2020. Colectivos de mujeres feministas marcharon este s\u00e1bado en la ciudad de Morelia, para\u2026","rel":"","context":"En &quot;CINTILLO&quot;","block_context":{"text":"CINTILLO","link":"https:\/\/www.grieta.org.mx\/index.php\/category\/cintillo\/"},"img":{"alt_text":"","src":"https:\/\/i0.wp.com\/www.grieta.org.mx\/wp-content\/uploads\/2020\/02\/marcha_ingrid_feminicidio-640x400.jpg?resize=350%2C200&ssl=1","width":350,"height":200,"srcset":"https:\/\/i0.wp.com\/www.grieta.org.mx\/wp-content\/uploads\/2020\/02\/marcha_ingrid_feminicidio-640x400.jpg?resize=350%2C200&ssl=1 1x, https:\/\/i0.wp.com\/www.grieta.org.mx\/wp-content\/uploads\/2020\/02\/marcha_ingrid_feminicidio-640x400.jpg?resize=525%2C300&ssl=1 1.5x"},"classes":[]},{"id":44749,"url":"https:\/\/www.grieta.org.mx\/index.php\/2020\/02\/18\/con-mantas-activistas-exigen-justicia-por-feminicidios-en-michoacan\/","url_meta":{"origin":45671,"position":4},"title":"Con mantas, activistas exigen justicia por feminicidios en Michoac\u00e1n","author":"grieta","date":"18 febrero, 2020","format":false,"excerpt":"Colectivos de mujeres cubrieron con una manta la fuente de \"Las Tarascas\" con la leyenda 'M\u00e9xico feminicida', para exigir cese la brutalidad en contra de las mujeres. Rogelio Agust\u00edn Esteban y Jocelyn Estrada, Milenio Digital Guerrero y Michoac\u00e1n \/ 18.02.2020 Colectivos de mujeres cubrieron con mantas la emblem\u00e1tica fuente de\u2026","rel":"","context":"En &quot;CINTILLO&quot;","block_context":{"text":"CINTILLO","link":"https:\/\/www.grieta.org.mx\/index.php\/category\/cintillo\/"},"img":{"alt_text":"","src":"https:\/\/i0.wp.com\/www.grieta.org.mx\/wp-content\/uploads\/2020\/02\/colectivos-mujeres-cubrieron-mantas-emblematica_124_0_749_466.jpeg?resize=350%2C200&ssl=1","width":350,"height":200,"srcset":"https:\/\/i0.wp.com\/www.grieta.org.mx\/wp-content\/uploads\/2020\/02\/colectivos-mujeres-cubrieron-mantas-emblematica_124_0_749_466.jpeg?resize=350%2C200&ssl=1 1x, https:\/\/i0.wp.com\/www.grieta.org.mx\/wp-content\/uploads\/2020\/02\/colectivos-mujeres-cubrieron-mantas-emblematica_124_0_749_466.jpeg?resize=525%2C300&ssl=1 1.5x, https:\/\/i0.wp.com\/www.grieta.org.mx\/wp-content\/uploads\/2020\/02\/colectivos-mujeres-cubrieron-mantas-emblematica_124_0_749_466.jpeg?resize=700%2C400&ssl=1 2x"},"classes":[]},{"id":40937,"url":"https:\/\/www.grieta.org.mx\/index.php\/2019\/11\/03\/marchan-en-morelia-en-contra-de-los-feminicidios\/","url_meta":{"origin":45671,"position":5},"title":"Marchan en Morelia en contra de los feminicidios","author":"grieta","date":"3 noviembre, 2019","format":false,"excerpt":"Por: Josimar Lara\/@josimar2188 \/ MiMorelia.com, 03 de noviembre de 2019 Morelia, Michoac\u00e1n (MiMorelia.com).- Un grupo de mujeres de la ciudad de Morelia se unieron este 3 de noviembre a la convocatoria nacional de \u201cD\u00eda de Muertas\u201d, con una marcha realizada en el Centro Hist\u00f3rico de la capital michoacana; para recordar\u2026","rel":"","context":"En &quot;CINTILLO&quot;","block_context":{"text":"CINTILLO","link":"https:\/\/www.grieta.org.mx\/index.php\/category\/cintillo\/"},"img":{"alt_text":"","src":"https:\/\/i0.wp.com\/www.grieta.org.mx\/wp-content\/uploads\/2019\/11\/feminicidios.jpg?resize=350%2C200&ssl=1","width":350,"height":200,"srcset":"https:\/\/i0.wp.com\/www.grieta.org.mx\/wp-content\/uploads\/2019\/11\/feminicidios.jpg?resize=350%2C200&ssl=1 1x, https:\/\/i0.wp.com\/www.grieta.org.mx\/wp-content\/uploads\/2019\/11\/feminicidios.jpg?resize=525%2C300&ssl=1 1.5x"},"classes":[]}],"_links":{"self":[{"href":"https:\/\/www.grieta.org.mx\/index.php\/wp-json\/wp\/v2\/posts\/45671","targetHints":{"allow":["GET"]}}],"collection":[{"href":"https:\/\/www.grieta.org.mx\/index.php\/wp-json\/wp\/v2\/posts"}],"about":[{"href":"https:\/\/www.grieta.org.mx\/index.php\/wp-json\/wp\/v2\/types\/post"}],"author":[{"embeddable":true,"href":"https:\/\/www.grieta.org.mx\/index.php\/wp-json\/wp\/v2\/users\/2"}],"replies":[{"embeddable":true,"href":"https:\/\/www.grieta.org.mx\/index.php\/wp-json\/wp\/v2\/comments?post=45671"}],"version-history":[{"count":1,"href":"https:\/\/www.grieta.org.mx\/index.php\/wp-json\/wp\/v2\/posts\/45671\/revisions"}],"predecessor-version":[{"id":45675,"href":"https:\/\/www.grieta.org.mx\/index.php\/wp-json\/wp\/v2\/posts\/45671\/revisions\/45675"}],"wp:featuredmedia":[{"embeddable":true,"href":"https:\/\/www.grieta.org.mx\/index.php\/wp-json\/wp\/v2\/media\/45673"}],"wp:attachment":[{"href":"https:\/\/www.grieta.org.mx\/index.php\/wp-json\/wp\/v2\/media?parent=45671"}],"wp:term":[{"taxonomy":"category","embeddable":true,"href":"https:\/\/www.grieta.org.mx\/index.php\/wp-json\/wp\/v2\/categories?post=45671"},{"taxonomy":"post_tag","embeddable":true,"href":"https:\/\/www.grieta.org.mx\/index.php\/wp-json\/wp\/v2\/tags?post=45671"}],"curies":[{"name":"wp","href":"https:\/\/api.w.org\/{rel}","templated":true}]}}