{"id":45652,"date":"2020-02-25T11:34:35","date_gmt":"2020-02-25T17:34:35","guid":{"rendered":"http:\/\/www.grieta.org.mx\/?p=45652"},"modified":"2020-03-06T11:47:34","modified_gmt":"2020-03-06T17:47:34","slug":"familias-de-desaparecidos-senalan-que-mexico-vive-una-crisis-forense-inedita-en-el-mundo-veracruz","status":"publish","type":"post","link":"https:\/\/www.grieta.org.mx\/index.php\/2020\/02\/25\/familias-de-desaparecidos-senalan-que-mexico-vive-una-crisis-forense-inedita-en-el-mundo-veracruz\/","title":{"rendered":"Familias de desaparecidos se\u00f1alan que M\u00e9xico vive una &#8220;crisis forense&#8221; in\u00e9dita en el mundo (Veracruz)"},"content":{"rendered":"<p><a href=\"http:\/\/www.grieta.org.mx\/wp-content\/uploads\/2020\/03\/Screenshot_2020-03-06-Familias-de-desaparecidos-se\u00f1alan-que-M\u00e9xico-vive-una-crisis-forense-in\u00e9dita-en-el-mundo.png\"><img loading=\"lazy\" decoding=\"async\" data-attachment-id=\"45653\" data-permalink=\"https:\/\/www.grieta.org.mx\/index.php\/2020\/02\/25\/familias-de-desaparecidos-senalan-que-mexico-vive-una-crisis-forense-inedita-en-el-mundo-veracruz\/screenshot_2020-03-06-familias-de-desaparecidos-senalan-que-mexico-vive-una-crisis-forense-inedita-en-el-mundo\/\" data-orig-file=\"https:\/\/www.grieta.org.mx\/wp-content\/uploads\/2020\/03\/Screenshot_2020-03-06-Familias-de-desaparecidos-se\u00f1alan-que-M\u00e9xico-vive-una-crisis-forense-in\u00e9dita-en-el-mundo.png\" data-orig-size=\"1250,676\" data-comments-opened=\"0\" data-image-meta=\"{&quot;aperture&quot;:&quot;0&quot;,&quot;credit&quot;:&quot;&quot;,&quot;camera&quot;:&quot;&quot;,&quot;caption&quot;:&quot;&quot;,&quot;created_timestamp&quot;:&quot;0&quot;,&quot;copyright&quot;:&quot;&quot;,&quot;focal_length&quot;:&quot;0&quot;,&quot;iso&quot;:&quot;0&quot;,&quot;shutter_speed&quot;:&quot;0&quot;,&quot;title&quot;:&quot;&quot;,&quot;orientation&quot;:&quot;0&quot;}\" data-image-title=\"Screenshot_2020-03-06 Familias de desaparecidos se\u00f1alan que M\u00e9xico vive una crisis forense in\u00e9dita en el mundo\" data-image-description=\"\" data-image-caption=\"\" data-medium-file=\"https:\/\/www.grieta.org.mx\/wp-content\/uploads\/2020\/03\/Screenshot_2020-03-06-Familias-de-desaparecidos-se\u00f1alan-que-M\u00e9xico-vive-una-crisis-forense-in\u00e9dita-en-el-mundo-300x162.png\" data-large-file=\"https:\/\/www.grieta.org.mx\/wp-content\/uploads\/2020\/03\/Screenshot_2020-03-06-Familias-de-desaparecidos-se\u00f1alan-que-M\u00e9xico-vive-una-crisis-forense-in\u00e9dita-en-el-mundo-1024x554.png\" class=\"aligncenter wp-image-45653\" src=\"http:\/\/www.grieta.org.mx\/wp-content\/uploads\/2020\/03\/Screenshot_2020-03-06-Familias-de-desaparecidos-se\u00f1alan-que-M\u00e9xico-vive-una-crisis-forense-in\u00e9dita-en-el-mundo-1024x554.png\" alt=\"\" width=\"800\" height=\"433\" srcset=\"https:\/\/www.grieta.org.mx\/wp-content\/uploads\/2020\/03\/Screenshot_2020-03-06-Familias-de-desaparecidos-se\u00f1alan-que-M\u00e9xico-vive-una-crisis-forense-in\u00e9dita-en-el-mundo-1024x554.png 1024w, https:\/\/www.grieta.org.mx\/wp-content\/uploads\/2020\/03\/Screenshot_2020-03-06-Familias-de-desaparecidos-se\u00f1alan-que-M\u00e9xico-vive-una-crisis-forense-in\u00e9dita-en-el-mundo-300x162.png 300w, https:\/\/www.grieta.org.mx\/wp-content\/uploads\/2020\/03\/Screenshot_2020-03-06-Familias-de-desaparecidos-se\u00f1alan-que-M\u00e9xico-vive-una-crisis-forense-in\u00e9dita-en-el-mundo-768x415.png 768w, https:\/\/www.grieta.org.mx\/wp-content\/uploads\/2020\/03\/Screenshot_2020-03-06-Familias-de-desaparecidos-se\u00f1alan-que-M\u00e9xico-vive-una-crisis-forense-in\u00e9dita-en-el-mundo-925x500.png 925w, https:\/\/www.grieta.org.mx\/wp-content\/uploads\/2020\/03\/Screenshot_2020-03-06-Familias-de-desaparecidos-se\u00f1alan-que-M\u00e9xico-vive-una-crisis-forense-in\u00e9dita-en-el-mundo.png 1250w\" sizes=\"auto, (max-width: 800px) 100vw, 800px\" \/><\/a><\/p>\n<p>Eliana Gilet \/ Sputnik News<\/p>\n<p><strong>Durante 15 d\u00edas, m\u00e1s de 300 personas se reunieron al norte del estado de Veracruz, en el golfo de M\u00e9xico, para buscar colectivamente a algunas de las m\u00e1s de 60.000 personas que han desaparecido en M\u00e9xico en la \u00faltima d\u00e9cada. Sputnik acompa\u00f1\u00f3 a la quinta Brigada Nacional de B\u00fasqueda de personas desaparecidas y comparte su experiencia.<\/strong><\/p>\n<p>Las brigadas nacionales fueron la herramienta que cre\u00f3 una familia con cuatro hijos desaparecidos para romper el aislamiento al que los somete este crimen de lesa humanidad, cuando hiere a uno de los suyos. Amparados en una ley de v\u00edctimas sancionada tras los primeros movimientos del a\u00f1o 2011, las familias tomaron el protagonismo de sus propias investigaciones.<\/p>\n<p>&#8220;Ante la omisi\u00f3n del Estado, las familias han tenido que organizarse&#8221;, explic\u00f3 Mar\u00eda Herrera, fundadora de Familiares en b\u00fasqueda \u2014principal promotora de las brigadas nacionales\u2014 durante su lanzamiento en la Ciudad de M\u00e9xico.<\/p>\n<p>Despu\u00e9s de dos semanas de trabajo en varios frentes, la Brigada Nacional emiti\u00f3 una alerta acerca de la crisis forense que vive el pa\u00eds que, aseguran, requiere de la urgente implementaci\u00f3n del Mecanismo Extraordinario de Identificaci\u00f3n Forense (un compromiso de la Comisi\u00f3n Nacional de B\u00fasqueda, principal instituci\u00f3n en el tema creada por la ley general de Desaparici\u00f3n de 2017) y requiere &#8220;toda la ayuda internacional posible, por lo que urgimos a que el Estado mexicano acepte la competencia del Comit\u00e9 para las Desapariciones Forzadas de la ONU&#8221;.<\/p>\n<p><strong>La Gallera: un centro de exterminio llamado &#8216;cocina&#8217;<\/strong><\/p>\n<p>La Gallera es un terreno de seis hect\u00e1reas que, pr\u00f3ximo al camino de ingreso principal, tiene una casa que sirvi\u00f3 como centro clandestino de detenci\u00f3n. En torno a esta casa \u2014que fue despojada violentamente de sus due\u00f1os en alg\u00fan momento no preciso de la \u00faltima d\u00e9cada\u2014 hay un gran horno a le\u00f1a que, seg\u00fan la hip\u00f3tesis de las familias de la brigada, se us\u00f3 para calcinar los cad\u00e1veres de las personas asesinadas aqu\u00ed.<\/p>\n<p><a href=\"http:\/\/www.grieta.org.mx\/wp-content\/uploads\/2020\/03\/Screenshot_2020-03-06-Familias-de-desaparecidos-se\u00f1alan-que-M\u00e9xico-vive-una-crisis-forense-in\u00e9dita-en-el-mundo1.png\"><img loading=\"lazy\" decoding=\"async\" data-attachment-id=\"45654\" data-permalink=\"https:\/\/www.grieta.org.mx\/index.php\/2020\/02\/25\/familias-de-desaparecidos-senalan-que-mexico-vive-una-crisis-forense-inedita-en-el-mundo-veracruz\/screenshot_2020-03-06-familias-de-desaparecidos-senalan-que-mexico-vive-una-crisis-forense-inedita-en-el-mundo1\/\" data-orig-file=\"https:\/\/www.grieta.org.mx\/wp-content\/uploads\/2020\/03\/Screenshot_2020-03-06-Familias-de-desaparecidos-se\u00f1alan-que-M\u00e9xico-vive-una-crisis-forense-in\u00e9dita-en-el-mundo1.png\" data-orig-size=\"825,672\" data-comments-opened=\"0\" data-image-meta=\"{&quot;aperture&quot;:&quot;0&quot;,&quot;credit&quot;:&quot;&quot;,&quot;camera&quot;:&quot;&quot;,&quot;caption&quot;:&quot;&quot;,&quot;created_timestamp&quot;:&quot;0&quot;,&quot;copyright&quot;:&quot;&quot;,&quot;focal_length&quot;:&quot;0&quot;,&quot;iso&quot;:&quot;0&quot;,&quot;shutter_speed&quot;:&quot;0&quot;,&quot;title&quot;:&quot;&quot;,&quot;orientation&quot;:&quot;0&quot;}\" data-image-title=\"Screenshot_2020-03-06 Familias de desaparecidos se\u00f1alan que M\u00e9xico vive una crisis forense in\u00e9dita en el mundo(1)\" data-image-description=\"\" data-image-caption=\"\" data-medium-file=\"https:\/\/www.grieta.org.mx\/wp-content\/uploads\/2020\/03\/Screenshot_2020-03-06-Familias-de-desaparecidos-se\u00f1alan-que-M\u00e9xico-vive-una-crisis-forense-in\u00e9dita-en-el-mundo1-300x244.png\" data-large-file=\"https:\/\/www.grieta.org.mx\/wp-content\/uploads\/2020\/03\/Screenshot_2020-03-06-Familias-de-desaparecidos-se\u00f1alan-que-M\u00e9xico-vive-una-crisis-forense-in\u00e9dita-en-el-mundo1.png\" class=\"aligncenter wp-image-45654\" src=\"http:\/\/www.grieta.org.mx\/wp-content\/uploads\/2020\/03\/Screenshot_2020-03-06-Familias-de-desaparecidos-se\u00f1alan-que-M\u00e9xico-vive-una-crisis-forense-in\u00e9dita-en-el-mundo1.png\" alt=\"\" width=\"800\" height=\"652\" srcset=\"https:\/\/www.grieta.org.mx\/wp-content\/uploads\/2020\/03\/Screenshot_2020-03-06-Familias-de-desaparecidos-se\u00f1alan-que-M\u00e9xico-vive-una-crisis-forense-in\u00e9dita-en-el-mundo1.png 825w, https:\/\/www.grieta.org.mx\/wp-content\/uploads\/2020\/03\/Screenshot_2020-03-06-Familias-de-desaparecidos-se\u00f1alan-que-M\u00e9xico-vive-una-crisis-forense-in\u00e9dita-en-el-mundo1-300x244.png 300w, https:\/\/www.grieta.org.mx\/wp-content\/uploads\/2020\/03\/Screenshot_2020-03-06-Familias-de-desaparecidos-se\u00f1alan-que-M\u00e9xico-vive-una-crisis-forense-in\u00e9dita-en-el-mundo1-768x626.png 768w, https:\/\/www.grieta.org.mx\/wp-content\/uploads\/2020\/03\/Screenshot_2020-03-06-Familias-de-desaparecidos-se\u00f1alan-que-M\u00e9xico-vive-una-crisis-forense-in\u00e9dita-en-el-mundo1-614x500.png 614w\" sizes=\"auto, (max-width: 800px) 100vw, 800px\" \/><\/a><\/p>\n<p>Durante los d\u00edas previos, el equipo dedicado a las b\u00fasquedas en campo (hay otros grupos de brigadistas que hacen b\u00fasqueda en vida y difunden comunitariamente la problem\u00e1tica en iglesias y escuelas) hall\u00f3 indicios de restos \u00f3seos en una peque\u00f1a localidad del municipio de Coyutla llamada La Palma, tras dos jornadas de exigente trabajo f\u00edsico en la accidentada sierra que une a los estados de Puebla y Veracruz. Tambi\u00e9n hallaron posibles restos \u00f3seos en la colonia La Rueda, en el municipio de Poza Rica. Este es el segundo d\u00eda de trabajo en la Gallera.<\/p>\n<p><a href=\"http:\/\/www.grieta.org.mx\/wp-content\/uploads\/2020\/03\/Screenshot_2020-03-06-Familias-de-desaparecidos-se\u00f1alan-que-M\u00e9xico-vive-una-crisis-forense-in\u00e9dita-en-el-mundo2.png\"><img loading=\"lazy\" decoding=\"async\" data-attachment-id=\"45655\" data-permalink=\"https:\/\/www.grieta.org.mx\/index.php\/2020\/02\/25\/familias-de-desaparecidos-senalan-que-mexico-vive-una-crisis-forense-inedita-en-el-mundo-veracruz\/screenshot_2020-03-06-familias-de-desaparecidos-senalan-que-mexico-vive-una-crisis-forense-inedita-en-el-mundo2\/\" data-orig-file=\"https:\/\/www.grieta.org.mx\/wp-content\/uploads\/2020\/03\/Screenshot_2020-03-06-Familias-de-desaparecidos-se\u00f1alan-que-M\u00e9xico-vive-una-crisis-forense-in\u00e9dita-en-el-mundo2.png\" data-orig-size=\"825,665\" data-comments-opened=\"0\" data-image-meta=\"{&quot;aperture&quot;:&quot;0&quot;,&quot;credit&quot;:&quot;&quot;,&quot;camera&quot;:&quot;&quot;,&quot;caption&quot;:&quot;&quot;,&quot;created_timestamp&quot;:&quot;0&quot;,&quot;copyright&quot;:&quot;&quot;,&quot;focal_length&quot;:&quot;0&quot;,&quot;iso&quot;:&quot;0&quot;,&quot;shutter_speed&quot;:&quot;0&quot;,&quot;title&quot;:&quot;&quot;,&quot;orientation&quot;:&quot;0&quot;}\" data-image-title=\"Screenshot_2020-03-06 Familias de desaparecidos se\u00f1alan que M\u00e9xico vive una crisis forense in\u00e9dita en el mundo(2)\" data-image-description=\"\" data-image-caption=\"\" data-medium-file=\"https:\/\/www.grieta.org.mx\/wp-content\/uploads\/2020\/03\/Screenshot_2020-03-06-Familias-de-desaparecidos-se\u00f1alan-que-M\u00e9xico-vive-una-crisis-forense-in\u00e9dita-en-el-mundo2-300x242.png\" data-large-file=\"https:\/\/www.grieta.org.mx\/wp-content\/uploads\/2020\/03\/Screenshot_2020-03-06-Familias-de-desaparecidos-se\u00f1alan-que-M\u00e9xico-vive-una-crisis-forense-in\u00e9dita-en-el-mundo2.png\" class=\"aligncenter wp-image-45655\" src=\"http:\/\/www.grieta.org.mx\/wp-content\/uploads\/2020\/03\/Screenshot_2020-03-06-Familias-de-desaparecidos-se\u00f1alan-que-M\u00e9xico-vive-una-crisis-forense-in\u00e9dita-en-el-mundo2.png\" alt=\"\" width=\"800\" height=\"645\" srcset=\"https:\/\/www.grieta.org.mx\/wp-content\/uploads\/2020\/03\/Screenshot_2020-03-06-Familias-de-desaparecidos-se\u00f1alan-que-M\u00e9xico-vive-una-crisis-forense-in\u00e9dita-en-el-mundo2.png 825w, https:\/\/www.grieta.org.mx\/wp-content\/uploads\/2020\/03\/Screenshot_2020-03-06-Familias-de-desaparecidos-se\u00f1alan-que-M\u00e9xico-vive-una-crisis-forense-in\u00e9dita-en-el-mundo2-300x242.png 300w, https:\/\/www.grieta.org.mx\/wp-content\/uploads\/2020\/03\/Screenshot_2020-03-06-Familias-de-desaparecidos-se\u00f1alan-que-M\u00e9xico-vive-una-crisis-forense-in\u00e9dita-en-el-mundo2-768x619.png 768w, https:\/\/www.grieta.org.mx\/wp-content\/uploads\/2020\/03\/Screenshot_2020-03-06-Familias-de-desaparecidos-se\u00f1alan-que-M\u00e9xico-vive-una-crisis-forense-in\u00e9dita-en-el-mundo2-620x500.png 620w\" sizes=\"auto, (max-width: 800px) 100vw, 800px\" \/><\/a><\/p>\n<p>El arque\u00f3logo de la Fiscal\u00eda General de la Rep\u00fablica que las acompa\u00f1aba ese mi\u00e9rcoles 19 de febrero de 2020, tom\u00f3 la palabra frente al grupo de familias para explicarles el trabajo del d\u00eda previo, cuando la brigada les se\u00f1al\u00f3 el hallazgo de un nuevo indicio en el traspatio de la Gallera. Esto es grave porque este es un punto ya conocido por las autoridades y los familiares que ha sido cateado conjuntamente al menos dos veces anteriormente.<\/p>\n<p>En los primeros meses del a\u00f1o 2017, la Fiscal\u00eda local exhum\u00f3 al menos cinco cad\u00e1veres del traspatio de la casa donde ahora estamos. Como las familias regresaron y hallaron m\u00e1s restos \u00f3seos que no hab\u00edan sido recolectados por la autoridad, exigieron la realizaci\u00f3n de m\u00e1s b\u00fasquedas en este mismo sitio, que se hicieron durante una semana de noviembre de 2017 y otra de mayo de 2018, en las que se recolectaron casi 1.200 fragmentos que podr\u00edan contener ADN factible de identificaci\u00f3n, que a\u00fan no han sido analizados en su totalidad.<\/p>\n<p>El arque\u00f3logo entonces \u2014volviendo a la s\u00e9ptima jornada de b\u00fasqueda en campo de la brigada 2020\u2014 les explicaba a las familias que en el d\u00eda previo delimitaron el \u00e1rea se\u00f1alada y encontraron all\u00ed otros dos posibles restos sobre la superficie, de los que no se pudo determinar origen a simple vista, por lo que corresponde su an\u00e1lisis qu\u00edmico.<\/p>\n<p><a href=\"http:\/\/www.grieta.org.mx\/wp-content\/uploads\/2020\/03\/Screenshot_2020-03-06-Familias-de-desaparecidos-se\u00f1alan-que-M\u00e9xico-vive-una-crisis-forense-in\u00e9dita-en-el-mundo3.png\"><img loading=\"lazy\" decoding=\"async\" data-attachment-id=\"45657\" data-permalink=\"https:\/\/www.grieta.org.mx\/index.php\/2020\/02\/25\/familias-de-desaparecidos-senalan-que-mexico-vive-una-crisis-forense-inedita-en-el-mundo-veracruz\/screenshot_2020-03-06-familias-de-desaparecidos-senalan-que-mexico-vive-una-crisis-forense-inedita-en-el-mundo3\/\" data-orig-file=\"https:\/\/www.grieta.org.mx\/wp-content\/uploads\/2020\/03\/Screenshot_2020-03-06-Familias-de-desaparecidos-se\u00f1alan-que-M\u00e9xico-vive-una-crisis-forense-in\u00e9dita-en-el-mundo3.png\" data-orig-size=\"825,667\" data-comments-opened=\"0\" data-image-meta=\"{&quot;aperture&quot;:&quot;0&quot;,&quot;credit&quot;:&quot;&quot;,&quot;camera&quot;:&quot;&quot;,&quot;caption&quot;:&quot;&quot;,&quot;created_timestamp&quot;:&quot;0&quot;,&quot;copyright&quot;:&quot;&quot;,&quot;focal_length&quot;:&quot;0&quot;,&quot;iso&quot;:&quot;0&quot;,&quot;shutter_speed&quot;:&quot;0&quot;,&quot;title&quot;:&quot;&quot;,&quot;orientation&quot;:&quot;0&quot;}\" data-image-title=\"Screenshot_2020-03-06 Familias de desaparecidos se\u00f1alan que M\u00e9xico vive una crisis forense in\u00e9dita en el mundo(3)\" data-image-description=\"\" data-image-caption=\"\" data-medium-file=\"https:\/\/www.grieta.org.mx\/wp-content\/uploads\/2020\/03\/Screenshot_2020-03-06-Familias-de-desaparecidos-se\u00f1alan-que-M\u00e9xico-vive-una-crisis-forense-in\u00e9dita-en-el-mundo3-300x243.png\" data-large-file=\"https:\/\/www.grieta.org.mx\/wp-content\/uploads\/2020\/03\/Screenshot_2020-03-06-Familias-de-desaparecidos-se\u00f1alan-que-M\u00e9xico-vive-una-crisis-forense-in\u00e9dita-en-el-mundo3.png\" class=\"aligncenter wp-image-45657\" src=\"http:\/\/www.grieta.org.mx\/wp-content\/uploads\/2020\/03\/Screenshot_2020-03-06-Familias-de-desaparecidos-se\u00f1alan-que-M\u00e9xico-vive-una-crisis-forense-in\u00e9dita-en-el-mundo3.png\" alt=\"\" width=\"800\" height=\"647\" srcset=\"https:\/\/www.grieta.org.mx\/wp-content\/uploads\/2020\/03\/Screenshot_2020-03-06-Familias-de-desaparecidos-se\u00f1alan-que-M\u00e9xico-vive-una-crisis-forense-in\u00e9dita-en-el-mundo3.png 825w, https:\/\/www.grieta.org.mx\/wp-content\/uploads\/2020\/03\/Screenshot_2020-03-06-Familias-de-desaparecidos-se\u00f1alan-que-M\u00e9xico-vive-una-crisis-forense-in\u00e9dita-en-el-mundo3-300x243.png 300w, https:\/\/www.grieta.org.mx\/wp-content\/uploads\/2020\/03\/Screenshot_2020-03-06-Familias-de-desaparecidos-se\u00f1alan-que-M\u00e9xico-vive-una-crisis-forense-in\u00e9dita-en-el-mundo3-768x621.png 768w, https:\/\/www.grieta.org.mx\/wp-content\/uploads\/2020\/03\/Screenshot_2020-03-06-Familias-de-desaparecidos-se\u00f1alan-que-M\u00e9xico-vive-una-crisis-forense-in\u00e9dita-en-el-mundo3-618x500.png 618w\" sizes=\"auto, (max-width: 800px) 100vw, 800px\" \/><\/a><\/p>\n<p>Les explic\u00f3 que removieron la densa vegetaci\u00f3n del \u00e1rea delimitada, la varillaron (es decir, insertaron varillas de cerca de un metro en el suelo para que se libere el aroma de un cuerpo en descomposici\u00f3n) y buscaron a simple vista anomal\u00edas en el suelo que indiquen que la tierra haya sido removida. Es decir, replicaron el mismo m\u00e9todo que las familias usan para buscar ellas mismas.<\/p>\n<p>Explic\u00f3 que cavaron calas en ese sitio, dos excavaciones lineales que dieron resultados negativos, sin hallazgos. Tambi\u00e9n dijo que su equipo crib\u00f3 la tierra extra\u00edda de all\u00ed, buscando fragmentos no visibles a simple vista y que se hall\u00f3 &#8220;un elemento bal\u00edstico&#8221;. Luego taparon el \u00e1rea y se retiraron.<\/p>\n<p>Uno de los brigadistas tom\u00f3 entonces la palabra y se\u00f1al\u00f3 que la preocupaci\u00f3n de las familias es la cantidad de ceniza que se hall\u00f3 en torno al horno que est\u00e1 a un lado de la casa principal del rancho. Pidi\u00f3 a los peritos que explicaran qu\u00e9 plan traen para procesar esa ceniza que podr\u00eda contener indicios plausibles de identificaci\u00f3n forense.<\/p>\n<p>Otro miembro del equipo de la Fiscal\u00eda General de la Rep\u00fablica (FGR) \u2014un antrop\u00f3logo\u2014 le respondi\u00f3 diciendo que realizar\u00edan una planimetr\u00eda para registrar la ubicaci\u00f3n y orientaci\u00f3n de los montones de ceniza en torno al horno a le\u00f1a que es \u2014claramente\u2014 el centro del trabajo del d\u00eda. Pero entonces, el mismo antrop\u00f3logo dice que como deben hacer el registro de foto y v\u00eddeo, no van a poder trabajar de manera simult\u00e1nea en las cribas, que requieren de tres personas para su manejo.<\/p>\n<p><a href=\"http:\/\/www.grieta.org.mx\/wp-content\/uploads\/2020\/03\/Screenshot_2020-03-06-Familias-de-desaparecidos-se\u00f1alan-que-M\u00e9xico-vive-una-crisis-forense-in\u00e9dita-en-el-mundo4.png\"><img loading=\"lazy\" decoding=\"async\" data-attachment-id=\"45658\" data-permalink=\"https:\/\/www.grieta.org.mx\/index.php\/2020\/02\/25\/familias-de-desaparecidos-senalan-que-mexico-vive-una-crisis-forense-inedita-en-el-mundo-veracruz\/screenshot_2020-03-06-familias-de-desaparecidos-senalan-que-mexico-vive-una-crisis-forense-inedita-en-el-mundo4\/\" data-orig-file=\"https:\/\/www.grieta.org.mx\/wp-content\/uploads\/2020\/03\/Screenshot_2020-03-06-Familias-de-desaparecidos-se\u00f1alan-que-M\u00e9xico-vive-una-crisis-forense-in\u00e9dita-en-el-mundo4.png\" data-orig-size=\"825,686\" data-comments-opened=\"0\" data-image-meta=\"{&quot;aperture&quot;:&quot;0&quot;,&quot;credit&quot;:&quot;&quot;,&quot;camera&quot;:&quot;&quot;,&quot;caption&quot;:&quot;&quot;,&quot;created_timestamp&quot;:&quot;0&quot;,&quot;copyright&quot;:&quot;&quot;,&quot;focal_length&quot;:&quot;0&quot;,&quot;iso&quot;:&quot;0&quot;,&quot;shutter_speed&quot;:&quot;0&quot;,&quot;title&quot;:&quot;&quot;,&quot;orientation&quot;:&quot;0&quot;}\" data-image-title=\"Screenshot_2020-03-06 Familias de desaparecidos se\u00f1alan que M\u00e9xico vive una crisis forense in\u00e9dita en el mundo(4)\" data-image-description=\"\" data-image-caption=\"\" data-medium-file=\"https:\/\/www.grieta.org.mx\/wp-content\/uploads\/2020\/03\/Screenshot_2020-03-06-Familias-de-desaparecidos-se\u00f1alan-que-M\u00e9xico-vive-una-crisis-forense-in\u00e9dita-en-el-mundo4-300x249.png\" data-large-file=\"https:\/\/www.grieta.org.mx\/wp-content\/uploads\/2020\/03\/Screenshot_2020-03-06-Familias-de-desaparecidos-se\u00f1alan-que-M\u00e9xico-vive-una-crisis-forense-in\u00e9dita-en-el-mundo4.png\" class=\"aligncenter wp-image-45658\" src=\"http:\/\/www.grieta.org.mx\/wp-content\/uploads\/2020\/03\/Screenshot_2020-03-06-Familias-de-desaparecidos-se\u00f1alan-que-M\u00e9xico-vive-una-crisis-forense-in\u00e9dita-en-el-mundo4.png\" alt=\"\" width=\"800\" height=\"665\" srcset=\"https:\/\/www.grieta.org.mx\/wp-content\/uploads\/2020\/03\/Screenshot_2020-03-06-Familias-de-desaparecidos-se\u00f1alan-que-M\u00e9xico-vive-una-crisis-forense-in\u00e9dita-en-el-mundo4.png 825w, https:\/\/www.grieta.org.mx\/wp-content\/uploads\/2020\/03\/Screenshot_2020-03-06-Familias-de-desaparecidos-se\u00f1alan-que-M\u00e9xico-vive-una-crisis-forense-in\u00e9dita-en-el-mundo4-300x249.png 300w, https:\/\/www.grieta.org.mx\/wp-content\/uploads\/2020\/03\/Screenshot_2020-03-06-Familias-de-desaparecidos-se\u00f1alan-que-M\u00e9xico-vive-una-crisis-forense-in\u00e9dita-en-el-mundo4-768x639.png 768w, https:\/\/www.grieta.org.mx\/wp-content\/uploads\/2020\/03\/Screenshot_2020-03-06-Familias-de-desaparecidos-se\u00f1alan-que-M\u00e9xico-vive-una-crisis-forense-in\u00e9dita-en-el-mundo4-601x500.png 601w\" sizes=\"auto, (max-width: 800px) 100vw, 800px\" \/><\/a><\/p>\n<p>Aunque estuvieron presentes 17 funcionarios estatales, incluyendo varios de las comisiones estatales y federal de derechos humanos, el antrop\u00f3logo pidi\u00f3 voluntarios a las familias de la brigada para el trabajo de la criba. Seis mujeres se ofrecieron, varias de ellas de edad avanzada, todas con un familiar desaparecido.<\/p>\n<p>Otros cuatro ex polic\u00edas federales permanec\u00edan sentados dentro de la camioneta de la Comisi\u00f3n Nacional de B\u00fasqueda, con el motor encendido y los vidrios de las ventanas subidos, gozando del aire acondicionado durante la diligencia.<\/p>\n<p><strong>Una emergencia forense in\u00e9dita en el mundo<\/strong><\/p>\n<p>&#8220;Hay indicios por los tel\u00e9fonos que a dos de mis hijos los estuvieron peregrinando por el \u00e1rea (cuando hab\u00edan sido secuestrados) que se\u00f1alan unas caballerizas del Ej\u00e9rcito y este lugar&#8221;, explic\u00f3 Mar\u00eda Herrera a Sputnik, sentada en un murito a metros de la casa central de la Gallera.<\/p>\n<blockquote><p>&#8220;Este es un lugar de exterminio. La primera vez que entramos a la casa, vimos manchas de sangre en las paredes que son evidencias claras del horror que sucedi\u00f3 ah\u00ed adentro. Estaban sus manos dibujadas en sangre que ahora han sido limpiadas&#8221;, agreg\u00f3.<\/p><\/blockquote>\n<p>Hallaron adem\u00e1s cientos de prendas de ropa, mochilas, hasta juguetes de ni\u00f1o y pa\u00f1ales usados.<\/p>\n<p><a href=\"http:\/\/www.grieta.org.mx\/wp-content\/uploads\/2020\/03\/Screenshot_2020-03-06-Familias-de-desaparecidos-se\u00f1alan-que-M\u00e9xico-vive-una-crisis-forense-in\u00e9dita-en-el-mundo5.png\"><img loading=\"lazy\" decoding=\"async\" data-attachment-id=\"45660\" data-permalink=\"https:\/\/www.grieta.org.mx\/index.php\/2020\/02\/25\/familias-de-desaparecidos-senalan-que-mexico-vive-una-crisis-forense-inedita-en-el-mundo-veracruz\/screenshot_2020-03-06-familias-de-desaparecidos-senalan-que-mexico-vive-una-crisis-forense-inedita-en-el-mundo5\/\" data-orig-file=\"https:\/\/www.grieta.org.mx\/wp-content\/uploads\/2020\/03\/Screenshot_2020-03-06-Familias-de-desaparecidos-se\u00f1alan-que-M\u00e9xico-vive-una-crisis-forense-in\u00e9dita-en-el-mundo5.png\" data-orig-size=\"825,668\" data-comments-opened=\"0\" data-image-meta=\"{&quot;aperture&quot;:&quot;0&quot;,&quot;credit&quot;:&quot;&quot;,&quot;camera&quot;:&quot;&quot;,&quot;caption&quot;:&quot;&quot;,&quot;created_timestamp&quot;:&quot;0&quot;,&quot;copyright&quot;:&quot;&quot;,&quot;focal_length&quot;:&quot;0&quot;,&quot;iso&quot;:&quot;0&quot;,&quot;shutter_speed&quot;:&quot;0&quot;,&quot;title&quot;:&quot;&quot;,&quot;orientation&quot;:&quot;0&quot;}\" data-image-title=\"Screenshot_2020-03-06 Familias de desaparecidos se\u00f1alan que M\u00e9xico vive una crisis forense in\u00e9dita en el mundo(5)\" data-image-description=\"\" data-image-caption=\"\" data-medium-file=\"https:\/\/www.grieta.org.mx\/wp-content\/uploads\/2020\/03\/Screenshot_2020-03-06-Familias-de-desaparecidos-se\u00f1alan-que-M\u00e9xico-vive-una-crisis-forense-in\u00e9dita-en-el-mundo5-300x243.png\" data-large-file=\"https:\/\/www.grieta.org.mx\/wp-content\/uploads\/2020\/03\/Screenshot_2020-03-06-Familias-de-desaparecidos-se\u00f1alan-que-M\u00e9xico-vive-una-crisis-forense-in\u00e9dita-en-el-mundo5.png\" class=\"aligncenter wp-image-45660\" src=\"http:\/\/www.grieta.org.mx\/wp-content\/uploads\/2020\/03\/Screenshot_2020-03-06-Familias-de-desaparecidos-se\u00f1alan-que-M\u00e9xico-vive-una-crisis-forense-in\u00e9dita-en-el-mundo5.png\" alt=\"\" width=\"800\" height=\"648\" srcset=\"https:\/\/www.grieta.org.mx\/wp-content\/uploads\/2020\/03\/Screenshot_2020-03-06-Familias-de-desaparecidos-se\u00f1alan-que-M\u00e9xico-vive-una-crisis-forense-in\u00e9dita-en-el-mundo5.png 825w, https:\/\/www.grieta.org.mx\/wp-content\/uploads\/2020\/03\/Screenshot_2020-03-06-Familias-de-desaparecidos-se\u00f1alan-que-M\u00e9xico-vive-una-crisis-forense-in\u00e9dita-en-el-mundo5-300x243.png 300w, https:\/\/www.grieta.org.mx\/wp-content\/uploads\/2020\/03\/Screenshot_2020-03-06-Familias-de-desaparecidos-se\u00f1alan-que-M\u00e9xico-vive-una-crisis-forense-in\u00e9dita-en-el-mundo5-768x622.png 768w, https:\/\/www.grieta.org.mx\/wp-content\/uploads\/2020\/03\/Screenshot_2020-03-06-Familias-de-desaparecidos-se\u00f1alan-que-M\u00e9xico-vive-una-crisis-forense-in\u00e9dita-en-el-mundo5-618x500.png 618w\" sizes=\"auto, (max-width: 800px) 100vw, 800px\" \/><\/a><\/p>\n<p>&#8220;El Gobierno descart\u00f3 el \u00e1rea en 2017, pero nosotros pedimos pasar como familiares y se empezaron a encontrar restos. Nos dieron ciertos d\u00edas para trabajar y nos luego nos fuimos, pedimos que se resguardara el \u00e1rea, pero no se hizo. Este sitio ha sido un gran descuido de la Fiscal\u00eda del estado de Veracruz&#8221;, sentenci\u00f3 Herrera, quien tiene expectativas de que los peritos del nivel federal de Justicia que trabajan en esta tercera ocasi\u00f3n hagan un mejor trabajo.<\/p>\n<p>Luis Tapia Olivares es uno de los abogados del centro de derechos humanos Agust\u00edn Pro-Ju\u00e1rez que representa a la familia Trujillo-Herrera desde el a\u00f1o 2016 y fue contundente al se\u00f1alar el problema actual.<\/p>\n<p>&#8220;El meollo de la crisis forense del pa\u00eds est\u00e1 en el proceso de identificaci\u00f3n de cuerpos y restos \u00f3seos&#8221;, sostuvo.<\/p>\n<p>El abogado explic\u00f3 que dada la magnitud de los casos registrados oficialmente en el pa\u00eds \u201460.637 personas en enero de 2020\u2014, &#8220;M\u00e9xico necesita crear una capacidad forense que no existe en el pa\u00eds ni en el mundo. Es una locura total lo que estamos viviendo&#8221;.<\/p>\n<p>En la ciudad de Poza Rica, la quinta Brigada Nacional realiz\u00f3 una marcha, un mural conmemorativo a su trabajo bautizado Desenterrando la verdad por la paz y coloc\u00f3 una placa frente a la sede de la Presidencia Municipal local.<\/p>\n<p><a href=\"http:\/\/www.grieta.org.mx\/wp-content\/uploads\/2020\/03\/Screenshot_2020-03-06-Familias-de-desaparecidos-se\u00f1alan-que-M\u00e9xico-vive-una-crisis-forense-in\u00e9dita-en-el-mundo6.png\"><img loading=\"lazy\" decoding=\"async\" data-attachment-id=\"45661\" data-permalink=\"https:\/\/www.grieta.org.mx\/index.php\/2020\/02\/25\/familias-de-desaparecidos-senalan-que-mexico-vive-una-crisis-forense-inedita-en-el-mundo-veracruz\/screenshot_2020-03-06-familias-de-desaparecidos-senalan-que-mexico-vive-una-crisis-forense-inedita-en-el-mundo6\/\" data-orig-file=\"https:\/\/www.grieta.org.mx\/wp-content\/uploads\/2020\/03\/Screenshot_2020-03-06-Familias-de-desaparecidos-se\u00f1alan-que-M\u00e9xico-vive-una-crisis-forense-in\u00e9dita-en-el-mundo6.png\" data-orig-size=\"825,669\" data-comments-opened=\"0\" data-image-meta=\"{&quot;aperture&quot;:&quot;0&quot;,&quot;credit&quot;:&quot;&quot;,&quot;camera&quot;:&quot;&quot;,&quot;caption&quot;:&quot;&quot;,&quot;created_timestamp&quot;:&quot;0&quot;,&quot;copyright&quot;:&quot;&quot;,&quot;focal_length&quot;:&quot;0&quot;,&quot;iso&quot;:&quot;0&quot;,&quot;shutter_speed&quot;:&quot;0&quot;,&quot;title&quot;:&quot;&quot;,&quot;orientation&quot;:&quot;0&quot;}\" data-image-title=\"Screenshot_2020-03-06 Familias de desaparecidos se\u00f1alan que M\u00e9xico vive una crisis forense in\u00e9dita en el mundo(6)\" data-image-description=\"\" data-image-caption=\"\" data-medium-file=\"https:\/\/www.grieta.org.mx\/wp-content\/uploads\/2020\/03\/Screenshot_2020-03-06-Familias-de-desaparecidos-se\u00f1alan-que-M\u00e9xico-vive-una-crisis-forense-in\u00e9dita-en-el-mundo6-300x243.png\" data-large-file=\"https:\/\/www.grieta.org.mx\/wp-content\/uploads\/2020\/03\/Screenshot_2020-03-06-Familias-de-desaparecidos-se\u00f1alan-que-M\u00e9xico-vive-una-crisis-forense-in\u00e9dita-en-el-mundo6.png\" class=\"aligncenter wp-image-45661\" src=\"http:\/\/www.grieta.org.mx\/wp-content\/uploads\/2020\/03\/Screenshot_2020-03-06-Familias-de-desaparecidos-se\u00f1alan-que-M\u00e9xico-vive-una-crisis-forense-in\u00e9dita-en-el-mundo6.png\" alt=\"\" width=\"800\" height=\"649\" srcset=\"https:\/\/www.grieta.org.mx\/wp-content\/uploads\/2020\/03\/Screenshot_2020-03-06-Familias-de-desaparecidos-se\u00f1alan-que-M\u00e9xico-vive-una-crisis-forense-in\u00e9dita-en-el-mundo6.png 825w, https:\/\/www.grieta.org.mx\/wp-content\/uploads\/2020\/03\/Screenshot_2020-03-06-Familias-de-desaparecidos-se\u00f1alan-que-M\u00e9xico-vive-una-crisis-forense-in\u00e9dita-en-el-mundo6-300x243.png 300w, https:\/\/www.grieta.org.mx\/wp-content\/uploads\/2020\/03\/Screenshot_2020-03-06-Familias-de-desaparecidos-se\u00f1alan-que-M\u00e9xico-vive-una-crisis-forense-in\u00e9dita-en-el-mundo6-768x623.png 768w, https:\/\/www.grieta.org.mx\/wp-content\/uploads\/2020\/03\/Screenshot_2020-03-06-Familias-de-desaparecidos-se\u00f1alan-que-M\u00e9xico-vive-una-crisis-forense-in\u00e9dita-en-el-mundo6-617x500.png 617w\" sizes=\"auto, (max-width: 800px) 100vw, 800px\" \/><\/a><br \/>\n<a href=\"https:\/\/mundo.sputniknews.com\/america_del_norte\/202002251090577891-familias-de-desaparecidos-senalan-que-mexico-vive-una-crisis-forense-inedita-en-el-mundo\/\">https:\/\/mundo.sputniknews.com\/america_del_norte\/202002251090577891-familias-de-desaparecidos-senalan-que-mexico-vive-una-crisis-forense-inedita-en-el-mundo\/<\/a><\/p>\n","protected":false},"excerpt":{"rendered":"<p>Eliana Gilet \/ Sputnik News Durante 15 d\u00edas, m\u00e1s de 300 personas se reunieron al norte del estado de Veracruz, en el golfo de M\u00e9xico, para buscar colectivamente a algunas &hellip; <a href=\"https:\/\/www.grieta.org.mx\/index.php\/2020\/02\/25\/familias-de-desaparecidos-senalan-que-mexico-vive-una-crisis-forense-inedita-en-el-mundo-veracruz\/\" class=\"more-link\">Leer m\u00e1s<\/a><\/p>\n","protected":false},"author":1,"featured_media":45653,"comment_status":"closed","ping_status":"closed","sticky":false,"template":"","format":"standard","meta":{"ngg_post_thumbnail":0,"_jetpack_newsletter_access":"","_jetpack_dont_email_post_to_subs":false,"_jetpack_newsletter_tier_id":0,"_jetpack_memberships_contains_paywalled_content":false,"_jetpack_memberships_contains_paid_content":false,"footnotes":""},"categories":[80,87,1012,2,83,35],"tags":[613,2484,856],"class_list":["post-45652","post","type-post","status-publish","format-standard","has-post-thumbnail","hentry","category-cintillo","category-desaparecidos","category-desaparecidos-en-veracruz","category-noticias-nacionales","category-temas-nacionales","category-veracruz","tag-brigada-nacional-de-busqueda","tag-buscadoras","tag-fosas-clandestinas","entry"],"jetpack_featured_media_url":"https:\/\/www.grieta.org.mx\/wp-content\/uploads\/2020\/03\/Screenshot_2020-03-06-Familias-de-desaparecidos-se\u00f1alan-que-M\u00e9xico-vive-una-crisis-forense-in\u00e9dita-en-el-mundo.png","jetpack_sharing_enabled":true,"jetpack_shortlink":"https:\/\/wp.me\/p7ZJR4-bSk","jetpack_likes_enabled":false,"jetpack-related-posts":[{"id":45648,"url":"https:\/\/www.grieta.org.mx\/index.php\/2020\/02\/26\/familias-de-desaparecidos-denuncian-campos-de-exterminio-en-veracruz\/","url_meta":{"origin":45652,"position":0},"title":"Familias de desaparecidos denuncian campos de exterminio en Veracruz","author":"Admin","date":"26 febrero, 2020","format":false,"excerpt":"Eliana Gilet \/ Sputnik News La quinta Brigada Nacional de B\u00fasqueda de personas desaparecidas en M\u00e9xico trabaj\u00f3 durante 15 d\u00edas en la zona norte del estado de Veracruz, particularmente afectado por la reiterada comisi\u00f3n de este delito de lesa humanidad, es decir, que no prescribe y que siempre puede ser\u2026","rel":"","context":"En &quot;CINTILLO&quot;","block_context":{"text":"CINTILLO","link":"https:\/\/www.grieta.org.mx\/index.php\/category\/cintillo\/"},"img":{"alt_text":"","src":"https:\/\/i0.wp.com\/www.grieta.org.mx\/wp-content\/uploads\/2020\/03\/Screenshot_2020-03-06-Familias-de-desaparecidos-denuncian-campos-de-exterminio-en-Veracruz.png?resize=350%2C200&ssl=1","width":350,"height":200,"srcset":"https:\/\/i0.wp.com\/www.grieta.org.mx\/wp-content\/uploads\/2020\/03\/Screenshot_2020-03-06-Familias-de-desaparecidos-denuncian-campos-de-exterminio-en-Veracruz.png?resize=350%2C200&ssl=1 1x, https:\/\/i0.wp.com\/www.grieta.org.mx\/wp-content\/uploads\/2020\/03\/Screenshot_2020-03-06-Familias-de-desaparecidos-denuncian-campos-de-exterminio-en-Veracruz.png?resize=525%2C300&ssl=1 1.5x, https:\/\/i0.wp.com\/www.grieta.org.mx\/wp-content\/uploads\/2020\/03\/Screenshot_2020-03-06-Familias-de-desaparecidos-denuncian-campos-de-exterminio-en-Veracruz.png?resize=700%2C400&ssl=1 2x, https:\/\/i0.wp.com\/www.grieta.org.mx\/wp-content\/uploads\/2020\/03\/Screenshot_2020-03-06-Familias-de-desaparecidos-denuncian-campos-de-exterminio-en-Veracruz.png?resize=1050%2C600&ssl=1 3x"},"classes":[]},{"id":44221,"url":"https:\/\/www.grieta.org.mx\/index.php\/2020\/02\/09\/familiares-de-desaparecidos-en-mexico-organizan-una-brigada-nacional-de-busqueda-veracruz\/","url_meta":{"origin":45652,"position":1},"title":"Familiares de desaparecidos en M\u00e9xico organizan una brigada nacional de b\u00fasqueda (Veracruz)","author":"grieta","date":"9 febrero, 2020","format":false,"excerpt":"Jos\u00e9 Beltr\u00e1n \/ Reuters Al menos 74 colectivos de familiares realizar\u00e1n recorridos en las comunidades de Papantla, Poza Rica, Tihuatl\u00e1n, Tuxpan y Guti\u00e9rrez Zamora, al norte de Veracruz. Este viernes 7 de febrero, alrededor de 300 personas de 21 estados participar\u00e1n en la Quinta Brigada Nacional de B\u00fasqueda de Personas\u2026","rel":"","context":"En &quot;CINTILLO&quot;","block_context":{"text":"CINTILLO","link":"https:\/\/www.grieta.org.mx\/index.php\/category\/cintillo\/"},"img":{"alt_text":"","src":"https:\/\/i0.wp.com\/www.grieta.org.mx\/wp-content\/uploads\/2020\/02\/5e3da9cde9ff717dd76b9c5e.jpg?resize=350%2C200&ssl=1","width":350,"height":200,"srcset":"https:\/\/i0.wp.com\/www.grieta.org.mx\/wp-content\/uploads\/2020\/02\/5e3da9cde9ff717dd76b9c5e.jpg?resize=350%2C200&ssl=1 1x, https:\/\/i0.wp.com\/www.grieta.org.mx\/wp-content\/uploads\/2020\/02\/5e3da9cde9ff717dd76b9c5e.jpg?resize=525%2C300&ssl=1 1.5x, https:\/\/i0.wp.com\/www.grieta.org.mx\/wp-content\/uploads\/2020\/02\/5e3da9cde9ff717dd76b9c5e.jpg?resize=700%2C400&ssl=1 2x, https:\/\/i0.wp.com\/www.grieta.org.mx\/wp-content\/uploads\/2020\/02\/5e3da9cde9ff717dd76b9c5e.jpg?resize=1050%2C600&ssl=1 3x"},"classes":[]},{"id":44195,"url":"https:\/\/www.grieta.org.mx\/index.php\/2020\/02\/03\/familiares-de-desaparecidos-botean-en-caseta-mexico-cuernavaca-veracruz-ciudad-de-mexico\/","url_meta":{"origin":45652,"position":2},"title":"Familiares de desaparecidos &#8220;botean&#8221; en caseta M\u00e9xico-Cuernavaca (Veracruz, Ciudad de M\u00e9xico)","author":"grieta","date":"3 febrero, 2020","format":false,"excerpt":"Jorge Gonz\u00e1lez \/ Imagen Radio La tarde de este lunes un grupo de aproximadamente 30 personas tomaron la caseta M\u00e9xico-Cuernavaca. Se reunieron en el kil\u00f3metro 23 + 750 de la autopista para realizar una protesta que consiste en tomar las taquillas de cobro tanto para ingresar como para salir de\u2026","rel":"","context":"En &quot;CINTILLO&quot;","block_context":{"text":"CINTILLO","link":"https:\/\/www.grieta.org.mx\/index.php\/category\/cintillo\/"},"img":{"alt_text":"","src":"https:\/\/i0.wp.com\/www.grieta.org.mx\/wp-content\/uploads\/2020\/02\/whatsapp_image_2020-02-03_at_3.jpg?resize=350%2C200&ssl=1","width":350,"height":200,"srcset":"https:\/\/i0.wp.com\/www.grieta.org.mx\/wp-content\/uploads\/2020\/02\/whatsapp_image_2020-02-03_at_3.jpg?resize=350%2C200&ssl=1 1x, https:\/\/i0.wp.com\/www.grieta.org.mx\/wp-content\/uploads\/2020\/02\/whatsapp_image_2020-02-03_at_3.jpg?resize=525%2C300&ssl=1 1.5x, https:\/\/i0.wp.com\/www.grieta.org.mx\/wp-content\/uploads\/2020\/02\/whatsapp_image_2020-02-03_at_3.jpg?resize=700%2C400&ssl=1 2x"},"classes":[]},{"id":44218,"url":"https:\/\/www.grieta.org.mx\/index.php\/2020\/02\/09\/inicia-la-mayor-busqueda-de-desaparecidos-en-mexico-veracruz\/","url_meta":{"origin":45652,"position":3},"title":"Inicia la mayor b\u00fasqueda de desaparecidos en M\u00e9xico (Veracruz)","author":"grieta","date":"9 febrero, 2020","format":false,"excerpt":"Texto: Jos\u00e9 Ignacio De Alba \/ Pie de P\u00e1gina Foto: M\u00f3nica Gonz\u00e1lez Unas 350 personas de 21 estados del pa\u00eds inician en Veracruz una extensa jornada de localizaci\u00f3n de cuerpos. Mientras, el gobierno mexicano se mantiene al margen Papantla, Veracruz, es una de las zonas m\u00e1s peligrosas del pa\u00eds. Y\u2026","rel":"","context":"En &quot;CINTILLO&quot;","block_context":{"text":"CINTILLO","link":"https:\/\/www.grieta.org.mx\/index.php\/category\/cintillo\/"},"img":{"alt_text":"","src":"https:\/\/i0.wp.com\/www.grieta.org.mx\/wp-content\/uploads\/2020\/02\/pdp_brigadadebusqueda_monicagonzalez.jpg?resize=350%2C200&ssl=1","width":350,"height":200,"srcset":"https:\/\/i0.wp.com\/www.grieta.org.mx\/wp-content\/uploads\/2020\/02\/pdp_brigadadebusqueda_monicagonzalez.jpg?resize=350%2C200&ssl=1 1x, https:\/\/i0.wp.com\/www.grieta.org.mx\/wp-content\/uploads\/2020\/02\/pdp_brigadadebusqueda_monicagonzalez.jpg?resize=525%2C300&ssl=1 1.5x, https:\/\/i0.wp.com\/www.grieta.org.mx\/wp-content\/uploads\/2020\/02\/pdp_brigadadebusqueda_monicagonzalez.jpg?resize=700%2C400&ssl=1 2x"},"classes":[]},{"id":46509,"url":"https:\/\/www.grieta.org.mx\/index.php\/2020\/03\/09\/brigada-nacional-de-busqueda-llega-a-jalisco\/","url_meta":{"origin":45652,"position":4},"title":"Brigada Nacional de B\u00fasqueda llega a Jalisco","author":"grieta","date":"9 marzo, 2020","format":false,"excerpt":"Foto: Lauro Rodr\u00edguez Lauro Rodriguez \/El Diario NTR Esta informaci\u00f3n es originalmente trabajada por una mujer, quien hoy est\u00e1 en paro. La Brigada Nacional de B\u00fasqueda lleg\u00f3 a Jalisco y visitar\u00e1n hospitales y c\u00e1rceles en b\u00fasqueda de sus familiares desaparecidos. Integrantes del grupo mencionaron que en varias ocasiones, a las\u2026","rel":"","context":"En &quot;CINTILLO&quot;","block_context":{"text":"CINTILLO","link":"https:\/\/www.grieta.org.mx\/index.php\/category\/cintillo\/"},"img":{"alt_text":"","src":"https:\/\/i0.wp.com\/www.grieta.org.mx\/wp-content\/uploads\/2020\/03\/2020-03-09_12-03-48___3201.jpg?resize=350%2C200&ssl=1","width":350,"height":200,"srcset":"https:\/\/i0.wp.com\/www.grieta.org.mx\/wp-content\/uploads\/2020\/03\/2020-03-09_12-03-48___3201.jpg?resize=350%2C200&ssl=1 1x, https:\/\/i0.wp.com\/www.grieta.org.mx\/wp-content\/uploads\/2020\/03\/2020-03-09_12-03-48___3201.jpg?resize=525%2C300&ssl=1 1.5x, https:\/\/i0.wp.com\/www.grieta.org.mx\/wp-content\/uploads\/2020\/03\/2020-03-09_12-03-48___3201.jpg?resize=700%2C400&ssl=1 2x"},"classes":[]},{"id":28693,"url":"https:\/\/www.grieta.org.mx\/index.php\/2019\/02\/01\/familias-buscan-desaparecidos-en-mexico-en-una-brigada-independient-guerrero\/","url_meta":{"origin":45652,"position":5},"title":"Familias buscan desaparecidos en M\u00e9xico en una brigada independiente (Guerrero)","author":"grieta","date":"1 febrero, 2019","format":false,"excerpt":"Eliana Gilet \/ Sputnik Noticias La Brigada Nacional de B\u00fasqueda de Personas Desaparecidas naci\u00f3 en 2016, como un esfuerzo colectivo para enfrentar una crisis nacional. Seg\u00fan el \u00faltimo dato oficial, hasta diciembre de 2018 se tiene registro de 40.180 casos de personas en M\u00e9xico cuyo paradero se desconoce, en menos\u2026","rel":"","context":"En &quot;CINTILLO&quot;","block_context":{"text":"CINTILLO","link":"https:\/\/www.grieta.org.mx\/index.php\/category\/cintillo\/"},"img":{"alt_text":"","src":"https:\/\/i0.wp.com\/www.grieta.org.mx\/wp-content\/uploads\/2019\/02\/1085160620.jpg?resize=350%2C200&ssl=1","width":350,"height":200,"srcset":"https:\/\/i0.wp.com\/www.grieta.org.mx\/wp-content\/uploads\/2019\/02\/1085160620.jpg?resize=350%2C200&ssl=1 1x, https:\/\/i0.wp.com\/www.grieta.org.mx\/wp-content\/uploads\/2019\/02\/1085160620.jpg?resize=525%2C300&ssl=1 1.5x"},"classes":[]}],"_links":{"self":[{"href":"https:\/\/www.grieta.org.mx\/index.php\/wp-json\/wp\/v2\/posts\/45652","targetHints":{"allow":["GET"]}}],"collection":[{"href":"https:\/\/www.grieta.org.mx\/index.php\/wp-json\/wp\/v2\/posts"}],"about":[{"href":"https:\/\/www.grieta.org.mx\/index.php\/wp-json\/wp\/v2\/types\/post"}],"author":[{"embeddable":true,"href":"https:\/\/www.grieta.org.mx\/index.php\/wp-json\/wp\/v2\/users\/1"}],"replies":[{"embeddable":true,"href":"https:\/\/www.grieta.org.mx\/index.php\/wp-json\/wp\/v2\/comments?post=45652"}],"version-history":[{"count":1,"href":"https:\/\/www.grieta.org.mx\/index.php\/wp-json\/wp\/v2\/posts\/45652\/revisions"}],"predecessor-version":[{"id":45662,"href":"https:\/\/www.grieta.org.mx\/index.php\/wp-json\/wp\/v2\/posts\/45652\/revisions\/45662"}],"wp:featuredmedia":[{"embeddable":true,"href":"https:\/\/www.grieta.org.mx\/index.php\/wp-json\/wp\/v2\/media\/45653"}],"wp:attachment":[{"href":"https:\/\/www.grieta.org.mx\/index.php\/wp-json\/wp\/v2\/media?parent=45652"}],"wp:term":[{"taxonomy":"category","embeddable":true,"href":"https:\/\/www.grieta.org.mx\/index.php\/wp-json\/wp\/v2\/categories?post=45652"},{"taxonomy":"post_tag","embeddable":true,"href":"https:\/\/www.grieta.org.mx\/index.php\/wp-json\/wp\/v2\/tags?post=45652"}],"curies":[{"name":"wp","href":"https:\/\/api.w.org\/{rel}","templated":true}]}}