{"id":45650,"date":"2020-02-20T11:31:42","date_gmt":"2020-02-20T17:31:42","guid":{"rendered":"http:\/\/www.grieta.org.mx\/?p=45650"},"modified":"2020-03-06T11:43:47","modified_gmt":"2020-03-06T17:43:47","slug":"meseta-purepecha-la-violacion-sistematica-a-derechos-de-indigena-michoacan","status":"publish","type":"post","link":"https:\/\/www.grieta.org.mx\/index.php\/2020\/02\/20\/meseta-purepecha-la-violacion-sistematica-a-derechos-de-indigena-michoacan\/","title":{"rendered":"Meseta pur\u00e9pecha: la violaci\u00f3n sistem\u00e1tica a derechos de ind\u00edgena (Michoac\u00e1n)"},"content":{"rendered":"<figure id=\"attachment_45656\" aria-describedby=\"caption-attachment-45656\" style=\"width: 800px\" class=\"wp-caption aligncenter\"><img loading=\"lazy\" decoding=\"async\" data-attachment-id=\"45656\" data-permalink=\"https:\/\/www.grieta.org.mx\/index.php\/2020\/02\/20\/meseta-purepecha-la-violacion-sistematica-a-derechos-de-indigena-michoacan\/serapaz-870x522\/\" data-orig-file=\"https:\/\/www.grieta.org.mx\/wp-content\/uploads\/2020\/03\/serapaz-870x522.jpg\" data-orig-size=\"870,522\" data-comments-opened=\"0\" data-image-meta=\"{&quot;aperture&quot;:&quot;0&quot;,&quot;credit&quot;:&quot;&quot;,&quot;camera&quot;:&quot;&quot;,&quot;caption&quot;:&quot;&quot;,&quot;created_timestamp&quot;:&quot;0&quot;,&quot;copyright&quot;:&quot;&quot;,&quot;focal_length&quot;:&quot;0&quot;,&quot;iso&quot;:&quot;0&quot;,&quot;shutter_speed&quot;:&quot;0&quot;,&quot;title&quot;:&quot;&quot;,&quot;orientation&quot;:&quot;0&quot;}\" data-image-title=\"serapaz-870&amp;#215;522\" data-image-description=\"\" data-image-caption=\"&lt;p&gt;Ind\u00edgenas en la meseta pur\u00e9pecha. Foto: Serapaz&lt;\/p&gt;\n\" data-medium-file=\"https:\/\/www.grieta.org.mx\/wp-content\/uploads\/2020\/03\/serapaz-870x522-300x180.jpg\" data-large-file=\"https:\/\/www.grieta.org.mx\/wp-content\/uploads\/2020\/03\/serapaz-870x522.jpg\" class=\"wp-image-45656\" src=\"http:\/\/www.grieta.org.mx\/wp-content\/uploads\/2020\/03\/serapaz-870x522.jpg\" alt=\"\" width=\"800\" height=\"480\" srcset=\"https:\/\/www.grieta.org.mx\/wp-content\/uploads\/2020\/03\/serapaz-870x522.jpg 870w, https:\/\/www.grieta.org.mx\/wp-content\/uploads\/2020\/03\/serapaz-870x522-300x180.jpg 300w, https:\/\/www.grieta.org.mx\/wp-content\/uploads\/2020\/03\/serapaz-870x522-768x461.jpg 768w, https:\/\/www.grieta.org.mx\/wp-content\/uploads\/2020\/03\/serapaz-870x522-833x500.jpg 833w\" sizes=\"auto, (max-width: 800px) 100vw, 800px\" \/><figcaption id=\"caption-attachment-45656\" class=\"wp-caption-text\">Ind\u00edgenas en la meseta pur\u00e9pecha. Foto: Serapaz<\/figcaption><\/figure>\n<p>Gloria Leticia D\u00edaz \/ Proceso, 20 de Febrero de 2020<br \/>\nMORELIA, Mich. (apro).- Una misi\u00f3n de observaci\u00f3n a comunidades ind\u00edgenas de la meseta pur\u00e9pecha document\u00f3 violaciones graves a los derechos humanos, derivados de la lucha por la libre determinaci\u00f3n de sus derechos y de sus territorios.<\/p>\n<p>Representantes de Servicios y Asesor\u00eda de Paz (Serapaz), el Centro de Derechos Humanos Agust\u00edn Pro Ju\u00e1rez, Centro de Derechos Humanos Fray Francisco de Vitoria, la Red Solidaria de Derechos Humanos de Michoac\u00e1n, el Instituto Mexicano para el Desarrollo Comunitario (IMDEC) y la Red de Organismos Civiles de Derechos Humanos Todos los Derechos para Todas y Todos (Red TDT), que representa a 86 organizaciones en 23 estados, rindieron un informe preliminar tras visitar cuatro comunidades en igual n\u00famero de d\u00edas.<\/p>\n<p>Acompa\u00f1ado de representantes de concejos ind\u00edgenas de Comachu\u00e9n, Arantepacua, Sevina y la cabecera municipal de Nahuatzen, Le\u00f3n P\u00e9rez, de Serapaz, advirti\u00f3 sobre \u201cdificultades para ejercer la libre determinaci\u00f3n de los pueblos ind\u00edgenas para decidir su forma de gobierno, as\u00ed (como) los problemas para acceder a la justicia, hay una impunidad prevalente y una criminalizaci\u00f3n en contra de los concejos ind\u00edgenas\u201d.<\/p>\n<p>Agreg\u00f3 que, de acuerdo a los testimonios recabados durante cuatro d\u00edas en la regi\u00f3n pur\u00e9pecha, pudieron documentar las agresiones directas por parte de la polic\u00eda estatal, as\u00ed como \u201cviolencia de g\u00e9nero contra mujeres concejales y violencia econ\u00f3mica para ejercer los recursos que le corresponden a cada comunidad\u201d, de ah\u00ed que hay una exigencia de establecer un marco jur\u00eddico que acabe con los obst\u00e1culos para las comunidades.<\/p>\n<p>Fernando R\u00edos, secretario ejecutivo de la Red TDT, resalt\u00f3 que tras a\u00f1os de acompa\u00f1ar a las comunidades en la defensa de derechos humanos, las organizaciones constataron durante la visita de cuatro d\u00edas en la regi\u00f3n que \u201cestas comunidades han sido fuertemente agredidas en los \u00faltimos a\u00f1os, al haber decidido dar un rev\u00e9s a los partidos pol\u00edticos, quienes se estaban beneficiando de los recursos econ\u00f3micos destinados al municipio de Nahuatzen\u201d.<\/p>\n<p>Con el rechazo al sistema de partidos pol\u00edticos, las comunidades ind\u00edgenas dejaron entrever \u201cla importancia de ejercer el presupuesto y ver por sus propias necesidades, lo que han hecho de manera transparente\u201d y ha tenido como respuesta \u201cla violencia, hay elementos para decir que hay violaciones a derechos humanos, hay una pol\u00edtica constante de criminalizaci\u00f3n y judicializaci\u00f3n\u201d contra los concejales, con el objetivo de \u201cdetener su trabajo\u201d, apunt\u00f3 R\u00edos.<\/p>\n<p>El secretario ejecutivo de la Red TDT denunci\u00f3 que, durante su visita a la comunidad de Comachu\u00e9n, fue intimidado por una persona identificada como opositora al concejo ind\u00edgena, que este domingo, de manera irregular, ser\u00e1 sometido a una auscultaci\u00f3n promovida por el Tribunal Electoral del estado de Michoac\u00e1n, para determinar si se mantiene el actual concejo en esa comunidad, encabezado por Mar\u00eda Eugenia Gabriel Ruiz, quien ha sido v\u00edctima de violencia de g\u00e9nero, amenazas y de intento de homicidio.<\/p>\n<p>Sobre la consulta que se llevar\u00e1 a cabo este domingo en Comachu\u00e9n, Fernando R\u00edos responsabiliz\u00f3 \u201cal gobierno del estado, a la presidencia municipal de Nahuatzen (al que pertenece esa comunidad), as\u00ed como a los partidos pol\u00edticos de los actos de violencia que puedan ocurrir para incidir en el ejercicio\u201d, que ha sido considerado como un exceso en las atribuciones del Tribunal electoral.<\/p>\n<p>Claudia Ignacio \u00c1lvarez resalt\u00f3 que la misi\u00f3n de observaci\u00f3n permiti\u00f3 ahondar en la documentaci\u00f3n de casos graves a los derechos humanos, como la ejecuci\u00f3n extrajudicial de cuatro personas, entre ellos un menor de edad, uso excesivo de la fuerza p\u00fabica, allanamientos, detenciones arbitrarias de 48 comuneros, as\u00ed como fallas en los procesos judiciales.<\/p>\n<p>La defensora resalt\u00f3 que a tres a\u00f1os de los acontecimientos las familias de las v\u00edctimas \u201cno han tenido acceso a la justicia y reparaci\u00f3n, al contrario, siguen siendo v\u00edctimas de hostigamiento y amenazas\u201d.<\/p>\n<p>Ana G\u00f3mez, del Centro de Derechos Humanos Fray Francisco de Vitoria, exigi\u00f3 la liberaci\u00f3n de los concejales ind\u00edgenas de Nahuatzen, Jos\u00e9 Antonio Arreola y Jos\u00e9 Luis Jim\u00e9nez, y del simpatizante Gerardo Talavera, detenidos por cargos de robo agravado y sabotaje.<\/p>\n<p>Los activistas exigieron a la Fiscal\u00eda General del estado esclarecer los hechos de violencia, que se cumpla con la entrega de recursos a los concejos, respeto a los derechos pol\u00edticos de las mujeres; el cese de acciones judiciales que obstaculizan la labor de los concejos, y el cese de las pr\u00e1cticas sistem\u00e1tica de hostigamiento y criminalizaci\u00f3n de las comunidades que \u201cimpiden el derecho a las comunidades a ejercer su libre determinaci\u00f3n y autonom\u00eda\u201d.<\/p>\n<p><a href=\"https:\/\/www.proceso.com.mx\/618715\/meseta-purepecha-la-violacion-sistematica-a-derechos-de-indigenas\">https:\/\/www.proceso.com.mx\/618715\/meseta-purepecha-la-violacion-sistematica-a-derechos-de-indigenas<\/a><\/p>\n","protected":false},"excerpt":{"rendered":"<p>Gloria Leticia D\u00edaz \/ Proceso, 20 de Febrero de 2020 MORELIA, Mich. (apro).- Una misi\u00f3n de observaci\u00f3n a comunidades ind\u00edgenas de la meseta pur\u00e9pecha document\u00f3 violaciones graves a los derechos &hellip; <a href=\"https:\/\/www.grieta.org.mx\/index.php\/2020\/02\/20\/meseta-purepecha-la-violacion-sistematica-a-derechos-de-indigena-michoacan\/\" class=\"more-link\">Leer m\u00e1s<\/a><\/p>\n","protected":false},"author":2,"featured_media":45656,"comment_status":"closed","ping_status":"closed","sticky":false,"template":"","format":"standard","meta":{"ngg_post_thumbnail":0,"_jetpack_newsletter_access":"","_jetpack_dont_email_post_to_subs":false,"_jetpack_newsletter_tier_id":0,"_jetpack_memberships_contains_paywalled_content":false,"_jetpack_memberships_contains_paid_content":false,"footnotes":""},"categories":[80,994,21,1169,995],"tags":[2466],"class_list":["post-45650","post","type-post","status-publish","format-standard","has-post-thumbnail","hentry","category-cintillo","category-lucha-y-resistencia-del-pueblo-purhepecha-de-cheran","category-michoacan","category-organizacion-autonoma-del-consejo-supremos-indigena-de-michoacan","category-resistencia-y-construccion-de-autonomia-de-las-comunidades-rurales-en-michoacan","tag-luchas-y-resistencias-de-pueblos-originarios","entry"],"jetpack_featured_media_url":"https:\/\/www.grieta.org.mx\/wp-content\/uploads\/2020\/03\/serapaz-870x522.jpg","jetpack_sharing_enabled":true,"jetpack_shortlink":"https:\/\/wp.me\/p7ZJR4-bSi","jetpack_likes_enabled":false,"jetpack-related-posts":[{"id":35868,"url":"https:\/\/www.grieta.org.mx\/index.php\/2019\/07\/03\/serapaz-denuncia-el-encarcelamiento-de-tres-activistas-de-la-comunidad-indigena-de-nahuatzen-michoacan\/","url_meta":{"origin":45650,"position":0},"title":"Serapaz denuncia el encarcelamiento de tres activistas de la comunidad ind\u00edgena de Nahuatzen (Michoac\u00e1n)","author":"grieta","date":"3 julio, 2019","format":false,"excerpt":"Por Ixtlix\u00f3chitl L\u00f3pez \/ Proceso, 3 de julio de 2019 CIUDAD DE M\u00c9XICO (apro).- La organizaci\u00f3n Servicios y Asesor\u00eda para la Paz (Serapaz) denunci\u00f3 el injusto encarcelamiento de Jos\u00e9 Antonio Arreola, Jos\u00e9 Luis Jim\u00e9nez y Jos\u00e9 Gerardo Talavera, miembros de la comunidad ind\u00edgena pur\u00e9pecha de Nahuatzen, Michoac\u00e1n, privados de la\u2026","rel":"","context":"En &quot;CINTILLO&quot;","block_context":{"text":"CINTILLO","link":"https:\/\/www.grieta.org.mx\/index.php\/category\/cintillo\/"},"img":{"alt_text":"","src":"https:\/\/i0.wp.com\/www.grieta.org.mx\/wp-content\/uploads\/2019\/07\/Nahua-1078x808.jpg?resize=350%2C200&ssl=1","width":350,"height":200,"srcset":"https:\/\/i0.wp.com\/www.grieta.org.mx\/wp-content\/uploads\/2019\/07\/Nahua-1078x808.jpg?resize=350%2C200&ssl=1 1x, https:\/\/i0.wp.com\/www.grieta.org.mx\/wp-content\/uploads\/2019\/07\/Nahua-1078x808.jpg?resize=525%2C300&ssl=1 1.5x, https:\/\/i0.wp.com\/www.grieta.org.mx\/wp-content\/uploads\/2019\/07\/Nahua-1078x808.jpg?resize=700%2C400&ssl=1 2x, https:\/\/i0.wp.com\/www.grieta.org.mx\/wp-content\/uploads\/2019\/07\/Nahua-1078x808.jpg?resize=1050%2C600&ssl=1 3x"},"classes":[]},{"id":59220,"url":"https:\/\/www.grieta.org.mx\/index.php\/2021\/04\/06\/exigen-libertad-a-presos-politicos-en-michoacan-afuera-de-scjn\/","url_meta":{"origin":45650,"position":1},"title":"Exigen libertad a presos pol\u00edticos en Michoac\u00e1n afuera de SCJN","author":"grieta","date":"6 abril, 2021","format":false,"excerpt":"Los integrantes del Concejo se dieron cita en el lugar para exigir la liberaci\u00f3n de los concejales Jos\u00e9 Luis Jim\u00e9nez y Jos\u00e9 Antonio Arreola, Nora Bucio, MVS Noticias, 06 de abril de 2021 Integrantes del Concejo Ciudadano Ind\u00edgena de Nahuatzen, se manifestaron afuera de la sede de la Suprema Corte\u2026","rel":"","context":"En &quot;Autonom\u00edas&quot;","block_context":{"text":"Autonom\u00edas","link":"https:\/\/www.grieta.org.mx\/index.php\/category\/resistencias\/autonomias\/"},"img":{"alt_text":"","src":"https:\/\/i0.wp.com\/www.grieta.org.mx\/wp-content\/uploads\/2021\/05\/ccdcd426-whatsapp-image-2021-04-06-at-13.38.21.jpeg?resize=350%2C200&ssl=1","width":350,"height":200,"srcset":"https:\/\/i0.wp.com\/www.grieta.org.mx\/wp-content\/uploads\/2021\/05\/ccdcd426-whatsapp-image-2021-04-06-at-13.38.21.jpeg?resize=350%2C200&ssl=1 1x, https:\/\/i0.wp.com\/www.grieta.org.mx\/wp-content\/uploads\/2021\/05\/ccdcd426-whatsapp-image-2021-04-06-at-13.38.21.jpeg?resize=525%2C300&ssl=1 1.5x, https:\/\/i0.wp.com\/www.grieta.org.mx\/wp-content\/uploads\/2021\/05\/ccdcd426-whatsapp-image-2021-04-06-at-13.38.21.jpeg?resize=700%2C400&ssl=1 2x"},"classes":[]},{"id":45102,"url":"https:\/\/www.grieta.org.mx\/index.php\/2020\/02\/21\/el-gobierno-de-michoacan-quiere-detener-autonomia-en-municipios-indigenas\/","url_meta":{"origin":45650,"position":2},"title":"El gobierno de Michoac\u00e1n quiere detener autonom\u00eda en municipios ind\u00edgenas","author":"grieta","date":"21 febrero, 2020","format":false,"excerpt":". Despu\u00e9s de una misi\u00f3n de observaci\u00f3n, un grupo de organizaciones de defensa de derechos humanos\u00a0 document\u00f3 c\u00f3mo el gobierno del estado de Michoac\u00e1n mina los procesos de autonom\u00eda de comunidades ind\u00edgenas de la meseta pur\u00e9pecha\u00a0 Texto y fotos: Arturo Contreras Camero,PiedePagina, 21 de febrero de 2020 MORELIA, MICHOAC\u00c1N.- A\u2026","rel":"","context":"En &quot;CINTILLO&quot;","block_context":{"text":"CINTILLO","link":"https:\/\/www.grieta.org.mx\/index.php\/category\/cintillo\/"},"img":{"alt_text":"","src":"https:\/\/i0.wp.com\/www.grieta.org.mx\/wp-content\/uploads\/2020\/02\/Pdp_michoacan2_Arturo_contreras.jpg?resize=350%2C200&ssl=1","width":350,"height":200,"srcset":"https:\/\/i0.wp.com\/www.grieta.org.mx\/wp-content\/uploads\/2020\/02\/Pdp_michoacan2_Arturo_contreras.jpg?resize=350%2C200&ssl=1 1x, https:\/\/i0.wp.com\/www.grieta.org.mx\/wp-content\/uploads\/2020\/02\/Pdp_michoacan2_Arturo_contreras.jpg?resize=525%2C300&ssl=1 1.5x, https:\/\/i0.wp.com\/www.grieta.org.mx\/wp-content\/uploads\/2020\/02\/Pdp_michoacan2_Arturo_contreras.jpg?resize=700%2C400&ssl=1 2x, https:\/\/i0.wp.com\/www.grieta.org.mx\/wp-content\/uploads\/2020\/02\/Pdp_michoacan2_Arturo_contreras.jpg?resize=1050%2C600&ssl=1 3x"},"classes":[]},{"id":57157,"url":"https:\/\/www.grieta.org.mx\/index.php\/2021\/02\/18\/iden-a-la-corte-libertad-de-concejales-que-luchan-por-la-autonomia-purepecha-michoacan\/","url_meta":{"origin":45650,"position":3},"title":"iden a la Corte libertad de concejales que luchan por la autonom\u00eda pur\u00e9pecha (Michoac\u00e1n)","author":"grieta","date":"18 febrero, 2021","format":false,"excerpt":"El Concejo Ciudadano Ind\u00edgena de Nahuatzen, en la meseta pur\u00e9pecha de Michoac\u00e1n, promovi\u00f3 un recurso de reclamaci\u00f3n con el que esperan que la Suprema Corte ayude a liberar a dos autoridades ind\u00edgenas de la comunidad que fueron aprehendidos en 2018 para reprimir la construcci\u00f3n de un gobierno aut\u00f3nomo en la\u2026","rel":"","context":"En &quot;CINTILLO&quot;","block_context":{"text":"CINTILLO","link":"https:\/\/www.grieta.org.mx\/index.php\/category\/cintillo\/"},"img":{"alt_text":"","src":"https:\/\/i0.wp.com\/www.grieta.org.mx\/wp-content\/uploads\/2021\/02\/Nahuatzen_Mario-Marlo_Zona_Docs.jpg?resize=350%2C200&ssl=1","width":350,"height":200,"srcset":"https:\/\/i0.wp.com\/www.grieta.org.mx\/wp-content\/uploads\/2021\/02\/Nahuatzen_Mario-Marlo_Zona_Docs.jpg?resize=350%2C200&ssl=1 1x, https:\/\/i0.wp.com\/www.grieta.org.mx\/wp-content\/uploads\/2021\/02\/Nahuatzen_Mario-Marlo_Zona_Docs.jpg?resize=525%2C300&ssl=1 1.5x, https:\/\/i0.wp.com\/www.grieta.org.mx\/wp-content\/uploads\/2021\/02\/Nahuatzen_Mario-Marlo_Zona_Docs.jpg?resize=700%2C400&ssl=1 2x"},"classes":[]},{"id":23275,"url":"https:\/\/www.grieta.org.mx\/index.php\/2018\/05\/23\/denuncia-de-la-comunidad-purepecha-de-nurio-michoacan\/","url_meta":{"origin":45650,"position":4},"title":"Denuncia de la Comunidad Pur\u00e9pecha de Nurio (Michoac\u00e1n)","author":"grieta","date":"23 mayo, 2018","format":false,"excerpt":"A la opini\u00f3n p\u00fablica Al Congreso Nacional Ind\u00edgena Al Ej\u00e9rcito Zapatista de Liberaci\u00f3n Nacional A los medios de comunicaci\u00f3n libres nacionales e internacionales A las comunidades ind\u00edgenas hermanas de M\u00e9xico y del mundo A la sociedad civil nacional e internacional Informamos que el d\u00eda de ayer 22 de mayo del\u2026","rel":"","context":"En &quot;28. Nur\u00edo&quot;","block_context":{"text":"28. Nur\u00edo","link":"https:\/\/www.grieta.org.mx\/index.php\/category\/espejos-de-la-resistencia\/28-nurio\/"},"img":{"alt_text":"","src":"https:\/\/i0.wp.com\/www.grieta.org.mx\/wp-content\/uploads\/2018\/03\/14524434_1106112876131411_958039263622046936_o.jpg?resize=350%2C200&ssl=1","width":350,"height":200,"srcset":"https:\/\/i0.wp.com\/www.grieta.org.mx\/wp-content\/uploads\/2018\/03\/14524434_1106112876131411_958039263622046936_o.jpg?resize=350%2C200&ssl=1 1x, https:\/\/i0.wp.com\/www.grieta.org.mx\/wp-content\/uploads\/2018\/03\/14524434_1106112876131411_958039263622046936_o.jpg?resize=525%2C300&ssl=1 1.5x, https:\/\/i0.wp.com\/www.grieta.org.mx\/wp-content\/uploads\/2018\/03\/14524434_1106112876131411_958039263622046936_o.jpg?resize=700%2C400&ssl=1 2x"},"classes":[]},{"id":64747,"url":"https:\/\/www.grieta.org.mx\/index.php\/2022\/08\/12\/csim-realizara-encuentro-para-analizar-la-conquista-michoacan\/","url_meta":{"origin":45650,"position":5},"title":"CSIM realizar\u00e1 encuentro para analizar la Conquista  (Michoac\u00e1n)","author":"grieta","date":"12 agosto, 2022","format":false,"excerpt":"El evento se realizar\u00e1 en la comunidad ind\u00edgena de Santa Fe de la Laguna Laura \u00c1valos | El Sol de Morelia, 12 de agosto de 2022 Morelia, Michoac\u00e1n (OEM-Infomex).- El pr\u00f3ximo mi\u00e9rcoles 17 de agosto de 2022, se llevar\u00e1 a cabo el primer encuentro de resistencia y lucha ind\u00edgena de\u2026","rel":"","context":"En &quot;CINTILLO&quot;","block_context":{"text":"CINTILLO","link":"https:\/\/www.grieta.org.mx\/index.php\/category\/cintillo\/"},"img":{"alt_text":"","src":"https:\/\/i0.wp.com\/www.grieta.org.mx\/wp-content\/uploads\/2022\/08\/Presos-indi%CC%81genas.jpg?resize=350%2C200&ssl=1","width":350,"height":200,"srcset":"https:\/\/i0.wp.com\/www.grieta.org.mx\/wp-content\/uploads\/2022\/08\/Presos-indi%CC%81genas.jpg?resize=350%2C200&ssl=1 1x, https:\/\/i0.wp.com\/www.grieta.org.mx\/wp-content\/uploads\/2022\/08\/Presos-indi%CC%81genas.jpg?resize=525%2C300&ssl=1 1.5x, https:\/\/i0.wp.com\/www.grieta.org.mx\/wp-content\/uploads\/2022\/08\/Presos-indi%CC%81genas.jpg?resize=700%2C400&ssl=1 2x"},"classes":[]}],"_links":{"self":[{"href":"https:\/\/www.grieta.org.mx\/index.php\/wp-json\/wp\/v2\/posts\/45650","targetHints":{"allow":["GET"]}}],"collection":[{"href":"https:\/\/www.grieta.org.mx\/index.php\/wp-json\/wp\/v2\/posts"}],"about":[{"href":"https:\/\/www.grieta.org.mx\/index.php\/wp-json\/wp\/v2\/types\/post"}],"author":[{"embeddable":true,"href":"https:\/\/www.grieta.org.mx\/index.php\/wp-json\/wp\/v2\/users\/2"}],"replies":[{"embeddable":true,"href":"https:\/\/www.grieta.org.mx\/index.php\/wp-json\/wp\/v2\/comments?post=45650"}],"version-history":[{"count":1,"href":"https:\/\/www.grieta.org.mx\/index.php\/wp-json\/wp\/v2\/posts\/45650\/revisions"}],"predecessor-version":[{"id":45659,"href":"https:\/\/www.grieta.org.mx\/index.php\/wp-json\/wp\/v2\/posts\/45650\/revisions\/45659"}],"wp:featuredmedia":[{"embeddable":true,"href":"https:\/\/www.grieta.org.mx\/index.php\/wp-json\/wp\/v2\/media\/45656"}],"wp:attachment":[{"href":"https:\/\/www.grieta.org.mx\/index.php\/wp-json\/wp\/v2\/media?parent=45650"}],"wp:term":[{"taxonomy":"category","embeddable":true,"href":"https:\/\/www.grieta.org.mx\/index.php\/wp-json\/wp\/v2\/categories?post=45650"},{"taxonomy":"post_tag","embeddable":true,"href":"https:\/\/www.grieta.org.mx\/index.php\/wp-json\/wp\/v2\/tags?post=45650"}],"curies":[{"name":"wp","href":"https:\/\/api.w.org\/{rel}","templated":true}]}}