{"id":45619,"date":"2020-03-02T19:10:00","date_gmt":"2020-03-03T01:10:00","guid":{"rendered":"http:\/\/www.grieta.org.mx\/?p=45619"},"modified":"2020-03-05T19:21:16","modified_gmt":"2020-03-06T01:21:16","slug":"pesimos-servicios-de-salud-en-nayarit","status":"publish","type":"post","link":"https:\/\/www.grieta.org.mx\/index.php\/2020\/03\/02\/pesimos-servicios-de-salud-en-nayarit\/","title":{"rendered":"P\u00e9simos servicios de salud en Nayarit"},"content":{"rendered":"<p>&nbsp;<\/p>\n<p><img loading=\"lazy\" decoding=\"async\" data-attachment-id=\"45621\" data-permalink=\"https:\/\/www.grieta.org.mx\/index.php\/2020\/03\/02\/pesimos-servicios-de-salud-en-nayarit\/hospital-general-tepic\/\" data-orig-file=\"https:\/\/www.grieta.org.mx\/wp-content\/uploads\/2020\/03\/hospital-general-tepic.jpg\" data-orig-size=\"800,448\" data-comments-opened=\"0\" data-image-meta=\"{&quot;aperture&quot;:&quot;0&quot;,&quot;credit&quot;:&quot;&quot;,&quot;camera&quot;:&quot;&quot;,&quot;caption&quot;:&quot;&quot;,&quot;created_timestamp&quot;:&quot;0&quot;,&quot;copyright&quot;:&quot;&quot;,&quot;focal_length&quot;:&quot;0&quot;,&quot;iso&quot;:&quot;0&quot;,&quot;shutter_speed&quot;:&quot;0&quot;,&quot;title&quot;:&quot;&quot;,&quot;orientation&quot;:&quot;0&quot;}\" data-image-title=\"hospital-general-tepic\" data-image-description=\"\" data-image-caption=\"\" data-medium-file=\"https:\/\/www.grieta.org.mx\/wp-content\/uploads\/2020\/03\/hospital-general-tepic-300x168.jpg\" data-large-file=\"https:\/\/www.grieta.org.mx\/wp-content\/uploads\/2020\/03\/hospital-general-tepic.jpg\" class=\"aligncenter wp-image-45621\" src=\"http:\/\/www.grieta.org.mx\/wp-content\/uploads\/2020\/03\/hospital-general-tepic.jpg\" alt=\"\" width=\"801\" height=\"449\" srcset=\"https:\/\/www.grieta.org.mx\/wp-content\/uploads\/2020\/03\/hospital-general-tepic.jpg 800w, https:\/\/www.grieta.org.mx\/wp-content\/uploads\/2020\/03\/hospital-general-tepic-300x168.jpg 300w, https:\/\/www.grieta.org.mx\/wp-content\/uploads\/2020\/03\/hospital-general-tepic-768x430.jpg 768w\" sizes=\"auto, (max-width: 801px) 100vw, 801px\" \/><\/p>\n<p>Foto: Ilustrativa<\/p>\n<p><em>La Secretar\u00eda de Salud de Nayarit y los hospitales del Instituto Mexicano del Seguro Social (IMSS), encabezan la lista de denuncias ante la Comisi\u00f3n de Defensa de los Derechos Humanos (CDDH)<\/em><\/p>\n<p>Ver\u00f3nica Ram\u00edrez \/ Realidades de Nayarit<\/p>\n<p>Tepic, Nayarit.- Lunes 02 de marzo del 2020.- Denuncian violaciones a los derechos humanos de pacientes que acuden en busca de atenci\u00f3n m\u00e9dica en hospitales de Nayarit y son ignorados, reciben malos tratos o cuidado inadecuado.<\/p>\n<p>La Secretar\u00eda de Salud de Nayarit y los hospitales del Instituto Mexicano del Seguro Social (IMSS), encabezan la lista de denuncias ante la Comisi\u00f3n de Defensa de los Derechos Humanos (CDDH), por la p\u00e9sima atenci\u00f3n a los pacientes, confirm\u00f3 el ombudsperson, Maximino M\u00fa\u00f1oz de la Cruz.<\/p>\n<p>Ante el c\u00famulo de quejas de los derechohabientes por este y otro tipo mala pr\u00e1cticas tan com\u00fan en algunos nosocomios, y unidades de salud, personalmente el presidente de la CDDH ha realizado visitas de inspecci\u00f3n a fin de garantizar que se preste una buena atenci\u00f3n a los pacientes.<\/p>\n<p>\u201cSobretodo, las negligencias en la atenci\u00f3n o en los servicios que prestan. Nosotros ya hemos hecho recorridos al interior, por ejemplo, en el \u00e1rea de urgencias del Hospital General y s\u00ed vemos que est\u00e1 la situaci\u00f3n muy mal\u201d, subray\u00f3 Mu\u00f1oz de la Cruz.<\/p>\n<p>Y es que a simple vista se observa que hace falta mayor infraestructura, camas y cuartos de hospital para terminar con los pacientes que esperan en los pasillos una atenci\u00f3n m\u00e9dica.<\/p>\n<p>Eso es principalmente el problema, que la atenci\u00f3n a la gente que llega a urgencias es deficiente por la falta de espacio, insisti\u00f3 el ombudsperson.<\/p>\n<p>Si bien, de las quejas recibidas ante la Comisi\u00f3n de Defensa de los Derechos Humanos, no hay por desabasto de medicamentos o insumos en las unidades m\u00e9dicas, no se descarta que exista esta problem\u00e1tica.<\/p>\n<p>Advirti\u00f3 que durante los pr\u00f3ximos d\u00edas continuar\u00e1 los recorridos de supervisi\u00f3n en los lugares denunciados en diverso puntos de la entidad para concluir la investigaci\u00f3n y de ser necesario, emitir la recomendaci\u00f3n a la autoridad correspondiente.<\/p>\n<p><a href=\"http:\/\/realidadesperiodico.com\/portada\/pesimos-servicios-de-salud-en-nayarit-2\/\">http:\/\/realidadesperiodico.com\/portada\/pesimos-servicios-de-salud-en-nayarit-2\/<\/a><\/p>\n","protected":false},"excerpt":{"rendered":"<p>&nbsp; Foto: Ilustrativa La Secretar\u00eda de Salud de Nayarit y los hospitales del Instituto Mexicano del Seguro Social (IMSS), encabezan la lista de denuncias ante la Comisi\u00f3n de Defensa de &hellip; <a href=\"https:\/\/www.grieta.org.mx\/index.php\/2020\/03\/02\/pesimos-servicios-de-salud-en-nayarit\/\" class=\"more-link\">Leer m\u00e1s<\/a><\/p>\n","protected":false},"author":2,"featured_media":45621,"comment_status":"closed","ping_status":"closed","sticky":false,"template":"","format":"standard","meta":{"ngg_post_thumbnail":0,"_jetpack_newsletter_access":"","_jetpack_dont_email_post_to_subs":false,"_jetpack_newsletter_tier_id":0,"_jetpack_memberships_contains_paywalled_content":false,"_jetpack_memberships_contains_paid_content":false,"footnotes":""},"categories":[80,918,2573,23,2,83],"tags":[3133,166],"class_list":["post-45619","post","type-post","status-publish","format-standard","has-post-thumbnail","hentry","category-cintillo","category-privatizacion-del-sector-salud","category-crisis-del-sector-salud-en-nayarit","category-nayarit","category-noticias-nacionales","category-temas-nacionales","tag-crisis-del-sector-salud","tag-imss","entry"],"jetpack_featured_media_url":"https:\/\/www.grieta.org.mx\/wp-content\/uploads\/2020\/03\/hospital-general-tepic.jpg","jetpack_sharing_enabled":true,"jetpack_shortlink":"https:\/\/wp.me\/p7ZJR4-bRN","jetpack_likes_enabled":false,"jetpack-related-posts":[{"id":53267,"url":"https:\/\/www.grieta.org.mx\/index.php\/2020\/09\/07\/en-imss-nayarit-desabasto-de-tratamientos-de-vih-sida\/","url_meta":{"origin":45619,"position":0},"title":"En IMSS Nayarit, desabasto de tratamientos de VIH\/SIDA","author":"grieta","date":"7 septiembre, 2020","format":false,"excerpt":"Imagen: Realidades de Nayarit Mildra Ben\u00edtez Robledo Tepic, Nayarit.- Lunes 07 de septiembre del 2020.- El presidente en el Estado de la \u201cRed de Diversidad Sexual\u201d, Omar Cordero, denunci\u00f3 que desde que inici\u00f3 la pandemia por COVID-19 en la Entidad, el Instituto Mexicano del Seguro Social (IMSS), ha dejado de\u2026","rel":"","context":"En &quot;CINTILLO&quot;","block_context":{"text":"CINTILLO","link":"https:\/\/www.grieta.org.mx\/index.php\/category\/cintillo\/"},"img":{"alt_text":"","src":"https:\/\/i0.wp.com\/www.grieta.org.mx\/wp-content\/uploads\/2020\/09\/vih-1.jpg?resize=350%2C200&ssl=1","width":350,"height":200,"srcset":"https:\/\/i0.wp.com\/www.grieta.org.mx\/wp-content\/uploads\/2020\/09\/vih-1.jpg?resize=350%2C200&ssl=1 1x, https:\/\/i0.wp.com\/www.grieta.org.mx\/wp-content\/uploads\/2020\/09\/vih-1.jpg?resize=525%2C300&ssl=1 1.5x, https:\/\/i0.wp.com\/www.grieta.org.mx\/wp-content\/uploads\/2020\/09\/vih-1.jpg?resize=700%2C400&ssl=1 2x"},"classes":[]},{"id":46888,"url":"https:\/\/www.grieta.org.mx\/index.php\/2020\/03\/26\/gobernador-de-nayarit-tiene-a-los-hospitales-en-la-ruina\/","url_meta":{"origin":45619,"position":1},"title":"Gobernador de Nayarit tiene a los hospitales en la ruina","author":"grieta","date":"26 marzo, 2020","format":false,"excerpt":"Foto: Realidades de Nayarit Denuncian los trabajadores del Sector Salud que el gobernador panista, Antonio Echevarr\u00eda Garc\u00eda, se la ha llevado a puros salivazos, pero no se ha preocupado porque los hospitales y centros de salud cuenten con lo m\u00ednimo indispensable para enfrentar la pandemia del Coronavirus Mildra Ben\u00edtez Robledo\u2026","rel":"","context":"En &quot;CINTILLO&quot;","block_context":{"text":"CINTILLO","link":"https:\/\/www.grieta.org.mx\/index.php\/category\/cintillo\/"},"img":{"alt_text":"","src":"https:\/\/i0.wp.com\/www.grieta.org.mx\/wp-content\/uploads\/2018\/03\/14524434_1106112876131411_958039263622046936_o.jpg?resize=350%2C200&ssl=1","width":350,"height":200,"srcset":"https:\/\/i0.wp.com\/www.grieta.org.mx\/wp-content\/uploads\/2018\/03\/14524434_1106112876131411_958039263622046936_o.jpg?resize=350%2C200&ssl=1 1x, https:\/\/i0.wp.com\/www.grieta.org.mx\/wp-content\/uploads\/2018\/03\/14524434_1106112876131411_958039263622046936_o.jpg?resize=525%2C300&ssl=1 1.5x, https:\/\/i0.wp.com\/www.grieta.org.mx\/wp-content\/uploads\/2018\/03\/14524434_1106112876131411_958039263622046936_o.jpg?resize=700%2C400&ssl=1 2x"},"classes":[]},{"id":46522,"url":"https:\/\/www.grieta.org.mx\/index.php\/2020\/03\/17\/nayarit-no-esta-preparado-para-la-pandemia-afirman-trabajadores-de-la-secretaria-de-salud\/","url_meta":{"origin":45619,"position":2},"title":"Nayarit no esta preparado para la pandemia. Afirman trabajadores de la Secretaria de Salud","author":"grieta","date":"17 marzo, 2020","format":false,"excerpt":"Foto: Ilustrativa Redacci\u00f3n \/ Realidades de Nayarit En redes sociales los mismos trabajadores de la Secretaria de Salud del Estado de Nayarit, solicitaron a las autoridades del estado la dotaci\u00f3n de insumos y material para poder enfrentar en su momento la pandemia del COVID19. Afirman no estar preparados con infraestructura,\u2026","rel":"","context":"En &quot;CINTILLO&quot;","block_context":{"text":"CINTILLO","link":"https:\/\/www.grieta.org.mx\/index.php\/category\/cintillo\/"},"img":{"alt_text":"","src":"https:\/\/i0.wp.com\/www.grieta.org.mx\/wp-content\/uploads\/2020\/03\/hospital-general-tepic-2.jpg?resize=350%2C200&ssl=1","width":350,"height":200,"srcset":"https:\/\/i0.wp.com\/www.grieta.org.mx\/wp-content\/uploads\/2020\/03\/hospital-general-tepic-2.jpg?resize=350%2C200&ssl=1 1x, https:\/\/i0.wp.com\/www.grieta.org.mx\/wp-content\/uploads\/2020\/03\/hospital-general-tepic-2.jpg?resize=525%2C300&ssl=1 1.5x"},"classes":[]},{"id":53003,"url":"https:\/\/www.grieta.org.mx\/index.php\/2020\/09\/04\/cierran-el-nuevo-hospital-del-issste-nayarit\/","url_meta":{"origin":45619,"position":3},"title":"Cierran el nuevo hospital del ISSSTE (Nayarit)","author":"grieta","date":"4 septiembre, 2020","format":false,"excerpt":"Foto: Realidades de Nayarit Durante 5 d\u00edas no funcionar\u00e1 porque culminaron los contratos del personal m\u00e9dico que laboran all\u00ed Mildra Ben\u00edtez Robledo \/ Realidades de Nayarit Tepic, Nayarit.- Viernes 04 de septiembre del 2020.- El hospital del ISSSTE ubicado en la zona de La Cantera, Tepic, mismo que atiende a\u2026","rel":"","context":"En &quot;CINTILLO&quot;","block_context":{"text":"CINTILLO","link":"https:\/\/www.grieta.org.mx\/index.php\/category\/cintillo\/"},"img":{"alt_text":"","src":"https:\/\/i0.wp.com\/www.grieta.org.mx\/wp-content\/uploads\/2020\/09\/hospital.jpg?resize=350%2C200&ssl=1","width":350,"height":200,"srcset":"https:\/\/i0.wp.com\/www.grieta.org.mx\/wp-content\/uploads\/2020\/09\/hospital.jpg?resize=350%2C200&ssl=1 1x, https:\/\/i0.wp.com\/www.grieta.org.mx\/wp-content\/uploads\/2020\/09\/hospital.jpg?resize=525%2C300&ssl=1 1.5x, https:\/\/i0.wp.com\/www.grieta.org.mx\/wp-content\/uploads\/2020\/09\/hospital.jpg?resize=700%2C400&ssl=1 2x"},"classes":[]},{"id":47908,"url":"https:\/\/www.grieta.org.mx\/index.php\/2020\/04\/15\/ante-carencia-de-equipo-de-proteccion-retiran-a-internos-de-hospitales-nayarit\/","url_meta":{"origin":45619,"position":4},"title":"Ante carencia de equipo de protecci\u00f3n retiran a internos de hospitales (Nayarit)","author":"grieta","date":"15 abril, 2020","format":false,"excerpt":"Foto: Realidades de Nayarit Carecen de lo m\u00e1s indispensable para atender a la poblaci\u00f3n en plena pandemia Ver\u00f3nica Ram\u00edrez\/ Realidades de Nayarit Tepic, Nayarit.- Mi\u00e9rcoles 15 de abril del 2020.- La Federaci\u00f3n de Estudiantes de la Universidad Aut\u00f3noma de Nayarit (FEUAN) retira a los internos, pasantes y estudiantes de medicina\u2026","rel":"","context":"En &quot;CINTILLO&quot;","block_context":{"text":"CINTILLO","link":"https:\/\/www.grieta.org.mx\/index.php\/category\/cintillo\/"},"img":{"alt_text":"","src":"https:\/\/i0.wp.com\/www.grieta.org.mx\/wp-content\/uploads\/2020\/04\/Aar%C3%B3n-Verduzco.-L%C3%ADder-de-la-FEUAN.jpg?resize=350%2C200&ssl=1","width":350,"height":200,"srcset":"https:\/\/i0.wp.com\/www.grieta.org.mx\/wp-content\/uploads\/2020\/04\/Aar%C3%B3n-Verduzco.-L%C3%ADder-de-la-FEUAN.jpg?resize=350%2C200&ssl=1 1x, https:\/\/i0.wp.com\/www.grieta.org.mx\/wp-content\/uploads\/2020\/04\/Aar%C3%B3n-Verduzco.-L%C3%ADder-de-la-FEUAN.jpg?resize=525%2C300&ssl=1 1.5x, https:\/\/i0.wp.com\/www.grieta.org.mx\/wp-content\/uploads\/2020\/04\/Aar%C3%B3n-Verduzco.-L%C3%ADder-de-la-FEUAN.jpg?resize=700%2C400&ssl=1 2x"},"classes":[]},{"id":44949,"url":"https:\/\/www.grieta.org.mx\/index.php\/2020\/02\/17\/el-imss-de-mal-en-peor-nayarti\/","url_meta":{"origin":45619,"position":5},"title":"El IMSS de mal en peor (Nayarti)","author":"grieta","date":"17 febrero, 2020","format":false,"excerpt":"Foto: Realidades de Nayarit Javier Rojo Fregoso \/ Realidades de Nayarit Tepic, Nayarit.- Lunes 17 de febrero del 2020.- No es la primera y tampoco la \u00faltima creo yo, de las quejas constantes y sonantes de personas, madres, padres, hijos, nietos, primos, hermanos, abuelos, t\u00edos, t\u00edas y dem\u00e1s seres queridos\u2026","rel":"","context":"En &quot;CINTILLO&quot;","block_context":{"text":"CINTILLO","link":"https:\/\/www.grieta.org.mx\/index.php\/category\/cintillo\/"},"img":{"alt_text":"","src":"https:\/\/i0.wp.com\/www.grieta.org.mx\/wp-content\/uploads\/2020\/02\/imss-2-1-753x420.jpg?resize=350%2C200&ssl=1","width":350,"height":200,"srcset":"https:\/\/i0.wp.com\/www.grieta.org.mx\/wp-content\/uploads\/2020\/02\/imss-2-1-753x420.jpg?resize=350%2C200&ssl=1 1x, https:\/\/i0.wp.com\/www.grieta.org.mx\/wp-content\/uploads\/2020\/02\/imss-2-1-753x420.jpg?resize=525%2C300&ssl=1 1.5x, https:\/\/i0.wp.com\/www.grieta.org.mx\/wp-content\/uploads\/2020\/02\/imss-2-1-753x420.jpg?resize=700%2C400&ssl=1 2x"},"classes":[]}],"_links":{"self":[{"href":"https:\/\/www.grieta.org.mx\/index.php\/wp-json\/wp\/v2\/posts\/45619","targetHints":{"allow":["GET"]}}],"collection":[{"href":"https:\/\/www.grieta.org.mx\/index.php\/wp-json\/wp\/v2\/posts"}],"about":[{"href":"https:\/\/www.grieta.org.mx\/index.php\/wp-json\/wp\/v2\/types\/post"}],"author":[{"embeddable":true,"href":"https:\/\/www.grieta.org.mx\/index.php\/wp-json\/wp\/v2\/users\/2"}],"replies":[{"embeddable":true,"href":"https:\/\/www.grieta.org.mx\/index.php\/wp-json\/wp\/v2\/comments?post=45619"}],"version-history":[{"count":1,"href":"https:\/\/www.grieta.org.mx\/index.php\/wp-json\/wp\/v2\/posts\/45619\/revisions"}],"predecessor-version":[{"id":45622,"href":"https:\/\/www.grieta.org.mx\/index.php\/wp-json\/wp\/v2\/posts\/45619\/revisions\/45622"}],"wp:featuredmedia":[{"embeddable":true,"href":"https:\/\/www.grieta.org.mx\/index.php\/wp-json\/wp\/v2\/media\/45621"}],"wp:attachment":[{"href":"https:\/\/www.grieta.org.mx\/index.php\/wp-json\/wp\/v2\/media?parent=45619"}],"wp:term":[{"taxonomy":"category","embeddable":true,"href":"https:\/\/www.grieta.org.mx\/index.php\/wp-json\/wp\/v2\/categories?post=45619"},{"taxonomy":"post_tag","embeddable":true,"href":"https:\/\/www.grieta.org.mx\/index.php\/wp-json\/wp\/v2\/tags?post=45619"}],"curies":[{"name":"wp","href":"https:\/\/api.w.org\/{rel}","templated":true}]}}