{"id":45596,"date":"2020-03-04T17:49:20","date_gmt":"2020-03-04T23:49:20","guid":{"rendered":"http:\/\/www.grieta.org.mx\/?p=45596"},"modified":"2020-03-05T17:59:25","modified_gmt":"2020-03-05T23:59:25","slug":"con-cacerolazo-estudiantes-del-cucsh-llaman-a-romper-las-ataduras-de-la-violencia-machista-jalisco","status":"publish","type":"post","link":"https:\/\/www.grieta.org.mx\/index.php\/2020\/03\/04\/con-cacerolazo-estudiantes-del-cucsh-llaman-a-romper-las-ataduras-de-la-violencia-machista-jalisco\/","title":{"rendered":"Con cacerolazo estudiantes del CUCSH llaman a romper las ataduras de la violencia machista (Jalisco)"},"content":{"rendered":"<p><img loading=\"lazy\" decoding=\"async\" data-attachment-id=\"45597\" data-permalink=\"https:\/\/www.grieta.org.mx\/index.php\/2020\/03\/04\/con-cacerolazo-estudiantes-del-cucsh-llaman-a-romper-las-ataduras-de-la-violencia-machista-jalisco\/unknown-1-1280x640\/\" data-orig-file=\"https:\/\/www.grieta.org.mx\/wp-content\/uploads\/2020\/03\/Unknown-1-1280x640.jpeg\" data-orig-size=\"1280,640\" data-comments-opened=\"0\" data-image-meta=\"{&quot;aperture&quot;:&quot;0&quot;,&quot;credit&quot;:&quot;&quot;,&quot;camera&quot;:&quot;&quot;,&quot;caption&quot;:&quot;&quot;,&quot;created_timestamp&quot;:&quot;0&quot;,&quot;copyright&quot;:&quot;&quot;,&quot;focal_length&quot;:&quot;0&quot;,&quot;iso&quot;:&quot;0&quot;,&quot;shutter_speed&quot;:&quot;0&quot;,&quot;title&quot;:&quot;&quot;,&quot;orientation&quot;:&quot;0&quot;}\" data-image-title=\"Unknown-1-1280&amp;#215;640\" data-image-description=\"\" data-image-caption=\"\" data-medium-file=\"https:\/\/www.grieta.org.mx\/wp-content\/uploads\/2020\/03\/Unknown-1-1280x640-300x150.jpeg\" data-large-file=\"https:\/\/www.grieta.org.mx\/wp-content\/uploads\/2020\/03\/Unknown-1-1280x640-1024x512.jpeg\" class=\"aligncenter wp-image-45597\" src=\"http:\/\/www.grieta.org.mx\/wp-content\/uploads\/2020\/03\/Unknown-1-1280x640.jpeg\" alt=\"\" width=\"800\" height=\"400\" srcset=\"https:\/\/www.grieta.org.mx\/wp-content\/uploads\/2020\/03\/Unknown-1-1280x640.jpeg 1280w, https:\/\/www.grieta.org.mx\/wp-content\/uploads\/2020\/03\/Unknown-1-1280x640-300x150.jpeg 300w, https:\/\/www.grieta.org.mx\/wp-content\/uploads\/2020\/03\/Unknown-1-1280x640-768x384.jpeg 768w, https:\/\/www.grieta.org.mx\/wp-content\/uploads\/2020\/03\/Unknown-1-1280x640-1024x512.jpeg 1024w, https:\/\/www.grieta.org.mx\/wp-content\/uploads\/2020\/03\/Unknown-1-1280x640-1000x500.jpeg 1000w\" sizes=\"auto, (max-width: 800px) 100vw, 800px\" \/><\/p>\n<p>Foto: Sof\u00eda \u00c1vila<\/p>\n<p>Sof\u00eda \u00c1vila \/ Zona Docs<\/p>\n<p>Entre sogas, carteles, encendedores y tijeras estudiantes de la licenciatura en Sociolog\u00eda del Centro Universitario de Ciencias Sociales y Humanidades (CUCSH), campus Belenes, de la Universidad de Guadalajara protagonizaron un performance al que llamaron:\u00a0<em>Rompiendo ataduras<\/em><strong>,\u00a0<\/strong>adem\u00e1s realizaron un cacerolazo que reson\u00f3 entre pasillos, escaleras y corredores de la instituci\u00f3n a la que denunciaron por sus conductas patriarcales.<\/p>\n<p>\u201cEs por eso que nos hemos reunido para conversar sobre la violencia que hacen contra nosotras las mujeres y coincidimos en varias historias desde nuestras abuelas, madres y t\u00edas:\u00a0\u00a0siempre oprimidas por el patriarcado, por el capitalismo, por el colonialismo, por el racismo por la iglesia y por el estado\u201d manifestaron las estudiantes de la licenciatura en Sociolog\u00eda del CUCSH Belenes.<\/p>\n<p>El performance consisti\u00f3 en la representaci\u00f3n de una historia que ellas mismas escribieron y\u00a0<strong>donde relatan de manera cronol\u00f3gica el horror de vivir la desaparici\u00f3n de una amiga<\/strong>,\u00a0<strong>una mujer.<\/strong>\u00a0En esta actividad se invit\u00f3 a los y las presentes a formar parte del performance y\u00a0<strong>cortar aquellas ataduras que mantienen oprimidas a las mujeres<\/strong>, despu\u00e9s quemaron carteles y las sogas que las ataban para representar la libertad que tanto se quiere.<\/p>\n<p><strong>Las estudiantes compartieron en voz alta las denuncias an\u00f3nimas que recibieron en su buz\u00f3n de colores morado y verde;\u00a0<\/strong>posteriormente,\u00a0invitaron a las presentes a unirse con su denuncia reforzando la idea de un espacio seguro.<\/p>\n<p><strong><em>\u201cVamos a quemar rector\u00eda por machista y patriarcal\u201d<\/em><\/strong> gritaron entre consignas.<\/p>\n<p>Despu\u00e9s de un c\u00e1lido aplauso por parte de los espectadores,\u00a0<strong>tomaron cucharas, cazuelas y garrafones para recorrer el campus y gritar por nuestras hermanas asesinadas, por las violaciones que ocurren todos los d\u00edas, por las denuncias que son ignoradas, por las mujeres abusadas y por el sistema machista y patriarcal que el movimiento feminista busca derrocar.<\/strong><\/p>\n<p>A su paso las estudiantes que pretend\u00edan asistir a clases terminaron uni\u00e9ndoseles con gritos y cantos entre los que resaltaban:\u00a0<strong>\u201cLa UdeG no me cuida, me cuidan mis amigas\u201d y \u201cVamos a quemar rector\u00eda por machista y patriarcal\u201d.<\/strong><\/p>\n<p>Los pa\u00f1uelos verdes y morados se hicieron presentes en todo momento y entre consignas y brazos,\u00a0<strong>se record\u00f3 que el 8M est\u00e1 por llegar y ser\u00e1 momento de gritar m\u00e1s fuerte para que las logren escuchar.<\/strong><\/p>\n<p><a href=\"https:\/\/www.zonadocs.mx\/2020\/03\/04\/con-cacerolazo-estudiantes-del-cucsh-llaman-a-romper-las-ataduras-de-la-violencia-machista\/\">https:\/\/www.zonadocs.mx\/2020\/03\/04\/con-cacerolazo-estudiantes-del-cucsh-llaman-a-romper-las-ataduras-de-la-violencia-machista\/<\/a><\/p>\n","protected":false},"excerpt":{"rendered":"<p>Foto: Sof\u00eda \u00c1vila Sof\u00eda \u00c1vila \/ Zona Docs Entre sogas, carteles, encendedores y tijeras estudiantes de la licenciatura en Sociolog\u00eda del Centro Universitario de Ciencias Sociales y Humanidades (CUCSH), campus &hellip; <a href=\"https:\/\/www.grieta.org.mx\/index.php\/2020\/03\/04\/con-cacerolazo-estudiantes-del-cucsh-llaman-a-romper-las-ataduras-de-la-violencia-machista-jalisco\/\" class=\"more-link\">Leer m\u00e1s<\/a><\/p>\n","protected":false},"author":2,"featured_media":45597,"comment_status":"closed","ping_status":"closed","sticky":false,"template":"","format":"standard","meta":{"ngg_post_thumbnail":0,"_jetpack_newsletter_access":"","_jetpack_dont_email_post_to_subs":false,"_jetpack_newsletter_tier_id":0,"_jetpack_memberships_contains_paywalled_content":false,"_jetpack_memberships_contains_paid_content":false,"footnotes":""},"categories":[80,84,2107,20,2,83],"tags":[81,1428],"class_list":["post-45596","post","type-post","status-publish","format-standard","has-post-thumbnail","hentry","category-cintillo","category-feminicidios","category-feminicidios-en-jalisco","category-jalisco","category-noticias-nacionales","category-temas-nacionales","tag-feminicidios","tag-protestas-contra-el-feminicidio","entry"],"jetpack_featured_media_url":"https:\/\/www.grieta.org.mx\/wp-content\/uploads\/2020\/03\/Unknown-1-1280x640.jpeg","jetpack_sharing_enabled":true,"jetpack_shortlink":"https:\/\/wp.me\/p7ZJR4-bRq","jetpack_likes_enabled":false,"jetpack-related-posts":[{"id":40346,"url":"https:\/\/www.grieta.org.mx\/index.php\/2019\/10\/19\/exigen-justicia-por-el-feminicidio-y-desaparicion-de-estudiantes-jalisco\/","url_meta":{"origin":45596,"position":0},"title":"Exigen justicia por el feminicidio y desaparici\u00f3n de estudiantes (Jalisco)","author":"grieta","date":"19 octubre, 2019","format":false,"excerpt":"Foto: Elizabeth Ibal Redacci\u00f3n \/ El Occidental La Federaci\u00f3n de Estudiantes Universitarios (FEU) convoc\u00f3 a una concentraci\u00f3n afuera de las instalaciones de la Fiscal\u00eda General del Estado para exigir justicia por el asesinato de Atzhiri Paulina S\u00e1nchez S\u00e1nchez, estudiante del tercer semestre de la licenciatura en Derecho Semiescolarizado, del Centro\u2026","rel":"","context":"En &quot;CINTILLO&quot;","block_context":{"text":"CINTILLO","link":"https:\/\/www.grieta.org.mx\/index.php\/category\/cintillo\/"},"img":{"alt_text":"","src":"https:\/\/i0.wp.com\/www.grieta.org.mx\/wp-content\/uploads\/2019\/10\/FEU_exige.jpg?resize=350%2C200&ssl=1","width":350,"height":200,"srcset":"https:\/\/i0.wp.com\/www.grieta.org.mx\/wp-content\/uploads\/2019\/10\/FEU_exige.jpg?resize=350%2C200&ssl=1 1x, https:\/\/i0.wp.com\/www.grieta.org.mx\/wp-content\/uploads\/2019\/10\/FEU_exige.jpg?resize=525%2C300&ssl=1 1.5x, https:\/\/i0.wp.com\/www.grieta.org.mx\/wp-content\/uploads\/2019\/10\/FEU_exige.jpg?resize=700%2C400&ssl=1 2x"},"classes":[]},{"id":65298,"url":"https:\/\/www.grieta.org.mx\/index.php\/2022\/09\/20\/estudiantes-reclaman-por-feminicidios-de-jalisco\/","url_meta":{"origin":45596,"position":1},"title":"Estudiantes reclaman por feminicidios de Jalisco","author":"grieta","date":"20 septiembre, 2022","format":false,"excerpt":"Imagen: JAM Edgar Flores \/ El Diario NTR Alumnos, maestros y personal directivo de la Preparatoria 20 de la Universidad de Guadalajara (UdeG) protestaron ayer a las afueras de Casa Jalisco para exigir al gobernador del estado, Enrique Alfaro Ram\u00edrez, que atienda la ola de feminicidios que aqueja no s\u00f3lo\u2026","rel":"","context":"En &quot;CINTILLO&quot;","block_context":{"text":"CINTILLO","link":"https:\/\/www.grieta.org.mx\/index.php\/category\/cintillo\/"},"img":{"alt_text":"","src":"https:\/\/i0.wp.com\/www.grieta.org.mx\/wp-content\/uploads\/2022\/09\/2022-09-19_10-09-04___1410.jpg?resize=350%2C200&ssl=1","width":350,"height":200,"srcset":"https:\/\/i0.wp.com\/www.grieta.org.mx\/wp-content\/uploads\/2022\/09\/2022-09-19_10-09-04___1410.jpg?resize=350%2C200&ssl=1 1x, https:\/\/i0.wp.com\/www.grieta.org.mx\/wp-content\/uploads\/2022\/09\/2022-09-19_10-09-04___1410.jpg?resize=525%2C300&ssl=1 1.5x, https:\/\/i0.wp.com\/www.grieta.org.mx\/wp-content\/uploads\/2022\/09\/2022-09-19_10-09-04___1410.jpg?resize=700%2C400&ssl=1 2x"},"classes":[]},{"id":39994,"url":"https:\/\/www.grieta.org.mx\/index.php\/2019\/10\/01\/alertas-de-genero-han-sido-poco-efectivas-jalisco\/","url_meta":{"origin":45596,"position":2},"title":"Alertas de g\u00e9nero han sido poco efectivas (Jalisco)","author":"grieta","date":"1 octubre, 2019","format":false,"excerpt":"Foto: Grisel Pajarito Dario Pereira \/ El Diario NTR De poco han servido las alertas de violencia de g\u00e9nero para Jalisco que han emitido los gobiernos estatal y federal, pues en la entidad los \u00edndices de agresiones contra mujeres siguen estando entre los m\u00e1s altos del pa\u00eds, lamentaron investigadores de\u2026","rel":"","context":"En &quot;CINTILLO&quot;","block_context":{"text":"CINTILLO","link":"https:\/\/www.grieta.org.mx\/index.php\/category\/cintillo\/"},"img":{"alt_text":"","src":"https:\/\/i0.wp.com\/www.grieta.org.mx\/wp-content\/uploads\/2019\/10\/2019-09-30_11-09-50___2603.jpg?resize=350%2C200&ssl=1","width":350,"height":200,"srcset":"https:\/\/i0.wp.com\/www.grieta.org.mx\/wp-content\/uploads\/2019\/10\/2019-09-30_11-09-50___2603.jpg?resize=350%2C200&ssl=1 1x, https:\/\/i0.wp.com\/www.grieta.org.mx\/wp-content\/uploads\/2019\/10\/2019-09-30_11-09-50___2603.jpg?resize=525%2C300&ssl=1 1.5x, https:\/\/i0.wp.com\/www.grieta.org.mx\/wp-content\/uploads\/2019\/10\/2019-09-30_11-09-50___2603.jpg?resize=700%2C400&ssl=1 2x"},"classes":[]},{"id":45793,"url":"https:\/\/www.grieta.org.mx\/index.php\/2020\/03\/06\/con-cacerolazo-protestan-contra-los-feminicidios-en-ecatepec-estado-de-mexico\/","url_meta":{"origin":45596,"position":3},"title":"Con cacerolazo, protestan contra los feminicidios en Ecatepec (Estado de M\u00e9xico)","author":"grieta","date":"6 marzo, 2020","format":false,"excerpt":"Foto: Cortes\u00eda de @abismada_ Karina Almaraz T\u00e9llez \/ La Raz\u00f3n de M\u00e9xico Colectivos feministas protestaron en las afueras del metro R\u00edo de los Remedios, punto emblem\u00e1tico de la violencia que padecen las mujeres en ese municipio. Colectivos feministas protestaron con un cacerolazo en las afueras del metro R\u00edo de los\u2026","rel":"","context":"En &quot;CINTILLO&quot;","block_context":{"text":"CINTILLO","link":"https:\/\/www.grieta.org.mx\/index.php\/category\/cintillo\/"},"img":{"alt_text":"","src":"https:\/\/i0.wp.com\/www.grieta.org.mx\/wp-content\/uploads\/2020\/03\/Con-cacerolazo-protestan-contra-los-feminicidios-en-Ecatepec-edomex-mzo.jpeg?resize=350%2C200&ssl=1","width":350,"height":200,"srcset":"https:\/\/i0.wp.com\/www.grieta.org.mx\/wp-content\/uploads\/2020\/03\/Con-cacerolazo-protestan-contra-los-feminicidios-en-Ecatepec-edomex-mzo.jpeg?resize=350%2C200&ssl=1 1x, https:\/\/i0.wp.com\/www.grieta.org.mx\/wp-content\/uploads\/2020\/03\/Con-cacerolazo-protestan-contra-los-feminicidios-en-Ecatepec-edomex-mzo.jpeg?resize=525%2C300&ssl=1 1.5x"},"classes":[]},{"id":62790,"url":"https:\/\/www.grieta.org.mx\/index.php\/2021\/11\/25\/marchan-mujeres-para-exigir-alto-a-la-violencia-en-vallarta-jalisco\/","url_meta":{"origin":45596,"position":4},"title":"Marchan mujeres para exigir alto a la violencia en Vallarta (Jalisco)","author":"grieta","date":"25 noviembre, 2021","format":false,"excerpt":"Foto: Tribuna de la Bah\u00eda Brenda Beltr\u00e1n \/ Tribuna de la Bah\u00eda Este jueves, colectivos de mujeres, hombres y ciudadanos en general, marcharon para exigir un alto a la violencia contra las mujeres de\u00a0Puerto Vallarta, saliendo del parque de\u00a0Las Mujeres hasta llegar a Los Arcos del Malec\u00f3n. Como ya se\u2026","rel":"","context":"En &quot;CINTILLO&quot;","block_context":{"text":"CINTILLO","link":"https:\/\/www.grieta.org.mx\/index.php\/category\/cintillo\/"},"img":{"alt_text":"","src":"https:\/\/i0.wp.com\/www.grieta.org.mx\/wp-content\/uploads\/2021\/11\/marcha-contra-violencia-vallarta-2-cover.jpg?resize=350%2C200&ssl=1","width":350,"height":200,"srcset":"https:\/\/i0.wp.com\/www.grieta.org.mx\/wp-content\/uploads\/2021\/11\/marcha-contra-violencia-vallarta-2-cover.jpg?resize=350%2C200&ssl=1 1x, https:\/\/i0.wp.com\/www.grieta.org.mx\/wp-content\/uploads\/2021\/11\/marcha-contra-violencia-vallarta-2-cover.jpg?resize=525%2C300&ssl=1 1.5x, https:\/\/i0.wp.com\/www.grieta.org.mx\/wp-content\/uploads\/2021\/11\/marcha-contra-violencia-vallarta-2-cover.jpg?resize=700%2C400&ssl=1 2x"},"classes":[]},{"id":66466,"url":"https:\/\/www.grieta.org.mx\/index.php\/2023\/03\/08\/puerto-vallarta-mas-de-mil-500-mujeres-alzan-la-voz-en-el-puerto-y-exigen-seguridad-jalisco\/","url_meta":{"origin":45596,"position":5},"title":"Puerto Vallarta: M\u00e1s de mil 500 mujeres alzan la voz en el puerto y exigen seguridad (Jalisco)","author":"grieta","date":"8 marzo, 2023","format":false,"excerpt":"Imagen: Cortes\u00eda V\u00edctor Ch\u00e1vez \/ El Occidental En\u00a0Puerto Vallarta, Jalisco, donde en los \u00faltimos 7 a\u00f1os se han dado casi 10 feminicidios por a\u00f1o, m\u00e1s de mil 500 mujeres, principalmente estudiantes, marchan esta tarde hacia la zona tur\u00edstica, dejando a su paso consignas y reclamos sobre la inseguridad que se\u2026","rel":"","context":"En &quot;CINTILLO&quot;","block_context":{"text":"CINTILLO","link":"https:\/\/www.grieta.org.mx\/index.php\/category\/cintillo\/"},"img":{"alt_text":"","src":"https:\/\/i0.wp.com\/www.grieta.org.mx\/wp-content\/uploads\/2023\/03\/Marcha-8M-en-Puerto-Vallarta-Jalisco.jpg?resize=350%2C200&ssl=1","width":350,"height":200,"srcset":"https:\/\/i0.wp.com\/www.grieta.org.mx\/wp-content\/uploads\/2023\/03\/Marcha-8M-en-Puerto-Vallarta-Jalisco.jpg?resize=350%2C200&ssl=1 1x, https:\/\/i0.wp.com\/www.grieta.org.mx\/wp-content\/uploads\/2023\/03\/Marcha-8M-en-Puerto-Vallarta-Jalisco.jpg?resize=525%2C300&ssl=1 1.5x, https:\/\/i0.wp.com\/www.grieta.org.mx\/wp-content\/uploads\/2023\/03\/Marcha-8M-en-Puerto-Vallarta-Jalisco.jpg?resize=700%2C400&ssl=1 2x"},"classes":[]}],"_links":{"self":[{"href":"https:\/\/www.grieta.org.mx\/index.php\/wp-json\/wp\/v2\/posts\/45596","targetHints":{"allow":["GET"]}}],"collection":[{"href":"https:\/\/www.grieta.org.mx\/index.php\/wp-json\/wp\/v2\/posts"}],"about":[{"href":"https:\/\/www.grieta.org.mx\/index.php\/wp-json\/wp\/v2\/types\/post"}],"author":[{"embeddable":true,"href":"https:\/\/www.grieta.org.mx\/index.php\/wp-json\/wp\/v2\/users\/2"}],"replies":[{"embeddable":true,"href":"https:\/\/www.grieta.org.mx\/index.php\/wp-json\/wp\/v2\/comments?post=45596"}],"version-history":[{"count":1,"href":"https:\/\/www.grieta.org.mx\/index.php\/wp-json\/wp\/v2\/posts\/45596\/revisions"}],"predecessor-version":[{"id":45598,"href":"https:\/\/www.grieta.org.mx\/index.php\/wp-json\/wp\/v2\/posts\/45596\/revisions\/45598"}],"wp:featuredmedia":[{"embeddable":true,"href":"https:\/\/www.grieta.org.mx\/index.php\/wp-json\/wp\/v2\/media\/45597"}],"wp:attachment":[{"href":"https:\/\/www.grieta.org.mx\/index.php\/wp-json\/wp\/v2\/media?parent=45596"}],"wp:term":[{"taxonomy":"category","embeddable":true,"href":"https:\/\/www.grieta.org.mx\/index.php\/wp-json\/wp\/v2\/categories?post=45596"},{"taxonomy":"post_tag","embeddable":true,"href":"https:\/\/www.grieta.org.mx\/index.php\/wp-json\/wp\/v2\/tags?post=45596"}],"curies":[{"name":"wp","href":"https:\/\/api.w.org\/{rel}","templated":true}]}}