{"id":45507,"date":"2020-02-18T12:03:10","date_gmt":"2020-02-18T18:03:10","guid":{"rendered":"http:\/\/www.grieta.org.mx\/?p=45507"},"modified":"2020-03-04T12:08:47","modified_gmt":"2020-03-04T18:08:47","slug":"slp-en-doceavo-lugar-de-secuestro-contra-mujeres","status":"publish","type":"post","link":"https:\/\/www.grieta.org.mx\/index.php\/2020\/02\/18\/slp-en-doceavo-lugar-de-secuestro-contra-mujeres\/","title":{"rendered":"SLP en doceavo lugar de secuestro contra mujeres"},"content":{"rendered":"<p>Gina Salinas\/Quadrat\u00edn SLP<br \/>\n18 febrero 2020<\/p>\n<p><img loading=\"lazy\" decoding=\"async\" data-attachment-id=\"45509\" data-permalink=\"https:\/\/www.grieta.org.mx\/index.php\/2020\/02\/18\/slp-en-doceavo-lugar-de-secuestro-contra-mujeres\/secuestro-1-1160x700\/\" data-orig-file=\"https:\/\/www.grieta.org.mx\/wp-content\/uploads\/2020\/03\/secuestro-1-1160x700.jpeg\" data-orig-size=\"1160,700\" data-comments-opened=\"0\" data-image-meta=\"{&quot;aperture&quot;:&quot;0&quot;,&quot;credit&quot;:&quot;&quot;,&quot;camera&quot;:&quot;&quot;,&quot;caption&quot;:&quot;&quot;,&quot;created_timestamp&quot;:&quot;0&quot;,&quot;copyright&quot;:&quot;&quot;,&quot;focal_length&quot;:&quot;0&quot;,&quot;iso&quot;:&quot;0&quot;,&quot;shutter_speed&quot;:&quot;0&quot;,&quot;title&quot;:&quot;&quot;,&quot;orientation&quot;:&quot;0&quot;}\" data-image-title=\"secuestro-1-1160&amp;#215;700\" data-image-description=\"\" data-image-caption=\"\" data-medium-file=\"https:\/\/www.grieta.org.mx\/wp-content\/uploads\/2020\/03\/secuestro-1-1160x700-300x181.jpeg\" data-large-file=\"https:\/\/www.grieta.org.mx\/wp-content\/uploads\/2020\/03\/secuestro-1-1160x700-1024x618.jpeg\" src=\"http:\/\/www.grieta.org.mx\/wp-content\/uploads\/2020\/03\/secuestro-1-1160x700.jpeg\" alt=\"\" width=\"1160\" height=\"700\" class=\"aligncenter size-full wp-image-45509\" srcset=\"https:\/\/www.grieta.org.mx\/wp-content\/uploads\/2020\/03\/secuestro-1-1160x700.jpeg 1160w, https:\/\/www.grieta.org.mx\/wp-content\/uploads\/2020\/03\/secuestro-1-1160x700-300x181.jpeg 300w, https:\/\/www.grieta.org.mx\/wp-content\/uploads\/2020\/03\/secuestro-1-1160x700-768x463.jpeg 768w, https:\/\/www.grieta.org.mx\/wp-content\/uploads\/2020\/03\/secuestro-1-1160x700-1024x618.jpeg 1024w, https:\/\/www.grieta.org.mx\/wp-content\/uploads\/2020\/03\/secuestro-1-1160x700-829x500.jpeg 829w\" sizes=\"auto, (max-width: 1160px) 100vw, 1160px\" \/><\/p>\n<p>SAN LUIS POTOS\u00cd, SLP., 18 de febrero de 2020.- La Asociaci\u00f3n Alto al Secuestro revela que San Luis Potos\u00ed se ubica entre las entidades con aumento de este delito en contra de mujeres de 2018 a la fecha, situado en el lugar n\u00famero 12 del ranking nacional.<\/p>\n<p>En 2018 se perpetraron nueve privaciones ilegales de la libertad, mientras que en 2019 fueron 12; en todo el pa\u00eds 740 mujeres fueron v\u00edctimas de secuestro en el mismo lapso, el 19.8% del total de este delito, con un total de tres mil 721 casos.<\/p>\n<p>La entidad potosina, aparece adem\u00e1s en el concentrado de 15 entidades donde el secuestro contra mujeres no solo se mantuvo, sino que aument\u00f3.<\/p>\n<p>El informe de secuestros generales del 1 al 31 de enero de este a\u00f1o en M\u00e9xico no solo es alarmante, sino que incrementa la llamada cifra oscura por aquellos delitos no reconocidos entre autoridades oficiales; San Luis Potos\u00ed comenz\u00f3 el 2020 con dos de estos cr\u00edmenes (cifra similar a diciembre 2019).<br \/>\nPese a haber sido atendidos por instancias federales, no hay registro de responsables detenidos, el mismo caso de Oaxaca, Puebla, Quer\u00e9taro, Quintana Roo, Sinaloa y Tabasco.<\/p>\n<p>En todo el pa\u00eds se han perpetrado 108 secuestros -oficialmente- este a\u00f1o, y lidera la lista Veracruz con 26, M\u00e9xico con 21 y Morelos, con nueve; Alto al Secuestro, acusa que al menos 17 casos no han sido debidamente integrados en carpetas de investigaci\u00f3n, y fueron conocidos por reportes en medios informativos.<\/p>\n<p><a href=\"https:\/\/sanluispotosi.quadratin.com.mx\/principal\/slp-en-doceavo-lugar-de-secuestro-contra-mujeres\/\" rel=\"noopener noreferrer\" target=\"_blank\">https:\/\/sanluispotosi.quadratin.com.mx\/principal\/slp-en-doceavo-lugar-de-secuestro-contra-mujeres\/<\/a><\/p>\n","protected":false},"excerpt":{"rendered":"<p>Gina Salinas\/Quadrat\u00edn SLP 18 febrero 2020 SAN LUIS POTOS\u00cd, SLP., 18 de febrero de 2020.- La Asociaci\u00f3n Alto al Secuestro revela que San Luis Potos\u00ed se ubica entre las entidades &hellip; <a href=\"https:\/\/www.grieta.org.mx\/index.php\/2020\/02\/18\/slp-en-doceavo-lugar-de-secuestro-contra-mujeres\/\" class=\"more-link\">Leer m\u00e1s<\/a><\/p>\n","protected":false},"author":2,"featured_media":45509,"comment_status":"closed","ping_status":"closed","sticky":false,"template":"","format":"standard","meta":{"ngg_post_thumbnail":0,"_jetpack_newsletter_access":"","_jetpack_dont_email_post_to_subs":false,"_jetpack_newsletter_tier_id":0,"_jetpack_memberships_contains_paywalled_content":false,"_jetpack_memberships_contains_paid_content":false,"footnotes":""},"categories":[80,2,29,1519],"tags":[3145,3144,3143,1630],"class_list":["post-45507","post","type-post","status-publish","format-standard","has-post-thumbnail","hentry","category-cintillo","category-noticias-nacionales","category-san-luis-potosi","category-violencia-contra-las-mujeres-en-san-luis-potosi","tag-incremento-de-secuestros","tag-secuestro","tag-violencia-contra-las-mujer","tag-violencia-contra-las-mujeres","entry"],"jetpack_featured_media_url":"https:\/\/www.grieta.org.mx\/wp-content\/uploads\/2020\/03\/secuestro-1-1160x700.jpeg","jetpack_sharing_enabled":true,"jetpack_shortlink":"https:\/\/wp.me\/p7ZJR4-bPZ","jetpack_likes_enabled":false,"jetpack-related-posts":[{"id":28627,"url":"https:\/\/www.grieta.org.mx\/index.php\/2019\/01\/28\/feminicidios-y-violaciones-azotan-a-slp-san-luis-potosi\/","url_meta":{"origin":45507,"position":0},"title":"Feminicidios y violaciones azotan a SLP (San Luis Potos\u00ed)","author":"grieta","date":"28 enero, 2019","format":false,"excerpt":"Jaime Hern\u00e1ndez \/ Pulso En ambos delitos, la entidad se ubic\u00f3 entre los diez estados con mayor incidencia del pa\u00eds Durante 2018, 93 potosinas fueron v\u00edctimas de homicidio. De esos cr\u00edmenes, 27 fueron considerados como feminicidios, ubicando a San Luis Potos\u00ed en el d\u00e9cimo lugar entre los estados con mayor\u2026","rel":"","context":"En &quot;CINTILLO&quot;","block_context":{"text":"CINTILLO","link":"https:\/\/www.grieta.org.mx\/index.php\/category\/cintillo\/"},"img":{"alt_text":"","src":"https:\/\/i0.wp.com\/www.grieta.org.mx\/wp-content\/uploads\/2019\/01\/Feminicidios-y-violaciones-azotan-a-SLP.jpg?resize=350%2C200&ssl=1","width":350,"height":200,"srcset":"https:\/\/i0.wp.com\/www.grieta.org.mx\/wp-content\/uploads\/2019\/01\/Feminicidios-y-violaciones-azotan-a-SLP.jpg?resize=350%2C200&ssl=1 1x, https:\/\/i0.wp.com\/www.grieta.org.mx\/wp-content\/uploads\/2019\/01\/Feminicidios-y-violaciones-azotan-a-SLP.jpg?resize=525%2C300&ssl=1 1.5x"},"classes":[]},{"id":11512,"url":"https:\/\/www.grieta.org.mx\/index.php\/2016\/07\/20\/movilizacion-contra-la-violencia-hacia-las-mujeres-en-san-luis-potosi\/","url_meta":{"origin":45507,"position":1},"title":"Movilizaci\u00f3n contra la violencia hacia las mujeres en San Luis Potosi","author":"grieta","date":"20 julio, 2016","format":false,"excerpt":"07\/07\/16. En SLP, \u201cno se ven\u201d avances contra la violencia contra las mujeres: InmujeresLa Jornada San Luis 25\/05\/16. Mujeres de SL, en marcha contra la violencia machistaLa jornada 25\/05\/16. Realizan marcha contra la violencia machistaEl Sol de San Luis","rel":"","context":"En &quot;San Luis Potos\u00ed&quot;","block_context":{"text":"San Luis Potos\u00ed","link":"https:\/\/www.grieta.org.mx\/index.php\/category\/noticias-nacionales\/san-luis-potosi\/"},"img":{"alt_text":"","src":"https:\/\/i0.wp.com\/www.grieta.org.mx\/wp-content\/uploads\/2018\/03\/14524434_1106112876131411_958039263622046936_o.jpg?resize=350%2C200&ssl=1","width":350,"height":200,"srcset":"https:\/\/i0.wp.com\/www.grieta.org.mx\/wp-content\/uploads\/2018\/03\/14524434_1106112876131411_958039263622046936_o.jpg?resize=350%2C200&ssl=1 1x, https:\/\/i0.wp.com\/www.grieta.org.mx\/wp-content\/uploads\/2018\/03\/14524434_1106112876131411_958039263622046936_o.jpg?resize=525%2C300&ssl=1 1.5x, https:\/\/i0.wp.com\/www.grieta.org.mx\/wp-content\/uploads\/2018\/03\/14524434_1106112876131411_958039263622046936_o.jpg?resize=700%2C400&ssl=1 2x"},"classes":[]},{"id":51740,"url":"https:\/\/www.grieta.org.mx\/index.php\/2020\/07\/06\/san-luis-potosi-quinto-lugar-en-tasa-de-feminicidios\/","url_meta":{"origin":45507,"position":2},"title":"San Luis Potos\u00ed, quinto lugar en tasa de feminicidios","author":"grieta","date":"6 julio, 2020","format":false,"excerpt":"Jorge Torres\/Plano Informativo 6 julio 2020 Violencia Familiar sube en un mes m\u00e1s de 600 casos. San Luis Potos\u00ed, SLP.- El Secretariado Ejecutivo del Sistema Nacional de Seguridad P\u00fablica emiti\u00f3 el informe sobre violencia contra las mujeres, con corte al 31 de mayo de 2020, que incluye los primeros cinco\u2026","rel":"","context":"En &quot;CINTILLO&quot;","block_context":{"text":"CINTILLO","link":"https:\/\/www.grieta.org.mx\/index.php\/category\/cintillo\/"},"img":{"alt_text":"","src":"https:\/\/i0.wp.com\/www.grieta.org.mx\/wp-content\/uploads\/2020\/07\/feminicidas.jpg?resize=350%2C200&ssl=1","width":350,"height":200,"srcset":"https:\/\/i0.wp.com\/www.grieta.org.mx\/wp-content\/uploads\/2020\/07\/feminicidas.jpg?resize=350%2C200&ssl=1 1x, https:\/\/i0.wp.com\/www.grieta.org.mx\/wp-content\/uploads\/2020\/07\/feminicidas.jpg?resize=525%2C300&ssl=1 1.5x, https:\/\/i0.wp.com\/www.grieta.org.mx\/wp-content\/uploads\/2020\/07\/feminicidas.jpg?resize=700%2C400&ssl=1 2x"},"classes":[]},{"id":39474,"url":"https:\/\/www.grieta.org.mx\/index.php\/2019\/08\/23\/vandalizan-edificio-de-fiscalia-en-san-luis-potosi-por-feminicidios\/","url_meta":{"origin":45507,"position":3},"title":"Vandalizan edificio de Fiscal\u00eda en San Luis Potos\u00ed por feminicidios","author":"grieta","date":"23 agosto, 2019","format":false,"excerpt":"Juan Hern\u00e1ndez | Quadrat\u00edn SLP SAN LUIS POTOS\u00cd, SLP., 23 de agosto 2019.- Colectivos de mujeres se manifestaron vandalizando las instalaciones de la Fiscal\u00eda General del Estado (FGE) en protesta por los dos m\u00e1s recientes asesinatos de mujeres potosinas, que se suman a una larga lista de v\u00edctimas femeninas este\u2026","rel":"","context":"En &quot;CINTILLO&quot;","block_context":{"text":"CINTILLO","link":"https:\/\/www.grieta.org.mx\/index.php\/category\/cintillo\/"},"img":{"alt_text":"","src":"https:\/\/i0.wp.com\/www.grieta.org.mx\/wp-content\/uploads\/2019\/09\/asesinos.jpg?resize=350%2C200&ssl=1","width":350,"height":200,"srcset":"https:\/\/i0.wp.com\/www.grieta.org.mx\/wp-content\/uploads\/2019\/09\/asesinos.jpg?resize=350%2C200&ssl=1 1x, https:\/\/i0.wp.com\/www.grieta.org.mx\/wp-content\/uploads\/2019\/09\/asesinos.jpg?resize=525%2C300&ssl=1 1.5x, https:\/\/i0.wp.com\/www.grieta.org.mx\/wp-content\/uploads\/2019\/09\/asesinos.jpg?resize=700%2C400&ssl=1 2x, https:\/\/i0.wp.com\/www.grieta.org.mx\/wp-content\/uploads\/2019\/09\/asesinos.jpg?resize=1050%2C600&ssl=1 3x"},"classes":[]},{"id":54540,"url":"https:\/\/www.grieta.org.mx\/index.php\/2020\/09\/21\/slp-esta-entre-las-ciudades-con-mas-feminicidios\/","url_meta":{"origin":45507,"position":4},"title":"SLP est\u00e1 entre las ciudades con m\u00e1s feminicidios","author":"grieta","date":"21 septiembre, 2020","format":false,"excerpt":"Redacci\u00f3n\/La Orquesta 21 septiembre 2020 De enero a julio tuvo 20 v\u00edctimas; solo la superan Tijuana, Ju\u00e1rez y Culiac\u00e1n El Informe sobre violencia contra las mujeres, del Secretariado Ejecutivo del Sistema Nacional de Seguridad P\u00fablica, reporta que, entre enero y julio del 2020, se registraron en la ciudad de San\u2026","rel":"","context":"En &quot;CINTILLO&quot;","block_context":{"text":"CINTILLO","link":"https:\/\/www.grieta.org.mx\/index.php\/category\/cintillo\/"},"img":{"alt_text":"","src":"https:\/\/i0.wp.com\/www.grieta.org.mx\/wp-content\/uploads\/2020\/10\/photo5125184302974347410-750x375-1.jpg?resize=350%2C200&ssl=1","width":350,"height":200,"srcset":"https:\/\/i0.wp.com\/www.grieta.org.mx\/wp-content\/uploads\/2020\/10\/photo5125184302974347410-750x375-1.jpg?resize=350%2C200&ssl=1 1x, https:\/\/i0.wp.com\/www.grieta.org.mx\/wp-content\/uploads\/2020\/10\/photo5125184302974347410-750x375-1.jpg?resize=525%2C300&ssl=1 1.5x, https:\/\/i0.wp.com\/www.grieta.org.mx\/wp-content\/uploads\/2020\/10\/photo5125184302974347410-750x375-1.jpg?resize=700%2C400&ssl=1 2x"},"classes":[]},{"id":23346,"url":"https:\/\/www.grieta.org.mx\/index.php\/2018\/05\/29\/slp-lugar-peligroso-para-mujeres-san-luis-potosi\/","url_meta":{"origin":45507,"position":5},"title":"SLP, lugar peligroso para mujeres (San Luis Potos\u00ed)","author":"grieta","date":"29 mayo, 2018","format":false,"excerpt":"Agencias \/ Plano Informativo De enero a abril se han registrado ya 10 feminicidios San Luis Potos\u00ed se ubica en el poco honroso sexto lugar nacional de feminicidios, en el reporte del Sistema Nacional de Seguridad P\u00fablica que establece que durante abril nuevamente repunt\u00f3 la violencia extrema en contra de\u2026","rel":"","context":"En &quot;CINTILLO&quot;","block_context":{"text":"CINTILLO","link":"https:\/\/www.grieta.org.mx\/index.php\/category\/cintillo\/"},"img":{"alt_text":"","src":"https:\/\/i0.wp.com\/www.grieta.org.mx\/wp-content\/uploads\/2018\/05\/SLP-lugar-peligroso-para-mujeres.jpg?resize=350%2C200&ssl=1","width":350,"height":200,"srcset":"https:\/\/i0.wp.com\/www.grieta.org.mx\/wp-content\/uploads\/2018\/05\/SLP-lugar-peligroso-para-mujeres.jpg?resize=350%2C200&ssl=1 1x, https:\/\/i0.wp.com\/www.grieta.org.mx\/wp-content\/uploads\/2018\/05\/SLP-lugar-peligroso-para-mujeres.jpg?resize=525%2C300&ssl=1 1.5x"},"classes":[]}],"_links":{"self":[{"href":"https:\/\/www.grieta.org.mx\/index.php\/wp-json\/wp\/v2\/posts\/45507","targetHints":{"allow":["GET"]}}],"collection":[{"href":"https:\/\/www.grieta.org.mx\/index.php\/wp-json\/wp\/v2\/posts"}],"about":[{"href":"https:\/\/www.grieta.org.mx\/index.php\/wp-json\/wp\/v2\/types\/post"}],"author":[{"embeddable":true,"href":"https:\/\/www.grieta.org.mx\/index.php\/wp-json\/wp\/v2\/users\/2"}],"replies":[{"embeddable":true,"href":"https:\/\/www.grieta.org.mx\/index.php\/wp-json\/wp\/v2\/comments?post=45507"}],"version-history":[{"count":1,"href":"https:\/\/www.grieta.org.mx\/index.php\/wp-json\/wp\/v2\/posts\/45507\/revisions"}],"predecessor-version":[{"id":45510,"href":"https:\/\/www.grieta.org.mx\/index.php\/wp-json\/wp\/v2\/posts\/45507\/revisions\/45510"}],"wp:featuredmedia":[{"embeddable":true,"href":"https:\/\/www.grieta.org.mx\/index.php\/wp-json\/wp\/v2\/media\/45509"}],"wp:attachment":[{"href":"https:\/\/www.grieta.org.mx\/index.php\/wp-json\/wp\/v2\/media?parent=45507"}],"wp:term":[{"taxonomy":"category","embeddable":true,"href":"https:\/\/www.grieta.org.mx\/index.php\/wp-json\/wp\/v2\/categories?post=45507"},{"taxonomy":"post_tag","embeddable":true,"href":"https:\/\/www.grieta.org.mx\/index.php\/wp-json\/wp\/v2\/tags?post=45507"}],"curies":[{"name":"wp","href":"https:\/\/api.w.org\/{rel}","templated":true}]}}