{"id":45499,"date":"2020-02-18T11:58:15","date_gmt":"2020-02-18T17:58:15","guid":{"rendered":"http:\/\/www.grieta.org.mx\/?p=45499"},"modified":"2020-03-04T12:01:17","modified_gmt":"2020-03-04T18:01:17","slug":"manifestacion-de-recolectores-de-basura-bloquea-la-carretera-57-san-luis-potosi","status":"publish","type":"post","link":"https:\/\/www.grieta.org.mx\/index.php\/2020\/02\/18\/manifestacion-de-recolectores-de-basura-bloquea-la-carretera-57-san-luis-potosi\/","title":{"rendered":"Manifestaci\u00f3n de recolectores de basura bloquea la carretera 57 (San Luis Potos\u00ed)"},"content":{"rendered":"<p>Redacci\u00f3n\/C\u00f3digo San Luis<br \/>\n18 febrero 2020<\/p>\n<blockquote><p>Desde temprano, se pararon en los carriles centrales de la v\u00eda e impidieron el paso de traileres y dem\u00e1s veh\u00edculos<br \/>\nAcusan al Gobierno Federal de querer privatizar su actividad<\/p><\/blockquote>\n<p><img loading=\"lazy\" decoding=\"async\" data-attachment-id=\"45501\" data-permalink=\"https:\/\/www.grieta.org.mx\/index.php\/2020\/02\/18\/manifestacion-de-recolectores-de-basura-bloquea-la-carretera-57-san-luis-potosi\/pepenadores-2\/\" data-orig-file=\"https:\/\/www.grieta.org.mx\/wp-content\/uploads\/2020\/03\/pepenadores.jpg\" data-orig-size=\"960,596\" data-comments-opened=\"0\" data-image-meta=\"{&quot;aperture&quot;:&quot;0&quot;,&quot;credit&quot;:&quot;&quot;,&quot;camera&quot;:&quot;&quot;,&quot;caption&quot;:&quot;&quot;,&quot;created_timestamp&quot;:&quot;0&quot;,&quot;copyright&quot;:&quot;&quot;,&quot;focal_length&quot;:&quot;0&quot;,&quot;iso&quot;:&quot;0&quot;,&quot;shutter_speed&quot;:&quot;0&quot;,&quot;title&quot;:&quot;&quot;,&quot;orientation&quot;:&quot;0&quot;}\" data-image-title=\"pepenadores\" data-image-description=\"\" data-image-caption=\"\" data-medium-file=\"https:\/\/www.grieta.org.mx\/wp-content\/uploads\/2020\/03\/pepenadores-300x186.jpg\" data-large-file=\"https:\/\/www.grieta.org.mx\/wp-content\/uploads\/2020\/03\/pepenadores.jpg\" class=\"aligncenter size-full wp-image-45501\" src=\"http:\/\/www.grieta.org.mx\/wp-content\/uploads\/2020\/03\/pepenadores.jpg\" alt=\"\" width=\"960\" height=\"596\" srcset=\"https:\/\/www.grieta.org.mx\/wp-content\/uploads\/2020\/03\/pepenadores.jpg 960w, https:\/\/www.grieta.org.mx\/wp-content\/uploads\/2020\/03\/pepenadores-300x186.jpg 300w, https:\/\/www.grieta.org.mx\/wp-content\/uploads\/2020\/03\/pepenadores-768x477.jpg 768w, https:\/\/www.grieta.org.mx\/wp-content\/uploads\/2020\/03\/pepenadores-805x500.jpg 805w\" sizes=\"auto, (max-width: 960px) 100vw, 960px\" \/><\/p>\n<p>Esta ma\u00f1ana, un grupo numeroso de pepenadores y dem\u00e1s recolectores de basura bloquearon la carretera 57, adelante del Eje 140, por lo que por horas, el tr\u00e1nsito vehicular estuvo detenido. Los dos carriles de la v\u00eda fueron cerrados por completo.<\/p>\n<p>Los chatarreros colocaron sus camiones a lo largo de la carretera e impidieron el paso de tr\u00e1ileres y trabajadores de las empresas de Villa de Reyes, quienes comenzaban a desesperarse. En el lugar, s\u00f3lo se present\u00f3 una patrulla de la Polic\u00eda Federal para poder controlar la situaci\u00f3n.<\/p>\n<p>Ellos acusan al gobierno federal de querer privatizar el servicio de recolecci\u00f3n de basura, hecho que afectar\u00eda a miles de familias en San Luis Potos\u00ed que se dedican a esta actividad y millones m\u00e1s que lo realizan en todo el pa\u00eds. Se\u00f1alan que las nuevas disposiciones en la reforma de reciclaje s\u00f3lo beneficia a los grandes empresarios y quitan empleos a la gente pobre.<\/p>\n<p>Aunque el grupo ya era numeroso, uno de los representantes de la Confederaci\u00f3n Nacional de Industriales y Recicladores de Metales asegur\u00f3 que m\u00e1s personas se unir\u00edan a la manifestaci\u00f3n en el transcurso del d\u00eda.<\/p>\n<div class=\"fb-video\" data-allowfullscreen=\"true\" data-href=\"https:\/\/www.facebook.com\/CodigoSanLuisperiodico\/videos\/626267124835051\/?t=44\" style=\"background-color: #fff; display: inline-block;\"><\/div>\n<p>En octubre de 2019, realizaron la misma acci\u00f3n, entre un gran grupo de recolectores de basura bloquearon por m\u00e1s de cuatro horas la carretera 57; en esa ocasi\u00f3n, acusaban al gobierno de Andr\u00e9s Manuel L\u00f3pez Obrador de querer gravar su actividad con impuestos.<\/p>\n<p><a href=\"https:\/\/www.codigosanluis.com\/manifestacion-de-recolectores-de-basura-bloquea-la-carretera-57\/\" target=\"_blank\" rel=\"noopener noreferrer\">https:\/\/www.codigosanluis.com\/manifestacion-de-recolectores-de-basura-bloquea-la-carretera-57\/<\/a><\/p>\n","protected":false},"excerpt":{"rendered":"<p>Redacci\u00f3n\/C\u00f3digo San Luis 18 febrero 2020 Desde temprano, se pararon en los carriles centrales de la v\u00eda e impidieron el paso de traileres y dem\u00e1s veh\u00edculos Acusan al Gobierno Federal &hellip; <a href=\"https:\/\/www.grieta.org.mx\/index.php\/2020\/02\/18\/manifestacion-de-recolectores-de-basura-bloquea-la-carretera-57-san-luis-potosi\/\" class=\"more-link\">Leer m\u00e1s<\/a><\/p>\n","protected":false},"author":2,"featured_media":45501,"comment_status":"closed","ping_status":"closed","sticky":false,"template":"","format":"standard","meta":{"ngg_post_thumbnail":0,"_jetpack_newsletter_access":"","_jetpack_dont_email_post_to_subs":false,"_jetpack_newsletter_tier_id":0,"_jetpack_memberships_contains_paywalled_content":false,"_jetpack_memberships_contains_paid_content":false,"footnotes":""},"categories":[80,2,2961,29],"tags":[3142,3141,3140,2922],"class_list":["post-45499","post","type-post","status-publish","format-standard","has-post-thumbnail","hentry","category-cintillo","category-noticias-nacionales","category-precarizacion-de-las-condiciones-de-vida-en-san-luis-potosi","category-san-luis-potosi","tag-movilizaciones-contra-la-privatizacion-de-servicios","tag-pepenadores","tag-precarizacion-de-las-condiciones-de-vida","tag-privatizacion-de-recoleccion-de-basura","entry"],"jetpack_featured_media_url":"https:\/\/www.grieta.org.mx\/wp-content\/uploads\/2020\/03\/pepenadores.jpg","jetpack_sharing_enabled":true,"jetpack_shortlink":"https:\/\/wp.me\/p7ZJR4-bPR","jetpack_likes_enabled":false,"jetpack-related-posts":[{"id":19522,"url":"https:\/\/www.grieta.org.mx\/index.php\/2016\/08\/03\/ejidatarios-bloquean-carretera-57-en-san-luis-potosi\/","url_meta":{"origin":45499,"position":0},"title":"Ejidatarios bloquean carretera 57 en San Luis Potos\u00ed","author":"grieta","date":"3 agosto, 2016","format":false,"excerpt":"Martha Zaragoza \/El Financiero Por un conflicto de tenencia de la tierra con la empresa American Industries, habitantes del ejido La Noria de San Jos\u00e9 bloquearon este martes durante varias horas el paso en la carretera federal 57, una de las m\u00e1s transitadas del pa\u00eds. Las diferencias entre ambas partes\u2026","rel":"","context":"En &quot;CINTILLO&quot;","block_context":{"text":"CINTILLO","link":"https:\/\/www.grieta.org.mx\/index.php\/category\/cintillo\/"},"img":{"alt_text":"","src":"https:\/\/i0.wp.com\/www.grieta.org.mx\/wp-content\/uploads\/2018\/03\/14524434_1106112876131411_958039263622046936_o.jpg?resize=350%2C200&ssl=1","width":350,"height":200,"srcset":"https:\/\/i0.wp.com\/www.grieta.org.mx\/wp-content\/uploads\/2018\/03\/14524434_1106112876131411_958039263622046936_o.jpg?resize=350%2C200&ssl=1 1x, https:\/\/i0.wp.com\/www.grieta.org.mx\/wp-content\/uploads\/2018\/03\/14524434_1106112876131411_958039263622046936_o.jpg?resize=525%2C300&ssl=1 1.5x, https:\/\/i0.wp.com\/www.grieta.org.mx\/wp-content\/uploads\/2018\/03\/14524434_1106112876131411_958039263622046936_o.jpg?resize=700%2C400&ssl=1 2x"},"classes":[]},{"id":47122,"url":"https:\/\/www.grieta.org.mx\/index.php\/2020\/03\/31\/se-ensanan-con-costo-del-huevo-en-san-luis-potosi\/","url_meta":{"origin":45499,"position":1},"title":"Se ensa\u00f1an con costo del huevo en San Luis Potos\u00ed","author":"grieta","date":"31 marzo, 2020","format":false,"excerpt":"Redacci\u00f3n\/Quadrat\u00edn SLP 31 marzo 2020 SAN LUIS POTOS\u00cd, SLP., 31 de marzo 2020.- Adem\u00e1s de escaso, el huevo es el producto de primera necesidad que se ha encarecido m\u00e1s de la cuenta en San Luis Potos\u00ed con la contingencia del coronavirus Covid 19, sin que hasta el momento se vea\u2026","rel":"","context":"En &quot;CINTILLO&quot;","block_context":{"text":"CINTILLO","link":"https:\/\/www.grieta.org.mx\/index.php\/category\/cintillo\/"},"img":{"alt_text":"","src":"https:\/\/i0.wp.com\/www.grieta.org.mx\/wp-content\/uploads\/2020\/04\/WhatsApp-Image-2020-03-29-at-3.22.47-PM-1160x700-1.jpeg?resize=350%2C200&ssl=1","width":350,"height":200,"srcset":"https:\/\/i0.wp.com\/www.grieta.org.mx\/wp-content\/uploads\/2020\/04\/WhatsApp-Image-2020-03-29-at-3.22.47-PM-1160x700-1.jpeg?resize=350%2C200&ssl=1 1x, https:\/\/i0.wp.com\/www.grieta.org.mx\/wp-content\/uploads\/2020\/04\/WhatsApp-Image-2020-03-29-at-3.22.47-PM-1160x700-1.jpeg?resize=525%2C300&ssl=1 1.5x, https:\/\/i0.wp.com\/www.grieta.org.mx\/wp-content\/uploads\/2020\/04\/WhatsApp-Image-2020-03-29-at-3.22.47-PM-1160x700-1.jpeg?resize=700%2C400&ssl=1 2x, https:\/\/i0.wp.com\/www.grieta.org.mx\/wp-content\/uploads\/2020\/04\/WhatsApp-Image-2020-03-29-at-3.22.47-PM-1160x700-1.jpeg?resize=1050%2C600&ssl=1 3x"},"classes":[]},{"id":65380,"url":"https:\/\/www.grieta.org.mx\/index.php\/2022\/09\/30\/de-canchas-de-futbol-a-tiradero-de-basura-asi-afectan-a-las-personas-los-vertederos-en-slp\/","url_meta":{"origin":45499,"position":2},"title":"De canchas de futbol a tiradero de basura: as\u00ed afectan a las personas los vertederos en SLP","author":"grieta","date":"30 septiembre, 2022","format":false,"excerpt":"Redacci\u00f3n\/El Sol de San Luis 30 septiembre 2022 Irritaci\u00f3n de ojos y enfermedades gastrointestinales son algunas de las enfermedades que cientos de familias potosinas sufren por los fuertes olores Lo que durante una vida fueron dos campos de f\u00fatbol en la colonia Luis Donaldo Colosio, fracci\u00f3n Rancho Nuevo, comunidad aleda\u00f1a\u2026","rel":"","context":"En &quot;CINTILLO&quot;","block_context":{"text":"CINTILLO","link":"https:\/\/www.grieta.org.mx\/index.php\/category\/cintillo\/"},"img":{"alt_text":"","src":"https:\/\/i0.wp.com\/www.grieta.org.mx\/wp-content\/uploads\/2022\/10\/vertedero.jpg?resize=350%2C200&ssl=1","width":350,"height":200,"srcset":"https:\/\/i0.wp.com\/www.grieta.org.mx\/wp-content\/uploads\/2022\/10\/vertedero.jpg?resize=350%2C200&ssl=1 1x, https:\/\/i0.wp.com\/www.grieta.org.mx\/wp-content\/uploads\/2022\/10\/vertedero.jpg?resize=525%2C300&ssl=1 1.5x, https:\/\/i0.wp.com\/www.grieta.org.mx\/wp-content\/uploads\/2022\/10\/vertedero.jpg?resize=700%2C400&ssl=1 2x"},"classes":[]},{"id":40807,"url":"https:\/\/www.grieta.org.mx\/index.php\/2019\/10\/29\/transportistas-exigen-seguridad-en-carreteras-potosinas\/","url_meta":{"origin":45499,"position":3},"title":"Transportistas exigen seguridad en carreteras potosinas","author":"grieta","date":"29 octubre, 2019","format":false,"excerpt":"Por un par de horas, miembros de Amotac se plantaron en la lateral de la carretera, sin obstruir por completo el tr\u00e1nsito vehicular Redacci\u00f3n\/C\u00f3digo San Luis 29 octubre 2019 San Luis Potos\u00ed, SLP. \u2013 Esta ma\u00f1ana, miembros en San Luis Potos\u00ed de la Alianza Mexicana de Organizaci\u00f3n de Transportistas (Amotac)\u2026","rel":"","context":"En &quot;CINTILLO&quot;","block_context":{"text":"CINTILLO","link":"https:\/\/www.grieta.org.mx\/index.php\/category\/cintillo\/"},"img":{"alt_text":"","src":"https:\/\/i0.wp.com\/www.grieta.org.mx\/wp-content\/uploads\/2019\/11\/https___www.codigosanluis.com_wp-content_uploads_2019_10_transportistas-seguridad.jpeg?resize=350%2C200&ssl=1","width":350,"height":200,"srcset":"https:\/\/i0.wp.com\/www.grieta.org.mx\/wp-content\/uploads\/2019\/11\/https___www.codigosanluis.com_wp-content_uploads_2019_10_transportistas-seguridad.jpeg?resize=350%2C200&ssl=1 1x, https:\/\/i0.wp.com\/www.grieta.org.mx\/wp-content\/uploads\/2019\/11\/https___www.codigosanluis.com_wp-content_uploads_2019_10_transportistas-seguridad.jpeg?resize=525%2C300&ssl=1 1.5x, https:\/\/i0.wp.com\/www.grieta.org.mx\/wp-content\/uploads\/2019\/11\/https___www.codigosanluis.com_wp-content_uploads_2019_10_transportistas-seguridad.jpeg?resize=700%2C400&ssl=1 2x"},"classes":[]},{"id":42751,"url":"https:\/\/www.grieta.org.mx\/index.php\/2020\/01\/03\/protestan-pepenadores-contra-privatizar-reciclaje-en-aguascalientes\/","url_meta":{"origin":45499,"position":4},"title":"Protestan pepenadores contra privatizar reciclaje en Aguascalientes","author":"grieta","date":"3 enero, 2020","format":false,"excerpt":"Claudio Ba\u00f1uelos\/La Jornada Aguascalientes 3 enero 2020 Aguascalientes, Ags.- Sin importar el fr\u00edo que produc\u00eda el tener 1 grado cent\u00edgrado cerca de 250 pepenadores que a diario laboran en el Relleno Sanitario San Nicol\u00e1s se plantaron a la entrada del mismo y bloquearon durante casi una hora los accesos a\u2026","rel":"","context":"En &quot;Aguascalientes&quot;","block_context":{"text":"Aguascalientes","link":"https:\/\/www.grieta.org.mx\/index.php\/category\/noticias-nacionales\/aguascalientes\/"},"img":{"alt_text":"","src":"https:\/\/i0.wp.com\/www.grieta.org.mx\/wp-content\/uploads\/2020\/01\/pepenadores.png?resize=350%2C200&ssl=1","width":350,"height":200,"srcset":"https:\/\/i0.wp.com\/www.grieta.org.mx\/wp-content\/uploads\/2020\/01\/pepenadores.png?resize=350%2C200&ssl=1 1x, https:\/\/i0.wp.com\/www.grieta.org.mx\/wp-content\/uploads\/2020\/01\/pepenadores.png?resize=525%2C300&ssl=1 1.5x, https:\/\/i0.wp.com\/www.grieta.org.mx\/wp-content\/uploads\/2020\/01\/pepenadores.png?resize=700%2C400&ssl=1 2x"},"classes":[]},{"id":41789,"url":"https:\/\/www.grieta.org.mx\/index.php\/2019\/11\/21\/en-san-luis-potosi-el-20-de-los-jovenes-son-ninis\/","url_meta":{"origin":45499,"position":5},"title":"En San Luis Potos\u00ed, el 20% de los j\u00f3venes son &#8220;ninis&#8221;","author":"grieta","date":"21 noviembre, 2019","format":false,"excerpt":"El titular del Instituto Potosino de la Juventud, lament\u00f3 la muerte de un menor encontrado ayer y cuyo presunto crimen podr\u00eda estar vinculado a la delincuencia organizada Emanuel Landeros\/El Sol de San Luis 21 noviembre 2019 Las y los j\u00f3venes de San Luis Potos\u00ed son el sector m\u00e1s vulnerable ante\u2026","rel":"","context":"En &quot;CINTILLO&quot;","block_context":{"text":"CINTILLO","link":"https:\/\/www.grieta.org.mx\/index.php\/category\/cintillo\/"},"img":{"alt_text":"","src":"https:\/\/i0.wp.com\/www.grieta.org.mx\/wp-content\/uploads\/2019\/12\/ninis.png?resize=350%2C200&ssl=1","width":350,"height":200,"srcset":"https:\/\/i0.wp.com\/www.grieta.org.mx\/wp-content\/uploads\/2019\/12\/ninis.png?resize=350%2C200&ssl=1 1x, https:\/\/i0.wp.com\/www.grieta.org.mx\/wp-content\/uploads\/2019\/12\/ninis.png?resize=525%2C300&ssl=1 1.5x"},"classes":[]}],"_links":{"self":[{"href":"https:\/\/www.grieta.org.mx\/index.php\/wp-json\/wp\/v2\/posts\/45499","targetHints":{"allow":["GET"]}}],"collection":[{"href":"https:\/\/www.grieta.org.mx\/index.php\/wp-json\/wp\/v2\/posts"}],"about":[{"href":"https:\/\/www.grieta.org.mx\/index.php\/wp-json\/wp\/v2\/types\/post"}],"author":[{"embeddable":true,"href":"https:\/\/www.grieta.org.mx\/index.php\/wp-json\/wp\/v2\/users\/2"}],"replies":[{"embeddable":true,"href":"https:\/\/www.grieta.org.mx\/index.php\/wp-json\/wp\/v2\/comments?post=45499"}],"version-history":[{"count":1,"href":"https:\/\/www.grieta.org.mx\/index.php\/wp-json\/wp\/v2\/posts\/45499\/revisions"}],"predecessor-version":[{"id":45505,"href":"https:\/\/www.grieta.org.mx\/index.php\/wp-json\/wp\/v2\/posts\/45499\/revisions\/45505"}],"wp:featuredmedia":[{"embeddable":true,"href":"https:\/\/www.grieta.org.mx\/index.php\/wp-json\/wp\/v2\/media\/45501"}],"wp:attachment":[{"href":"https:\/\/www.grieta.org.mx\/index.php\/wp-json\/wp\/v2\/media?parent=45499"}],"wp:term":[{"taxonomy":"category","embeddable":true,"href":"https:\/\/www.grieta.org.mx\/index.php\/wp-json\/wp\/v2\/categories?post=45499"},{"taxonomy":"post_tag","embeddable":true,"href":"https:\/\/www.grieta.org.mx\/index.php\/wp-json\/wp\/v2\/tags?post=45499"}],"curies":[{"name":"wp","href":"https:\/\/api.w.org\/{rel}","templated":true}]}}