{"id":45448,"date":"2020-02-16T13:54:52","date_gmt":"2020-02-16T19:54:52","guid":{"rendered":"http:\/\/www.grieta.org.mx\/?p=45448"},"modified":"2020-03-02T13:59:30","modified_gmt":"2020-03-02T19:59:30","slug":"en-aumento-la-cifra-de-pobreza-en-tamaulipas","status":"publish","type":"post","link":"https:\/\/www.grieta.org.mx\/index.php\/2020\/02\/16\/en-aumento-la-cifra-de-pobreza-en-tamaulipas\/","title":{"rendered":"En aumento la cifra de pobreza en Tamaulipas"},"content":{"rendered":"<p>Edith \u00c1lvarez\/Milenio<br \/>\n16 febrero 2020<\/p>\n<blockquote><p>El reporte anual de la Secretar\u00eda de Bienestar a nivel federal, refiere que seis municipios est\u00e1n en marginaci\u00f3n y 17 en nivel medio. <\/p><\/blockquote>\n<p><img loading=\"lazy\" decoding=\"async\" data-attachment-id=\"45449\" data-permalink=\"https:\/\/www.grieta.org.mx\/index.php\/2020\/02\/16\/en-aumento-la-cifra-de-pobreza-en-tamaulipas\/viven-en-pobreza-el-de_0_14_260_162\/\" data-orig-file=\"https:\/\/www.grieta.org.mx\/wp-content\/uploads\/2020\/03\/viven-en-pobreza-el-de_0_14_260_162.jpg\" data-orig-size=\"958,596\" data-comments-opened=\"0\" data-image-meta=\"{&quot;aperture&quot;:&quot;0&quot;,&quot;credit&quot;:&quot;&quot;,&quot;camera&quot;:&quot;&quot;,&quot;caption&quot;:&quot;&quot;,&quot;created_timestamp&quot;:&quot;0&quot;,&quot;copyright&quot;:&quot;&quot;,&quot;focal_length&quot;:&quot;0&quot;,&quot;iso&quot;:&quot;0&quot;,&quot;shutter_speed&quot;:&quot;0&quot;,&quot;title&quot;:&quot;&quot;,&quot;orientation&quot;:&quot;0&quot;}\" data-image-title=\"viven-en-pobreza-el-de_0_14_260_162\" data-image-description=\"\" data-image-caption=\"\" data-medium-file=\"https:\/\/www.grieta.org.mx\/wp-content\/uploads\/2020\/03\/viven-en-pobreza-el-de_0_14_260_162-300x187.jpg\" data-large-file=\"https:\/\/www.grieta.org.mx\/wp-content\/uploads\/2020\/03\/viven-en-pobreza-el-de_0_14_260_162.jpg\" src=\"http:\/\/www.grieta.org.mx\/wp-content\/uploads\/2020\/03\/viven-en-pobreza-el-de_0_14_260_162.jpg\" alt=\"\" width=\"958\" height=\"596\" class=\"aligncenter size-full wp-image-45449\" srcset=\"https:\/\/www.grieta.org.mx\/wp-content\/uploads\/2020\/03\/viven-en-pobreza-el-de_0_14_260_162.jpg 958w, https:\/\/www.grieta.org.mx\/wp-content\/uploads\/2020\/03\/viven-en-pobreza-el-de_0_14_260_162-300x187.jpg 300w, https:\/\/www.grieta.org.mx\/wp-content\/uploads\/2020\/03\/viven-en-pobreza-el-de_0_14_260_162-768x478.jpg 768w, https:\/\/www.grieta.org.mx\/wp-content\/uploads\/2020\/03\/viven-en-pobreza-el-de_0_14_260_162-804x500.jpg 804w\" sizes=\"auto, (max-width: 958px) 100vw, 958px\" \/><\/p>\n<p>En un a\u00f1o, creci\u00f3 la cifra de personas en pobreza en Tamaulipas. De acuerdo con la Secretar\u00eda de Bienestar a nivel federal, el \u00faltimo reporte indica que el 35.1 por ciento de la poblaci\u00f3n est\u00e1 en esta condici\u00f3n, mientras que el a\u00f1o pasado la cifra fue de 32.2 por ciento. El reporte anual refiere que seis municipios del estado est\u00e1n con un alto grado de marginaci\u00f3n y 17 en nivel medio.<\/p>\n<p>En un a\u00f1o en Tamaulipas la pobreza creci\u00f3 3 por ciento, revela el \u201cInforme anual sobre la situaci\u00f3n de pobreza y rezago social 2020\u201d.<\/p>\n<p>De acuerdo con el documento el 35.1 por ciento de la poblaci\u00f3n, es decir un mill\u00f3n 281 mil 361 personas est\u00e1n en pobreza en la entidad, tomando como referencia que la poblaci\u00f3n es de 3 millones 650 mil 602 personas.<\/p>\n<p>Mientras que en la medici\u00f3n del 2019, la cifra fue de un mill\u00f3n 165 mil 933 de habitantes en pobreza, ya que hubo un porcentaje de 32.2 puntos de un total de 3 millones 620 mil 910 habitantes en el estado.<\/p>\n<p>Es decir que un a\u00f1o se a\u00f1adieron 115 mil 428 personas a la condici\u00f3n de pobreza. El informe desglosa que de esas personas en pobreza, el 31.8 por ciento est\u00e1 en condici\u00f3n moderada y el 3.3 por ciento restante en extrema. En ambos casos hubo un aumento comparado con la medici\u00f3n anterior.<\/p>\n<p>El informe federal destacan que los municipios de Tamaulipas que est\u00e1n con un alto grado de marginaci\u00f3n son seis: San Nicol\u00e1s, San Carlos, Casas, Miquihuana, Bustamante y el pueblo m\u00e1gico de Tula.<\/p>\n<p>Hay otros 17 municipios en el estado con nivel medio de marginaci\u00f3n. Se trata de M\u00e9ndez, Burgos, Cruillas, Mainero, Villagr\u00e1n, Hidalgo, G\u00fc\u00e9mez, Jaumave, Palmillas, G\u00f3mez Far\u00edas, Ocampo, Antiguo Morelos, Nuevo Morelos, Llera, Gonz\u00e1lez, Aldama y Soto la Marina.<\/p>\n<p>JACM<\/p>\n<p><a href=\"https:\/\/www.milenio.com\/politica\/comunidad\/tamaulipas-en-aumento-la-cifra-de-pobreza\" rel=\"noopener noreferrer\" target=\"_blank\">https:\/\/www.milenio.com\/politica\/comunidad\/tamaulipas-en-aumento-la-cifra-de-pobreza<\/a><\/p>\n","protected":false},"excerpt":{"rendered":"<p>Edith \u00c1lvarez\/Milenio 16 febrero 2020 El reporte anual de la Secretar\u00eda de Bienestar a nivel federal, refiere que seis municipios est\u00e1n en marginaci\u00f3n y 17 en nivel medio. En un &hellip; <a href=\"https:\/\/www.grieta.org.mx\/index.php\/2020\/02\/16\/en-aumento-la-cifra-de-pobreza-en-tamaulipas\/\" class=\"more-link\">Leer m\u00e1s<\/a><\/p>\n","protected":false},"author":2,"featured_media":45449,"comment_status":"closed","ping_status":"closed","sticky":false,"template":"","format":"standard","meta":{"ngg_post_thumbnail":0,"_jetpack_newsletter_access":"","_jetpack_dont_email_post_to_subs":false,"_jetpack_newsletter_tier_id":0,"_jetpack_memberships_contains_paywalled_content":false,"_jetpack_memberships_contains_paid_content":false,"footnotes":""},"categories":[80,2,3020,33],"tags":[3137,2962],"class_list":["post-45448","post","type-post","status-publish","format-standard","has-post-thumbnail","hentry","category-cintillo","category-noticias-nacionales","category-precarizacion-de-la-vida-en-tamaulipas","category-tamaulipas","tag-aumento-de-la-pobreza","tag-precarizacion-de-la-vida","entry"],"jetpack_featured_media_url":"https:\/\/www.grieta.org.mx\/wp-content\/uploads\/2020\/03\/viven-en-pobreza-el-de_0_14_260_162.jpg","jetpack_sharing_enabled":true,"jetpack_shortlink":"https:\/\/wp.me\/p7ZJR4-bP2","jetpack_likes_enabled":false,"jetpack-related-posts":[{"id":40810,"url":"https:\/\/www.grieta.org.mx\/index.php\/2019\/10\/29\/en-el-sur-de-tamaulipas-43-mil-en-desempleo-y-183-mil-mal-pagados\/","url_meta":{"origin":45448,"position":0},"title":"En el sur de Tamaulipas 43 mil en desempleo y 183 mil mal pagados","author":"grieta","date":"29 octubre, 2019","format":false,"excerpt":"En un an\u00e1lisis de Acci\u00f3n Ciudadana Frente a la Pobreza expone que hay grupos que, aunque est\u00e1n ocupados, sus condiciones en su fuente laboral no son las id\u00f3neas. Cristina G\u00f3mez\/Milenio 29 octubre 2019 La Zona Metropolitana integrada por Tampico, Madero y Altamira en el estado de Tamaulipas, as\u00ed como P\u00e1nuco\u2026","rel":"","context":"En &quot;CINTILLO&quot;","block_context":{"text":"CINTILLO","link":"https:\/\/www.grieta.org.mx\/index.php\/category\/cintillo\/"},"img":{"alt_text":"","src":"https:\/\/i0.wp.com\/www.grieta.org.mx\/wp-content\/uploads\/2019\/11\/crece-tasa-de-desempleo-andres_0_28_800_497.jpg?resize=350%2C200&ssl=1","width":350,"height":200,"srcset":"https:\/\/i0.wp.com\/www.grieta.org.mx\/wp-content\/uploads\/2019\/11\/crece-tasa-de-desempleo-andres_0_28_800_497.jpg?resize=350%2C200&ssl=1 1x, https:\/\/i0.wp.com\/www.grieta.org.mx\/wp-content\/uploads\/2019\/11\/crece-tasa-de-desempleo-andres_0_28_800_497.jpg?resize=525%2C300&ssl=1 1.5x, https:\/\/i0.wp.com\/www.grieta.org.mx\/wp-content\/uploads\/2019\/11\/crece-tasa-de-desempleo-andres_0_28_800_497.jpg?resize=700%2C400&ssl=1 2x"},"classes":[]},{"id":68876,"url":"https:\/\/www.grieta.org.mx\/index.php\/2024\/05\/08\/trabajadores-cada-vez-mas-pobres-colima\/","url_meta":{"origin":45448,"position":1},"title":"Trabajadores, cada vez m\u00e1s pobres (Colima)","author":"grieta","date":"8 mayo, 2024","format":false,"excerpt":"Imagen: Ilustrativa, Diario Avanzada Heidi de Le\u00f3n Guti\u00e9rrez \/ Diario Avanzada Colima, M\u00e9xico, Avanzada (08\/05\/2024).- En Colima, cada vez se complican m\u00e1s las cosas para la poblaci\u00f3n econ\u00f3micamente activa: no solo padecen la falta de trabajos diversificados, tambi\u00e9n la falta de salarios que permitan cubrir las necesidades b\u00e1sicas. En el\u2026","rel":"","context":"En &quot;CINTILLO&quot;","block_context":{"text":"CINTILLO","link":"https:\/\/www.grieta.org.mx\/index.php\/category\/cintillo\/"},"img":{"alt_text":"","src":"https:\/\/i0.wp.com\/www.grieta.org.mx\/wp-content\/uploads\/2024\/05\/img_8814-1.jpg?resize=350%2C200&ssl=1","width":350,"height":200,"srcset":"https:\/\/i0.wp.com\/www.grieta.org.mx\/wp-content\/uploads\/2024\/05\/img_8814-1.jpg?resize=350%2C200&ssl=1 1x, https:\/\/i0.wp.com\/www.grieta.org.mx\/wp-content\/uploads\/2024\/05\/img_8814-1.jpg?resize=525%2C300&ssl=1 1.5x, https:\/\/i0.wp.com\/www.grieta.org.mx\/wp-content\/uploads\/2024\/05\/img_8814-1.jpg?resize=700%2C400&ssl=1 2x, https:\/\/i0.wp.com\/www.grieta.org.mx\/wp-content\/uploads\/2024\/05\/img_8814-1.jpg?resize=1050%2C600&ssl=1 3x, https:\/\/i0.wp.com\/www.grieta.org.mx\/wp-content\/uploads\/2024\/05\/img_8814-1.jpg?resize=1400%2C800&ssl=1 4x"},"classes":[]},{"id":35148,"url":"https:\/\/www.grieta.org.mx\/index.php\/2019\/06\/18\/padecen-pobreza-36-en-durango-carecen-de-vivienda-digna\/","url_meta":{"origin":45448,"position":2},"title":"Padecen pobreza 36% en Durango; carecen de vivienda digna","author":"grieta","date":"18 junio, 2019","format":false,"excerpt":"David Vicente\u00f1o\/Exc\u00e9lsior Unos 667 mil habitantes del estado norte\u00f1o enfrentan marginaci\u00f3n; 50 mil habitantes no tienen agua potable CIUDAD DE M\u00c9XICO. Con una poblaci\u00f3n calculada en un mill\u00f3n 852 mil 952 habitantes, hasta el a\u00f1o pasado, en el estado de Durango, 667 mil 62 personas viv\u00edan en condiciones de pobreza\u2026","rel":"","context":"En &quot;CINTILLO&quot;","block_context":{"text":"CINTILLO","link":"https:\/\/www.grieta.org.mx\/index.php\/category\/cintillo\/"},"img":{"alt_text":"","src":"https:\/\/i0.wp.com\/www.grieta.org.mx\/wp-content\/uploads\/2019\/06\/2165341.jpg?resize=350%2C200&ssl=1","width":350,"height":200,"srcset":"https:\/\/i0.wp.com\/www.grieta.org.mx\/wp-content\/uploads\/2019\/06\/2165341.jpg?resize=350%2C200&ssl=1 1x, https:\/\/i0.wp.com\/www.grieta.org.mx\/wp-content\/uploads\/2019\/06\/2165341.jpg?resize=525%2C300&ssl=1 1.5x"},"classes":[]},{"id":72162,"url":"https:\/\/www.grieta.org.mx\/index.php\/2025\/08\/14\/colima-incrementa-su-pobreza-multidimensional-en-los-ultimos-ocho-anos\/","url_meta":{"origin":45448,"position":3},"title":"Colima incrementa su pobreza multidimensional en los \u00faltimos ocho a\u00f1os","author":"grieta","date":"14 agosto, 2025","format":false,"excerpt":"Imagen: Diario Avanzada Heidi de Le\u00f3n Guti\u00e9rrez \/ Diario Avanzada Colima, M\u00e9xico, Avanzada (14\/8\/2025).- Colima lleg\u00f3 al final del sexenio de Andr\u00e9s Manuel L\u00f3pez Obrador con una paradoja: menos pobreza, pero m\u00e1s exclusi\u00f3n en los servicios de salud. Entre 2018 y 2024, el porcentaje de personas en situaci\u00f3n de pobreza\u2026","rel":"","context":"En &quot;CINTILLO&quot;","block_context":{"text":"CINTILLO","link":"https:\/\/www.grieta.org.mx\/index.php\/category\/cintillo\/"},"img":{"alt_text":"","src":"https:\/\/i0.wp.com\/www.grieta.org.mx\/wp-content\/uploads\/2025\/08\/img_8713-2-1.jpg?resize=350%2C200&ssl=1","width":350,"height":200,"srcset":"https:\/\/i0.wp.com\/www.grieta.org.mx\/wp-content\/uploads\/2025\/08\/img_8713-2-1.jpg?resize=350%2C200&ssl=1 1x, https:\/\/i0.wp.com\/www.grieta.org.mx\/wp-content\/uploads\/2025\/08\/img_8713-2-1.jpg?resize=525%2C300&ssl=1 1.5x, https:\/\/i0.wp.com\/www.grieta.org.mx\/wp-content\/uploads\/2025\/08\/img_8713-2-1.jpg?resize=700%2C400&ssl=1 2x, https:\/\/i0.wp.com\/www.grieta.org.mx\/wp-content\/uploads\/2025\/08\/img_8713-2-1.jpg?resize=1050%2C600&ssl=1 3x, https:\/\/i0.wp.com\/www.grieta.org.mx\/wp-content\/uploads\/2025\/08\/img_8713-2-1.jpg?resize=1400%2C800&ssl=1 4x"},"classes":[]},{"id":43207,"url":"https:\/\/www.grieta.org.mx\/index.php\/2020\/01\/18\/cae-el-empleo-en-tamaulipas\/","url_meta":{"origin":45448,"position":4},"title":"Cae el empleo en Tamaulipas","author":"grieta","date":"18 enero, 2020","format":false,"excerpt":"Pasa de 26 mil nuevas plazas en el 2018, a s\u00f3lo 1,582 puestos un a\u00f1o despu\u00e9s, revela el Tec de MonterreyFuente: STPS El Economista\/El Ma\u00f1ana 18 enero 2020 Pasa de 26 mil nuevas plazas en el 2018, a s\u00f3lo 1,582 puestos un a\u00f1o despu\u00e9s, revela el Tec de MonterreyFuente: STPS\u2026","rel":"","context":"En &quot;CINTILLO&quot;","block_context":{"text":"CINTILLO","link":"https:\/\/www.grieta.org.mx\/index.php\/category\/cintillo\/"},"img":{"alt_text":"","src":"https:\/\/i0.wp.com\/www.grieta.org.mx\/wp-content\/uploads\/2020\/01\/descarga-6.jpeg?resize=350%2C200","width":350,"height":200},"classes":[]},{"id":51505,"url":"https:\/\/www.grieta.org.mx\/index.php\/2020\/06\/30\/es-urgente-atender-a-los-municipios-de-aguascalientes-con-mayores-niveles-de-pobreza-del-estado\/","url_meta":{"origin":45448,"position":5},"title":"ES URGENTE ATENDER A LOS MUNICIPIOS DE AGUASCALIENTES CON MAYORES NIVELES DE POBREZA DEL ESTADO","author":"grieta","date":"30 junio, 2020","format":false,"excerpt":"Caludia Rodr\u00edguez Loera\/La Jornada Aguascalientes 30 junio 2020 Siete municipios presentan \u00edndices de pobreza de entre el 40 al 70% De los 19 programas de desarrollo social del pa\u00eds, ninguno va dirigido a abatir la pobreza Los efectos negativos que traer\u00e1 la pandemia por el nuevo coronavirus hacen necesario que\u2026","rel":"","context":"En &quot;Aguascalientes&quot;","block_context":{"text":"Aguascalientes","link":"https:\/\/www.grieta.org.mx\/index.php\/category\/noticias-nacionales\/aguascalientes\/"},"img":{"alt_text":"","src":"https:\/\/i0.wp.com\/www.grieta.org.mx\/wp-content\/uploads\/2020\/07\/48295137042_cc5f06b7f6_b.jpg?resize=350%2C200&ssl=1","width":350,"height":200,"srcset":"https:\/\/i0.wp.com\/www.grieta.org.mx\/wp-content\/uploads\/2020\/07\/48295137042_cc5f06b7f6_b.jpg?resize=350%2C200&ssl=1 1x, https:\/\/i0.wp.com\/www.grieta.org.mx\/wp-content\/uploads\/2020\/07\/48295137042_cc5f06b7f6_b.jpg?resize=525%2C300&ssl=1 1.5x, https:\/\/i0.wp.com\/www.grieta.org.mx\/wp-content\/uploads\/2020\/07\/48295137042_cc5f06b7f6_b.jpg?resize=700%2C400&ssl=1 2x"},"classes":[]}],"_links":{"self":[{"href":"https:\/\/www.grieta.org.mx\/index.php\/wp-json\/wp\/v2\/posts\/45448","targetHints":{"allow":["GET"]}}],"collection":[{"href":"https:\/\/www.grieta.org.mx\/index.php\/wp-json\/wp\/v2\/posts"}],"about":[{"href":"https:\/\/www.grieta.org.mx\/index.php\/wp-json\/wp\/v2\/types\/post"}],"author":[{"embeddable":true,"href":"https:\/\/www.grieta.org.mx\/index.php\/wp-json\/wp\/v2\/users\/2"}],"replies":[{"embeddable":true,"href":"https:\/\/www.grieta.org.mx\/index.php\/wp-json\/wp\/v2\/comments?post=45448"}],"version-history":[{"count":1,"href":"https:\/\/www.grieta.org.mx\/index.php\/wp-json\/wp\/v2\/posts\/45448\/revisions"}],"predecessor-version":[{"id":45450,"href":"https:\/\/www.grieta.org.mx\/index.php\/wp-json\/wp\/v2\/posts\/45448\/revisions\/45450"}],"wp:featuredmedia":[{"embeddable":true,"href":"https:\/\/www.grieta.org.mx\/index.php\/wp-json\/wp\/v2\/media\/45449"}],"wp:attachment":[{"href":"https:\/\/www.grieta.org.mx\/index.php\/wp-json\/wp\/v2\/media?parent=45448"}],"wp:term":[{"taxonomy":"category","embeddable":true,"href":"https:\/\/www.grieta.org.mx\/index.php\/wp-json\/wp\/v2\/categories?post=45448"},{"taxonomy":"post_tag","embeddable":true,"href":"https:\/\/www.grieta.org.mx\/index.php\/wp-json\/wp\/v2\/tags?post=45448"}],"curies":[{"name":"wp","href":"https:\/\/api.w.org\/{rel}","templated":true}]}}