{"id":45424,"date":"2020-02-11T19:27:22","date_gmt":"2020-02-12T01:27:22","guid":{"rendered":"http:\/\/www.grieta.org.mx\/?p=45424"},"modified":"2020-03-01T19:48:57","modified_gmt":"2020-03-02T01:48:57","slug":"18-mil-viviendas-con-rezago-habitacional-en-tamaulipas","status":"publish","type":"post","link":"https:\/\/www.grieta.org.mx\/index.php\/2020\/02\/11\/18-mil-viviendas-con-rezago-habitacional-en-tamaulipas\/","title":{"rendered":"18 MIL VIVIENDAS CON REZAGO HABITACIONAL EN TAMAULIPAS"},"content":{"rendered":"<p>Teresa Mac\u00edas\/Expreso.press<br \/>\n11 febrero 2020<\/p>\n<blockquote><p>Tienen materiales precarios, hacinamiento y falta de drenaje<\/p><\/blockquote>\n<p><img loading=\"lazy\" decoding=\"async\" data-attachment-id=\"45425\" data-permalink=\"https:\/\/www.grieta.org.mx\/index.php\/2020\/02\/11\/18-mil-viviendas-con-rezago-habitacional-en-tamaulipas\/vivienda\/\" data-orig-file=\"https:\/\/www.grieta.org.mx\/wp-content\/uploads\/2020\/03\/vivienda.jpg\" data-orig-size=\"800,419\" data-comments-opened=\"0\" data-image-meta=\"{&quot;aperture&quot;:&quot;0&quot;,&quot;credit&quot;:&quot;&quot;,&quot;camera&quot;:&quot;&quot;,&quot;caption&quot;:&quot;&quot;,&quot;created_timestamp&quot;:&quot;0&quot;,&quot;copyright&quot;:&quot;&quot;,&quot;focal_length&quot;:&quot;0&quot;,&quot;iso&quot;:&quot;0&quot;,&quot;shutter_speed&quot;:&quot;0&quot;,&quot;title&quot;:&quot;&quot;,&quot;orientation&quot;:&quot;0&quot;}\" data-image-title=\"vivienda\" data-image-description=\"\" data-image-caption=\"\" data-medium-file=\"https:\/\/www.grieta.org.mx\/wp-content\/uploads\/2020\/03\/vivienda-300x157.jpg\" data-large-file=\"https:\/\/www.grieta.org.mx\/wp-content\/uploads\/2020\/03\/vivienda.jpg\" src=\"http:\/\/www.grieta.org.mx\/wp-content\/uploads\/2020\/03\/vivienda.jpg\" alt=\"\" width=\"800\" height=\"419\" class=\"aligncenter size-full wp-image-45425\" srcset=\"https:\/\/www.grieta.org.mx\/wp-content\/uploads\/2020\/03\/vivienda.jpg 800w, https:\/\/www.grieta.org.mx\/wp-content\/uploads\/2020\/03\/vivienda-300x157.jpg 300w, https:\/\/www.grieta.org.mx\/wp-content\/uploads\/2020\/03\/vivienda-768x402.jpg 768w\" sizes=\"auto, (max-width: 800px) 100vw, 800px\" \/><\/p>\n<p>TAMPICO, TAMAULIPAS.- En Tamaulipas hay 18 mil viviendas que presentan rezago habitacional, report\u00f3 Roberto Salinas, Presidente de la CMIC en Tamaulipas.<\/p>\n<p>\u00abLa SEDATU en su reporte Diagn\u00f3stico de la Vivienda presentado ante la CMIC, inform\u00f3 que el principal tipo de rezago que presentan son: materiales precarios en un 79%, seguido del hacinamiento con 19% y un 2% presentan problemas con el drenaje\u00bb.<\/p>\n<p>El rezago habitacional se entiende a la viviendas en hacinamiento o cuyos materiales de edificaci\u00f3n se encuentran en deterioro y no logran satisfacer un m\u00ednimo de bienestar para sus ocupantes, es una de las razones por las que hay mucha vivienda abandonada.<\/p>\n<p>Dentro del programa Nacional de Vivienda 2019-2024, se pretende garantizar la vivienda adecuada, especialmente a las mas vulnerables.<\/p>\n<p>En M\u00e9xico hay 34 millones de viviendas, de las cuales 9.4 millones presentan rezago habitacional, Tamaulipas est\u00e1 entre 13 estados que presentan un rezago de 5.3% a 19.4% de las viviendas con estas condiciones.<\/p>\n<p>\u00abLas acciones tomadas por la SEDATU van desde mejoramiento, vivienda nueva, ampliaci\u00f3n y mejoramiento\u00bb, apunt\u00f3.<\/p>\n<p>De los 9.4 millones de hogares con rezago, el 72% no son derechohabientes del Infonavit, por lo que no se ha atendido a quien m\u00e1s lo necesita.<\/p>\n<p>El Infonavit estim\u00f3 que existen cerca de 650 mil viviendas abandonadas en M\u00e9xico, donde Tamaulipas est\u00e1 entre los estados con m\u00e1s viviendas abandonadas, con cerca de 12 mil.<\/p>\n<p>\u00abAlgunos de los elementos con que debe contar una vivienda es que sea habitable, asequible, disponibilidad de servicios, ubicaci\u00f3n, adecuaci\u00f3n cultural, seguridad de la tenencia, y accesibilidad\u00bb.<\/p>\n<p><a href=\"https:\/\/expreso.press\/2020\/02\/11\/18-mil-viviendas-con-rezago-habitacional-en-tamaulipas\/\" rel=\"noopener noreferrer\" target=\"_blank\">https:\/\/expreso.press\/2020\/02\/11\/18-mil-viviendas-con-rezago-habitacional-en-tamaulipas\/<\/a><\/p>\n","protected":false},"excerpt":{"rendered":"<p>Teresa Mac\u00edas\/Expreso.press 11 febrero 2020 Tienen materiales precarios, hacinamiento y falta de drenaje TAMPICO, TAMAULIPAS.- En Tamaulipas hay 18 mil viviendas que presentan rezago habitacional, report\u00f3 Roberto Salinas, Presidente de &hellip; <a href=\"https:\/\/www.grieta.org.mx\/index.php\/2020\/02\/11\/18-mil-viviendas-con-rezago-habitacional-en-tamaulipas\/\" class=\"more-link\">Leer m\u00e1s<\/a><\/p>\n","protected":false},"author":2,"featured_media":45425,"comment_status":"closed","ping_status":"closed","sticky":false,"template":"","format":"standard","meta":{"ngg_post_thumbnail":0,"_jetpack_newsletter_access":"","_jetpack_dont_email_post_to_subs":false,"_jetpack_newsletter_tier_id":0,"_jetpack_memberships_contains_paywalled_content":false,"_jetpack_memberships_contains_paid_content":false,"footnotes":""},"categories":[80,2,3020,33],"tags":[2962,864],"class_list":["post-45424","post","type-post","status-publish","format-standard","has-post-thumbnail","hentry","category-cintillo","category-noticias-nacionales","category-precarizacion-de-la-vida-en-tamaulipas","category-tamaulipas","tag-precarizacion-de-la-vida","tag-vivienda","entry"],"jetpack_featured_media_url":"https:\/\/www.grieta.org.mx\/wp-content\/uploads\/2020\/03\/vivienda.jpg","jetpack_sharing_enabled":true,"jetpack_shortlink":"https:\/\/wp.me\/p7ZJR4-bOE","jetpack_likes_enabled":false,"jetpack-related-posts":[{"id":65371,"url":"https:\/\/www.grieta.org.mx\/index.php\/2022\/09\/27\/viven-en-hacinamiento-cientos-de-migrantes-haitianos-en-reynosa-tamaulipas\/","url_meta":{"origin":45424,"position":0},"title":"Viven en hacinamiento cientos de migrantes haitianos en Reynosa (Tamaulipas)","author":"grieta","date":"27 septiembre, 2022","format":false,"excerpt":"Rosal\u00eda Quint\u00e1\/Hoy Tamaulipas 27 septiembre 2022 Reynosa, Tamaulipas. \u2013 Cientos de migrantes haitianos viven en las calles aleda\u00f1as al albergue Senda de Vida, mientras esperan poder cruzar legalmente a Estados Unidos. Sin poder ingresar al albergue, porque no hay cupo seg\u00fan sus directivos, los migrantes han colocado peque\u00f1as carpas para\u2026","rel":"","context":"En &quot;CINTILLO&quot;","block_context":{"text":"CINTILLO","link":"https:\/\/www.grieta.org.mx\/index.php\/category\/cintillo\/"},"img":{"alt_text":"","src":"https:\/\/i0.wp.com\/www.grieta.org.mx\/wp-content\/uploads\/2022\/09\/Viven-en-hacinamiento-cientos-de-migrantes-haitianos-en-Reynosa.jpg?resize=350%2C200&ssl=1","width":350,"height":200,"srcset":"https:\/\/i0.wp.com\/www.grieta.org.mx\/wp-content\/uploads\/2022\/09\/Viven-en-hacinamiento-cientos-de-migrantes-haitianos-en-Reynosa.jpg?resize=350%2C200&ssl=1 1x, https:\/\/i0.wp.com\/www.grieta.org.mx\/wp-content\/uploads\/2022\/09\/Viven-en-hacinamiento-cientos-de-migrantes-haitianos-en-Reynosa.jpg?resize=525%2C300&ssl=1 1.5x, https:\/\/i0.wp.com\/www.grieta.org.mx\/wp-content\/uploads\/2022\/09\/Viven-en-hacinamiento-cientos-de-migrantes-haitianos-en-Reynosa.jpg?resize=700%2C400&ssl=1 2x"},"classes":[]},{"id":65342,"url":"https:\/\/www.grieta.org.mx\/index.php\/2022\/09\/22\/quedaran-en-rezago-19-mil-expedientes-laborales-las-mayor-parte-por-despidos-injustificados-en-tamaulipas\/","url_meta":{"origin":45424,"position":1},"title":"Quedar\u00e1n en rezago 19 mil expedientes laborales, las mayor parte por despidos injustificados en Tamaulipas","author":"grieta","date":"22 septiembre, 2022","format":false,"excerpt":"Lupita Dom\u00ednguez\/Vox Populi 22 septiembre 2022 Un total de 19 mil expedientes laborales en rezago dejar\u00e1 la administraci\u00f3n saliente en las Juntas de Conciliaci\u00f3n y Arbitraje de Tamaulipas. El Subsecretario del Trabajo, Arturo Gonz\u00e1lez Salazar, explic\u00f3 que estas demandas se derivar\u00edan de presuntos despidos injustificados donde casi todos los juicios\u2026","rel":"","context":"En &quot;CINTILLO&quot;","block_context":{"text":"CINTILLO","link":"https:\/\/www.grieta.org.mx\/index.php\/category\/cintillo\/"},"img":{"alt_text":"","src":"https:\/\/i0.wp.com\/www.grieta.org.mx\/wp-content\/uploads\/2022\/09\/9-33.webp?resize=350%2C200&ssl=1","width":350,"height":200,"srcset":"https:\/\/i0.wp.com\/www.grieta.org.mx\/wp-content\/uploads\/2022\/09\/9-33.webp?resize=350%2C200&ssl=1 1x, https:\/\/i0.wp.com\/www.grieta.org.mx\/wp-content\/uploads\/2022\/09\/9-33.webp?resize=525%2C300&ssl=1 1.5x"},"classes":[]},{"id":35148,"url":"https:\/\/www.grieta.org.mx\/index.php\/2019\/06\/18\/padecen-pobreza-36-en-durango-carecen-de-vivienda-digna\/","url_meta":{"origin":45424,"position":2},"title":"Padecen pobreza 36% en Durango; carecen de vivienda digna","author":"grieta","date":"18 junio, 2019","format":false,"excerpt":"David Vicente\u00f1o\/Exc\u00e9lsior Unos 667 mil habitantes del estado norte\u00f1o enfrentan marginaci\u00f3n; 50 mil habitantes no tienen agua potable CIUDAD DE M\u00c9XICO. Con una poblaci\u00f3n calculada en un mill\u00f3n 852 mil 952 habitantes, hasta el a\u00f1o pasado, en el estado de Durango, 667 mil 62 personas viv\u00edan en condiciones de pobreza\u2026","rel":"","context":"En &quot;CINTILLO&quot;","block_context":{"text":"CINTILLO","link":"https:\/\/www.grieta.org.mx\/index.php\/category\/cintillo\/"},"img":{"alt_text":"","src":"https:\/\/i0.wp.com\/www.grieta.org.mx\/wp-content\/uploads\/2019\/06\/2165341.jpg?resize=350%2C200&ssl=1","width":350,"height":200,"srcset":"https:\/\/i0.wp.com\/www.grieta.org.mx\/wp-content\/uploads\/2019\/06\/2165341.jpg?resize=350%2C200&ssl=1 1x, https:\/\/i0.wp.com\/www.grieta.org.mx\/wp-content\/uploads\/2019\/06\/2165341.jpg?resize=525%2C300&ssl=1 1.5x"},"classes":[]},{"id":45448,"url":"https:\/\/www.grieta.org.mx\/index.php\/2020\/02\/16\/en-aumento-la-cifra-de-pobreza-en-tamaulipas\/","url_meta":{"origin":45424,"position":3},"title":"En aumento la cifra de pobreza en Tamaulipas","author":"grieta","date":"16 febrero, 2020","format":false,"excerpt":"Edith \u00c1lvarez\/Milenio 16 febrero 2020 El reporte anual de la Secretar\u00eda de Bienestar a nivel federal, refiere que seis municipios est\u00e1n en marginaci\u00f3n y 17 en nivel medio. En un a\u00f1o, creci\u00f3 la cifra de personas en pobreza en Tamaulipas. De acuerdo con la Secretar\u00eda de Bienestar a nivel federal,\u2026","rel":"","context":"En &quot;CINTILLO&quot;","block_context":{"text":"CINTILLO","link":"https:\/\/www.grieta.org.mx\/index.php\/category\/cintillo\/"},"img":{"alt_text":"","src":"https:\/\/i0.wp.com\/www.grieta.org.mx\/wp-content\/uploads\/2020\/03\/viven-en-pobreza-el-de_0_14_260_162.jpg?resize=350%2C200&ssl=1","width":350,"height":200,"srcset":"https:\/\/i0.wp.com\/www.grieta.org.mx\/wp-content\/uploads\/2020\/03\/viven-en-pobreza-el-de_0_14_260_162.jpg?resize=350%2C200&ssl=1 1x, https:\/\/i0.wp.com\/www.grieta.org.mx\/wp-content\/uploads\/2020\/03\/viven-en-pobreza-el-de_0_14_260_162.jpg?resize=525%2C300&ssl=1 1.5x, https:\/\/i0.wp.com\/www.grieta.org.mx\/wp-content\/uploads\/2020\/03\/viven-en-pobreza-el-de_0_14_260_162.jpg?resize=700%2C400&ssl=1 2x"},"classes":[]},{"id":41857,"url":"https:\/\/www.grieta.org.mx\/index.php\/2019\/11\/25\/cierran-122-constructoras-en-tamaulipas\/","url_meta":{"origin":45424,"position":4},"title":"Cierran 122 constructoras en Tamaulipas","author":"grieta","date":"25 noviembre, 2019","format":false,"excerpt":"Afirma la CMIC que el 2020 no pinta bien para este sector ya que dejar\u00e1 a cientos de obreros sin trabajo Antonio Sosa\/El Sol de Tampico 25 noviembrre 2019 En lo que va del a\u00f1o ciento veintidos empresas constructoras de Tamaulipas se han visto obligadas a cerrar ante la falta\u2026","rel":"","context":"En &quot;CINTILLO&quot;","block_context":{"text":"CINTILLO","link":"https:\/\/www.grieta.org.mx\/index.php\/category\/cintillo\/"},"img":{"alt_text":"","src":"https:\/\/i0.wp.com\/www.grieta.org.mx\/wp-content\/uploads\/2019\/12\/Captura-de-Pantalla-2019-11-24-a-las-21.44.05.png?resize=350%2C200&ssl=1","width":350,"height":200,"srcset":"https:\/\/i0.wp.com\/www.grieta.org.mx\/wp-content\/uploads\/2019\/12\/Captura-de-Pantalla-2019-11-24-a-las-21.44.05.png?resize=350%2C200&ssl=1 1x, https:\/\/i0.wp.com\/www.grieta.org.mx\/wp-content\/uploads\/2019\/12\/Captura-de-Pantalla-2019-11-24-a-las-21.44.05.png?resize=525%2C300&ssl=1 1.5x, https:\/\/i0.wp.com\/www.grieta.org.mx\/wp-content\/uploads\/2019\/12\/Captura-de-Pantalla-2019-11-24-a-las-21.44.05.png?resize=700%2C400&ssl=1 2x"},"classes":[]},{"id":28787,"url":"https:\/\/www.grieta.org.mx\/index.php\/2019\/02\/04\/protestan-empleados-de-la-jad-frente-a-alcaldia-de-matamoros-tamaulipas\/","url_meta":{"origin":45424,"position":5},"title":"Protestan empleados de la JAD frente a alcald\u00eda de Matamoros (Tamaulipas)","author":"grieta","date":"4 febrero, 2019","format":false,"excerpt":"Marco Esquivel \/ Hoy Tamaulipas El presidente Mario L\u00f3pez Hern\u00e1ndez los atendi\u00f3. Acusaban que hay acoso laboral, despidos injustificados, falta de uniformes y equipos de seguridad Matamoros, Tamaulipas.- Acoso laboral, despidos injustificados, falta de uniformes y equipos de seguridad, as\u00ed como retraso en la cobertura de cuotas de Infonavit, fueron\u2026","rel":"","context":"En &quot;CINTILLO&quot;","block_context":{"text":"CINTILLO","link":"https:\/\/www.grieta.org.mx\/index.php\/category\/cintillo\/"},"img":{"alt_text":"","src":"https:\/\/i0.wp.com\/www.grieta.org.mx\/wp-content\/uploads\/2019\/02\/Protestan-empleados-de-la-JAD-frente-a-alcaldia-de-Matamoros-feb.jpg?resize=350%2C200&ssl=1","width":350,"height":200,"srcset":"https:\/\/i0.wp.com\/www.grieta.org.mx\/wp-content\/uploads\/2019\/02\/Protestan-empleados-de-la-JAD-frente-a-alcaldia-de-Matamoros-feb.jpg?resize=350%2C200&ssl=1 1x, https:\/\/i0.wp.com\/www.grieta.org.mx\/wp-content\/uploads\/2019\/02\/Protestan-empleados-de-la-JAD-frente-a-alcaldia-de-Matamoros-feb.jpg?resize=525%2C300&ssl=1 1.5x, https:\/\/i0.wp.com\/www.grieta.org.mx\/wp-content\/uploads\/2019\/02\/Protestan-empleados-de-la-JAD-frente-a-alcaldia-de-Matamoros-feb.jpg?resize=700%2C400&ssl=1 2x"},"classes":[]}],"_links":{"self":[{"href":"https:\/\/www.grieta.org.mx\/index.php\/wp-json\/wp\/v2\/posts\/45424","targetHints":{"allow":["GET"]}}],"collection":[{"href":"https:\/\/www.grieta.org.mx\/index.php\/wp-json\/wp\/v2\/posts"}],"about":[{"href":"https:\/\/www.grieta.org.mx\/index.php\/wp-json\/wp\/v2\/types\/post"}],"author":[{"embeddable":true,"href":"https:\/\/www.grieta.org.mx\/index.php\/wp-json\/wp\/v2\/users\/2"}],"replies":[{"embeddable":true,"href":"https:\/\/www.grieta.org.mx\/index.php\/wp-json\/wp\/v2\/comments?post=45424"}],"version-history":[{"count":1,"href":"https:\/\/www.grieta.org.mx\/index.php\/wp-json\/wp\/v2\/posts\/45424\/revisions"}],"predecessor-version":[{"id":45426,"href":"https:\/\/www.grieta.org.mx\/index.php\/wp-json\/wp\/v2\/posts\/45424\/revisions\/45426"}],"wp:featuredmedia":[{"embeddable":true,"href":"https:\/\/www.grieta.org.mx\/index.php\/wp-json\/wp\/v2\/media\/45425"}],"wp:attachment":[{"href":"https:\/\/www.grieta.org.mx\/index.php\/wp-json\/wp\/v2\/media?parent=45424"}],"wp:term":[{"taxonomy":"category","embeddable":true,"href":"https:\/\/www.grieta.org.mx\/index.php\/wp-json\/wp\/v2\/categories?post=45424"},{"taxonomy":"post_tag","embeddable":true,"href":"https:\/\/www.grieta.org.mx\/index.php\/wp-json\/wp\/v2\/tags?post=45424"}],"curies":[{"name":"wp","href":"https:\/\/api.w.org\/{rel}","templated":true}]}}