{"id":454,"date":"2015-10-30T17:05:45","date_gmt":"2015-10-30T17:05:45","guid":{"rendered":"http:\/\/50.22.11.12\/~grietaor\/?p=454"},"modified":"2016-03-01T03:07:13","modified_gmt":"2016-03-01T03:07:13","slug":"la-solidaridad-con-presos-y-presas-politicos-se-reunio-en-tlanixco","status":"publish","type":"post","link":"https:\/\/www.grieta.org.mx\/index.php\/2015\/10\/30\/la-solidaridad-con-presos-y-presas-politicos-se-reunio-en-tlanixco\/","title":{"rendered":"La solidaridad con presos y presas pol\u00edticos se reuni\u00f3 en Tlanixco"},"content":{"rendered":"<p>El 24 de octubre de 2015 se realiz\u00f3, en San Pedro Tlanixco, Estado de M\u00e9xico, el Encuentro Nacional por Nuestr@s Pres@s Pol\u00edtic@s, convocado por la Red Contra la Represi\u00f3n y por la Solidaridad.<\/p>\n<p>Entre la neblina de las faldas del Nevado de Toluca, integrantes del Movimiento por la Libertad de los Defensores del Agua y de la Vida, nos recibieron en la entrada del poblado para marchar entre consignas hasta la sede del Encuentro.<\/p>\n<p>Con una ceremonia tradicional, entre copal y cempas\u00fachil y ofrendas, se dio inicio al Encuentro. Se registr\u00f3 la participaci\u00f3n de 56 organizaciones y colectivos. De este modo, organizaciones, colectivos e individuos de diversas partes del pa\u00eds acudieron, expusieron sus posiciones y testimonios relacionados con la prisi\u00f3n pol\u00edtica, prestaron su escucha y participaron de los trabajos realizados. Se recibieron saludos desde el Estado Espa\u00f1ol, as\u00ed como de Colima, San Luis Potos\u00ed y de Puebla.<\/p>\n<p>Posteriormente se inform\u00f3 sobre la situaci\u00f3n de Dominga Gonz\u00e1lez Mart\u00ednez, Lorenzo S\u00e1nchez Berrioz\u00e1bal, Marco Antonio P\u00e9rez Gonz\u00e1lez, Pedro S\u00e1nchez Berrioz\u00e1bal, R\u00f3mulo Arias M\u00edreles y Te\u00f3filo P\u00e9rez Gonz\u00e1lez, presos de Tlanixco; de Ceme\u00ed Verd\u00eda, preso de Ostula, del cual el CNI llam\u00f3 a continuar atentos y mantener la solidaridad con dicha comunidad; de Fernando B\u00e1rcenas; de Luis Fernando Sotelo; de Abraham Cort\u00e9s, Julio C\u00e9sar N\u00fa\u00f1ez Delgadillo, Jos\u00e9 Santiago L\u00f3pez, presos en distintas c\u00e1rceles del dizque democr\u00e1tico gobierno perredista de la ciudad de M\u00e9xico; se inform\u00f3 de Santiago Moreno P\u00e9rez, Emilio Jim\u00e9nez G\u00f3mez y Esteban G\u00f3mez Jim\u00e9nez, presos de San Sebasti\u00e1n Bachaj\u00f3n, Chiapas; tambi\u00e9n de Chiapas, se inform\u00f3 de la situaci\u00f3n de Alejandro D\u00edaz S\u00e1ntiz, Roberto Paciencia Cruz, Lucio Hern\u00e1ndez Patisht\u00e1n y Juan de la Cruz Ru\u00edz; de Oaxaca se habl\u00f3 de Miguel \u00c1ngel Peralta, preso de Asamblea Comunitaria de Eloxochitl\u00e1n de Flores Mag\u00f3n, de ese mismo estado del pa\u00eds se habl\u00f3 del compa\u00f1ero \u00c1lvaro Sebasti\u00e1n Ram\u00edrez, preso Loxicha.<\/p>\n<p>Nuestros compa\u00f1eros y compa\u00f1eras rehenes del poder y del Estado han tenido que resistir la corrupci\u00f3n, el abuso de poder, limit\u00e1ndoles las visitas, traslados de penales \u2013 lejanos de sus familias y compa\u00f1eros. Y sin embargo, y no pese a ello, sino haciendo frente a estas medidas se\u00f1aladas, nuestras compa\u00f1eras y compa\u00f1eros no se desmoralizan, no se callan y no claudican. Como ejemplo est\u00e1n las participaciones que enriquecieron el Encuentro por parte de Luis Fernando Sotelo y de uno de los presos de Tlanixco, \u00c1lvaro Sebasti\u00e1n Ram\u00edrez y Fernando B\u00e1rcenas; los dos primeros a trav\u00e9s de sendas llamadas telef\u00f3nicas y los dos \u00faltimos de manera epistolar.<\/p>\n<p>Los asistentes del encuentro reafirmaron su compromiso por la libertad y contra la prisi\u00f3n pol\u00edtica. Por su parte los medios libres, congruentes con su posici\u00f3n, se comprometieron a trabajar con la difusi\u00f3n generada sobre nuestros presos y nuestras presas y del Encuentro. Distintas son las formas en que la solidaridad adquiere su tono y su color y bajo este principio la Coordinadora de Valle de Chalko junto con j\u00f3venes de la comunidad realizaron un cuerpo de graffitis plasmados en tres muros como expresi\u00f3n de solidaridad y por la libertad de nuestros presos y presas pol\u00edticas. Convencidas y convencidos que en el ma\u00f1ana que so\u00f1amos caben muchos mundos y ning\u00fan esfuerzo es peque\u00f1o, las ni\u00f1as y ni\u00f1os de la comunidad junto a las hijas e hijos de los familiares de nuestros compa\u00f1eros y nuestras compa\u00f1eras presos aportaron su creatividad e imaginaci\u00f3n realizando un peri\u00f3dico mural, junto a ellas y ellos estuvieron estudiantes de la Universidad Aut\u00f3noma del Estado de M\u00e9xico, nombrando a cada uno y cada una de los presos con mensajes de solidaridad.<\/p>\n<p>La clausura del Encuentro se reencontr\u00f3 con el Himno Zapatista, como una forma de reivindicar nuestra adherencia a la Sexta Declaraci\u00f3n de la Selva Lacandona del Ej\u00e9rcito Zapatista de Liberaci\u00f3n Nacional.<\/p>\n<p>No podemos decir que aqu\u00ed termin\u00f3 el Encuentro, por el contrario, quedaron pendientes, deberes, tareas y acuerdos a los que hay que darles seguimiento, en pr\u00f3ximas fechas se har\u00e1n del conocimiento p\u00fablico, nos encontramos en espera de la relator\u00eda para que esas tareas las llevemos a buen puerto, que no es otro que el de la libertad de nuestras y nuestros compa\u00f1eros. Porque seguimos sin estar todos y todas, nos faltan nuestras presas y nuestros presos.<\/p>\n<p>\u00a1Presas y presos pol\u00edticos Libertad!<\/p>\n<p>Equipo de Comunicaci\u00f3n de la RvsR<\/p>\n<p>Publicado originalmente en: redcontralarepresion.org\/articulo.php?i=1157<\/p>\n<p><a href=\"http:\/\/www.centrodemedioslibres.org\/2015\/10\/30\/la-solidaridad-con-presos-y-presas-politicos-se-reunio-en-tlanixco\/\" target=\"_blank\">www.centrodemedioslibres.org\/2015\/10\/30\/la-solidaridad-con-presos-y-presas-politicos-se-reunio-en-tlanixco\/<\/a><\/p>\n","protected":false},"excerpt":{"rendered":"<p>El 24 de octubre de 2015 se realiz\u00f3, en San Pedro Tlanixco, Estado de M\u00e9xico, el Encuentro Nacional por Nuestr@s Pres@s Pol\u00edtic@s, convocado por la Red Contra la Represi\u00f3n y &hellip; <a href=\"https:\/\/www.grieta.org.mx\/index.php\/2015\/10\/30\/la-solidaridad-con-presos-y-presas-politicos-se-reunio-en-tlanixco\/\" class=\"more-link\">Leer m\u00e1s<\/a><\/p>\n","protected":false},"author":2,"featured_media":21928,"comment_status":"closed","ping_status":"open","sticky":false,"template":"","format":"standard","meta":{"ngg_post_thumbnail":0,"_jetpack_newsletter_access":"","_jetpack_dont_email_post_to_subs":false,"_jetpack_newsletter_tier_id":0,"_jetpack_memberships_contains_paywalled_content":false,"_jetpack_memberships_contains_paid_content":false,"footnotes":""},"categories":[80],"tags":[92,131],"class_list":["post-454","post","type-post","status-publish","format-standard","has-post-thumbnail","hentry","category-cintillo","tag-estado-de-mexico","tag-presos-politicos","entry"],"jetpack_featured_media_url":"https:\/\/www.grieta.org.mx\/wp-content\/uploads\/2018\/03\/14524434_1106112876131411_958039263622046936_o.jpg","jetpack_sharing_enabled":true,"jetpack_shortlink":"https:\/\/wp.me\/p7ZJR4-7k","jetpack_likes_enabled":false,"jetpack-related-posts":[{"id":459,"url":"https:\/\/www.grieta.org.mx\/index.php\/2015\/10\/27\/encuentro-nacional-por-nuestrs-presos-de-la-red-vs-represion\/","url_meta":{"origin":454,"position":0},"title":"Encuentro Nacional por Nuestr@s Preso@s de la Red vs Represi\u00f3n","author":"grieta","date":"27 octubre, 2015","format":false,"excerpt":"Radio Zapatista El s\u00e1bado 24 de octubre, organizaciones, colectivos e individuos se reunieron en la comunidad de Tlanixco, en el estado de M\u00e9xico, en el \u201cEncuentro Nacional por Nuestro@s Preso@s\u201c convocado por la Red Vs Represi\u00f3n. En el encuentro se habl\u00f3 de los casos de: Luis Fernando B\u00e1rcenas, Luis Fernando\u2026","rel":"","context":"En &quot;CINTILLO&quot;","block_context":{"text":"CINTILLO","link":"https:\/\/www.grieta.org.mx\/index.php\/category\/cintillo\/"},"img":{"alt_text":"","src":"https:\/\/i0.wp.com\/www.grieta.org.mx\/wp-content\/uploads\/2018\/03\/14524434_1106112876131411_958039263622046936_o.jpg?resize=350%2C200&ssl=1","width":350,"height":200,"srcset":"https:\/\/i0.wp.com\/www.grieta.org.mx\/wp-content\/uploads\/2018\/03\/14524434_1106112876131411_958039263622046936_o.jpg?resize=350%2C200&ssl=1 1x, https:\/\/i0.wp.com\/www.grieta.org.mx\/wp-content\/uploads\/2018\/03\/14524434_1106112876131411_958039263622046936_o.jpg?resize=525%2C300&ssl=1 1.5x, https:\/\/i0.wp.com\/www.grieta.org.mx\/wp-content\/uploads\/2018\/03\/14524434_1106112876131411_958039263622046936_o.jpg?resize=700%2C400&ssl=1 2x"},"classes":[]},{"id":475,"url":"https:\/\/www.grieta.org.mx\/index.php\/2015\/10\/30\/encuentro-nacional-de-la-rvsr-por-nuestros-press-politics-octubre-2015\/","url_meta":{"origin":454,"position":1},"title":"Encuentro Nacional de la RvsR por Nuestros pres@s Pol\u00edtic@s, octubre 2015","author":"grieta","date":"30 octubre, 2015","format":false,"excerpt":"30\/10\/15. La solidaridad con presos y presas pol\u00edticos se reuni\u00f3 en TlanixcoCentro de Medios Libres 29\/10\/15. Estado de M\u00e9xico, de los m\u00e1s represores del pa\u00eds desde tiempos de EPN: pueblos y defensoresM\u00e1s de 131 27\/10\/15. Encuentro Nacional por Nuestr@s Preso@s de la Red vs Represi\u00f3n (audios)Radio Zapatista","rel":"","context":"En &quot;Estado de M\u00e9xico&quot;","block_context":{"text":"Estado de M\u00e9xico","link":"https:\/\/www.grieta.org.mx\/index.php\/category\/noticias-nacionales\/estado-de-mexico\/"},"img":{"alt_text":"","src":"https:\/\/i0.wp.com\/www.grieta.org.mx\/wp-content\/uploads\/2018\/03\/14524434_1106112876131411_958039263622046936_o.jpg?resize=350%2C200&ssl=1","width":350,"height":200,"srcset":"https:\/\/i0.wp.com\/www.grieta.org.mx\/wp-content\/uploads\/2018\/03\/14524434_1106112876131411_958039263622046936_o.jpg?resize=350%2C200&ssl=1 1x, https:\/\/i0.wp.com\/www.grieta.org.mx\/wp-content\/uploads\/2018\/03\/14524434_1106112876131411_958039263622046936_o.jpg?resize=525%2C300&ssl=1 1.5x, https:\/\/i0.wp.com\/www.grieta.org.mx\/wp-content\/uploads\/2018\/03\/14524434_1106112876131411_958039263622046936_o.jpg?resize=700%2C400&ssl=1 2x"},"classes":[]},{"id":27182,"url":"https:\/\/www.grieta.org.mx\/index.php\/2018\/10\/14\/convocamos-a-una-campana-nacional-e-internacional-por-la-libertad-de-los-presos-de-tlanixco-y-de-la-tribu-yaqui\/","url_meta":{"origin":454,"position":2},"title":"Convocamos a una campa\u00f1a nacional e internacional por la libertad de los presos de Tlanixco y de la tribu Yaqui","author":"grieta","date":"14 octubre, 2018","format":false,"excerpt":"Convocamos a una campa\u00f1a nacional e internacional por la libertad de los presos de Tlanixco y de la tribu Yaqui Al Pueblo de M\u00e9xico y del mundo A los medios de comunicaci\u00f3n A las redes de apoyo al CIG A la Sexta Nacional e Internacional Por acuerdo de la segunda\u2026","rel":"","context":"En &quot;18. Tlanixco&quot;","block_context":{"text":"18. Tlanixco","link":"https:\/\/www.grieta.org.mx\/index.php\/category\/espejos-de-la-resistencia\/18-tlanixco\/"},"img":{"alt_text":"","src":"https:\/\/i0.wp.com\/www.grieta.org.mx\/wp-content\/uploads\/2018\/10\/IMG-20181014-WA0072-aggua.jpg?resize=350%2C200&ssl=1","width":350,"height":200,"srcset":"https:\/\/i0.wp.com\/www.grieta.org.mx\/wp-content\/uploads\/2018\/10\/IMG-20181014-WA0072-aggua.jpg?resize=350%2C200&ssl=1 1x, https:\/\/i0.wp.com\/www.grieta.org.mx\/wp-content\/uploads\/2018\/10\/IMG-20181014-WA0072-aggua.jpg?resize=525%2C300&ssl=1 1.5x, https:\/\/i0.wp.com\/www.grieta.org.mx\/wp-content\/uploads\/2018\/10\/IMG-20181014-WA0072-aggua.jpg?resize=700%2C400&ssl=1 2x"},"classes":[]},{"id":1072,"url":"https:\/\/www.grieta.org.mx\/index.php\/2015\/11\/25\/cumple-un-ano-movimiento-para-liberar-a-defensores-del-agua-en-tlanixco\/","url_meta":{"origin":454,"position":3},"title":"Cumple un a\u00f1o movimiento para liberar a defensores del agua en Tlanixco","author":"grieta","date":"25 noviembre, 2015","format":false,"excerpt":"Aldabi Olvera (San Pedro Tlanixco, Tenango del Valle, Estado de M\u00e9xico).- Del turbio y viejo caso del encarcelamiento de una mujer y cinco hombres nahuas de Tlanixco, hace algunos a\u00f1os, brotan algunos elementos muy ilustrativos sobre la situaci\u00f3n que viven ind\u00edgenas y campesinos en todo el Estado de M\u00e9xico: La\u2026","rel":"","context":"En &quot;CINTILLO&quot;","block_context":{"text":"CINTILLO","link":"https:\/\/www.grieta.org.mx\/index.php\/category\/cintillo\/"},"img":{"alt_text":"","src":"https:\/\/i0.wp.com\/www.grieta.org.mx\/wp-content\/uploads\/2018\/03\/14524434_1106112876131411_958039263622046936_o.jpg?resize=350%2C200&ssl=1","width":350,"height":200,"srcset":"https:\/\/i0.wp.com\/www.grieta.org.mx\/wp-content\/uploads\/2018\/03\/14524434_1106112876131411_958039263622046936_o.jpg?resize=350%2C200&ssl=1 1x, https:\/\/i0.wp.com\/www.grieta.org.mx\/wp-content\/uploads\/2018\/03\/14524434_1106112876131411_958039263622046936_o.jpg?resize=525%2C300&ssl=1 1.5x, https:\/\/i0.wp.com\/www.grieta.org.mx\/wp-content\/uploads\/2018\/03\/14524434_1106112876131411_958039263622046936_o.jpg?resize=700%2C400&ssl=1 2x"},"classes":[]},{"id":1073,"url":"https:\/\/www.grieta.org.mx\/index.php\/2015\/11\/24\/entrevista-a-defensores-del-agua-de-san-pedro-tlanixco-en-mapder-xii\/","url_meta":{"origin":454,"position":4},"title":"Entrevista a defensores del agua de San Pedro Tlanixco en MAPDER XII","author":"grieta","date":"24 noviembre, 2015","format":false,"excerpt":"San Pedro Tlanixco es una comunidad ind\u00edgena nahua en Tenango del Valle en el Estado de M\u00e9xico que ha sido v\u00edctima de la represi\u00f3n por defender sus recursos naturales y sus derechos. Por levantar la voz y organizarse, 6 compa\u00f1eros de ellos est\u00e1n en la prisi\u00f3n de Almoloya de Juarez,\u2026","rel":"","context":"En &quot;CINTILLO&quot;","block_context":{"text":"CINTILLO","link":"https:\/\/www.grieta.org.mx\/index.php\/category\/cintillo\/"},"img":{"alt_text":"","src":"https:\/\/i0.wp.com\/www.grieta.org.mx\/wp-content\/uploads\/2018\/03\/14524434_1106112876131411_958039263622046936_o.jpg?resize=350%2C200&ssl=1","width":350,"height":200,"srcset":"https:\/\/i0.wp.com\/www.grieta.org.mx\/wp-content\/uploads\/2018\/03\/14524434_1106112876131411_958039263622046936_o.jpg?resize=350%2C200&ssl=1 1x, https:\/\/i0.wp.com\/www.grieta.org.mx\/wp-content\/uploads\/2018\/03\/14524434_1106112876131411_958039263622046936_o.jpg?resize=525%2C300&ssl=1 1.5x, https:\/\/i0.wp.com\/www.grieta.org.mx\/wp-content\/uploads\/2018\/03\/14524434_1106112876131411_958039263622046936_o.jpg?resize=700%2C400&ssl=1 2x"},"classes":[]},{"id":1084,"url":"https:\/\/www.grieta.org.mx\/index.php\/2016\/05\/30\/despojan-de-manantiales-a-san-pedro-tlanixco\/","url_meta":{"origin":454,"position":5},"title":"Despojan de manantiales a San Pedro Tlanixco","author":"grieta","date":"30 mayo, 2016","format":false,"excerpt":"30\/05\/16. Palabras de San Pedro Tlanixco al CNI del 14 de mayo de 2016Movimiento por la Libertad de los Defensores del Agua de Tlanixco 08\/01\/16. Poblaci\u00f3n ind\u00edgena azotada por la violencia producto del despojo perpetrado por el gobierno de EruvielRevoluci\u00f3n 3.0 20\/12\/15. Denuncia del Movimiento por la Libertad de los\u2026","rel":"","context":"En &quot;18. Tlanixco&quot;","block_context":{"text":"18. Tlanixco","link":"https:\/\/www.grieta.org.mx\/index.php\/category\/espejos-de-la-resistencia\/18-tlanixco\/"},"img":{"alt_text":"","src":"https:\/\/i0.wp.com\/www.grieta.org.mx\/wp-content\/uploads\/2018\/03\/14524434_1106112876131411_958039263622046936_o.jpg?resize=350%2C200&ssl=1","width":350,"height":200,"srcset":"https:\/\/i0.wp.com\/www.grieta.org.mx\/wp-content\/uploads\/2018\/03\/14524434_1106112876131411_958039263622046936_o.jpg?resize=350%2C200&ssl=1 1x, https:\/\/i0.wp.com\/www.grieta.org.mx\/wp-content\/uploads\/2018\/03\/14524434_1106112876131411_958039263622046936_o.jpg?resize=525%2C300&ssl=1 1.5x, https:\/\/i0.wp.com\/www.grieta.org.mx\/wp-content\/uploads\/2018\/03\/14524434_1106112876131411_958039263622046936_o.jpg?resize=700%2C400&ssl=1 2x"},"classes":[]}],"_links":{"self":[{"href":"https:\/\/www.grieta.org.mx\/index.php\/wp-json\/wp\/v2\/posts\/454","targetHints":{"allow":["GET"]}}],"collection":[{"href":"https:\/\/www.grieta.org.mx\/index.php\/wp-json\/wp\/v2\/posts"}],"about":[{"href":"https:\/\/www.grieta.org.mx\/index.php\/wp-json\/wp\/v2\/types\/post"}],"author":[{"embeddable":true,"href":"https:\/\/www.grieta.org.mx\/index.php\/wp-json\/wp\/v2\/users\/2"}],"replies":[{"embeddable":true,"href":"https:\/\/www.grieta.org.mx\/index.php\/wp-json\/wp\/v2\/comments?post=454"}],"version-history":[{"count":1,"href":"https:\/\/www.grieta.org.mx\/index.php\/wp-json\/wp\/v2\/posts\/454\/revisions"}],"predecessor-version":[{"id":455,"href":"https:\/\/www.grieta.org.mx\/index.php\/wp-json\/wp\/v2\/posts\/454\/revisions\/455"}],"wp:featuredmedia":[{"embeddable":true,"href":"https:\/\/www.grieta.org.mx\/index.php\/wp-json\/wp\/v2\/media\/21928"}],"wp:attachment":[{"href":"https:\/\/www.grieta.org.mx\/index.php\/wp-json\/wp\/v2\/media?parent=454"}],"wp:term":[{"taxonomy":"category","embeddable":true,"href":"https:\/\/www.grieta.org.mx\/index.php\/wp-json\/wp\/v2\/categories?post=454"},{"taxonomy":"post_tag","embeddable":true,"href":"https:\/\/www.grieta.org.mx\/index.php\/wp-json\/wp\/v2\/tags?post=454"}],"curies":[{"name":"wp","href":"https:\/\/api.w.org\/{rel}","templated":true}]}}