{"id":45385,"date":"2020-03-01T13:07:34","date_gmt":"2020-03-01T19:07:34","guid":{"rendered":"http:\/\/www.grieta.org.mx\/?p=45385"},"modified":"2020-03-02T19:30:19","modified_gmt":"2020-03-03T01:30:19","slug":"dialogo-de-ritmos-palabras-y-colores-en-el-marco-de-las-jornadas-samir-somos-todas-y-todos","status":"publish","type":"post","link":"https:\/\/www.grieta.org.mx\/index.php\/2020\/03\/01\/dialogo-de-ritmos-palabras-y-colores-en-el-marco-de-las-jornadas-samir-somos-todas-y-todos\/","title":{"rendered":"Di\u00e1logo de ritmos, palabras y colores en el marco de las jornadas Samir somos todas y todos"},"content":{"rendered":"<p>Colectivo Grieta<br \/>\n1 marzo de 2020.<\/p>\n<p><img loading=\"lazy\" decoding=\"async\" data-attachment-id=\"45386\" data-permalink=\"https:\/\/www.grieta.org.mx\/index.php\/2020\/03\/01\/dialogo-de-ritmos-palabras-y-colores-en-el-marco-de-las-jornadas-samir-somos-todas-y-todos\/img_5507\/\" data-orig-file=\"https:\/\/www.grieta.org.mx\/wp-content\/uploads\/2020\/03\/IMG_5507.jpg\" data-orig-size=\"1129,1280\" data-comments-opened=\"0\" data-image-meta=\"{&quot;aperture&quot;:&quot;0&quot;,&quot;credit&quot;:&quot;&quot;,&quot;camera&quot;:&quot;&quot;,&quot;caption&quot;:&quot;&quot;,&quot;created_timestamp&quot;:&quot;0&quot;,&quot;copyright&quot;:&quot;&quot;,&quot;focal_length&quot;:&quot;0&quot;,&quot;iso&quot;:&quot;0&quot;,&quot;shutter_speed&quot;:&quot;0&quot;,&quot;title&quot;:&quot;&quot;,&quot;orientation&quot;:&quot;0&quot;}\" data-image-title=\"IMG_5507\" data-image-description=\"\" data-image-caption=\"\" data-medium-file=\"https:\/\/www.grieta.org.mx\/wp-content\/uploads\/2020\/03\/IMG_5507-265x300.jpg\" data-large-file=\"https:\/\/www.grieta.org.mx\/wp-content\/uploads\/2020\/03\/IMG_5507-903x1024.jpg\" class=\"aligncenter wp-image-45386\" src=\"http:\/\/www.grieta.org.mx\/wp-content\/uploads\/2020\/03\/IMG_5507.jpg\" alt=\"\" width=\"800\" height=\"907\" srcset=\"https:\/\/www.grieta.org.mx\/wp-content\/uploads\/2020\/03\/IMG_5507.jpg 1129w, https:\/\/www.grieta.org.mx\/wp-content\/uploads\/2020\/03\/IMG_5507-265x300.jpg 265w, https:\/\/www.grieta.org.mx\/wp-content\/uploads\/2020\/03\/IMG_5507-768x871.jpg 768w, https:\/\/www.grieta.org.mx\/wp-content\/uploads\/2020\/03\/IMG_5507-903x1024.jpg 903w, https:\/\/www.grieta.org.mx\/wp-content\/uploads\/2020\/03\/IMG_5507-441x500.jpg 441w\" sizes=\"auto, (max-width: 800px) 100vw, 800px\" \/><\/p>\n<p>El s\u00e1bado 15 de febrero el Rinc\u00f3n Zapatista y la Cafeter\u00eda Comandanta Ramona organizaron un tok\u00edn y la elaboraci\u00f3n de grafitis en Carmona y Valle 32 como parte de las actividades programadas dentro de las Jornadas Samir somos todas y todos.<\/p>\n<p>Rap, hip hop, huapangos, fusi\u00f3n y spoken word se suced\u00edan en un di\u00e1logo de ritmos y palabras mientras la Coordinadora de Valle de Chalco elaboraba grafitis en torno a la lucha zapatista. Dentro de esta actividad, la otra Ciudad de M\u00e9xico, la de abajo, se encontr\u00f3 con los abajos de otras geograf\u00edas, quienes a trav\u00e9s del arte trazaron puentes entre diferentes resistencias.<\/p>\n<p>La actividad comenz\u00f3 con la elaboraci\u00f3n de grafitis al tiempo que Luz Contreras ocupaba el micr\u00f3fono para poner dolores y rebeld\u00edas en palabras a trav\u00e9s del spoken word. Junto con Luz, Filosoflow subi\u00f3 al escenario para echarse un palomazo de su spoken word racializado. Al finalizar su presentaci\u00f3n Psiques\u00f3n toc\u00f3 sones de costumbre de la huasteca que dedic\u00f3 a la resistencia de los pueblos zapatistas y del CNI, y a la memoria de los compa\u00f1eros asesinados.<\/p>\n<p>Mientras elaboraban los murales, integrantes de la Coordinadora de Valle Chalco, colectivo adherente a la Sexta e integrado por j\u00f3venes estudiantes, trabajadores y amas de casa, comentaron: \u201ca trav\u00e9s del arte es como creemos que nosotros podemos alzar la voz y respaldar un movimiento tan importante como el zapatista\u201d. Frente a la crisis econ\u00f3mica, ecol\u00f3gica y social que estamos viviendo \u201ccreemos que es importante estar participando en estos momentos porque cada quien debe poner un granito de arena, cada quien a sus formas, si alguien le sabe a la cultura, a la poes\u00eda que venga y participe, en el caso de nosotros nuestra trinchera es el grafiti, lo cultural y por eso estamos presentes\u201d.<\/p>\n<p>Como parte de las mismas Jornadas la Coordinadora particip\u00f3 en la elaboraci\u00f3n de pintas en la Avenida Zaragoza el 16 de febrero y el d\u00eda 20 de febrero organizaron actividades de grafiti y mural en Valle de Chalco coordinadas con acciones similares a nivel nacional e internacional, en la que participaron colectivos en las ciudades de Tijuana, Mexicali, Puebla y Ciudad de M\u00e9xico, entre otras.<\/p>\n<p><img loading=\"lazy\" decoding=\"async\" data-attachment-id=\"45387\" data-permalink=\"https:\/\/www.grieta.org.mx\/index.php\/2020\/03\/01\/dialogo-de-ritmos-palabras-y-colores-en-el-marco-de-las-jornadas-samir-somos-todas-y-todos\/img_5501\/\" data-orig-file=\"https:\/\/www.grieta.org.mx\/wp-content\/uploads\/2020\/03\/IMG_5501.jpg\" data-orig-size=\"1280,888\" data-comments-opened=\"0\" data-image-meta=\"{&quot;aperture&quot;:&quot;0&quot;,&quot;credit&quot;:&quot;&quot;,&quot;camera&quot;:&quot;&quot;,&quot;caption&quot;:&quot;&quot;,&quot;created_timestamp&quot;:&quot;0&quot;,&quot;copyright&quot;:&quot;&quot;,&quot;focal_length&quot;:&quot;0&quot;,&quot;iso&quot;:&quot;0&quot;,&quot;shutter_speed&quot;:&quot;0&quot;,&quot;title&quot;:&quot;&quot;,&quot;orientation&quot;:&quot;0&quot;}\" data-image-title=\"IMG_5501\" data-image-description=\"\" data-image-caption=\"\" data-medium-file=\"https:\/\/www.grieta.org.mx\/wp-content\/uploads\/2020\/03\/IMG_5501-300x208.jpg\" data-large-file=\"https:\/\/www.grieta.org.mx\/wp-content\/uploads\/2020\/03\/IMG_5501-1024x710.jpg\" class=\"aligncenter wp-image-45387\" src=\"http:\/\/www.grieta.org.mx\/wp-content\/uploads\/2020\/03\/IMG_5501.jpg\" alt=\"\" width=\"800\" height=\"555\" srcset=\"https:\/\/www.grieta.org.mx\/wp-content\/uploads\/2020\/03\/IMG_5501.jpg 1280w, https:\/\/www.grieta.org.mx\/wp-content\/uploads\/2020\/03\/IMG_5501-300x208.jpg 300w, https:\/\/www.grieta.org.mx\/wp-content\/uploads\/2020\/03\/IMG_5501-768x533.jpg 768w, https:\/\/www.grieta.org.mx\/wp-content\/uploads\/2020\/03\/IMG_5501-1024x710.jpg 1024w, https:\/\/www.grieta.org.mx\/wp-content\/uploads\/2020\/03\/IMG_5501-721x500.jpg 721w\" sizes=\"auto, (max-width: 800px) 100vw, 800px\" \/><\/p>\n<p>El tok\u00edn sigui\u00f3 con la m\u00fasica de rap de Conexi\u00f3n Miktl\u00e1n. Este colectivo de artistas fundado en 2012, se dedica al rap y todo lo existente en torno a la cultura del hip hop, grafiti, beats, producci\u00f3n musical y maquila de ropa. Integrado por j\u00f3venes de las periferias de la Ciudad de M\u00e9xico, Iztapalapa, Ecatepec, Chimalhuac\u00e1n, tienen su punto de encuentro en el local \u201cReciclaje Street\u201d ubicado en Los Reyes, La Paz, donde tienen una tienda y un estudio de grabaci\u00f3n. Uno de sus integrantes comparti\u00f3 la raz\u00f3n para participar en las jornadas: \u201cLa solidaridad, la empat\u00eda con los carnales que est\u00e1n en resistencia frente a la necedad del gobierno de querer hacer megaproyectos despojando a las comunidades ind\u00edgenas de lo que les pertenece\u201d.<\/p>\n<p><img loading=\"lazy\" decoding=\"async\" data-attachment-id=\"45388\" data-permalink=\"https:\/\/www.grieta.org.mx\/index.php\/2020\/03\/01\/dialogo-de-ritmos-palabras-y-colores-en-el-marco-de-las-jornadas-samir-somos-todas-y-todos\/img_5505\/\" data-orig-file=\"https:\/\/www.grieta.org.mx\/wp-content\/uploads\/2020\/03\/IMG_5505.jpg\" data-orig-size=\"1280,913\" data-comments-opened=\"0\" data-image-meta=\"{&quot;aperture&quot;:&quot;0&quot;,&quot;credit&quot;:&quot;&quot;,&quot;camera&quot;:&quot;&quot;,&quot;caption&quot;:&quot;&quot;,&quot;created_timestamp&quot;:&quot;0&quot;,&quot;copyright&quot;:&quot;&quot;,&quot;focal_length&quot;:&quot;0&quot;,&quot;iso&quot;:&quot;0&quot;,&quot;shutter_speed&quot;:&quot;0&quot;,&quot;title&quot;:&quot;&quot;,&quot;orientation&quot;:&quot;0&quot;}\" data-image-title=\"IMG_5505\" data-image-description=\"\" data-image-caption=\"\" data-medium-file=\"https:\/\/www.grieta.org.mx\/wp-content\/uploads\/2020\/03\/IMG_5505-300x214.jpg\" data-large-file=\"https:\/\/www.grieta.org.mx\/wp-content\/uploads\/2020\/03\/IMG_5505-1024x730.jpg\" class=\"aligncenter wp-image-45388\" src=\"http:\/\/www.grieta.org.mx\/wp-content\/uploads\/2020\/03\/IMG_5505.jpg\" alt=\"\" width=\"800\" height=\"571\" srcset=\"https:\/\/www.grieta.org.mx\/wp-content\/uploads\/2020\/03\/IMG_5505.jpg 1280w, https:\/\/www.grieta.org.mx\/wp-content\/uploads\/2020\/03\/IMG_5505-300x214.jpg 300w, https:\/\/www.grieta.org.mx\/wp-content\/uploads\/2020\/03\/IMG_5505-768x548.jpg 768w, https:\/\/www.grieta.org.mx\/wp-content\/uploads\/2020\/03\/IMG_5505-1024x730.jpg 1024w, https:\/\/www.grieta.org.mx\/wp-content\/uploads\/2020\/03\/IMG_5505-701x500.jpg 701w\" sizes=\"auto, (max-width: 800px) 100vw, 800px\" \/><\/p>\n<p>Llegado desde la huasteca potosina, especialmente para esta actividad, Rodolfo Gonz\u00e1lez improvis\u00f3 d\u00e9cimas, recuperando en sus letras paisajes de la vida campesina de nuestros pueblos y alzando la voz en contra de los megaproyectos de muerte. Al finalizar Brenda Nava record\u00f3 a la Comandanta Ramona y a las mujeres zapatistas y a trav\u00e9s de su spoken word trenz\u00f3 la historia de dolor y lucha de las mujeres latinoamericanas, \u201cJosefina fue esterilizada forzadamente desde la sierra del Cusco hasta monta\u00f1as de San Crist\u00f3bal de las Casas\u201d, Josefina es la machi mapuche presa por el Estado chileno, Josefina es la guerrillera maya asesinada por el Estado, Josefina es comandanta en la Polic\u00eda Comunitaria, Josefina resiste a la miner\u00eda en Cajamarca, Josefina es la que grita en la plaza, Josefina fue asesinada en 2010 en Oaxaca y en 2016 en Honduras, \u201csu nombre Josefina enuncia lucha y protesta, sabe a barricada y huele a esperanza [\u2026] tal vez Josefina sea nuestra historia\u201d.<\/p>\n<p><img loading=\"lazy\" decoding=\"async\" data-attachment-id=\"45389\" data-permalink=\"https:\/\/www.grieta.org.mx\/index.php\/2020\/03\/01\/dialogo-de-ritmos-palabras-y-colores-en-el-marco-de-las-jornadas-samir-somos-todas-y-todos\/img_5504\/\" data-orig-file=\"https:\/\/www.grieta.org.mx\/wp-content\/uploads\/2020\/03\/IMG_5504.jpg\" data-orig-size=\"1023,1280\" data-comments-opened=\"0\" data-image-meta=\"{&quot;aperture&quot;:&quot;0&quot;,&quot;credit&quot;:&quot;&quot;,&quot;camera&quot;:&quot;&quot;,&quot;caption&quot;:&quot;&quot;,&quot;created_timestamp&quot;:&quot;0&quot;,&quot;copyright&quot;:&quot;&quot;,&quot;focal_length&quot;:&quot;0&quot;,&quot;iso&quot;:&quot;0&quot;,&quot;shutter_speed&quot;:&quot;0&quot;,&quot;title&quot;:&quot;&quot;,&quot;orientation&quot;:&quot;0&quot;}\" data-image-title=\"IMG_5504\" data-image-description=\"\" data-image-caption=\"\" data-medium-file=\"https:\/\/www.grieta.org.mx\/wp-content\/uploads\/2020\/03\/IMG_5504-240x300.jpg\" data-large-file=\"https:\/\/www.grieta.org.mx\/wp-content\/uploads\/2020\/03\/IMG_5504-818x1024.jpg\" class=\"aligncenter wp-image-45389\" src=\"http:\/\/www.grieta.org.mx\/wp-content\/uploads\/2020\/03\/IMG_5504.jpg\" alt=\"\" width=\"800\" height=\"1001\" srcset=\"https:\/\/www.grieta.org.mx\/wp-content\/uploads\/2020\/03\/IMG_5504.jpg 1023w, https:\/\/www.grieta.org.mx\/wp-content\/uploads\/2020\/03\/IMG_5504-240x300.jpg 240w, https:\/\/www.grieta.org.mx\/wp-content\/uploads\/2020\/03\/IMG_5504-768x961.jpg 768w, https:\/\/www.grieta.org.mx\/wp-content\/uploads\/2020\/03\/IMG_5504-818x1024.jpg 818w, https:\/\/www.grieta.org.mx\/wp-content\/uploads\/2020\/03\/IMG_5504-400x500.jpg 400w\" sizes=\"auto, (max-width: 800px) 100vw, 800px\" \/><\/p>\n<p>Siguiendo a Brenda, Error en el sistema invit\u00f3 con su m\u00fasica a sembrar semillas de lucha y a identificar al enemigo al grito de \u201cFuck police\u201d. Natura y Naya integrantes de Error definieron su proyecto como un \u201crap contestatario, callejero y consciente\u201d. De acuerdo con ellos el objetivo de su m\u00fasica \u201ces tratar de reflejar nuestra vida diaria a trav\u00e9s de nuestras rimas y tambi\u00e9n un poco de lo que hemos vivido en la lucha social porque hemos estado acompa\u00f1ando a los padres de Ayotzinapa y algunos pueblos en lucha como Atenco, Xochicuautla y Nochixtl\u00e1n\u201d.<\/p>\n<p>Para ellos \u201cel arte ha sido una pieza fundamental en los procesos de lucha porque se utiliza como un arma, como un medio de expresi\u00f3n y es muy importante porque es la alternativa que nos queda como pueblo. Es una alternativa muy fuerte para reflejar la realidad que estamos viviendo, no solo a trav\u00e9s de la m\u00fasica como en nuestro caso, sino a trav\u00e9s de la pintura, de la escultura, existen muchas artes y muchos artistas que est\u00e1n sum\u00e1ndose a las luchas brindando su grano de arena desde su trinchera que es el arte, yo creo que es muy importante y muy valioso y un recurso muy importante para la lucha que estamos dando desde abajo como pueblo\u201d.<\/p>\n<p><img loading=\"lazy\" decoding=\"async\" data-attachment-id=\"45390\" data-permalink=\"https:\/\/www.grieta.org.mx\/index.php\/2020\/03\/01\/dialogo-de-ritmos-palabras-y-colores-en-el-marco-de-las-jornadas-samir-somos-todas-y-todos\/img_5506\/\" data-orig-file=\"https:\/\/www.grieta.org.mx\/wp-content\/uploads\/2020\/03\/IMG_5506.jpg\" data-orig-size=\"1280,860\" data-comments-opened=\"0\" data-image-meta=\"{&quot;aperture&quot;:&quot;0&quot;,&quot;credit&quot;:&quot;&quot;,&quot;camera&quot;:&quot;&quot;,&quot;caption&quot;:&quot;&quot;,&quot;created_timestamp&quot;:&quot;0&quot;,&quot;copyright&quot;:&quot;&quot;,&quot;focal_length&quot;:&quot;0&quot;,&quot;iso&quot;:&quot;0&quot;,&quot;shutter_speed&quot;:&quot;0&quot;,&quot;title&quot;:&quot;&quot;,&quot;orientation&quot;:&quot;0&quot;}\" data-image-title=\"IMG_5506\" data-image-description=\"\" data-image-caption=\"\" data-medium-file=\"https:\/\/www.grieta.org.mx\/wp-content\/uploads\/2020\/03\/IMG_5506-300x202.jpg\" data-large-file=\"https:\/\/www.grieta.org.mx\/wp-content\/uploads\/2020\/03\/IMG_5506-1024x688.jpg\" class=\"aligncenter wp-image-45390\" src=\"http:\/\/www.grieta.org.mx\/wp-content\/uploads\/2020\/03\/IMG_5506.jpg\" alt=\"\" width=\"800\" height=\"538\" srcset=\"https:\/\/www.grieta.org.mx\/wp-content\/uploads\/2020\/03\/IMG_5506.jpg 1280w, https:\/\/www.grieta.org.mx\/wp-content\/uploads\/2020\/03\/IMG_5506-300x202.jpg 300w, https:\/\/www.grieta.org.mx\/wp-content\/uploads\/2020\/03\/IMG_5506-768x516.jpg 768w, https:\/\/www.grieta.org.mx\/wp-content\/uploads\/2020\/03\/IMG_5506-1024x688.jpg 1024w, https:\/\/www.grieta.org.mx\/wp-content\/uploads\/2020\/03\/IMG_5506-744x500.jpg 744w\" sizes=\"auto, (max-width: 800px) 100vw, 800px\" \/><\/p>\n<p>Al finalizar Error en el Sistema subieron juntos al escenario Nahua Tecuani, Naya y Rodolfo Gonz\u00e1lez a improvisar al ritmo de Psiques\u00f3n en contra de los megaproyectos, en memoria de Samir y por la defensa de la tierra y el territorio. Este momento estuvo cargado de toda la imaginaci\u00f3n y la fuerza de la palabra de m\u00fasicos que acompa\u00f1an la lucha de nuestros pueblos y desde ah\u00ed imaginan mundos nuevos.<\/p>\n<p><img loading=\"lazy\" decoding=\"async\" data-attachment-id=\"45391\" data-permalink=\"https:\/\/www.grieta.org.mx\/index.php\/2020\/03\/01\/dialogo-de-ritmos-palabras-y-colores-en-el-marco-de-las-jornadas-samir-somos-todas-y-todos\/img_5502\/\" data-orig-file=\"https:\/\/www.grieta.org.mx\/wp-content\/uploads\/2020\/03\/IMG_5502.jpg\" data-orig-size=\"1280,950\" data-comments-opened=\"0\" data-image-meta=\"{&quot;aperture&quot;:&quot;0&quot;,&quot;credit&quot;:&quot;&quot;,&quot;camera&quot;:&quot;&quot;,&quot;caption&quot;:&quot;&quot;,&quot;created_timestamp&quot;:&quot;0&quot;,&quot;copyright&quot;:&quot;&quot;,&quot;focal_length&quot;:&quot;0&quot;,&quot;iso&quot;:&quot;0&quot;,&quot;shutter_speed&quot;:&quot;0&quot;,&quot;title&quot;:&quot;&quot;,&quot;orientation&quot;:&quot;0&quot;}\" data-image-title=\"IMG_5502\" data-image-description=\"\" data-image-caption=\"\" data-medium-file=\"https:\/\/www.grieta.org.mx\/wp-content\/uploads\/2020\/03\/IMG_5502-300x223.jpg\" data-large-file=\"https:\/\/www.grieta.org.mx\/wp-content\/uploads\/2020\/03\/IMG_5502-1024x760.jpg\" class=\"aligncenter wp-image-45391\" src=\"http:\/\/www.grieta.org.mx\/wp-content\/uploads\/2020\/03\/IMG_5502.jpg\" alt=\"\" width=\"800\" height=\"594\" srcset=\"https:\/\/www.grieta.org.mx\/wp-content\/uploads\/2020\/03\/IMG_5502.jpg 1280w, https:\/\/www.grieta.org.mx\/wp-content\/uploads\/2020\/03\/IMG_5502-300x223.jpg 300w, https:\/\/www.grieta.org.mx\/wp-content\/uploads\/2020\/03\/IMG_5502-768x570.jpg 768w, https:\/\/www.grieta.org.mx\/wp-content\/uploads\/2020\/03\/IMG_5502-1024x760.jpg 1024w, https:\/\/www.grieta.org.mx\/wp-content\/uploads\/2020\/03\/IMG_5502-674x500.jpg 674w\" sizes=\"auto, (max-width: 800px) 100vw, 800px\" \/><\/p>\n<p>Al finalizar la improvisaci\u00f3n, los grafitis fueron presentados a los asistentes, al tiempo que un compa\u00f1ero de la Coordinadora de Valle de Chalco se subi\u00f3 al escenario a rapear. Los murales sirvieron como escenario para las siguientes presentaciones. Nahua Tecuani al ritmo de su arm\u00f3nica y acorde\u00f3n rape\u00f3 a la resistencia de los pueblos originarios. Llegado desde Santa Mar\u00eda Zacatepec, municipio de Juan C. Bonilla, Puebla habl\u00f3 de la lucha de los pueblos en torno al cuidado del r\u00edo Metlapanapa y la organizaci\u00f3n para conformar un gobierno aut\u00f3nomo. Se\u00f1al\u00f3 a partir de su experiencia \u201cque en la organizaci\u00f3n del pueblo siempre es bien importante buscar la autonom\u00eda porque as\u00ed no hay un portavoz, es un pueblo el que hace una sola voz y el que puede rescatar un r\u00edo, puede rescatar un bosque, puede rescatar una selva. Lo que se necesita es eso, se necesita organizaci\u00f3n\u201d.<\/p>\n<p>Profundizando en la defensa del r\u00edo Metlapanapa nos comparti\u00f3: \u201cLa organizaci\u00f3n de un pueblo es indispensable para la vida y la vida no me refiero a la vida de un ser humano sino a la vida de todo, la vida de la naturaleza, de los animales, de las personas, o sea si no tenemos agua no tenemos comida y si no tenemos agua y comida nosotros podemos morir, entonces, lo que ellos luchan es eso. A ellos no les importa tener cinco o diez pesos en la bolsa, para ellos lo que les importa es tener agua limpia para poder limpiar el chapul\u00edn, para poder estar en la siembra, para poder ba\u00f1arse, para poder estar tranquilos y lo dem\u00e1s es secundario. El dinero va y viene pero el agua no va y viene, una vez que la contaminen ya vali\u00f3, se muri\u00f3, y el agua tambi\u00e9n es vida y el agua tiene memoria y el agua sabe que Zacatepec la est\u00e1 salvando y el r\u00edo lo va recordar por generaciones y lo va seguir transmitiendo\u201d.<\/p>\n<p><img loading=\"lazy\" decoding=\"async\" data-attachment-id=\"45392\" data-permalink=\"https:\/\/www.grieta.org.mx\/index.php\/2020\/03\/01\/dialogo-de-ritmos-palabras-y-colores-en-el-marco-de-las-jornadas-samir-somos-todas-y-todos\/img_5508\/\" data-orig-file=\"https:\/\/www.grieta.org.mx\/wp-content\/uploads\/2020\/03\/IMG_5508.jpg\" data-orig-size=\"1280,863\" data-comments-opened=\"0\" data-image-meta=\"{&quot;aperture&quot;:&quot;0&quot;,&quot;credit&quot;:&quot;&quot;,&quot;camera&quot;:&quot;&quot;,&quot;caption&quot;:&quot;&quot;,&quot;created_timestamp&quot;:&quot;0&quot;,&quot;copyright&quot;:&quot;&quot;,&quot;focal_length&quot;:&quot;0&quot;,&quot;iso&quot;:&quot;0&quot;,&quot;shutter_speed&quot;:&quot;0&quot;,&quot;title&quot;:&quot;&quot;,&quot;orientation&quot;:&quot;0&quot;}\" data-image-title=\"IMG_5508\" data-image-description=\"\" data-image-caption=\"\" data-medium-file=\"https:\/\/www.grieta.org.mx\/wp-content\/uploads\/2020\/03\/IMG_5508-300x202.jpg\" data-large-file=\"https:\/\/www.grieta.org.mx\/wp-content\/uploads\/2020\/03\/IMG_5508-1024x690.jpg\" class=\"aligncenter wp-image-45392\" src=\"http:\/\/www.grieta.org.mx\/wp-content\/uploads\/2020\/03\/IMG_5508.jpg\" alt=\"\" width=\"800\" height=\"539\" srcset=\"https:\/\/www.grieta.org.mx\/wp-content\/uploads\/2020\/03\/IMG_5508.jpg 1280w, https:\/\/www.grieta.org.mx\/wp-content\/uploads\/2020\/03\/IMG_5508-300x202.jpg 300w, https:\/\/www.grieta.org.mx\/wp-content\/uploads\/2020\/03\/IMG_5508-768x518.jpg 768w, https:\/\/www.grieta.org.mx\/wp-content\/uploads\/2020\/03\/IMG_5508-1024x690.jpg 1024w, https:\/\/www.grieta.org.mx\/wp-content\/uploads\/2020\/03\/IMG_5508-742x500.jpg 742w\" sizes=\"auto, (max-width: 800px) 100vw, 800px\" \/><\/p>\n<p>Junto a Nahua se subi\u00f3 a improvisar un rapero oaxaque\u00f1o, lo que permiti\u00f3 seguir conectando palabras y resistencias. Nahua Tecuani nos dio un ejemplo del poder de la m\u00fasica para unir la resistencia de los pueblos: \u201cEl 27 de diciembre estuve en Rancho Nuevo, en Huejutla all\u00e1 en la huasteca hidalguense. Entonces hay un colectivo que se llama Blanco y Negro que es un colectivo que hace rap en n\u00e1huatl, que se fue de jornalero a Colima, ellos empezaron este proyecto de rap en n\u00e1huatl. Lo que ellos hacen es muy grande porque te dan la problem\u00e1tica de lo que est\u00e1 pasando en la huasteca, lo que han vivido, lo que vive el pueblo, pero tambi\u00e9n en Colima. En Colima est\u00e1 un pueblo que se llama Zacualpan y ellos le hicieron una rola porque quer\u00eda entrar una minera y lograron correrla, entonces all\u00e1 en Zacoalpan es un himno que tienen ellos, o sea unos chavos de Rancho Nuevo de la huasteca llegaron a Colima e hicieron un himno para Zacoalpan, entonces yo creo que eso es algo enorme, que te tomen en cuenta para este tipo de proyectos, muchas personas no lo ven, pero para m\u00ed es algo muy grande\u201d.<\/p>\n<p>La fuerza femenina lleg\u00f3 con Xochicanela, quienes a ritmo del son y el huapango hicieron un recorrido por nuestra cultura popular, seguidas de la m\u00fasica de fusi\u00f3n de Malamata, que a trav\u00e9s de su m\u00fasica hizo una s\u00edntesis de lo mejor de la tradici\u00f3n de m\u00fasica de protesta latinoamericana. Finalmente, desde Zumpango MC Lokoter cerr\u00f3 el tok\u00edn con palabras de la vida de los de abajo. La actividad se convirti\u00f3 as\u00ed en un di\u00e1logo de ritmos, palabras y colores que construy\u00f3 puentes entre geograf\u00edas y luchas en defensa del territorio y en memoria de compa\u00f1eros como Samir y el T\u00edo Bad que a trav\u00e9s de su ejemplo y su arte nos ense\u00f1aron que, en la lucha por la vida, el arte y la palabra est\u00e1n del lado de los pueblos.<\/p>\n<p><img loading=\"lazy\" decoding=\"async\" data-attachment-id=\"45393\" data-permalink=\"https:\/\/www.grieta.org.mx\/index.php\/2020\/03\/01\/dialogo-de-ritmos-palabras-y-colores-en-el-marco-de-las-jornadas-samir-somos-todas-y-todos\/img_5509\/\" data-orig-file=\"https:\/\/www.grieta.org.mx\/wp-content\/uploads\/2020\/03\/IMG_5509.jpg\" data-orig-size=\"1000,750\" data-comments-opened=\"0\" data-image-meta=\"{&quot;aperture&quot;:&quot;0&quot;,&quot;credit&quot;:&quot;&quot;,&quot;camera&quot;:&quot;&quot;,&quot;caption&quot;:&quot;&quot;,&quot;created_timestamp&quot;:&quot;0&quot;,&quot;copyright&quot;:&quot;&quot;,&quot;focal_length&quot;:&quot;0&quot;,&quot;iso&quot;:&quot;0&quot;,&quot;shutter_speed&quot;:&quot;0&quot;,&quot;title&quot;:&quot;&quot;,&quot;orientation&quot;:&quot;0&quot;}\" data-image-title=\"IMG_5509\" data-image-description=\"\" data-image-caption=\"\" data-medium-file=\"https:\/\/www.grieta.org.mx\/wp-content\/uploads\/2020\/03\/IMG_5509-300x225.jpg\" data-large-file=\"https:\/\/www.grieta.org.mx\/wp-content\/uploads\/2020\/03\/IMG_5509.jpg\" class=\"aligncenter wp-image-45393\" src=\"http:\/\/www.grieta.org.mx\/wp-content\/uploads\/2020\/03\/IMG_5509.jpg\" alt=\"\" width=\"800\" height=\"600\" srcset=\"https:\/\/www.grieta.org.mx\/wp-content\/uploads\/2020\/03\/IMG_5509.jpg 1000w, https:\/\/www.grieta.org.mx\/wp-content\/uploads\/2020\/03\/IMG_5509-300x225.jpg 300w, https:\/\/www.grieta.org.mx\/wp-content\/uploads\/2020\/03\/IMG_5509-768x576.jpg 768w, https:\/\/www.grieta.org.mx\/wp-content\/uploads\/2020\/03\/IMG_5509-667x500.jpg 667w\" sizes=\"auto, (max-width: 800px) 100vw, 800px\" \/><\/p>\n<p><img loading=\"lazy\" decoding=\"async\" data-attachment-id=\"45394\" data-permalink=\"https:\/\/www.grieta.org.mx\/index.php\/2020\/03\/01\/dialogo-de-ritmos-palabras-y-colores-en-el-marco-de-las-jornadas-samir-somos-todas-y-todos\/img_5510\/\" data-orig-file=\"https:\/\/www.grieta.org.mx\/wp-content\/uploads\/2020\/03\/IMG_5510.jpg\" data-orig-size=\"1000,750\" data-comments-opened=\"0\" data-image-meta=\"{&quot;aperture&quot;:&quot;0&quot;,&quot;credit&quot;:&quot;&quot;,&quot;camera&quot;:&quot;&quot;,&quot;caption&quot;:&quot;&quot;,&quot;created_timestamp&quot;:&quot;0&quot;,&quot;copyright&quot;:&quot;&quot;,&quot;focal_length&quot;:&quot;0&quot;,&quot;iso&quot;:&quot;0&quot;,&quot;shutter_speed&quot;:&quot;0&quot;,&quot;title&quot;:&quot;&quot;,&quot;orientation&quot;:&quot;0&quot;}\" data-image-title=\"IMG_5510\" data-image-description=\"\" data-image-caption=\"\" data-medium-file=\"https:\/\/www.grieta.org.mx\/wp-content\/uploads\/2020\/03\/IMG_5510-300x225.jpg\" data-large-file=\"https:\/\/www.grieta.org.mx\/wp-content\/uploads\/2020\/03\/IMG_5510.jpg\" class=\"aligncenter wp-image-45394\" src=\"http:\/\/www.grieta.org.mx\/wp-content\/uploads\/2020\/03\/IMG_5510.jpg\" alt=\"\" width=\"800\" height=\"600\" srcset=\"https:\/\/www.grieta.org.mx\/wp-content\/uploads\/2020\/03\/IMG_5510.jpg 1000w, https:\/\/www.grieta.org.mx\/wp-content\/uploads\/2020\/03\/IMG_5510-300x225.jpg 300w, https:\/\/www.grieta.org.mx\/wp-content\/uploads\/2020\/03\/IMG_5510-768x576.jpg 768w, https:\/\/www.grieta.org.mx\/wp-content\/uploads\/2020\/03\/IMG_5510-667x500.jpg 667w\" sizes=\"auto, (max-width: 800px) 100vw, 800px\" \/><\/p>\n","protected":false},"excerpt":{"rendered":"<p>Colectivo Grieta 1 marzo de 2020. El s\u00e1bado 15 de febrero el Rinc\u00f3n Zapatista y la Cafeter\u00eda Comandanta Ramona organizaron un tok\u00edn y la elaboraci\u00f3n de grafitis en Carmona y &hellip; <a href=\"https:\/\/www.grieta.org.mx\/index.php\/2020\/03\/01\/dialogo-de-ritmos-palabras-y-colores-en-el-marco-de-las-jornadas-samir-somos-todas-y-todos\/\" class=\"more-link\">Leer m\u00e1s<\/a><\/p>\n","protected":false},"author":2,"featured_media":45386,"comment_status":"closed","ping_status":"closed","sticky":false,"template":"","format":"standard","meta":{"ngg_post_thumbnail":0,"_jetpack_newsletter_access":"","_jetpack_dont_email_post_to_subs":false,"_jetpack_newsletter_tier_id":0,"_jetpack_memberships_contains_paywalled_content":false,"_jetpack_memberships_contains_paid_content":false,"footnotes":""},"categories":[80,1775,3105,2661],"tags":[3131,3104,1543],"class_list":["post-45385","post","type-post","status-publish","format-standard","has-post-thumbnail","hentry","category-cintillo","category-colectivo-grieta","category-jornadas-samir-somos-todas-y-todos","category-redes-de-resistencia-y-rebeldia","tag-grafiti","tag-jornadas-samir","tag-musica","entry"],"jetpack_featured_media_url":"https:\/\/www.grieta.org.mx\/wp-content\/uploads\/2020\/03\/IMG_5507.jpg","jetpack_sharing_enabled":true,"jetpack_shortlink":"https:\/\/wp.me\/p7ZJR4-bO1","jetpack_likes_enabled":false,"jetpack-related-posts":[{"id":44840,"url":"https:\/\/www.grieta.org.mx\/index.php\/2020\/02\/21\/galeria-de-fotos-de-accion-dislocada-en-el-rincon-zapatista-guadalajara-jornadas-samir-somos-todas-y-todos\/","url_meta":{"origin":45385,"position":0},"title":"Galer\u00eda de fotos de acci\u00f3n dislocada en el Rinc\u00f3n Zapatista Guadalajara. Jornadas \u201cSamir Somos Todas y Todos\u201d","author":"grieta","date":"21 febrero, 2020","format":false,"excerpt":"COLECTIVO GRIETA En el Rinc\u00f3n Zapatista de Guadalajara, ubicado en el centro hist\u00f3rico de la capital tapat\u00eda, se llev\u00f3 a cabo la campa\u00f1a en Defensa de la Madre Tierra y el Territorio: \"SAMIR FLORES SOMOS TODAS Y TODOS\". Galer\u00eda de fotos","rel":"","context":"En &quot;CINTILLO&quot;","block_context":{"text":"CINTILLO","link":"https:\/\/www.grieta.org.mx\/index.php\/category\/cintillo\/"},"img":{"alt_text":"","src":"https:\/\/i0.wp.com\/www.grieta.org.mx\/wp-content\/uploads\/2020\/02\/WhatsApp-Image-2020-02-21-at-12.07.30-PM.jpeg?resize=350%2C200&ssl=1","width":350,"height":200,"srcset":"https:\/\/i0.wp.com\/www.grieta.org.mx\/wp-content\/uploads\/2020\/02\/WhatsApp-Image-2020-02-21-at-12.07.30-PM.jpeg?resize=350%2C200&ssl=1 1x, https:\/\/i0.wp.com\/www.grieta.org.mx\/wp-content\/uploads\/2020\/02\/WhatsApp-Image-2020-02-21-at-12.07.30-PM.jpeg?resize=525%2C300&ssl=1 1.5x, https:\/\/i0.wp.com\/www.grieta.org.mx\/wp-content\/uploads\/2020\/02\/WhatsApp-Image-2020-02-21-at-12.07.30-PM.jpeg?resize=700%2C400&ssl=1 2x"},"classes":[]},{"id":45003,"url":"https:\/\/www.grieta.org.mx\/index.php\/2020\/02\/23\/galeria-de-fotos-de-accion-dislocada-en-fresnillo-zacatecas-jornadas-samir-somos-todas-y-todos\/","url_meta":{"origin":45385,"position":1},"title":"Galer\u00eda de fotos de acci\u00f3n dislocada en Fresnillo, Zacatecas. Jornadas \u201cSamir Somos Todas y Todos\u201d","author":"Admin","date":"23 febrero, 2020","format":false,"excerpt":"Colectivo Grieta En el marco de las jornadas \"Samir Somos Todas y Todos\" se realiz\u00f3 una acci\u00f3n dislocada de pegas en Fresnillo, Zacatecas. Galer\u00eda de fotos:","rel":"","context":"En &quot;CINTILLO&quot;","block_context":{"text":"CINTILLO","link":"https:\/\/www.grieta.org.mx\/index.php\/category\/cintillo\/"},"img":{"alt_text":"","src":"https:\/\/i0.wp.com\/www.grieta.org.mx\/wp-content\/uploads\/2020\/02\/20200222_183307-e1582565376445.jpg?resize=350%2C200&ssl=1","width":350,"height":200,"srcset":"https:\/\/i0.wp.com\/www.grieta.org.mx\/wp-content\/uploads\/2020\/02\/20200222_183307-e1582565376445.jpg?resize=350%2C200&ssl=1 1x, https:\/\/i0.wp.com\/www.grieta.org.mx\/wp-content\/uploads\/2020\/02\/20200222_183307-e1582565376445.jpg?resize=525%2C300&ssl=1 1.5x, https:\/\/i0.wp.com\/www.grieta.org.mx\/wp-content\/uploads\/2020\/02\/20200222_183307-e1582565376445.jpg?resize=700%2C400&ssl=1 2x, https:\/\/i0.wp.com\/www.grieta.org.mx\/wp-content\/uploads\/2020\/02\/20200222_183307-e1582565376445.jpg?resize=1050%2C600&ssl=1 3x, https:\/\/i0.wp.com\/www.grieta.org.mx\/wp-content\/uploads\/2020\/02\/20200222_183307-e1582565376445.jpg?resize=1400%2C800&ssl=1 4x"},"classes":[]},{"id":44774,"url":"https:\/\/www.grieta.org.mx\/index.php\/2020\/02\/21\/galeria-de-fotos-de-accion-dislocada-en-queretaro-jornadas-samir-somos-todas-y-todos\/","url_meta":{"origin":45385,"position":2},"title":"Galer\u00eda de fotos de acci\u00f3n dislocada en Quer\u00e9taro. Jornadas &#8220;Samir Somos Todas y Todos&#8221;","author":"Admin","date":"21 febrero, 2020","format":false,"excerpt":"Colectivo Grieta Galeria de las Jornadas en Defensa del Territorio y la Madre Tierra en Quer\u00e9taro.\u00a0 - Evento en Plaza Publica: Plaza del estudiante\u00a0 - Evento en M\u00e1s Sabe el Diablo","rel":"","context":"En &quot;CINTILLO&quot;","block_context":{"text":"CINTILLO","link":"https:\/\/www.grieta.org.mx\/index.php\/category\/cintillo\/"},"img":{"alt_text":"","src":"https:\/\/i0.wp.com\/www.grieta.org.mx\/wp-content\/uploads\/2020\/02\/4.-Live-paint-Ahmyo-Quer%C3%A9taro-Plaza-del-Estudiante.jpg?resize=350%2C200&ssl=1","width":350,"height":200,"srcset":"https:\/\/i0.wp.com\/www.grieta.org.mx\/wp-content\/uploads\/2020\/02\/4.-Live-paint-Ahmyo-Quer%C3%A9taro-Plaza-del-Estudiante.jpg?resize=350%2C200&ssl=1 1x, https:\/\/i0.wp.com\/www.grieta.org.mx\/wp-content\/uploads\/2020\/02\/4.-Live-paint-Ahmyo-Quer%C3%A9taro-Plaza-del-Estudiante.jpg?resize=525%2C300&ssl=1 1.5x, https:\/\/i0.wp.com\/www.grieta.org.mx\/wp-content\/uploads\/2020\/02\/4.-Live-paint-Ahmyo-Quer%C3%A9taro-Plaza-del-Estudiante.jpg?resize=700%2C400&ssl=1 2x, https:\/\/i0.wp.com\/www.grieta.org.mx\/wp-content\/uploads\/2020\/02\/4.-Live-paint-Ahmyo-Quer%C3%A9taro-Plaza-del-Estudiante.jpg?resize=1050%2C600&ssl=1 3x, https:\/\/i0.wp.com\/www.grieta.org.mx\/wp-content\/uploads\/2020\/02\/4.-Live-paint-Ahmyo-Quer%C3%A9taro-Plaza-del-Estudiante.jpg?resize=1400%2C800&ssl=1 4x"},"classes":[]},{"id":44869,"url":"https:\/\/www.grieta.org.mx\/index.php\/2020\/02\/22\/galeria-de-fotos-de-la-accion-dislocada-en-la-plazuela-de-la-caja-zacatecas-jornadas-samir-somos-todas-y-todos\/","url_meta":{"origin":45385,"position":3},"title":"Galer\u00eda de fotos de la acci\u00f3n dislocada en la Plazuela de la caja, Zacatecas . Jornadas \u201cSamir Somos Todas y Todos\u201d","author":"grieta","date":"22 febrero, 2020","format":false,"excerpt":"COLECTIVO GRIETA El jueves 20 de febrero, en el marco de las Jornadas en Defensa del Territorio y la Madre Tierra \"Samir somos todas y todos\", se instal\u00f3 una mesa de informaci\u00f3n en Plazuela de la caja, Zacatecas.","rel":"","context":"En &quot;CINTILLO&quot;","block_context":{"text":"CINTILLO","link":"https:\/\/www.grieta.org.mx\/index.php\/category\/cintillo\/"},"img":{"alt_text":"","src":"https:\/\/i0.wp.com\/www.grieta.org.mx\/wp-content\/uploads\/2020\/02\/Dislocada-Zacatecas-1.jpg?resize=350%2C200&ssl=1","width":350,"height":200,"srcset":"https:\/\/i0.wp.com\/www.grieta.org.mx\/wp-content\/uploads\/2020\/02\/Dislocada-Zacatecas-1.jpg?resize=350%2C200&ssl=1 1x, https:\/\/i0.wp.com\/www.grieta.org.mx\/wp-content\/uploads\/2020\/02\/Dislocada-Zacatecas-1.jpg?resize=525%2C300&ssl=1 1.5x, https:\/\/i0.wp.com\/www.grieta.org.mx\/wp-content\/uploads\/2020\/02\/Dislocada-Zacatecas-1.jpg?resize=700%2C400&ssl=1 2x"},"classes":[]},{"id":44628,"url":"https:\/\/www.grieta.org.mx\/index.php\/2020\/02\/20\/galeria-de-fotos-de-accion-dislocada-en-colima-jornadas-samir-somos-todas-y-todos\/","url_meta":{"origin":45385,"position":4},"title":"Galer\u00eda de fotos de acci\u00f3n dislocada en Colima. Jornadas &#8220;Samir Somos Todas y Todos&#8221;","author":"grieta","date":"20 febrero, 2020","format":false,"excerpt":"Colectivo Grieta Galer\u00eda de Mesa de Informaci\u00f3n en Colima","rel":"","context":"En &quot;CINTILLO&quot;","block_context":{"text":"CINTILLO","link":"https:\/\/www.grieta.org.mx\/index.php\/category\/cintillo\/"},"img":{"alt_text":"","src":"https:\/\/i0.wp.com\/www.grieta.org.mx\/wp-content\/uploads\/2020\/02\/IMG_20200220_222557.jpg?resize=350%2C200&ssl=1","width":350,"height":200,"srcset":"https:\/\/i0.wp.com\/www.grieta.org.mx\/wp-content\/uploads\/2020\/02\/IMG_20200220_222557.jpg?resize=350%2C200&ssl=1 1x, https:\/\/i0.wp.com\/www.grieta.org.mx\/wp-content\/uploads\/2020\/02\/IMG_20200220_222557.jpg?resize=525%2C300&ssl=1 1.5x, https:\/\/i0.wp.com\/www.grieta.org.mx\/wp-content\/uploads\/2020\/02\/IMG_20200220_222557.jpg?resize=700%2C400&ssl=1 2x, https:\/\/i0.wp.com\/www.grieta.org.mx\/wp-content\/uploads\/2020\/02\/IMG_20200220_222557.jpg?resize=1050%2C600&ssl=1 3x, https:\/\/i0.wp.com\/www.grieta.org.mx\/wp-content\/uploads\/2020\/02\/IMG_20200220_222557.jpg?resize=1400%2C800&ssl=1 4x"},"classes":[]},{"id":44640,"url":"https:\/\/www.grieta.org.mx\/index.php\/2020\/02\/20\/galeria-de-fotos-de-accion-dislocada-en-pachuca-hidalgo-jornadas-samir-somos-todas-y-todos\/","url_meta":{"origin":45385,"position":5},"title":"Galer\u00eda de fotos de acci\u00f3n dislocada en Pachuca, Hidalgo. Jornadas &#8220;Samir Somos Todas y Todos&#8221;","author":"grieta","date":"20 febrero, 2020","format":false,"excerpt":"Colectivo Grieta Galer\u00eda de volanteo en Pachuca","rel":"","context":"En &quot;CINTILLO&quot;","block_context":{"text":"CINTILLO","link":"https:\/\/www.grieta.org.mx\/index.php\/category\/cintillo\/"},"img":{"alt_text":"","src":"https:\/\/i0.wp.com\/www.grieta.org.mx\/wp-content\/uploads\/2020\/02\/Imagen6.png?resize=350%2C200&ssl=1","width":350,"height":200,"srcset":"https:\/\/i0.wp.com\/www.grieta.org.mx\/wp-content\/uploads\/2020\/02\/Imagen6.png?resize=350%2C200&ssl=1 1x, https:\/\/i0.wp.com\/www.grieta.org.mx\/wp-content\/uploads\/2020\/02\/Imagen6.png?resize=525%2C300&ssl=1 1.5x, https:\/\/i0.wp.com\/www.grieta.org.mx\/wp-content\/uploads\/2020\/02\/Imagen6.png?resize=700%2C400&ssl=1 2x"},"classes":[]}],"_links":{"self":[{"href":"https:\/\/www.grieta.org.mx\/index.php\/wp-json\/wp\/v2\/posts\/45385","targetHints":{"allow":["GET"]}}],"collection":[{"href":"https:\/\/www.grieta.org.mx\/index.php\/wp-json\/wp\/v2\/posts"}],"about":[{"href":"https:\/\/www.grieta.org.mx\/index.php\/wp-json\/wp\/v2\/types\/post"}],"author":[{"embeddable":true,"href":"https:\/\/www.grieta.org.mx\/index.php\/wp-json\/wp\/v2\/users\/2"}],"replies":[{"embeddable":true,"href":"https:\/\/www.grieta.org.mx\/index.php\/wp-json\/wp\/v2\/comments?post=45385"}],"version-history":[{"count":1,"href":"https:\/\/www.grieta.org.mx\/index.php\/wp-json\/wp\/v2\/posts\/45385\/revisions"}],"predecessor-version":[{"id":45462,"href":"https:\/\/www.grieta.org.mx\/index.php\/wp-json\/wp\/v2\/posts\/45385\/revisions\/45462"}],"wp:featuredmedia":[{"embeddable":true,"href":"https:\/\/www.grieta.org.mx\/index.php\/wp-json\/wp\/v2\/media\/45386"}],"wp:attachment":[{"href":"https:\/\/www.grieta.org.mx\/index.php\/wp-json\/wp\/v2\/media?parent=45385"}],"wp:term":[{"taxonomy":"category","embeddable":true,"href":"https:\/\/www.grieta.org.mx\/index.php\/wp-json\/wp\/v2\/categories?post=45385"},{"taxonomy":"post_tag","embeddable":true,"href":"https:\/\/www.grieta.org.mx\/index.php\/wp-json\/wp\/v2\/tags?post=45385"}],"curies":[{"name":"wp","href":"https:\/\/api.w.org\/{rel}","templated":true}]}}