{"id":45372,"date":"2020-02-25T00:11:26","date_gmt":"2020-02-25T06:11:26","guid":{"rendered":"http:\/\/www.grieta.org.mx\/?p=45372"},"modified":"2020-03-01T00:33:58","modified_gmt":"2020-03-01T06:33:58","slug":"la-crisis-de-agbar-en-saltillo-coahuila","status":"publish","type":"post","link":"https:\/\/www.grieta.org.mx\/index.php\/2020\/02\/25\/la-crisis-de-agbar-en-saltillo-coahuila\/","title":{"rendered":"La crisis de Agbar en Saltillo (Coahuila)"},"content":{"rendered":"<p>Ricardo Balderas\/ PROCESO<\/p>\n<figure id=\"attachment_45373\" aria-describedby=\"caption-attachment-45373\" style=\"width: 800px\" class=\"wp-caption aligncenter\"><img loading=\"lazy\" decoding=\"async\" data-attachment-id=\"45373\" data-permalink=\"https:\/\/www.grieta.org.mx\/index.php\/2020\/02\/25\/la-crisis-de-agbar-en-saltillo-coahuila\/agbar-870x522\/\" data-orig-file=\"https:\/\/www.grieta.org.mx\/wp-content\/uploads\/2020\/03\/Agbar-870x522.jpg\" data-orig-size=\"870,522\" data-comments-opened=\"0\" data-image-meta=\"{&quot;aperture&quot;:&quot;0&quot;,&quot;credit&quot;:&quot;&quot;,&quot;camera&quot;:&quot;&quot;,&quot;caption&quot;:&quot;&quot;,&quot;created_timestamp&quot;:&quot;0&quot;,&quot;copyright&quot;:&quot;&quot;,&quot;focal_length&quot;:&quot;0&quot;,&quot;iso&quot;:&quot;0&quot;,&quot;shutter_speed&quot;:&quot;0&quot;,&quot;title&quot;:&quot;&quot;,&quot;orientation&quot;:&quot;0&quot;}\" data-image-title=\"Agbar-870&amp;#215;522\" data-image-description=\"\" data-image-caption=\"&lt;p&gt;Aguas de Barcelona (Agbar), tiene un c\u00famulo de denuncias en Saltillo.&lt;\/p&gt;\n\" data-medium-file=\"https:\/\/www.grieta.org.mx\/wp-content\/uploads\/2020\/03\/Agbar-870x522-300x180.jpg\" data-large-file=\"https:\/\/www.grieta.org.mx\/wp-content\/uploads\/2020\/03\/Agbar-870x522.jpg\" class=\"wp-image-45373\" src=\"http:\/\/www.grieta.org.mx\/wp-content\/uploads\/2020\/03\/Agbar-870x522.jpg\" alt=\"\" width=\"800\" height=\"480\" srcset=\"https:\/\/www.grieta.org.mx\/wp-content\/uploads\/2020\/03\/Agbar-870x522.jpg 870w, https:\/\/www.grieta.org.mx\/wp-content\/uploads\/2020\/03\/Agbar-870x522-300x180.jpg 300w, https:\/\/www.grieta.org.mx\/wp-content\/uploads\/2020\/03\/Agbar-870x522-768x461.jpg 768w, https:\/\/www.grieta.org.mx\/wp-content\/uploads\/2020\/03\/Agbar-870x522-833x500.jpg 833w\" sizes=\"auto, (max-width: 800px) 100vw, 800px\" \/><figcaption id=\"caption-attachment-45373\" class=\"wp-caption-text\">Aguas de Barcelona (Agbar), tiene un c\u00famulo de denuncias en Saltillo.<\/figcaption><\/figure>\n<p>CIUDAD DE M\u00c9XICO (apro).- Aguas de Barcelona lleg\u00f3 a Saltillo, Coahuila, en el 2001 bajo la promesa de que iba a \u201cMejorar la accesibilidad del agua para los habitantes\u201d. En ese entonces, el alcalde era el priista \u00d3scar Pimentel Gonz\u00e1lez y la gesti\u00f3n p\u00fablico-privada no levant\u00f3 sospechas. Ahora, la empresa se ve envuelta en un c\u00edrculo de denuncias que var\u00edan entre violaciones a los derechos humanos, la aprobaci\u00f3n irregular del aumento en la tarifa, una multa por cobros indebidos a m\u00e1s de 200 usuarios y el remate de una paraestatal en buenas condiciones[1].<\/p>\n<p>Esta informaci\u00f3n, junto con los documentos constitutivos de Aguas de Saltillo (consorcio donde Aguas de Barcelona es socio), estuvo oculta durante 19 a\u00f1os, debido a la decisi\u00f3n de un juez local que apel\u00f3 por su resguardo, pero fue revelada por un alertador v\u00eda M\u00e9xicoLeaks. Derivado de esto, en el Palacio Legislativo local, v\u00eda el diputado Alejandro Mart\u00ednez Hern\u00e1ndez del PRD, se promovi\u00f3 un punto de acuerdo en el que solicitaban a la Comisi\u00f3n Nacional del Agua (Conagua) se hiciera p\u00fablica dicha informaci\u00f3n[2].<\/p>\n<p>Para lograr la aparici\u00f3n de Aguas de Barcelona en M\u00e9xico, Pimentel Gonz\u00e1lez, declar\u00f3 que su municipio ten\u00eda problemas de gesti\u00f3n debido a que se encontraba en un fuerte periodo de estiaje y que las aguas locales que flu\u00edan desde el acu\u00edfero sur estaban por agotarse[3]. Se propuso un replanteamiento de los servicios p\u00fablicos.<\/p>\n<p>Ese mismo a\u00f1o (2001) el Cabildo de Saltillo aprob\u00f3 la asociaci\u00f3n del municipio con la empresa Aguas de Barcelona, formando Aguas de Saltillo. InterAgbar de M\u00e9xico, S.A. de C.V., filial de Aguas de Barcelona, quien aportar\u00eda los trabajos de gesti\u00f3n, compr\u00f3 24 mil acciones y el Sistema Municipal de Aguas y Saneamiento (SIMAS) que pasar\u00eda de gestor general a una simple constituci\u00f3n en papel, se qued\u00f3 con la mayor parte de las acciones, 25 mil. Por su parte, Pimentel Gonz\u00e1lez, qued\u00f3 como presidente del Consejo de Administraci\u00f3n.<\/p>\n<p>Acto seguido, el ayuntamiento de Saltillo contrat\u00f3 a la consultora Freese Nichols (FN) para evaluar los procesos de participaci\u00f3n de las empresas privadas en el sistema de aguas. En sus presentaciones, FN favoreci\u00f3 la gesti\u00f3n mixta.<\/p>\n<p>Una vez elegido el sistema mixto para gestionar el agua, las autoridades realizaron una Licitaci\u00f3n P\u00fablica Internacional a la que nadie m\u00e1s que Aguas de Saltillo se present\u00f3. El proceso de licitaci\u00f3n fue conducido por la firma Arthur Andersen que en ese entonces era asesor contable de Aguas de Barcelona (Agbar), la \u00fanica empresa que present\u00f3 una propuesta y gan\u00f3 el proceso de licitaci\u00f3n.<\/p>\n<p>La oferta financiera fue de 81.9 millones de pesos, para hacerse due\u00f1a del 49% de las acciones del sistema de agua de la ciudad. La cifra de la oferta es significativa, pues en los dos a\u00f1os anteriores los gobiernos estatal y municipal y la Comisi\u00f3n Nacional del Agua hab\u00edan invertido en el sistema de agua de Saltillo 100 millones de pesos, cantidad superior a la cifra que pag\u00f3 Agbar por todo el aparato de gesti\u00f3n[4].<\/p>\n<p>La informaci\u00f3n en manos de este medio de comunicaci\u00f3n tambi\u00e9n revela que este modelo mixto (p\u00fablico-privado) que ejecut\u00f3 Aguas de Saltillo surgi\u00f3 el 15 de julio de 2001 mediante la escritura 87825 inscrita en el libro 3075, folios 2772 a 76 de la Notar\u00eda P\u00fablica 42 de Coahuila y de la cual dio fe el notario Rub\u00e9n Roberto S\u00e1nchez Montemayor.<\/p>\n<p><img loading=\"lazy\" decoding=\"async\" data-attachment-id=\"45374\" data-permalink=\"https:\/\/www.grieta.org.mx\/index.php\/2020\/02\/25\/la-crisis-de-agbar-en-saltillo-coahuila\/constitutiva-1024x295\/\" data-orig-file=\"https:\/\/www.grieta.org.mx\/wp-content\/uploads\/2020\/03\/constitutiva-1024x295.jpg\" data-orig-size=\"1024,295\" data-comments-opened=\"0\" data-image-meta=\"{&quot;aperture&quot;:&quot;0&quot;,&quot;credit&quot;:&quot;&quot;,&quot;camera&quot;:&quot;&quot;,&quot;caption&quot;:&quot;&quot;,&quot;created_timestamp&quot;:&quot;0&quot;,&quot;copyright&quot;:&quot;&quot;,&quot;focal_length&quot;:&quot;0&quot;,&quot;iso&quot;:&quot;0&quot;,&quot;shutter_speed&quot;:&quot;0&quot;,&quot;title&quot;:&quot;&quot;,&quot;orientation&quot;:&quot;0&quot;}\" data-image-title=\"constitutiva-1024&amp;#215;295\" data-image-description=\"\" data-image-caption=\"\" data-medium-file=\"https:\/\/www.grieta.org.mx\/wp-content\/uploads\/2020\/03\/constitutiva-1024x295-300x86.jpg\" data-large-file=\"https:\/\/www.grieta.org.mx\/wp-content\/uploads\/2020\/03\/constitutiva-1024x295-1024x295.jpg\" class=\"aligncenter wp-image-45374\" src=\"http:\/\/www.grieta.org.mx\/wp-content\/uploads\/2020\/03\/constitutiva-1024x295.jpg\" alt=\"\" width=\"800\" height=\"230\" srcset=\"https:\/\/www.grieta.org.mx\/wp-content\/uploads\/2020\/03\/constitutiva-1024x295.jpg 1024w, https:\/\/www.grieta.org.mx\/wp-content\/uploads\/2020\/03\/constitutiva-1024x295-300x86.jpg 300w, https:\/\/www.grieta.org.mx\/wp-content\/uploads\/2020\/03\/constitutiva-1024x295-768x221.jpg 768w\" sizes=\"auto, (max-width: 800px) 100vw, 800px\" \/><\/p>\n<p>La contradicci\u00f3n: Cortan el agua, pero \u201crespetan los derechos humanos\u201d<br \/>\n\u201cNosotros tenemos un sistema de gesti\u00f3n avalado por las leyes estatales, la Ley de Aguas de Saltillo, en donde cuando hay una reiteraci\u00f3n en el no pago al tercer mes, la ley exhorta al corte\u201d, explica desde su silla reclinable, Jordi Bosch Bragado, catal\u00e1n que realiz\u00f3 toda su carrera profesional en Aguas de Barcelona y lleg\u00f3 a M\u00e9xico en 2015 como gerente general de Aguas de Saltillo (Agsal), supliendo a Alejandro Osuna Ruiz-Poveda y convirti\u00e9ndose en funcionario p\u00fablico del Estado de Coahuila.<\/p>\n<p>El prelado local, sin embargo, discrepa de los dichos de Bosch Bragado sobre su amparo ante la ley y comenta: \u201cCuando empieza aqu\u00ed la privatizaci\u00f3n del agua, de un jal\u00f3n se subi\u00f3 diez veces el costo y el precio que ten\u00edan que pagar ya no era posible de sostener (para los habitantes). Empezaron a llegar las personas aqu\u00ed (la catedral de Saltillo) quej\u00e1ndose de que les hab\u00edan cortado el agua, es ilegal\u201d, asegura, Jos\u00e9 Ra\u00fal Vera, obispo de la comunidad de Saltillo.<\/p>\n<p>Cuando se le cuestiona al gerente general de Agsal lo estipulado en el art\u00edculo cuarto de la Constituci\u00f3n Pol\u00edtica de los Estados Unidos Mexicanos (donde se garantiza el acceso al agua para todas las personas) al que hace referencia el Obispo, reclama:<\/p>\n<p>\u201c\u00bfTe refieres al derecho humano al agua? Nosotros hemos iniciado los tr\u00e1mites para sacar nuestro certificado de derecho humano al agua con la Comisi\u00f3n Nacional de Derechos Humanos (CNDH) y vamos a comenzar una serie de auditor\u00edas que nos otorgar\u00e1n ese certificado\u201d.<\/p>\n<p>Es decir, que, con ese papel, la empresa obtendr\u00eda una certificaci\u00f3n favorable a pesar de los consecutivos cortes de agua en Saltillo. Sobre la relaci\u00f3n de la empresa que representa con la transnacional Odebrecht, Bosch Bragado prefiere no hablar.<\/p>\n<p>\u201cLo de Veracruz yo no conozco el caso, pero s\u00e9 que aquello fue una f\u00f3rmula diferenciada, ellos entiendo ten\u00edan una concesi\u00f3n hasta donde yo llego, la f\u00f3rmula veracruzana es una concesi\u00f3n, esto es una empresa mixta, es otra cosa. Odebrecht gan\u00f3 un concurso y es entonces que busca a Aguas de Barcelona, en una primera instancia acepta, pero ya no est\u00e1n. Mira, antes de poder hacer esta entrevista Marcela (encargada de comunicaci\u00f3n) vino a hablarme, pero yo voy a hablar de Aguas de Saltillo, porque soy gerente de aqu\u00ed. No voy a hablar de otro organismo que no tiene que ver con el m\u00edo\u201d.<\/p>\n<p><img loading=\"lazy\" decoding=\"async\" data-attachment-id=\"45375\" data-permalink=\"https:\/\/www.grieta.org.mx\/index.php\/2020\/02\/25\/la-crisis-de-agbar-en-saltillo-coahuila\/86347905_1374526966083391_2783838659843981312_n-1024x1024\/\" data-orig-file=\"https:\/\/www.grieta.org.mx\/wp-content\/uploads\/2020\/03\/86347905_1374526966083391_2783838659843981312_n-1024x1024.jpg\" data-orig-size=\"1024,1024\" data-comments-opened=\"0\" data-image-meta=\"{&quot;aperture&quot;:&quot;0&quot;,&quot;credit&quot;:&quot;&quot;,&quot;camera&quot;:&quot;&quot;,&quot;caption&quot;:&quot;&quot;,&quot;created_timestamp&quot;:&quot;0&quot;,&quot;copyright&quot;:&quot;&quot;,&quot;focal_length&quot;:&quot;0&quot;,&quot;iso&quot;:&quot;0&quot;,&quot;shutter_speed&quot;:&quot;0&quot;,&quot;title&quot;:&quot;&quot;,&quot;orientation&quot;:&quot;0&quot;}\" data-image-title=\"86347905_1374526966083391_2783838659843981312_n-1024&amp;#215;1024\" data-image-description=\"\" data-image-caption=\"\" data-medium-file=\"https:\/\/www.grieta.org.mx\/wp-content\/uploads\/2020\/03\/86347905_1374526966083391_2783838659843981312_n-1024x1024-300x300.jpg\" data-large-file=\"https:\/\/www.grieta.org.mx\/wp-content\/uploads\/2020\/03\/86347905_1374526966083391_2783838659843981312_n-1024x1024.jpg\" class=\"aligncenter wp-image-45375\" src=\"http:\/\/www.grieta.org.mx\/wp-content\/uploads\/2020\/03\/86347905_1374526966083391_2783838659843981312_n-1024x1024.jpg\" alt=\"\" width=\"800\" height=\"800\" srcset=\"https:\/\/www.grieta.org.mx\/wp-content\/uploads\/2020\/03\/86347905_1374526966083391_2783838659843981312_n-1024x1024.jpg 1024w, https:\/\/www.grieta.org.mx\/wp-content\/uploads\/2020\/03\/86347905_1374526966083391_2783838659843981312_n-1024x1024-150x150.jpg 150w, https:\/\/www.grieta.org.mx\/wp-content\/uploads\/2020\/03\/86347905_1374526966083391_2783838659843981312_n-1024x1024-300x300.jpg 300w, https:\/\/www.grieta.org.mx\/wp-content\/uploads\/2020\/03\/86347905_1374526966083391_2783838659843981312_n-1024x1024-768x768.jpg 768w, https:\/\/www.grieta.org.mx\/wp-content\/uploads\/2020\/03\/86347905_1374526966083391_2783838659843981312_n-1024x1024-130x130.jpg 130w, https:\/\/www.grieta.org.mx\/wp-content\/uploads\/2020\/03\/86347905_1374526966083391_2783838659843981312_n-1024x1024-500x500.jpg 500w\" sizes=\"auto, (max-width: 800px) 100vw, 800px\" \/><\/p>\n<p>Otro problema que ocurre metros arriba de la ciudad, es el del abasto de agua para las comunidades. Los pozos que usan los campesinos que no pertenecen a las grandes firmas de la agroindustria est\u00e1n teniendo problemas para extraer agua debido a la sobre explotaci\u00f3n de la que responsabilizan a Aguas de Saltillo.<\/p>\n<p>Estas comunidades, al igual que Saltillo, se alimentan del acu\u00edfero sur, pero sus bombas de extracci\u00f3n son de un tama\u00f1o muy menor y al estar localizadas en zonas m\u00e1s altas, les es imposible tener agua todo el a\u00f1o. Una de estas comunidades es Jala, donde a Juan Gamboa, l\u00edder comunitario en esta zona tambi\u00e9n le preocupa el agua de su comunidad y comenta: \u201cLa falta de esta poquita agua es la muerte, \u00bfno? terminan con nuestro modo de vida, nuestras costumbres (\u2026) Llevarse el agua es acabar con todo, es acabar con tus sue\u00f1os\u201d.<\/p>\n<p>El fallido intento de gestionar el agua en Ramos Arizpe<br \/>\nEn 2013 Aguas de Barcelona tambi\u00e9n intent\u00f3 apoderarse del agua del municipio de Ramos Arizpe, pero a finales de 2014, fueron expulsados. El negocio comenz\u00f3 en 2012, 11 a\u00f1os despu\u00e9s de llegar a Saltillo, con el alcalde priista Ram\u00f3n Oceguera Rodr\u00edguez, cuando declar\u00f3, al igual que Pimentel Gonz\u00e1lez en Saltillo, que su municipio estaba en crisis de gesti\u00f3n del agua.<\/p>\n<p>Bajo el mismo argumento y mecanismo, el contrato de asociaci\u00f3n p\u00fablico-privada, del que PODER tiene una copia, se ejecut\u00f3 entre el municipio de Ramos Arizpe y Aguas de Saltillo, S.A. de C.V. con la diferencia de que la Comisi\u00f3n Estatal de Aguas de Saltillo (CEAS) fungir\u00eda como direcci\u00f3n general.<\/p>\n<p>El primer problema lleg\u00f3 junto a las amenazas. A la gente se le comenz\u00f3 a cobrar cosas que no eran, seg\u00fan explica Laura Leticia L\u00f3pez, vecina de la comunidad de Ramos Arizpe, quien lleg\u00f3 un d\u00eda a su casa y observ\u00f3 que le hab\u00eda llegado un recibo de adeudo por un a\u00f1o. La se\u00f1ora L\u00f3pez asisti\u00f3 a las oficinas con sus recibos en mano y, ni de esa manera, le hicieron validos los pagos. No fue hasta que present\u00f3 la denuncia ente la Procuradur\u00eda General del Consumidor (Profeco) que la empresa reconoci\u00f3 los pagos.<\/p>\n<p>\u201cLa llegada de Agbar fue una sorpresa para los habitantes de Ramos Arizpe. Nos vinieron a decir que se iba a privatizar y los se\u00f1ores nos dijeron que nos iban a cobrar las mensualidades vencidas. Iban a realizar cambios en las tomas de agua, entonces, nos sentimos pr\u00e1cticamente amenazados, ten\u00edamos que lidiar con pagos que no contempl\u00e1bamos\u201d, agreg\u00f3 Leticia L\u00f3pez.<\/p>\n<p>Aunado al caso de Leticia, seg\u00fan narra, hab\u00eda otros 40 casos similares. El asunto oblig\u00f3 a la ciudadan\u00eda a organizarse y presentaron una queja com\u00fan en contra de la empresa.<\/p>\n<p>El 28 de enero de 2013 el Comit\u00e9 Ciudadano de Defensa del Agua (CDA), envi\u00f3 un documento al presidente municipal de Ramos Arizpe solicitando la expulsi\u00f3n de Agbar del municipio y dar por terminada toda relaci\u00f3n con la empresa. Asimismo, impulsaron que todos los adeudos de agua en aquella localidad fueran condonados.<\/p>\n<p><img loading=\"lazy\" decoding=\"async\" data-attachment-id=\"45376\" data-permalink=\"https:\/\/www.grieta.org.mx\/index.php\/2020\/02\/25\/la-crisis-de-agbar-en-saltillo-coahuila\/expulsion-1024x383\/\" data-orig-file=\"https:\/\/www.grieta.org.mx\/wp-content\/uploads\/2020\/03\/expulsion-1024x383.jpg\" data-orig-size=\"1024,383\" data-comments-opened=\"0\" data-image-meta=\"{&quot;aperture&quot;:&quot;0&quot;,&quot;credit&quot;:&quot;&quot;,&quot;camera&quot;:&quot;&quot;,&quot;caption&quot;:&quot;&quot;,&quot;created_timestamp&quot;:&quot;0&quot;,&quot;copyright&quot;:&quot;&quot;,&quot;focal_length&quot;:&quot;0&quot;,&quot;iso&quot;:&quot;0&quot;,&quot;shutter_speed&quot;:&quot;0&quot;,&quot;title&quot;:&quot;&quot;,&quot;orientation&quot;:&quot;0&quot;}\" data-image-title=\"expulsion-1024&amp;#215;383\" data-image-description=\"\" data-image-caption=\"\" data-medium-file=\"https:\/\/www.grieta.org.mx\/wp-content\/uploads\/2020\/03\/expulsion-1024x383-300x112.jpg\" data-large-file=\"https:\/\/www.grieta.org.mx\/wp-content\/uploads\/2020\/03\/expulsion-1024x383-1024x383.jpg\" class=\"aligncenter wp-image-45376\" src=\"http:\/\/www.grieta.org.mx\/wp-content\/uploads\/2020\/03\/expulsion-1024x383.jpg\" alt=\"\" width=\"800\" height=\"299\" srcset=\"https:\/\/www.grieta.org.mx\/wp-content\/uploads\/2020\/03\/expulsion-1024x383.jpg 1024w, https:\/\/www.grieta.org.mx\/wp-content\/uploads\/2020\/03\/expulsion-1024x383-300x112.jpg 300w, https:\/\/www.grieta.org.mx\/wp-content\/uploads\/2020\/03\/expulsion-1024x383-768x287.jpg 768w\" sizes=\"auto, (max-width: 800px) 100vw, 800px\" \/><\/p>\n<p><img loading=\"lazy\" decoding=\"async\" data-attachment-id=\"45377\" data-permalink=\"https:\/\/www.grieta.org.mx\/index.php\/2020\/02\/25\/la-crisis-de-agbar-en-saltillo-coahuila\/criminalizacion\/\" data-orig-file=\"https:\/\/www.grieta.org.mx\/wp-content\/uploads\/2020\/03\/criminalizacion.jpg\" data-orig-size=\"745,960\" data-comments-opened=\"0\" data-image-meta=\"{&quot;aperture&quot;:&quot;0&quot;,&quot;credit&quot;:&quot;&quot;,&quot;camera&quot;:&quot;&quot;,&quot;caption&quot;:&quot;&quot;,&quot;created_timestamp&quot;:&quot;0&quot;,&quot;copyright&quot;:&quot;&quot;,&quot;focal_length&quot;:&quot;0&quot;,&quot;iso&quot;:&quot;0&quot;,&quot;shutter_speed&quot;:&quot;0&quot;,&quot;title&quot;:&quot;&quot;,&quot;orientation&quot;:&quot;0&quot;}\" data-image-title=\"criminalizacion\" data-image-description=\"\" data-image-caption=\"\" data-medium-file=\"https:\/\/www.grieta.org.mx\/wp-content\/uploads\/2020\/03\/criminalizacion-233x300.jpg\" data-large-file=\"https:\/\/www.grieta.org.mx\/wp-content\/uploads\/2020\/03\/criminalizacion.jpg\" class=\"aligncenter wp-image-45377\" src=\"http:\/\/www.grieta.org.mx\/wp-content\/uploads\/2020\/03\/criminalizacion.jpg\" alt=\"\" width=\"800\" height=\"1031\" srcset=\"https:\/\/www.grieta.org.mx\/wp-content\/uploads\/2020\/03\/criminalizacion.jpg 745w, https:\/\/www.grieta.org.mx\/wp-content\/uploads\/2020\/03\/criminalizacion-233x300.jpg 233w, https:\/\/www.grieta.org.mx\/wp-content\/uploads\/2020\/03\/criminalizacion-388x500.jpg 388w\" sizes=\"auto, (max-width: 800px) 100vw, 800px\" \/><\/p>\n<p>Ataques por denunciar los cortes de agua<br \/>\nCarlos Jhoan, naci\u00f3 en Coahuila la madrugada del domingo 19 de enero de este a\u00f1o en la Casa del Migrante de Satillo[5]. Su madre, Maritza, hondure\u00f1a de 24 a\u00f1os, como tantos otros migrantes hab\u00eda llegado a Coahuila con \u201cLa Bestia\u201d, pero su sue\u00f1o era que su hijo naciera en Estados Unidos. Se qued\u00f3 a tres horas de auto de realizarlo.<\/p>\n<p>Aquella madrugada en que Maritza pari\u00f3 a su hijo no hab\u00eda agua potable en el refugio[6]. El consorcio p\u00fablico-privado \u201cAguas de Saltillo\u201d, hab\u00eda cortado el recurso h\u00eddrico del refugio por un adeudo. Los beb\u00e9s reci\u00e9n nacidos necesitan en promedio 700 mililitros de agua todos los d\u00edas. Esa agua puede provenir de la leche materna, pero debido a los esfuerzos de los \u00faltimos meses Maritza no pudo darle toda esa leche a Carlos Jhoan que fue suplida con la ayuda de los voluntarios y voluntarias del albergue.<\/p>\n<p>Al denunciarlo, en lugar de recibir apoyo, cuentas an\u00f3nimas iniciaron una campa\u00f1a de difamaci\u00f3n en redes sociales en contra de los defensores de derechos humanos que trabajan y sostienen el albergue. Tras estos ataques, el Centro Diocesano de Derechos Humanos de la comunidad emiti\u00f3 un pronunciamiento dirigido al gobernador del estado, Miguel \u00c1ngel Requielme Sol\u00eds, en el que denuncian a Agsal por cortar el suministro de agua para el refugio de migrantes y los ataques o amenazas, junto a una campa\u00f1a de difamaci\u00f3n, por medios de comunicaci\u00f3n locales. (edici\u00f3n de Eduard Mart\u00edn- Borreg\u00f3n)<\/p>\n<p>* Esta publicaci\u00f3n se ha producido en conjunto con Ingenier\u00eda Sin Fronteras Catalu\u00f1a y con la contribuci\u00f3n financiera de la Uni\u00f3n Europea, su contenido es responsabilidad exclusiva de PODER.<\/p>\n<p>[CARTA DEL ADEUDO_COMUNICADO]<\/p>\n<p><a href=\"https:\/\/www.proceso.com.mx\/619218\/la-crisis-de-agbar-en-saltillo#_ftnref1\" name=\"_ftn1\">[1]<\/a>\u00a0\u00a0\u00a0\u00a0 Denuncias en contra de Agsal:\u00a0<a href=\"https:\/\/vanguardia.com.mx\/reportajeaguasconagsal-74926.html\">https:\/\/vanguardia.com.mx\/reportajeaguasconagsal-74926.html<\/a><\/p>\n<p><a href=\"https:\/\/www.proceso.com.mx\/619218\/la-crisis-de-agbar-en-saltillo#_ftnref2\" name=\"_ftn2\">[2]<\/a>\u00a0\u00a0\u00a0\u00a0 Punto de acuerdo:\u00a0<a href=\"https:\/\/sil.gobernacion.gob.mx\/Archivos\/Documentos\/2008\/06\/asun_2455181_20080625_1214421276.pdf\">https:\/\/sil.gobernacion.gob.mx\/Archivos\/Documentos\/2008\/06\/asun_2455181_20080625_1214421276.pdf<\/a><\/p>\n<p><a href=\"https:\/\/www.proceso.com.mx\/619218\/la-crisis-de-agbar-en-saltillo#_ftnref3\" name=\"_ftn3\">[3]<\/a>\u00a0\u00a0\u00a0\u00a0 Aguas de Saltillo en estiaje:\u00a0<a href=\"https:\/\/newsweekespanol.com\/2019\/02\/vivir-coahuila-sobrevivir-sin-agua\/\">https:\/\/newsweekespanol.com\/2019\/02\/vivir-coahuila-sobrevivir-sin-agua\/<\/a><\/p>\n<p><a href=\"https:\/\/www.proceso.com.mx\/619218\/la-crisis-de-agbar-en-saltillo#_ftnref4\" name=\"_ftn4\">[4]<\/a>\u00a0\u00a0\u00a0\u00a0 Remate del SIMAS:\u00a0<a href=\"https:\/\/vanguardia.com.mx\/articulo\/el-adeudo-oculto-del-municipio-de-saltillo-interagbar-de-mexico\">https:\/\/vanguardia.com.mx\/articulo\/el-adeudo-oculto-del-municipio-de-saltillo-interagbar-de-mexico<\/a><\/p>\n<p><a href=\"https:\/\/www.proceso.com.mx\/619218\/la-crisis-de-agbar-en-saltillo#_ftnref5\" name=\"_ftn5\">[5]<\/a>\u00a0\u00a0\u00a0\u00a0 Nace el primer beb\u00e9 en la casa del migrante de Saltillo:\u00a0<a href=\"https:\/\/www.eluniversal.com.mx\/estados\/nace-primer-bebe-en-casa-del-migrante-de-saltillo\">https:\/\/www.eluniversal.com.mx\/estados\/nace-primer-bebe-en-casa-del-migrante-de-saltillo<\/a><\/p>\n<p><a href=\"https:\/\/www.proceso.com.mx\/619218\/la-crisis-de-agbar-en-saltillo#_ftnref6\" name=\"_ftn6\">[6]<\/a>\u00a0\u00a0\u00a0\u00a0 Agbar cort\u00f3 el agua del Refugio para migrantes:\u00a0<a href=\"https:\/\/www.eluniversal.com.mx\/estados\/esperan-nacimiento-de-bebe-en-casa-del-migrante-que-no-tiene-agua\">https:\/\/www.eluniversal.com.mx\/estados\/esperan-nacimiento-de-bebe-en-casa-del-migrante-que-no-tiene-agua<\/a><\/p>\n<p><a href=\"https:\/\/www.proceso.com.mx\/619218\/la-crisis-de-agbar-en-saltillo\" target=\"_blank\" rel=\"noopener noreferrer\">https:\/\/www.proceso.com.mx\/619218\/la-crisis-de-agbar-en-saltillo<\/a><\/p>\n","protected":false},"excerpt":{"rendered":"<p>Ricardo Balderas\/ PROCESO CIUDAD DE M\u00c9XICO (apro).- Aguas de Barcelona lleg\u00f3 a Saltillo, Coahuila, en el 2001 bajo la promesa de que iba a \u201cMejorar la accesibilidad del agua para &hellip; <a href=\"https:\/\/www.grieta.org.mx\/index.php\/2020\/02\/25\/la-crisis-de-agbar-en-saltillo-coahuila\/\" class=\"more-link\">Leer m\u00e1s<\/a><\/p>\n","protected":false},"author":2,"featured_media":45373,"comment_status":"closed","ping_status":"closed","sticky":false,"template":"","format":"standard","meta":{"ngg_post_thumbnail":0,"_jetpack_newsletter_access":"","_jetpack_dont_email_post_to_subs":false,"_jetpack_newsletter_tier_id":0,"_jetpack_memberships_contains_paywalled_content":false,"_jetpack_memberships_contains_paid_content":false,"footnotes":""},"categories":[80,419,914,915,2,1751,83],"tags":[2609,3129,2610,2637,2172,1243,3128,764,1499],"class_list":["post-45372","post","type-post","status-publish","format-standard","has-post-thumbnail","hentry","category-cintillo","category-coahuila","category-privatizacion-del-agua","category-privatizacion-del-agua-analisis","category-noticias-nacionales","category-privatizacion-del-agua-en-coahuila","category-temas-nacionales","tag-agbar","tag-agbar-corta-agua-a-refugio-para-migrantes","tag-aguas-de-barcelona","tag-aguas-de-saltillo","tag-desbasto-de-agua","tag-despojo-de-agua","tag-expulsion-de-aguas-de-barcelona-de-ramos-arizpe","tag-privatizacion-del-agua","tag-tarifa-del-agua","entry"],"jetpack_featured_media_url":"https:\/\/www.grieta.org.mx\/wp-content\/uploads\/2020\/03\/Agbar-870x522.jpg","jetpack_sharing_enabled":true,"jetpack_shortlink":"https:\/\/wp.me\/p7ZJR4-bNO","jetpack_likes_enabled":false,"jetpack-related-posts":[{"id":34474,"url":"https:\/\/www.grieta.org.mx\/index.php\/2019\/06\/06\/el-origen-de-la-privatizacion-de-aguas-mexicanas\/","url_meta":{"origin":45372,"position":0},"title":"El origen de la privatizaci\u00f3n de aguas mexicanas (Coahuila y Veracruz)","author":"grieta","date":"6 junio, 2019","format":false,"excerpt":"Desde 2001, la empresa Aguas de Barcelona lleg\u00f3 a M\u00e9xico para administrar el agua en Saltillo, Coahuila, con la promesa de garantizar la accesibilidad del l\u00edquido entre los pobladores; desde entonces las leyes, incluida la Constituci\u00f3n estatal fue modificada para favorecer a la empresa, que ahora controla tres cuencas en\u2026","rel":"","context":"En &quot;CINTILLO&quot;","block_context":{"text":"CINTILLO","link":"https:\/\/www.grieta.org.mx\/index.php\/category\/cintillo\/"},"img":{"alt_text":"","src":"https:\/\/i0.wp.com\/www.grieta.org.mx\/wp-content\/uploads\/2019\/06\/pdp_resistencias_veracruz_mona-2.jpg?resize=350%2C200&ssl=1","width":350,"height":200,"srcset":"https:\/\/i0.wp.com\/www.grieta.org.mx\/wp-content\/uploads\/2019\/06\/pdp_resistencias_veracruz_mona-2.jpg?resize=350%2C200&ssl=1 1x, https:\/\/i0.wp.com\/www.grieta.org.mx\/wp-content\/uploads\/2019\/06\/pdp_resistencias_veracruz_mona-2.jpg?resize=525%2C300&ssl=1 1.5x, https:\/\/i0.wp.com\/www.grieta.org.mx\/wp-content\/uploads\/2019\/06\/pdp_resistencias_veracruz_mona-2.jpg?resize=700%2C400&ssl=1 2x, https:\/\/i0.wp.com\/www.grieta.org.mx\/wp-content\/uploads\/2019\/06\/pdp_resistencias_veracruz_mona-2.jpg?resize=1050%2C600&ssl=1 3x"},"classes":[]},{"id":26727,"url":"https:\/\/www.grieta.org.mx\/index.php\/2012\/10\/16\/coahuila-opera-privatizacion-silenciosa-del-agua-gobierno-de-moreira-la-cede-a-extranjeros-acusan-3\/","url_meta":{"origin":45372,"position":1},"title":"Coahuila opera privatizaci\u00f3n silenciosa del agua; gobierno de Moreira la cede a extranjeros, acusan","author":"grieta","date":"16 octubre, 2012","format":false,"excerpt":"Ciudad de M\u00e9xico, 16 de oct (sinembargo.mx) \u2013 Las empresas Aguas de Saltillo (Agsal) y la operadora extranjera Aguas de Barcelona (Agbar) son las due\u00f1as y se\u00f1oras del vital l\u00edquido en algunos municipios de Coahuila. Luego de la escasez de agua este a\u00f1o, el gobierno estatal, encabezado por Rub\u00e9n Moreira\u2026","rel":"","context":"En &quot;CINTILLO&quot;","block_context":{"text":"CINTILLO","link":"https:\/\/www.grieta.org.mx\/index.php\/category\/cintillo\/"},"img":{"alt_text":"","src":"https:\/\/i0.wp.com\/www.grieta.org.mx\/wp-content\/uploads\/2018\/03\/14524434_1106112876131411_958039263622046936_o.jpg?resize=350%2C200&ssl=1","width":350,"height":200,"srcset":"https:\/\/i0.wp.com\/www.grieta.org.mx\/wp-content\/uploads\/2018\/03\/14524434_1106112876131411_958039263622046936_o.jpg?resize=350%2C200&ssl=1 1x, https:\/\/i0.wp.com\/www.grieta.org.mx\/wp-content\/uploads\/2018\/03\/14524434_1106112876131411_958039263622046936_o.jpg?resize=525%2C300&ssl=1 1.5x, https:\/\/i0.wp.com\/www.grieta.org.mx\/wp-content\/uploads\/2018\/03\/14524434_1106112876131411_958039263622046936_o.jpg?resize=700%2C400&ssl=1 2x"},"classes":[]},{"id":4053,"url":"https:\/\/www.grieta.org.mx\/index.php\/2012\/10\/16\/coahuila-opera-privatizacion-silenciosa-del-agua-gobierno-de-moreira-la-cede-a-extranjeros-acusan\/","url_meta":{"origin":45372,"position":2},"title":"Coahuila opera privatizaci\u00f3n silenciosa del agua; gobierno de Moreira la cede a extranjeros, acusan","author":"grieta","date":"16 octubre, 2012","format":false,"excerpt":"Ciudad de M\u00e9xico, 16 de oct (sinembargo.mx) \u2013 Las empresas Aguas de Saltillo (Agsal) y la operadora extranjera Aguas de Barcelona (Agbar) son las due\u00f1as y se\u00f1oras del vital l\u00edquido en algunos municipios de Coahuila. Luego de la escasez de agua este a\u00f1o, el gobierno estatal, encabezado por Rub\u00e9n Moreira\u2026","rel":"","context":"En &quot;CINTILLO&quot;","block_context":{"text":"CINTILLO","link":"https:\/\/www.grieta.org.mx\/index.php\/category\/cintillo\/"},"img":{"alt_text":"","src":"https:\/\/i0.wp.com\/www.grieta.org.mx\/wp-content\/uploads\/2018\/03\/14524434_1106112876131411_958039263622046936_o.jpg?resize=350%2C200&ssl=1","width":350,"height":200,"srcset":"https:\/\/i0.wp.com\/www.grieta.org.mx\/wp-content\/uploads\/2018\/03\/14524434_1106112876131411_958039263622046936_o.jpg?resize=350%2C200&ssl=1 1x, https:\/\/i0.wp.com\/www.grieta.org.mx\/wp-content\/uploads\/2018\/03\/14524434_1106112876131411_958039263622046936_o.jpg?resize=525%2C300&ssl=1 1.5x, https:\/\/i0.wp.com\/www.grieta.org.mx\/wp-content\/uploads\/2018\/03\/14524434_1106112876131411_958039263622046936_o.jpg?resize=700%2C400&ssl=1 2x"},"classes":[]},{"id":26742,"url":"https:\/\/www.grieta.org.mx\/index.php\/2012\/11\/10\/opg-mision-privatizar-el-agua-de-coahuila-426\/","url_meta":{"origin":45372,"position":3},"title":"OPG; misi\u00f3n: privatizar el agua de Coahuila \/ 426","author":"grieta","date":"10 noviembre, 2012","format":false,"excerpt":"SIN CENSURA Torre\u00f3n, Coahuila.-\u00a0El Art\u00edculo 27 de la Constituci\u00f3n Pol\u00edtica Mexicana establece que \u201cLa propiedad de las tierras y aguas comprendidas dentro de los l\u00edmites del territorio nacional corresponde originariamente a la naci\u00f3n\u2026\u201d, y agrega que \u201c\u2026el dominio de la naci\u00f3n es inalienable e imprescriptible y la explotaci\u00f3n, el uso\u2026","rel":"","context":"En &quot;CINTILLO&quot;","block_context":{"text":"CINTILLO","link":"https:\/\/www.grieta.org.mx\/index.php\/category\/cintillo\/"},"img":{"alt_text":"","src":"https:\/\/i0.wp.com\/www.grieta.org.mx\/wp-content\/uploads\/2018\/03\/14524434_1106112876131411_958039263622046936_o.jpg?resize=350%2C200&ssl=1","width":350,"height":200,"srcset":"https:\/\/i0.wp.com\/www.grieta.org.mx\/wp-content\/uploads\/2018\/03\/14524434_1106112876131411_958039263622046936_o.jpg?resize=350%2C200&ssl=1 1x, https:\/\/i0.wp.com\/www.grieta.org.mx\/wp-content\/uploads\/2018\/03\/14524434_1106112876131411_958039263622046936_o.jpg?resize=525%2C300&ssl=1 1.5x, https:\/\/i0.wp.com\/www.grieta.org.mx\/wp-content\/uploads\/2018\/03\/14524434_1106112876131411_958039263622046936_o.jpg?resize=700%2C400&ssl=1 2x"},"classes":[]},{"id":31456,"url":"https:\/\/www.grieta.org.mx\/index.php\/2019\/03\/23\/acuifero-saltillo-sur-sin-disponibilidad-del-agua-coahuila\/","url_meta":{"origin":45372,"position":4},"title":"Acu\u00edfero Saltillo Sur, sin disponibilidad del agua (Coahuila)","author":"grieta","date":"23 marzo, 2019","format":false,"excerpt":"En los \u00faltimos 5 a\u00f1os los niveles de los mantos han permanecido estables Armando R\u00edos\/VANGUARDIA MX Durante el marco del D\u00eda Mundial del Agua, el experto en temas hidrol\u00f3gicos y representante de la Conagua en la cuenca de R\u00edo Bravo en el evento, inform\u00f3 que el acu\u00edfero Saltillo Sur no\u2026","rel":"","context":"En &quot;CINTILLO&quot;","block_context":{"text":"CINTILLO","link":"https:\/\/www.grieta.org.mx\/index.php\/category\/cintillo\/"},"img":{"alt_text":"","src":"https:\/\/i0.wp.com\/www.grieta.org.mx\/wp-content\/uploads\/2019\/03\/agua-del-grifo.jpg?resize=350%2C200&ssl=1","width":350,"height":200,"srcset":"https:\/\/i0.wp.com\/www.grieta.org.mx\/wp-content\/uploads\/2019\/03\/agua-del-grifo.jpg?resize=350%2C200&ssl=1 1x, https:\/\/i0.wp.com\/www.grieta.org.mx\/wp-content\/uploads\/2019\/03\/agua-del-grifo.jpg?resize=525%2C300&ssl=1 1.5x, https:\/\/i0.wp.com\/www.grieta.org.mx\/wp-content\/uploads\/2019\/03\/agua-del-grifo.jpg?resize=700%2C400&ssl=1 2x"},"classes":[]},{"id":31453,"url":"https:\/\/www.grieta.org.mx\/index.php\/2019\/03\/31\/resultados-a-modo-refleja-estudio-sobre-acuifero-en-saltillo-coahuila\/","url_meta":{"origin":45372,"position":5},"title":"\u2018Resultados a modo refleja estudio sobre acu\u00edfero en Saltillo\u2019 (Coahuila)","author":"grieta","date":"31 marzo, 2019","format":false,"excerpt":"Aguas de Saltillo present\u00f3 un informe sobre la disponibilidad del acu\u00edfero Saltillo Sur, que tambi\u00e9n corresponde en un 40 por ciento al municipio de Parras, donde se reflejaron datos a modo para beneficiar a la empresa espa\u00f1ola Armando R\u00edos\/VANGUARDIA MX El vocal agr\u00edcola del Consejo de Cuenca Nazas-Aguanaval, Felipe Rodr\u00edguez,\u2026","rel":"","context":"En &quot;CINTILLO&quot;","block_context":{"text":"CINTILLO","link":"https:\/\/www.grieta.org.mx\/index.php\/category\/cintillo\/"},"img":{"alt_text":"","src":"https:\/\/i0.wp.com\/www.grieta.org.mx\/wp-content\/uploads\/2019\/03\/Agua-de-la-llave.jpg?resize=350%2C200&ssl=1","width":350,"height":200,"srcset":"https:\/\/i0.wp.com\/www.grieta.org.mx\/wp-content\/uploads\/2019\/03\/Agua-de-la-llave.jpg?resize=350%2C200&ssl=1 1x, https:\/\/i0.wp.com\/www.grieta.org.mx\/wp-content\/uploads\/2019\/03\/Agua-de-la-llave.jpg?resize=525%2C300&ssl=1 1.5x, https:\/\/i0.wp.com\/www.grieta.org.mx\/wp-content\/uploads\/2019\/03\/Agua-de-la-llave.jpg?resize=700%2C400&ssl=1 2x"},"classes":[]}],"_links":{"self":[{"href":"https:\/\/www.grieta.org.mx\/index.php\/wp-json\/wp\/v2\/posts\/45372","targetHints":{"allow":["GET"]}}],"collection":[{"href":"https:\/\/www.grieta.org.mx\/index.php\/wp-json\/wp\/v2\/posts"}],"about":[{"href":"https:\/\/www.grieta.org.mx\/index.php\/wp-json\/wp\/v2\/types\/post"}],"author":[{"embeddable":true,"href":"https:\/\/www.grieta.org.mx\/index.php\/wp-json\/wp\/v2\/users\/2"}],"replies":[{"embeddable":true,"href":"https:\/\/www.grieta.org.mx\/index.php\/wp-json\/wp\/v2\/comments?post=45372"}],"version-history":[{"count":1,"href":"https:\/\/www.grieta.org.mx\/index.php\/wp-json\/wp\/v2\/posts\/45372\/revisions"}],"predecessor-version":[{"id":45378,"href":"https:\/\/www.grieta.org.mx\/index.php\/wp-json\/wp\/v2\/posts\/45372\/revisions\/45378"}],"wp:featuredmedia":[{"embeddable":true,"href":"https:\/\/www.grieta.org.mx\/index.php\/wp-json\/wp\/v2\/media\/45373"}],"wp:attachment":[{"href":"https:\/\/www.grieta.org.mx\/index.php\/wp-json\/wp\/v2\/media?parent=45372"}],"wp:term":[{"taxonomy":"category","embeddable":true,"href":"https:\/\/www.grieta.org.mx\/index.php\/wp-json\/wp\/v2\/categories?post=45372"},{"taxonomy":"post_tag","embeddable":true,"href":"https:\/\/www.grieta.org.mx\/index.php\/wp-json\/wp\/v2\/tags?post=45372"}],"curies":[{"name":"wp","href":"https:\/\/api.w.org\/{rel}","templated":true}]}}