{"id":45363,"date":"2020-02-26T22:12:27","date_gmt":"2020-02-27T04:12:27","guid":{"rendered":"http:\/\/www.grieta.org.mx\/?p=45363"},"modified":"2020-02-29T22:18:55","modified_gmt":"2020-03-01T04:18:55","slug":"asesinos-de-miroslava-breach-trabajan-para-alcalde-asegura-testigo-chihuahua","status":"publish","type":"post","link":"https:\/\/www.grieta.org.mx\/index.php\/2020\/02\/26\/asesinos-de-miroslava-breach-trabajan-para-alcalde-asegura-testigo-chihuahua\/","title":{"rendered":"Asesinos de Miroslava Breach trabajan para alcalde, asegura testigo (Chihuahua)"},"content":{"rendered":"<p>Raichali<\/p>\n<p><img loading=\"lazy\" decoding=\"async\" data-attachment-id=\"45364\" data-permalink=\"https:\/\/www.grieta.org.mx\/index.php\/2020\/02\/26\/asesinos-de-miroslava-breach-trabajan-para-alcalde-asegura-testigo-chihuahua\/miroslava_memoria_raichali\/\" data-orig-file=\"https:\/\/www.grieta.org.mx\/wp-content\/uploads\/2020\/02\/Miroslava_memoria_Raichali.jpg\" data-orig-size=\"1280,800\" data-comments-opened=\"0\" data-image-meta=\"{&quot;aperture&quot;:&quot;0&quot;,&quot;credit&quot;:&quot;&quot;,&quot;camera&quot;:&quot;&quot;,&quot;caption&quot;:&quot;&quot;,&quot;created_timestamp&quot;:&quot;0&quot;,&quot;copyright&quot;:&quot;&quot;,&quot;focal_length&quot;:&quot;0&quot;,&quot;iso&quot;:&quot;0&quot;,&quot;shutter_speed&quot;:&quot;0&quot;,&quot;title&quot;:&quot;&quot;,&quot;orientation&quot;:&quot;1&quot;}\" data-image-title=\"Miroslava_memoria_Raichali\" data-image-description=\"\" data-image-caption=\"\" data-medium-file=\"https:\/\/www.grieta.org.mx\/wp-content\/uploads\/2020\/02\/Miroslava_memoria_Raichali-300x188.jpg\" data-large-file=\"https:\/\/www.grieta.org.mx\/wp-content\/uploads\/2020\/02\/Miroslava_memoria_Raichali-1024x640.jpg\" class=\"aligncenter size-full wp-image-45364\" src=\"http:\/\/www.grieta.org.mx\/wp-content\/uploads\/2020\/02\/Miroslava_memoria_Raichali.jpg\" alt=\"\" width=\"1280\" height=\"800\" srcset=\"https:\/\/www.grieta.org.mx\/wp-content\/uploads\/2020\/02\/Miroslava_memoria_Raichali.jpg 1280w, https:\/\/www.grieta.org.mx\/wp-content\/uploads\/2020\/02\/Miroslava_memoria_Raichali-300x188.jpg 300w, https:\/\/www.grieta.org.mx\/wp-content\/uploads\/2020\/02\/Miroslava_memoria_Raichali-768x480.jpg 768w, https:\/\/www.grieta.org.mx\/wp-content\/uploads\/2020\/02\/Miroslava_memoria_Raichali-1024x640.jpg 1024w, https:\/\/www.grieta.org.mx\/wp-content\/uploads\/2020\/02\/Miroslava_memoria_Raichali-800x500.jpg 800w\" sizes=\"auto, (max-width: 1280px) 100vw, 1280px\" \/><\/p>\n<p><strong>Las investigaciones en torno al caso se\u00f1alan a Jaciel, medio hermano de El Larry, como el chofer del Malib\u00fa gris en el que se traslad\u00f3 y se dio a la fuga Ram\u00f3n Andr\u00e9s Zavala Corral, quien le dispar\u00f3 a la periodista en al menos ocho ocasiones<\/strong><\/p>\n<p>CHIHUAHUA, CHIHUAHUA.- La sexta jornada de audiencia de juicio oral por el asesinato de la periodista Miroslava Breach inici\u00f3 con el desahogo de las primeras pruebas testimoniales que ligan al acusado Juan Carlos M. O., al\u00edas\u00a0<em>El Larry<\/em>, con el crimen cometido el 23 de marzo de 2017.<\/p>\n<p>Un testigo de identidad reservada reconoci\u00f3 que hace aproximadamente tres a\u00f1os conoci\u00f3 a\u00a0<em>El Larry<\/em>\u00a0en Ch\u00ednipas. Acudi\u00f3 una Navidad a conocer a la familia de su entonces novio Jaciel V. V., implicado en el caso, pr\u00f3fugo de la justica.<\/p>\n<p>Las investigaciones se\u00f1alan a Jaciel como el chofer del Malib\u00fa gris en el que se dio a la fuga Ram\u00f3n Andr\u00e9s Zavala Corral. \u00c9ste dispar\u00f3 a la periodista en al menos ocho ocasiones y, el 19 de diciembre de 2017, fue encontrado sin vida en \u00c1lamos Sonora.<\/p>\n<p>Cuando conoci\u00f3 a Jaciel, en 2015, \u00e9l estudiaba en la Facultad de Educaci\u00f3n F\u00edsica de la Universidad Aut\u00f3noma de Chihuahua. Ten\u00eda una purificadora en Ch\u00ednipas, ven\u00eda bolas de arroz y adem\u00e1s, le dijo que trabajaba con Juan Carlos \u201cmoviendo carros\u201d para el narcotr\u00e1fico.<\/p>\n<p>Su expareja le hab\u00eda contado que ambos trabajan para el entonces alcalde de Ch\u00ednipas, Hugo Schultz. Insisti\u00f3 en que nunca le especific\u00f3 qu\u00e9 actividades realizaban.<\/p>\n<p>A Schultz Alcaraz, presidente municipal de Ch\u00ednipas en el periodo2013-2016, lo han se\u00f1alado dentro del caso en varias ocasiones. \u00c9l acudi\u00f3 con el entonces l\u00edder del Partido Acci\u00f3n Nacional (PAN), Jos\u00e9 Luevano, para pedir ayuda por presiones que hab\u00eda recibido a ra\u00edz de un reportaje de publicado en\u00a0<em>La Jornada<\/em>\u00a0en marzo de 2016.<\/p>\n<p>Al panista se le canaliz\u00f3 con el entonces vocero del partido, Alfredo Pi\u00f1era. Seg\u00fan dos audios localizados en una computadora asegurada en la casa de Jaciel, Pi\u00f1era llam\u00f3 a Miroslava y a la corresponsal de\u00a0<em>Proceso<\/em>, Patricia Mayorga. Intent\u00f3 sacar informaci\u00f3n sobre las fuentes que consultaron para la investigaci\u00f3n\u00a0<em>Impone el crimen organizado candidatos a ediles en Chihuahua.<\/em><\/p>\n<p>Pero su nombre ya hab\u00eda aparecido tambi\u00e9n en la columna\u00a0<em>Don Mirone<\/em>\u00a0que escrib\u00eda Miroslava para\u00a0<em>Norte de Ciudad Ju\u00e1rez<\/em>. Ah\u00ed se refiri\u00f3 a \u00e9l como el mensajero de\u00a0<em>Los Salazar<\/em>, en referencia a las amenazas que ella misma hab\u00eda recibido por varios medios.<\/p>\n<h3>\u201cViene algo grande en Ch\u00ednipas\u201d<\/h3>\n<p>Durante la audiencia, la testigo explic\u00f3 que a Juan Carlos s\u00f3lo lo vio en dos ocasiones. A \u00e9l se lo presentaron como el medio hermano de Jaciel y, aquella Navidad, lo vio llegar a la casa acompa\u00f1ado de hombres con armas largas y cortas.<\/p>\n<p>La segunda vez que record\u00f3 haber coincidido con\u00a0<em>El Larry<\/em>\u00a0fue en una casa que \u00e9l tiene en el fraccionamiento Cafetales en la capital de Chihuahua, la cual mencion\u00f3 que se la rentaba a una agente ministerial, de quien asegur\u00f3 no tener m\u00e1s datos.<\/p>\n<p>Su relaci\u00f3n con Jaciel termin\u00f3 \u201cpor seguridad\u201d. De acuerdo con su testimonio, \u00e9l le dijo que no pod\u00edan continuar porque \u00e9l era \u201cuna mala persona\u201d y le advirti\u00f3 que ven\u00eda \u201calgo grande en Ch\u00ednipas\u201d, conversaci\u00f3n que, estim\u00f3, sucedi\u00f3 hace tres a\u00f1os.<\/p>\n<p>Aunque \u00e9l se quer\u00eda salir de ese trabajo, narr\u00f3 la testigo, ten\u00eda miedo de represalias en su contra porque le confi\u00f3 que \u201csab\u00eda demasiado\u201d y estaba seguro de que lo asesinar\u00edan en cuanto \u201cpisara la c\u00e1rcel\u201d, por lo que huy\u00f3 de Chihuahua despu\u00e9s del crimen.<\/p>\n<p>A pregunta expresa de la Fiscal\u00eda Especializada en la Atenci\u00f3n a Delitos contra la Libertad de Expresi\u00f3n (FEADLE), asegur\u00f3 que del asesinato de la periodista supo hasta que fue llamada a declarar por la Fiscal\u00eda General del Estado y ah\u00ed \u201cat\u00f3 cabos\u201d con lo que Jaciel le hab\u00eda contado.<\/p>\n<p>Mencion\u00f3 que despu\u00e9s de acudir a la fiscal\u00eda local, opt\u00f3 por irse de la ciudad por miedo, pues en varias ocasiones recibi\u00f3 amenazas para no presentarse ante las autoridades y, pese a que cambi\u00f3 su n\u00famero de tel\u00e9fono, las llamadas no se detuvieron.<\/p>\n<p>Incluso, al momento de reconocer f\u00edsicamente a\u00a0<em>El Larry<\/em>\u00a0durante la audiencia, la testigo se mostr\u00f3 nerviosa y preocupada al saber que estaba presente mientras rend\u00eda su testimonio.<\/p>\n<p>Otra prueba que se abord\u00f3 en la audiencia fue el hallazgo de la letra de un corrido, el cual se encontraba en una hoja suelta dentro de un cuaderno localizado en el cateo a cargo de la Fiscal\u00eda General del Estado en calle Las Torres 1914, colonia Villas del Rey, el 26 de marzo de 2017.<\/p>\n<p>En ese domicilio viv\u00eda Jaciel. Ah\u00ed tambi\u00e9n estaba el Malib\u00fa gris plata captado por las c\u00e1maras de seguridad cerca de la casa de la periodista, e identificado como el veh\u00edculo en el que trasladaron al pistolero.<\/p>\n<p>La testigo confirm\u00f3 que Jaciel escribi\u00f3 una canci\u00f3n para narrar la vida de su \u201ccompa\u00a0<em>El Wa Wa Wa<\/em>\u201d, de quien cuenta que se gan\u00f3 \u201cuna plaza\u201d por su lealtad.<\/p>\n<h3>Antena registra tres celulares cerca del lugar de los hechos<\/h3>\n<p>En la audiencia que inici\u00f3 poco antes de las diez de la ma\u00f1ana, tambi\u00e9n se presentaron los datos t\u00e9cnicos de la antena de Telcel que logr\u00f3 registrar la comunicaci\u00f3n entre el n\u00famero celular de Jaciel con el de otras dos personas, de quienes a\u00fan no se ha revelado la identidad.<\/p>\n<p>El analista Alberto Medrano, quien se encontraba en el departamento de inform\u00e1tica forense, detall\u00f3 que analiz\u00f3 el comportamiento de ocho n\u00fameros celulares, de los cuales, tres se encontraban en el mismo rango.<\/p>\n<p>Detall\u00f3 que acredit\u00f3 la cercan\u00eda de las l\u00edneas gracias a una antena que se encontraba a 200 metros de la vivienda de la periodista. En el comportamiento de las l\u00edneas que detect\u00f3 destaca que tuvieron comunicaci\u00f3n entre las 6:35 y 6:52 de la ma\u00f1ana.<\/p>\n<p>El comportamiento que se analiz\u00f3 fue el del n\u00famero de Jaciel con otros dos celulares, uno de ellos con lada de 642, en Navojoa, Sonora. Sin embargo, a\u00fan no se proporcionan los nombres de los otros dos usuarios.<\/p>\n<p>Estim\u00f3 que el alcance de una antena de ese tipo es de 1 a 1.5 kil\u00f3metros, en colonias como Lomas de Vallarta, pues, a menor poblaci\u00f3n, m\u00e1s alcance. En esa misma l\u00f3gica, dijo que la cobertura en carretera puede ser de hasta 30 kil\u00f3metros.<\/p>\n<p><a href=\"https:\/\/raichali.com\/2020\/02\/24\/caso-miroslava-breach-el-larry-y-jaciel-trabajan-para-el-alcalde-de-chinipas-asegura-testigo\/\">https:\/\/raichali.com\/2020\/02\/24\/caso-miroslava-breach-el-larry-y-jaciel-trabajan-para-el-alcalde-de-chinipas-asegura-testigo\/<\/a><\/p>\n","protected":false},"excerpt":{"rendered":"<p>Raichali Las investigaciones en torno al caso se\u00f1alan a Jaciel, medio hermano de El Larry, como el chofer del Malib\u00fa gris en el que se traslad\u00f3 y se dio a &hellip; <a href=\"https:\/\/www.grieta.org.mx\/index.php\/2020\/02\/26\/asesinos-de-miroslava-breach-trabajan-para-alcalde-asegura-testigo-chihuahua\/\" class=\"more-link\">Leer m\u00e1s<\/a><\/p>\n","protected":false},"author":2,"featured_media":45364,"comment_status":"closed","ping_status":"closed","sticky":false,"template":"","format":"standard","meta":{"ngg_post_thumbnail":0,"_jetpack_newsletter_access":"","_jetpack_dont_email_post_to_subs":false,"_jetpack_newsletter_tier_id":0,"_jetpack_memberships_contains_paywalled_content":false,"_jetpack_memberships_contains_paid_content":false,"footnotes":""},"categories":[12,80,83,88,1059],"tags":[120],"class_list":["post-45363","post","type-post","status-publish","format-standard","has-post-thumbnail","hentry","category-chihuahua","category-cintillo","category-temas-nacionales","category-violencia-contra-periodistas","category-violencia-contra-periodistas-en-chihuahua","tag-violencia-contra-periodistas","entry"],"jetpack_featured_media_url":"https:\/\/www.grieta.org.mx\/wp-content\/uploads\/2020\/02\/Miroslava_memoria_Raichali.jpg","jetpack_sharing_enabled":true,"jetpack_shortlink":"https:\/\/wp.me\/p7ZJR4-bNF","jetpack_likes_enabled":false,"jetpack-related-posts":[{"id":31044,"url":"https:\/\/www.grieta.org.mx\/index.php\/2019\/03\/22\/a-2-anos-del-asesinato-de-miroslava-breach-no-hay-sentenciados-ni-justicia-chihuahua\/","url_meta":{"origin":45363,"position":0},"title":"A 2 a\u00f1os del asesinato de Miroslava Breach, no hay sentenciados ni justicia (Chihuahua)","author":"grieta","date":"22 marzo, 2019","format":false,"excerpt":"Activistas, comunicadores y familiares de la periodista exigieron justicia y demandaron a las autoridades la captura de todos los involucrados en el crimen, y en especial de los autores intelectuales. Redacci\u00f3n ANIMAL POL\u00cdTICO A dos a\u00f1os del asesinato de la periodista Miroslava Breach, no existe sentencia condenatoria contra ninguno de\u2026","rel":"","context":"En &quot;Chihuahua&quot;","block_context":{"text":"Chihuahua","link":"https:\/\/www.grieta.org.mx\/index.php\/category\/noticias-nacionales\/chihuahua\/"},"img":{"alt_text":"","src":"https:\/\/i0.wp.com\/www.grieta.org.mx\/wp-content\/uploads\/2019\/03\/Miroslava-2-a%C3%B1os.jpg?resize=350%2C200","width":350,"height":200,"srcset":"https:\/\/i0.wp.com\/www.grieta.org.mx\/wp-content\/uploads\/2019\/03\/Miroslava-2-a%C3%B1os.jpg?resize=350%2C200 1x, https:\/\/i0.wp.com\/www.grieta.org.mx\/wp-content\/uploads\/2019\/03\/Miroslava-2-a%C3%B1os.jpg?resize=525%2C300 1.5x"},"classes":[]},{"id":58044,"url":"https:\/\/www.grieta.org.mx\/index.php\/2021\/03\/26\/a-4-anos-del-crimen-de-miroslava-breach-el-camino-hacia-la-justicia-aun-no-termina\/","url_meta":{"origin":45363,"position":1},"title":"A 4 a\u00f1os del crimen de Miroslava Breach, el camino hacia la justicia a\u00fan no termina","author":"grieta","date":"26 marzo, 2021","format":false,"excerpt":"Proceso\/Patricia Mayorga \"El Larry\", autor intelectual del homicidio, fue condenado a 50 a\u00f1os de prisi\u00f3n en agosto pasado. \u00a0Protesta en la FGR por el asesinato de la periodista Miroslava Breach. Foto: J. Ra\u00fal P\u00e9rez CHIHUAHUA, Chih. (apro).-\u00a0 A cuatro a\u00f1os del homicidio de la periodista Miroslava Breach Velducea, su hermana\u2026","rel":"","context":"En &quot;Chihuahua&quot;","block_context":{"text":"Chihuahua","link":"https:\/\/www.grieta.org.mx\/index.php\/category\/noticias-nacionales\/chihuahua\/"},"img":{"alt_text":"","src":"https:\/\/i0.wp.com\/www.grieta.org.mx\/wp-content\/uploads\/2018\/03\/14524434_1106112876131411_958039263622046936_o.jpg?resize=350%2C200&ssl=1","width":350,"height":200,"srcset":"https:\/\/i0.wp.com\/www.grieta.org.mx\/wp-content\/uploads\/2018\/03\/14524434_1106112876131411_958039263622046936_o.jpg?resize=350%2C200&ssl=1 1x, https:\/\/i0.wp.com\/www.grieta.org.mx\/wp-content\/uploads\/2018\/03\/14524434_1106112876131411_958039263622046936_o.jpg?resize=525%2C300&ssl=1 1.5x, https:\/\/i0.wp.com\/www.grieta.org.mx\/wp-content\/uploads\/2018\/03\/14524434_1106112876131411_958039263622046936_o.jpg?resize=700%2C400&ssl=1 2x"},"classes":[]},{"id":22868,"url":"https:\/\/www.grieta.org.mx\/index.php\/2017\/03\/24\/miroslava-breach-periodista-asesinada-que-difundio-la-oposicion-minera-en-chihuahua\/","url_meta":{"origin":45363,"position":2},"title":"Miroslava Breach, periodista asesinada que difundi\u00f3 la oposici\u00f3n minera en Chihuahua","author":"grieta","date":"24 marzo, 2017","format":false,"excerpt":"Miroslava Breach Velducea -mujer periodista de 54 a\u00f1os de edad, corresponsal de La Jornada- fue asesinada el jueves 23 de marzo. Cuando sal\u00eda de su domicilio ubicado en la ciudad de Chihuahua, sujetos a bordo de una camioneta la ultimaron con tiros de una arma de fuego, calibre 38. Una\u2026","rel":"","context":"En &quot;Chihuahua&quot;","block_context":{"text":"Chihuahua","link":"https:\/\/www.grieta.org.mx\/index.php\/category\/noticias-nacionales\/chihuahua\/"},"img":{"alt_text":"","src":"https:\/\/i0.wp.com\/www.grieta.org.mx\/wp-content\/uploads\/2018\/03\/14524434_1106112876131411_958039263622046936_o.jpg?resize=350%2C200&ssl=1","width":350,"height":200,"srcset":"https:\/\/i0.wp.com\/www.grieta.org.mx\/wp-content\/uploads\/2018\/03\/14524434_1106112876131411_958039263622046936_o.jpg?resize=350%2C200&ssl=1 1x, https:\/\/i0.wp.com\/www.grieta.org.mx\/wp-content\/uploads\/2018\/03\/14524434_1106112876131411_958039263622046936_o.jpg?resize=525%2C300&ssl=1 1.5x, https:\/\/i0.wp.com\/www.grieta.org.mx\/wp-content\/uploads\/2018\/03\/14524434_1106112876131411_958039263622046936_o.jpg?resize=700%2C400&ssl=1 2x"},"classes":[]},{"id":22858,"url":"https:\/\/www.grieta.org.mx\/index.php\/2017\/08\/23\/periodistas-de-chihuahua-exigen-se-capture-a-los-asesinos-de-miroslava-breach\/","url_meta":{"origin":45363,"position":3},"title":"Periodistas de Chihuahua exigen se capture a los asesinos de Miroslava Breach","author":"grieta","date":"23 agosto, 2017","format":false,"excerpt":"CHIHUAHUA, Chih. (apro).- Tras cinco meses de impunidad del asesinato de la corresponsal de\u00a0La Jornada, Miroslava Breach, un grupo de periodistas chihuahuenses se congreg\u00f3 en la \u201ccruz de clavos\u201d de la plaza Hidalgo, frente a Palacio de Gobierno. Acompa\u00f1ados por derechohumanistas, los comunicadores exigieron una vez m\u00e1s a los gobiernos\u2026","rel":"","context":"En &quot;Chihuahua&quot;","block_context":{"text":"Chihuahua","link":"https:\/\/www.grieta.org.mx\/index.php\/category\/noticias-nacionales\/chihuahua\/"},"img":{"alt_text":"","src":"https:\/\/i0.wp.com\/www.grieta.org.mx\/wp-content\/uploads\/2018\/05\/Periodistas.jpg?resize=350%2C200&ssl=1","width":350,"height":200,"srcset":"https:\/\/i0.wp.com\/www.grieta.org.mx\/wp-content\/uploads\/2018\/05\/Periodistas.jpg?resize=350%2C200&ssl=1 1x, https:\/\/i0.wp.com\/www.grieta.org.mx\/wp-content\/uploads\/2018\/05\/Periodistas.jpg?resize=525%2C300&ssl=1 1.5x, https:\/\/i0.wp.com\/www.grieta.org.mx\/wp-content\/uploads\/2018\/05\/Periodistas.jpg?resize=700%2C400&ssl=1 2x"},"classes":[]},{"id":22209,"url":"https:\/\/www.grieta.org.mx\/index.php\/2018\/03\/23\/hermanos-de-miroslava-repudian-a-javier-corral-por-decir-que-ella-se-busco-su-muerte-chihuahua\/","url_meta":{"origin":45363,"position":4},"title":"Hermanos de Miroslava repudian a Javier Corral por decir que ella \u201cse busc\u00f3\u201d su muerte (Chihuahua)","author":"grieta","date":"23 marzo, 2018","format":false,"excerpt":"Patricia Mayorga CHIHUAHUA, Chih. (apro).- Los hermanos de la periodista Miroslava Breach repudiaron los dichos del gobernador panista Javier Corral, quien culp\u00f3 a la corresponsal de La Jornada de buscarse su propia muerte. A un a\u00f1o del homicidio de Miroslava Breach en la ciudad de Chihuahua, sus hermanos, el gremio\u2026","rel":"","context":"En &quot;Chihuahua&quot;","block_context":{"text":"Chihuahua","link":"https:\/\/www.grieta.org.mx\/index.php\/category\/noticias-nacionales\/chihuahua\/"},"img":{"alt_text":"","src":"https:\/\/i0.wp.com\/www.grieta.org.mx\/wp-content\/uploads\/2018\/03\/Miroslava-protestas.jpg?resize=350%2C200&ssl=1","width":350,"height":200,"srcset":"https:\/\/i0.wp.com\/www.grieta.org.mx\/wp-content\/uploads\/2018\/03\/Miroslava-protestas.jpg?resize=350%2C200&ssl=1 1x, https:\/\/i0.wp.com\/www.grieta.org.mx\/wp-content\/uploads\/2018\/03\/Miroslava-protestas.jpg?resize=525%2C300&ssl=1 1.5x, https:\/\/i0.wp.com\/www.grieta.org.mx\/wp-content\/uploads\/2018\/03\/Miroslava-protestas.jpg?resize=700%2C400&ssl=1 2x"},"classes":[]},{"id":36206,"url":"https:\/\/www.grieta.org.mx\/index.php\/2018\/03\/21\/ambiente-adverso-para-periodistas-en-gobierno-de-corral-article-19-chihuahua\/","url_meta":{"origin":45363,"position":5},"title":"Ambiente adverso para periodistas en gobierno de Corral: Article 19 (Chihuahua)","author":"grieta","date":"21 marzo, 2018","format":false,"excerpt":"Red de Periodistas de Ju\u00e1rez En Chihuahua, el ambiente para los periodistas y defensores de la libertad de expresi\u00f3n es adverso debido a la violencia institucional que impera contra la prensa durante el gobierno de Javier Corral Jurado, de acuerdo con la organizaci\u00f3n ARTICLE 19. En su informe \u2018Democracia Simulada,\u2026","rel":"","context":"En &quot;Chihuahua&quot;","block_context":{"text":"Chihuahua","link":"https:\/\/www.grieta.org.mx\/index.php\/category\/noticias-nacionales\/chihuahua\/"},"img":{"alt_text":"","src":"https:\/\/i0.wp.com\/www.grieta.org.mx\/wp-content\/uploads\/2019\/07\/amordazada-libertad.jpg?resize=350%2C200&ssl=1","width":350,"height":200,"srcset":"https:\/\/i0.wp.com\/www.grieta.org.mx\/wp-content\/uploads\/2019\/07\/amordazada-libertad.jpg?resize=350%2C200&ssl=1 1x, https:\/\/i0.wp.com\/www.grieta.org.mx\/wp-content\/uploads\/2019\/07\/amordazada-libertad.jpg?resize=525%2C300&ssl=1 1.5x, https:\/\/i0.wp.com\/www.grieta.org.mx\/wp-content\/uploads\/2019\/07\/amordazada-libertad.jpg?resize=700%2C400&ssl=1 2x"},"classes":[]}],"_links":{"self":[{"href":"https:\/\/www.grieta.org.mx\/index.php\/wp-json\/wp\/v2\/posts\/45363","targetHints":{"allow":["GET"]}}],"collection":[{"href":"https:\/\/www.grieta.org.mx\/index.php\/wp-json\/wp\/v2\/posts"}],"about":[{"href":"https:\/\/www.grieta.org.mx\/index.php\/wp-json\/wp\/v2\/types\/post"}],"author":[{"embeddable":true,"href":"https:\/\/www.grieta.org.mx\/index.php\/wp-json\/wp\/v2\/users\/2"}],"replies":[{"embeddable":true,"href":"https:\/\/www.grieta.org.mx\/index.php\/wp-json\/wp\/v2\/comments?post=45363"}],"version-history":[{"count":1,"href":"https:\/\/www.grieta.org.mx\/index.php\/wp-json\/wp\/v2\/posts\/45363\/revisions"}],"predecessor-version":[{"id":45365,"href":"https:\/\/www.grieta.org.mx\/index.php\/wp-json\/wp\/v2\/posts\/45363\/revisions\/45365"}],"wp:featuredmedia":[{"embeddable":true,"href":"https:\/\/www.grieta.org.mx\/index.php\/wp-json\/wp\/v2\/media\/45364"}],"wp:attachment":[{"href":"https:\/\/www.grieta.org.mx\/index.php\/wp-json\/wp\/v2\/media?parent=45363"}],"wp:term":[{"taxonomy":"category","embeddable":true,"href":"https:\/\/www.grieta.org.mx\/index.php\/wp-json\/wp\/v2\/categories?post=45363"},{"taxonomy":"post_tag","embeddable":true,"href":"https:\/\/www.grieta.org.mx\/index.php\/wp-json\/wp\/v2\/tags?post=45363"}],"curies":[{"name":"wp","href":"https:\/\/api.w.org\/{rel}","templated":true}]}}