{"id":45360,"date":"2020-02-27T13:27:40","date_gmt":"2020-02-27T19:27:40","guid":{"rendered":"http:\/\/www.grieta.org.mx\/?p=45360"},"modified":"2020-02-29T13:45:31","modified_gmt":"2020-02-29T19:45:31","slug":"no-estamos-peleando-la-suspension-provisional-del-tren-maya-sino-la-definitiva-cruz-rueda","status":"publish","type":"post","link":"https:\/\/www.grieta.org.mx\/index.php\/2020\/02\/27\/no-estamos-peleando-la-suspension-provisional-del-tren-maya-sino-la-definitiva-cruz-rueda\/","title":{"rendered":"&#8220;No estamos peleando la suspensi\u00f3n provisional del Tren Maya, sino la definitiva&#8221;: Cruz Rueda"},"content":{"rendered":"<p><img loading=\"lazy\" decoding=\"async\" data-attachment-id=\"45361\" data-permalink=\"https:\/\/www.grieta.org.mx\/index.php\/2020\/02\/27\/no-estamos-peleando-la-suspension-provisional-del-tren-maya-sino-la-definitiva-cruz-rueda\/trenmallacampeche-2\/\" data-orig-file=\"https:\/\/www.grieta.org.mx\/wp-content\/uploads\/2020\/02\/TrenMallaCampeche.png\" data-orig-size=\"718,314\" data-comments-opened=\"0\" data-image-meta=\"{&quot;aperture&quot;:&quot;0&quot;,&quot;credit&quot;:&quot;&quot;,&quot;camera&quot;:&quot;&quot;,&quot;caption&quot;:&quot;&quot;,&quot;created_timestamp&quot;:&quot;0&quot;,&quot;copyright&quot;:&quot;&quot;,&quot;focal_length&quot;:&quot;0&quot;,&quot;iso&quot;:&quot;0&quot;,&quot;shutter_speed&quot;:&quot;0&quot;,&quot;title&quot;:&quot;&quot;,&quot;orientation&quot;:&quot;0&quot;}\" data-image-title=\"TrenMallaCampeche\" data-image-description=\"\" data-image-caption=\"\" data-medium-file=\"https:\/\/www.grieta.org.mx\/wp-content\/uploads\/2020\/02\/TrenMallaCampeche-300x131.png\" data-large-file=\"https:\/\/www.grieta.org.mx\/wp-content\/uploads\/2020\/02\/TrenMallaCampeche.png\" src=\"http:\/\/www.grieta.org.mx\/wp-content\/uploads\/2020\/02\/TrenMallaCampeche.png\" alt=\"\" width=\"718\" height=\"314\" class=\"aligncenter size-full wp-image-45361\" srcset=\"https:\/\/www.grieta.org.mx\/wp-content\/uploads\/2020\/02\/TrenMallaCampeche.png 718w, https:\/\/www.grieta.org.mx\/wp-content\/uploads\/2020\/02\/TrenMallaCampeche-300x131.png 300w\" sizes=\"auto, (max-width: 718px) 100vw, 718px\" \/><\/p>\n<p>Impugnaci\u00f3n de Presidencia &#8220;no nos quita el sue\u00f1o&#8221;<br \/>\nAbraham Bote \/Foto: Tomada de Twitter \/La Jornada Maya<\/p>\n<p>M\u00e9rida, Yucat\u00e1n<\/p>\n<p>Respecto a la impugnaci\u00f3n que realiz\u00f3 la Presidencia de la Rep\u00fablica y el apoderado de la Naci\u00f3n Financiera (Nafin), contra la suspensi\u00f3n provisional del proyecto de Tren Maya, la asesora jur\u00eddica del Consejo Regional Ind\u00edgena y Popular de Xpujil, Elisa Cruz Rueda; afirm\u00f3 &#8220;No nos quita el sue\u00f1o. No estamos peleando una suspensi\u00f3n provisional, estamos peleando el amparo y la protecci\u00f3n de los pueblos ind\u00edgenas&#8221;.<\/p>\n<p>Mientras tanto, dijo que la audiencia constitucional e incidental programada para el 28 de febrero y 3 de marzo, en la cual se definir\u00e1 si se otorga o no la suspensi\u00f3n, sigue en pie.<\/p>\n<p>La abogada afirm\u00f3, en entrevista para La Jornada Maya, que dicha acci\u00f3n s\u00f3lo busca echar para abajo la suspensi\u00f3n provisional, cuando ellos van por la definitiva, adem\u00e1s que todav\u00eda no se ha otorgada una resoluci\u00f3n sobre esta impugnaci\u00f3n. &#8220;La jueza recibi\u00f3 la impugnaci\u00f3n, pero no la resuelve y la manda el Tribunal colegiado, quien va a resolver, esperamos que entre hoy y ma\u00f1ana ya tengamos la resoluci\u00f3n del Colegiado&#8221;; indic\u00f3.  <\/p>\n<p>En dado caso de que eche para atr\u00e1s la suspensi\u00f3n provisional, los trabajos del Tren Maya continuar\u00edan, pero de todos modos se continuar\u00e1 con las dem\u00e1s audiencias. <\/p>\n<p>&#8220;Ah\u00ed sabremos si se define, porque las autoridades federales s\u00f3lo han entregado informes previos que se van a la incidental, pero no informes justificados para la constitucional&#8221;; detall\u00f3.<\/p>\n<p><a href=\"https:\/\/www.lajornadamaya.mx\/2020-02-27\/-No-estamos-peleando-la-suspension-provisional-del-Tren-Maya--sino-la-definitiva---Cruz-Rueda\" rel=\"noopener noreferrer\" target=\"_blank\">https:\/\/www.lajornadamaya.mx\/2020-02-27\/-No-estamos-peleando-la-suspension-provisional-del-Tren-Maya&#8211;sino-la-definitiva&#8212;Cruz-Rueda<\/a><\/p>\n","protected":false},"excerpt":{"rendered":"<p>Impugnaci\u00f3n de Presidencia &#8220;no nos quita el sue\u00f1o&#8221; Abraham Bote \/Foto: Tomada de Twitter \/La Jornada Maya M\u00e9rida, Yucat\u00e1n Respecto a la impugnaci\u00f3n que realiz\u00f3 la Presidencia de la Rep\u00fablica &hellip; <a href=\"https:\/\/www.grieta.org.mx\/index.php\/2020\/02\/27\/no-estamos-peleando-la-suspension-provisional-del-tren-maya-sino-la-definitiva-cruz-rueda\/\" class=\"more-link\">Leer m\u00e1s<\/a><\/p>\n","protected":false},"author":2,"featured_media":45361,"comment_status":"closed","ping_status":"closed","sticky":false,"template":"","format":"standard","meta":{"ngg_post_thumbnail":0,"_jetpack_newsletter_access":"","_jetpack_dont_email_post_to_subs":false,"_jetpack_newsletter_tier_id":0,"_jetpack_memberships_contains_paywalled_content":false,"_jetpack_memberships_contains_paid_content":false,"footnotes":""},"categories":[60,69,11,80,958,976,984,1,954,3,922,926,944,952,2,28,1876,1877,1875,2026,36],"tags":[384,219,275,1878],"class_list":["post-45360","post","type-post","status-publish","format-standard","has-post-thumbnail","hentry","category-16-pueblo-maya","category-25-xpujil","category-campeche","category-cintillo","category-esp-campeche","category-esp-quintana-roo","category-esp-yucatan","category-espejos-de-la-resistencia","category-espejos-estados","category-megaproyectos","category-megaproyectos-estados","category-mp-campeche","category-mp-quintana-roo","category-mp-yucatan","category-noticias-nacionales","category-quintana-roo","category-resistencia-al-tren-maya-en-la-peninsula-de-yucatan-quintana-roo","category-resistencia-al-tren-maya-en-la-peninsula-de-yucatan-campeche","category-resistencia-al-tren-maya-en-la-peninsula-de-yucatan","category-tren-maya","category-yucatan","tag-amparo","tag-consulta","tag-consulta-publica-previa-libre-e-informada","tag-tren-maya","entry"],"jetpack_featured_media_url":"https:\/\/www.grieta.org.mx\/wp-content\/uploads\/2020\/02\/TrenMallaCampeche.png","jetpack_sharing_enabled":true,"jetpack_shortlink":"https:\/\/wp.me\/p7ZJR4-bNC","jetpack_likes_enabled":false,"jetpack-related-posts":[{"id":47874,"url":"https:\/\/www.grieta.org.mx\/index.php\/2020\/04\/13\/las-vias-torcidas-del-tren-maya-video\/","url_meta":{"origin":45360,"position":0},"title":"Las v\u00edas torcidas del tren maya (Video)","author":"grieta","date":"13 abril, 2020","format":false,"excerpt":"https:\/\/www.youtube.com\/watch?v=k8FRX9eT0YY","rel":"","context":"En &quot;16. Pueblo Maya&quot;","block_context":{"text":"16. Pueblo Maya","link":"https:\/\/www.grieta.org.mx\/index.php\/category\/espejos-de-la-resistencia\/16-pueblo-maya\/"},"img":{"alt_text":"","src":"https:\/\/i0.wp.com\/www.grieta.org.mx\/wp-content\/uploads\/2020\/04\/ViasTorcidasTrenMaya.png?resize=350%2C200&ssl=1","width":350,"height":200,"srcset":"https:\/\/i0.wp.com\/www.grieta.org.mx\/wp-content\/uploads\/2020\/04\/ViasTorcidasTrenMaya.png?resize=350%2C200&ssl=1 1x, https:\/\/i0.wp.com\/www.grieta.org.mx\/wp-content\/uploads\/2020\/04\/ViasTorcidasTrenMaya.png?resize=525%2C300&ssl=1 1.5x, https:\/\/i0.wp.com\/www.grieta.org.mx\/wp-content\/uploads\/2020\/04\/ViasTorcidasTrenMaya.png?resize=700%2C400&ssl=1 2x"},"classes":[]},{"id":35945,"url":"https:\/\/www.grieta.org.mx\/index.php\/2019\/07\/05\/expansion-de-megaproyectos-en-la-peninsula-de-yucatan-video\/","url_meta":{"origin":45360,"position":1},"title":"Expansi\u00f3n de Megaproyectos en la Pen\u00ednsula de Yucat\u00e1n (Video)","author":"grieta","date":"5 julio, 2019","format":false,"excerpt":"https:\/\/youtu.be\/qLBARIAaBsI","rel":"","context":"En &quot;Campeche&quot;","block_context":{"text":"Campeche","link":"https:\/\/www.grieta.org.mx\/index.php\/category\/noticias-nacionales\/campeche\/"},"img":{"alt_text":"","src":"https:\/\/i0.wp.com\/img.youtube.com\/vi\/qLBARIAaBsI\/0.jpg?resize=350%2C200","width":350,"height":200},"classes":[]},{"id":48940,"url":"https:\/\/www.grieta.org.mx\/index.php\/2020\/05\/11\/interponen-queja-ante-la-cndh-contra-obras-del-tren-maya\/","url_meta":{"origin":45360,"position":2},"title":"Interponen queja ante la CNDH contra obras del Tren Maya","author":"grieta","date":"11 mayo, 2020","format":false,"excerpt":"Lilia Balam \/ Informe Fracto Colectivos ind\u00edgenas y organizaciones civiles argumentaron que continuar con la construcci\u00f3n del proyecto durante la pandemia vulnera los derechos de los pobladores de la regi\u00f3n. Colectivos ind\u00edgenas y organizaciones civiles de la Pen\u00ednsula de Yucat\u00e1n interpusieron una queja ante la Comisi\u00f3n Nacional de los Derechos\u2026","rel":"","context":"En &quot;Campeche&quot;","block_context":{"text":"Campeche","link":"https:\/\/www.grieta.org.mx\/index.php\/category\/noticias-nacionales\/campeche\/"},"img":{"alt_text":"","src":"https:\/\/i0.wp.com\/www.grieta.org.mx\/wp-content\/uploads\/2020\/05\/tren_maya.jpg1_-640x360-1-e1589284542406.jpg?resize=350%2C200&ssl=1","width":350,"height":200,"srcset":"https:\/\/i0.wp.com\/www.grieta.org.mx\/wp-content\/uploads\/2020\/05\/tren_maya.jpg1_-640x360-1-e1589284542406.jpg?resize=350%2C200&ssl=1 1x, https:\/\/i0.wp.com\/www.grieta.org.mx\/wp-content\/uploads\/2020\/05\/tren_maya.jpg1_-640x360-1-e1589284542406.jpg?resize=525%2C300&ssl=1 1.5x, https:\/\/i0.wp.com\/www.grieta.org.mx\/wp-content\/uploads\/2020\/05\/tren_maya.jpg1_-640x360-1-e1589284542406.jpg?resize=700%2C400&ssl=1 2x"},"classes":[]},{"id":69349,"url":"https:\/\/www.grieta.org.mx\/index.php\/2024\/07\/15\/construccion-del-tramo-7-del-tren-maya-sigue-pese-a-suspension-judicial-y-denuncia-de-desacato\/","url_meta":{"origin":45360,"position":3},"title":"Construcci\u00f3n del Tramo 7 del Tren Maya sigue pese a suspensi\u00f3n judicial y denuncia de desacato","author":"grieta","date":"15 julio, 2024","format":false,"excerpt":"La construcci\u00f3n de las obras del tramo 7 del Tren Maya contin\u00faan, pese a que existe una suspensi\u00f3n definitiva. Por ello, comunidades mayas de Campeche, en la Reserva de la Biosfera de Calakmul, siguen con la batalla legal y denuncian al gobierno de desacato. Despu\u00e9s de 4 a\u00f1os y medio\u2026","rel":"","context":"En &quot;25. Xpujil&quot;","block_context":{"text":"25. Xpujil","link":"https:\/\/www.grieta.org.mx\/index.php\/category\/espejos-de-la-resistencia\/25-xpujil\/"},"img":{"alt_text":"","src":"https:\/\/i0.wp.com\/www.grieta.org.mx\/wp-content\/uploads\/2024\/07\/TrenAmparo-e1722100744359.jpg?resize=350%2C200&ssl=1","width":350,"height":200,"srcset":"https:\/\/i0.wp.com\/www.grieta.org.mx\/wp-content\/uploads\/2024\/07\/TrenAmparo-e1722100744359.jpg?resize=350%2C200&ssl=1 1x, https:\/\/i0.wp.com\/www.grieta.org.mx\/wp-content\/uploads\/2024\/07\/TrenAmparo-e1722100744359.jpg?resize=525%2C300&ssl=1 1.5x, https:\/\/i0.wp.com\/www.grieta.org.mx\/wp-content\/uploads\/2024\/07\/TrenAmparo-e1722100744359.jpg?resize=700%2C400&ssl=1 2x"},"classes":[]},{"id":50050,"url":"https:\/\/www.grieta.org.mx\/index.php\/2020\/05\/31\/los-derechos-indigenas-son-pisoteados-con-impunidad-presidencial-y-sin-recato-dicen-mayas-a-amlo\/","url_meta":{"origin":45360,"position":4},"title":"Los derechos ind\u00edgenas \u201cson pisoteados con impunidad presidencial y sin recato\u201d, dicen mayas a AMLO","author":"grieta","date":"31 mayo, 2020","format":false,"excerpt":"Redacci\u00f3n \/ Sin Embargo \u201cSr. L\u00f3pez, viene usted a Yucat\u00e1n, la tierra donde los malos gobiernos (de los tres niveles) se ponen sin decencia ni recato al servicio de megaproyectos de alma podrida, sembrando discordia y conflictos sociales en nuestras comunidades. Llega usted, Sr. L\u00f3pez, al Yucat\u00e1n donde la ilegalidad,\u2026","rel":"","context":"En &quot;16. Pueblo Maya&quot;","block_context":{"text":"16. Pueblo Maya","link":"https:\/\/www.grieta.org.mx\/index.php\/category\/espejos-de-la-resistencia\/16-pueblo-maya\/"},"img":{"alt_text":"","src":"https:\/\/i0.wp.com\/www.grieta.org.mx\/wp-content\/uploads\/2020\/05\/amloco-tirano-rex-e1590968383995.jpg?resize=350%2C200&ssl=1","width":350,"height":200,"srcset":"https:\/\/i0.wp.com\/www.grieta.org.mx\/wp-content\/uploads\/2020\/05\/amloco-tirano-rex-e1590968383995.jpg?resize=350%2C200&ssl=1 1x, https:\/\/i0.wp.com\/www.grieta.org.mx\/wp-content\/uploads\/2020\/05\/amloco-tirano-rex-e1590968383995.jpg?resize=525%2C300&ssl=1 1.5x, https:\/\/i0.wp.com\/www.grieta.org.mx\/wp-content\/uploads\/2020\/05\/amloco-tirano-rex-e1590968383995.jpg?resize=700%2C400&ssl=1 2x"},"classes":[]},{"id":66094,"url":"https:\/\/www.grieta.org.mx\/index.php\/2023\/01\/18\/tribunal-otorga-nueva-suspension-contra-las-obras-del-tramo-5-del-tren-maya\/","url_meta":{"origin":45360,"position":5},"title":"Tribunal otorga nueva suspensi\u00f3n contra las obras del Tramo 5 del Tren Maya","author":"grieta","date":"18 enero, 2023","format":false,"excerpt":"Octavio Mart\u00ednez \/ Revista Proceso Un Tribunal Colegiado otorg\u00f3 una suspensi\u00f3n provisional de amparo contra las obras del Tramo 5 del Tren Maya, con lo que deber\u00e1n detenerse los trabajos de desmonte en la ruta de Canc\u00fan a Tulum. CIUDAD DE M\u00c9XICO (apro).\u2013 Una suspensi\u00f3n provisional de amparo fue otorgada\u2026","rel":"","context":"En &quot;Campeche&quot;","block_context":{"text":"Campeche","link":"https:\/\/www.grieta.org.mx\/index.php\/category\/noticias-nacionales\/campeche\/"},"img":{"alt_text":"","src":"https:\/\/i0.wp.com\/www.grieta.org.mx\/wp-content\/uploads\/2023\/01\/TrenMayaAmparo-e1674338538762.jpg?resize=350%2C200&ssl=1","width":350,"height":200,"srcset":"https:\/\/i0.wp.com\/www.grieta.org.mx\/wp-content\/uploads\/2023\/01\/TrenMayaAmparo-e1674338538762.jpg?resize=350%2C200&ssl=1 1x, https:\/\/i0.wp.com\/www.grieta.org.mx\/wp-content\/uploads\/2023\/01\/TrenMayaAmparo-e1674338538762.jpg?resize=525%2C300&ssl=1 1.5x, https:\/\/i0.wp.com\/www.grieta.org.mx\/wp-content\/uploads\/2023\/01\/TrenMayaAmparo-e1674338538762.jpg?resize=700%2C400&ssl=1 2x"},"classes":[]}],"_links":{"self":[{"href":"https:\/\/www.grieta.org.mx\/index.php\/wp-json\/wp\/v2\/posts\/45360","targetHints":{"allow":["GET"]}}],"collection":[{"href":"https:\/\/www.grieta.org.mx\/index.php\/wp-json\/wp\/v2\/posts"}],"about":[{"href":"https:\/\/www.grieta.org.mx\/index.php\/wp-json\/wp\/v2\/types\/post"}],"author":[{"embeddable":true,"href":"https:\/\/www.grieta.org.mx\/index.php\/wp-json\/wp\/v2\/users\/2"}],"replies":[{"embeddable":true,"href":"https:\/\/www.grieta.org.mx\/index.php\/wp-json\/wp\/v2\/comments?post=45360"}],"version-history":[{"count":1,"href":"https:\/\/www.grieta.org.mx\/index.php\/wp-json\/wp\/v2\/posts\/45360\/revisions"}],"predecessor-version":[{"id":45362,"href":"https:\/\/www.grieta.org.mx\/index.php\/wp-json\/wp\/v2\/posts\/45360\/revisions\/45362"}],"wp:featuredmedia":[{"embeddable":true,"href":"https:\/\/www.grieta.org.mx\/index.php\/wp-json\/wp\/v2\/media\/45361"}],"wp:attachment":[{"href":"https:\/\/www.grieta.org.mx\/index.php\/wp-json\/wp\/v2\/media?parent=45360"}],"wp:term":[{"taxonomy":"category","embeddable":true,"href":"https:\/\/www.grieta.org.mx\/index.php\/wp-json\/wp\/v2\/categories?post=45360"},{"taxonomy":"post_tag","embeddable":true,"href":"https:\/\/www.grieta.org.mx\/index.php\/wp-json\/wp\/v2\/tags?post=45360"}],"curies":[{"name":"wp","href":"https:\/\/api.w.org\/{rel}","templated":true}]}}