{"id":45335,"date":"2020-02-27T19:20:47","date_gmt":"2020-02-28T01:20:47","guid":{"rendered":"http:\/\/www.grieta.org.mx\/?p=45335"},"modified":"2020-02-28T19:26:52","modified_gmt":"2020-02-29T01:26:52","slug":"colectivas-piden-acciones-para-erradicar-la-violencia-contra-las-mujeres-jalisco","status":"publish","type":"post","link":"https:\/\/www.grieta.org.mx\/index.php\/2020\/02\/27\/colectivas-piden-acciones-para-erradicar-la-violencia-contra-las-mujeres-jalisco\/","title":{"rendered":"Colectivas piden acciones para erradicar la violencia contra las mujeres (Jalisco)"},"content":{"rendered":"<p><img loading=\"lazy\" decoding=\"async\" data-attachment-id=\"45336\" data-permalink=\"https:\/\/www.grieta.org.mx\/index.php\/2020\/02\/27\/colectivas-piden-acciones-para-erradicar-la-violencia-contra-las-mujeres-jalisco\/result-15-1280x640\/\" data-orig-file=\"https:\/\/www.grieta.org.mx\/wp-content\/uploads\/2020\/02\/result-15-1280x640.jpg\" data-orig-size=\"1280,640\" data-comments-opened=\"0\" data-image-meta=\"{&quot;aperture&quot;:&quot;0&quot;,&quot;credit&quot;:&quot;&quot;,&quot;camera&quot;:&quot;&quot;,&quot;caption&quot;:&quot;&quot;,&quot;created_timestamp&quot;:&quot;0&quot;,&quot;copyright&quot;:&quot;&quot;,&quot;focal_length&quot;:&quot;0&quot;,&quot;iso&quot;:&quot;0&quot;,&quot;shutter_speed&quot;:&quot;0&quot;,&quot;title&quot;:&quot;&quot;,&quot;orientation&quot;:&quot;0&quot;}\" data-image-title=\"result-15-1280&amp;#215;640\" data-image-description=\"\" data-image-caption=\"\" data-medium-file=\"https:\/\/www.grieta.org.mx\/wp-content\/uploads\/2020\/02\/result-15-1280x640-300x150.jpg\" data-large-file=\"https:\/\/www.grieta.org.mx\/wp-content\/uploads\/2020\/02\/result-15-1280x640-1024x512.jpg\" class=\"aligncenter wp-image-45336\" src=\"http:\/\/www.grieta.org.mx\/wp-content\/uploads\/2020\/02\/result-15-1280x640.jpg\" alt=\"\" width=\"800\" height=\"400\" srcset=\"https:\/\/www.grieta.org.mx\/wp-content\/uploads\/2020\/02\/result-15-1280x640.jpg 1280w, https:\/\/www.grieta.org.mx\/wp-content\/uploads\/2020\/02\/result-15-1280x640-300x150.jpg 300w, https:\/\/www.grieta.org.mx\/wp-content\/uploads\/2020\/02\/result-15-1280x640-768x384.jpg 768w, https:\/\/www.grieta.org.mx\/wp-content\/uploads\/2020\/02\/result-15-1280x640-1024x512.jpg 1024w, https:\/\/www.grieta.org.mx\/wp-content\/uploads\/2020\/02\/result-15-1280x640-1000x500.jpg 1000w\" sizes=\"auto, (max-width: 800px) 100vw, 800px\" \/><\/p>\n<p>Foto: Ilustrativa<\/p>\n<p><em><strong>La vocera de la colectiva feminista &#8220;Mis Amigas Me Cuidan Gdl&#8221;, expres\u00f3 que ser\u00eda mejor que empresas, universidades privadas y p\u00fablicas, as\u00ed como el Gobierno del Estado y los municipios de la ZMG, no comuniquen posturas sino acciones<\/strong><\/em><\/p>\n<p>Siboney Flores \/ El Informador<\/p>\n<p>Empresas, universidades privadas y p\u00fablicas, as\u00ed como el Gobierno del Estado y los municipios de la Zona Metropolitana de Guadalajara manifestaron su apoyo a empleadas que deseen sumarse al paro nacional de mujeres &#8220;Un d\u00eda sin nosotros&#8221;, que se llevar\u00e1 a cabo el pr\u00f3ximo lunes 9 de marzo y busca que las mujeres no realicen ninguna actividad laboral, educativa o del hogar para visibilizar la situaci\u00f3n de la violencia contra mujeres.<\/p>\n<p>Respecto a los diferentes comunicados que empresas, universidades y gobiernos realizaron sobre &#8220;Un d\u00eda sin nosotras&#8221;, la vocera de la colectiva feminista &#8220;Mis Amigas Me Cuidan Gdl&#8221;, expres\u00f3 que ser\u00eda mejor que no comuniquen posturas sino acciones, pues las mujeres siguen sufriendo violencia dentro de esos espacios.\u00a0<strong>&#8220;Dar\u00eda gusto que emprendieran acciones como tolerancia cero al acoso laboral, que las mujeres tendr\u00e1n transporte, prestaciones de ley, que las jornadas de intendencia bajar\u00e1n de horas o en su defecto subir\u00e1n sus prestaciones, que capaciten en cuanto a perspectiva de g\u00e9nero&#8221;.<\/strong><\/p>\n<p>Por su parte Paola Lazo, acad\u00e9mica del Iteso, mencion\u00f3 que el paro de este pr\u00f3ximo 9 de marzo debe ser un momento para sopesar la ausencia de las mujeres y agreg\u00f3 que: &#8220;No se les da permiso, las mujeres tienen el derecho de decidir si se suman al paro \u00a0o no, ese d\u00eda las empresas deben reflexionar si est\u00e1n contribuyendo a la igualdad de g\u00e9nero y donde no. Que puedan atender la brecha salarial, que revisen las licencias por maternidad&#8221;.<\/p>\n<p>En cuanto a acciones tras el paro,\u00a0<strong>Guadalupe Ramos, coordinadora de\u00a0Cladem, explic\u00f3 que empresas, universidades y gobiernos deben de planear acciones concretas<\/strong>: &#8220;Que van a hacer ese d\u00eda y despu\u00e9s, c\u00f3mo van a hacer una reflexi\u00f3n profunda, que planes y programas tienen previsto, si tienen protocolos de prevenci\u00f3n del acoso u hostigamiento, si tienen una acci\u00f3n concreta para disminuir los salarios precarios, si ya tienen previsto la inserci\u00f3n de mujeres en los altos mandos&#8221;.<\/p>\n<p>Las diferentes colectivas del pa\u00eds\u00a0<strong>invitan a participar este pr\u00f3ximo 8 de marzo en las distintas actividades y marchas que se suscitaran en distintas ciudades<\/strong>, y a participar en el paro de actividades laborales, escolares y del hogar para visibilizar la violencia.<\/p>\n<p>En el caso de Jalisco, diversos colectivos entre los que se encuentran: Mis amigas me cuidan Gdl, Yo voy 8 de marzo, Vulvurina, Batukada feminista Gdl, Cladem Jalisco y G\u00e9nero y lucha de clases, invitan a participar en las charlas y talleres que tendr\u00e1n inicio a las 11:00 horas en Plaza Universidad para a las18:00 horas marchar rumbo a la glorieta de los desaparecidos.<\/p>\n<p><a href=\"https:\/\/www.informador.mx\/jalisco\/Colectivas-piden-acciones-para-erradicar-la-violencia-contra-las-mujeres-20200227-0107.html\">https:\/\/www.informador.mx\/jalisco\/Colectivas-piden-acciones-para-erradicar-la-violencia-contra-las-mujeres-20200227-0107.html<\/a><\/p>\n","protected":false},"excerpt":{"rendered":"<p>Foto: Ilustrativa La vocera de la colectiva feminista &#8220;Mis Amigas Me Cuidan Gdl&#8221;, expres\u00f3 que ser\u00eda mejor que empresas, universidades privadas y p\u00fablicas, as\u00ed como el Gobierno del Estado y &hellip; <a href=\"https:\/\/www.grieta.org.mx\/index.php\/2020\/02\/27\/colectivas-piden-acciones-para-erradicar-la-violencia-contra-las-mujeres-jalisco\/\" class=\"more-link\">Leer m\u00e1s<\/a><\/p>\n","protected":false},"author":2,"featured_media":45336,"comment_status":"closed","ping_status":"closed","sticky":false,"template":"","format":"standard","meta":{"ngg_post_thumbnail":0,"_jetpack_newsletter_access":"","_jetpack_dont_email_post_to_subs":false,"_jetpack_newsletter_tier_id":0,"_jetpack_memberships_contains_paywalled_content":false,"_jetpack_memberships_contains_paid_content":false,"footnotes":""},"categories":[80,84,2107,20,2,83],"tags":[81,1630],"class_list":["post-45335","post","type-post","status-publish","format-standard","has-post-thumbnail","hentry","category-cintillo","category-feminicidios","category-feminicidios-en-jalisco","category-jalisco","category-noticias-nacionales","category-temas-nacionales","tag-feminicidios","tag-violencia-contra-las-mujeres","entry"],"jetpack_featured_media_url":"https:\/\/www.grieta.org.mx\/wp-content\/uploads\/2020\/02\/result-15-1280x640.jpg","jetpack_sharing_enabled":true,"jetpack_shortlink":"https:\/\/wp.me\/p7ZJR4-bNd","jetpack_likes_enabled":false,"jetpack-related-posts":[{"id":38837,"url":"https:\/\/www.grieta.org.mx\/index.php\/2019\/09\/02\/feministas-de-vallarta-exigiran-a-enrique-alfaro-acciones-contra-feminicidios-jalisco\/","url_meta":{"origin":45335,"position":0},"title":"Feministas de Vallarta exigir\u00e1n a Enrique Alfaro acciones contra feminicidios (Jalisco)","author":"grieta","date":"2 septiembre, 2019","format":false,"excerpt":"Foto: Vallarta Opina Jos\u00e9 Luis Burgos \/ Vallarta Opina El colectivo de activistas mujeres \u201cVallarta Fem\u201d ha anunciado su intenci\u00f3n de enviar un pliego petitorio al Gobierno de Jalisco para que tome cartas en la crisis de feminicidios y trata de mujeres que existe en Puerto Vallarta. Esto, luego de\u2026","rel":"","context":"En &quot;CINTILLO&quot;","block_context":{"text":"CINTILLO","link":"https:\/\/www.grieta.org.mx\/index.php\/category\/cintillo\/"},"img":{"alt_text":"","src":"https:\/\/i0.wp.com\/www.grieta.org.mx\/wp-content\/uploads\/2019\/09\/Manifestaci%C3%B3n-feminista-en-Puerto-Vallarta-1.jpeg?resize=350%2C200&ssl=1","width":350,"height":200,"srcset":"https:\/\/i0.wp.com\/www.grieta.org.mx\/wp-content\/uploads\/2019\/09\/Manifestaci%C3%B3n-feminista-en-Puerto-Vallarta-1.jpeg?resize=350%2C200&ssl=1 1x, https:\/\/i0.wp.com\/www.grieta.org.mx\/wp-content\/uploads\/2019\/09\/Manifestaci%C3%B3n-feminista-en-Puerto-Vallarta-1.jpeg?resize=525%2C300&ssl=1 1.5x, https:\/\/i0.wp.com\/www.grieta.org.mx\/wp-content\/uploads\/2019\/09\/Manifestaci%C3%B3n-feminista-en-Puerto-Vallarta-1.jpeg?resize=700%2C400&ssl=1 2x"},"classes":[]},{"id":7649,"url":"https:\/\/www.grieta.org.mx\/index.php\/2016\/03\/28\/7649\/","url_meta":{"origin":45335,"position":1},"title":"Impunidad y permisividad, escenario para feminicidios","author":"grieta","date":"28 marzo, 2016","format":false,"excerpt":"Por Adri\u00e1n Montiel Gonz\u00e1lez Aunado al maltrato sistem\u00e1tico contra la mujer en Jalisco No se avizoran acciones a corto plazo por parte de las autoridades estatales para erradicar el grave problema que aqueja al estado, pues en 20 a\u00f1os ha repuntado preocupantemente En Jalisco desde 1997 hasta la fecha fueron\u2026","rel":"","context":"En &quot;CINTILLO&quot;","block_context":{"text":"CINTILLO","link":"https:\/\/www.grieta.org.mx\/index.php\/category\/cintillo\/"},"img":{"alt_text":"","src":"https:\/\/i0.wp.com\/www.grieta.org.mx\/wp-content\/uploads\/2018\/03\/14524434_1106112876131411_958039263622046936_o.jpg?resize=350%2C200&ssl=1","width":350,"height":200,"srcset":"https:\/\/i0.wp.com\/www.grieta.org.mx\/wp-content\/uploads\/2018\/03\/14524434_1106112876131411_958039263622046936_o.jpg?resize=350%2C200&ssl=1 1x, https:\/\/i0.wp.com\/www.grieta.org.mx\/wp-content\/uploads\/2018\/03\/14524434_1106112876131411_958039263622046936_o.jpg?resize=525%2C300&ssl=1 1.5x, https:\/\/i0.wp.com\/www.grieta.org.mx\/wp-content\/uploads\/2018\/03\/14524434_1106112876131411_958039263622046936_o.jpg?resize=700%2C400&ssl=1 2x"},"classes":[]},{"id":62990,"url":"https:\/\/www.grieta.org.mx\/index.php\/2021\/12\/29\/quitan-recursos-contra-violencia-de-genero-jalisco\/","url_meta":{"origin":45335,"position":2},"title":"Quitan recursos contra violencia de g\u00e9nero (Jalisco)","author":"grieta","date":"29 diciembre, 2021","format":false,"excerpt":"Foto: Cortes\u00eda EFE Redacci\u00f3n \/ El Diario NTR En Jalisco las mujeres est\u00e1n en el olvido y completamente desprotegidas, el Estado en lugar de reforzar las pol\u00edticas y programas para prevenir, atender y eliminar la violencia de g\u00e9nero, les quita recursos, denunci\u00f3 Sandra Qui\u00f1onez Dom\u00ednguez, coordinadora de Cladem Jalisco. Adem\u00e1s,\u2026","rel":"","context":"En &quot;CINTILLO&quot;","block_context":{"text":"CINTILLO","link":"https:\/\/www.grieta.org.mx\/index.php\/category\/cintillo\/"},"img":{"alt_text":"","src":"https:\/\/i0.wp.com\/www.grieta.org.mx\/wp-content\/uploads\/2022\/01\/2021-12-29_05-12-06___6162.jpg?resize=350%2C200&ssl=1","width":350,"height":200,"srcset":"https:\/\/i0.wp.com\/www.grieta.org.mx\/wp-content\/uploads\/2022\/01\/2021-12-29_05-12-06___6162.jpg?resize=350%2C200&ssl=1 1x, https:\/\/i0.wp.com\/www.grieta.org.mx\/wp-content\/uploads\/2022\/01\/2021-12-29_05-12-06___6162.jpg?resize=525%2C300&ssl=1 1.5x, https:\/\/i0.wp.com\/www.grieta.org.mx\/wp-content\/uploads\/2022\/01\/2021-12-29_05-12-06___6162.jpg?resize=700%2C400&ssl=1 2x"},"classes":[]},{"id":63695,"url":"https:\/\/www.grieta.org.mx\/index.php\/2022\/03\/08\/marchan-mujeres-de-vallarta-para-exigir-respeto-y-seguridad-jalisco\/","url_meta":{"origin":45335,"position":3},"title":"Marchan mujeres de Vallarta para exigir respeto y seguridad (Jalisco)","author":"grieta","date":"8 marzo, 2022","format":false,"excerpt":"Foto: Tribuna de la Bah\u00eda Brenda Beltr\u00e1n \/ Tribuna de la Bah\u00eda Cientos de mujeres, pertenecientes a colectivos de\u00a0Puerto Vallarta, estudiantes, madres de familias y m\u00e1s, salieron a\u00a0marchar este 8 de marzo\u00a0de forma pac\u00edfica, exigiendo a las autoridades que sean escuchadas ante la violencia que se vive en la ciudad.\u2026","rel":"","context":"En &quot;CINTILLO&quot;","block_context":{"text":"CINTILLO","link":"https:\/\/www.grieta.org.mx\/index.php\/category\/cintillo\/"},"img":{"alt_text":"","src":"https:\/\/i0.wp.com\/www.grieta.org.mx\/wp-content\/uploads\/2022\/03\/marcha-8m-cover.jpg?resize=350%2C200&ssl=1","width":350,"height":200,"srcset":"https:\/\/i0.wp.com\/www.grieta.org.mx\/wp-content\/uploads\/2022\/03\/marcha-8m-cover.jpg?resize=350%2C200&ssl=1 1x, https:\/\/i0.wp.com\/www.grieta.org.mx\/wp-content\/uploads\/2022\/03\/marcha-8m-cover.jpg?resize=525%2C300&ssl=1 1.5x, https:\/\/i0.wp.com\/www.grieta.org.mx\/wp-content\/uploads\/2022\/03\/marcha-8m-cover.jpg?resize=700%2C400&ssl=1 2x"},"classes":[]},{"id":45332,"url":"https:\/\/www.grieta.org.mx\/index.php\/2020\/02\/27\/artistas-hacen-arder-la-frase-mexico-feminicida-frente-al-palacio-de-gobierno-de-jalisco\/","url_meta":{"origin":45335,"position":4},"title":"Artistas hacen arder la frase \u201cM\u00e9xico feminicida\u201d frente al palacio de gobierno de Jalisco","author":"grieta","date":"27 febrero, 2020","format":false,"excerpt":"Foto: Mario Marlo Mario Marlo \/ Zona Docs Hartas de la violencia contra las mujeres, los feminicidios en M\u00e9xico y la poca acci\u00f3n de las autoridades estatales y federales, un colectivo de mujeres artistas realiz\u00f3 un performance frente al Palacio de Gobierno de Jalisco,\u00a0para denunciar y exigir justicia para todas\u2026","rel":"","context":"En &quot;CINTILLO&quot;","block_context":{"text":"CINTILLO","link":"https:\/\/www.grieta.org.mx\/index.php\/category\/cintillo\/"},"img":{"alt_text":"","src":"https:\/\/i0.wp.com\/www.grieta.org.mx\/wp-content\/uploads\/2020\/02\/photo5672429510909339589-1280x640.jpg?resize=350%2C200&ssl=1","width":350,"height":200,"srcset":"https:\/\/i0.wp.com\/www.grieta.org.mx\/wp-content\/uploads\/2020\/02\/photo5672429510909339589-1280x640.jpg?resize=350%2C200&ssl=1 1x, https:\/\/i0.wp.com\/www.grieta.org.mx\/wp-content\/uploads\/2020\/02\/photo5672429510909339589-1280x640.jpg?resize=525%2C300&ssl=1 1.5x, https:\/\/i0.wp.com\/www.grieta.org.mx\/wp-content\/uploads\/2020\/02\/photo5672429510909339589-1280x640.jpg?resize=700%2C400&ssl=1 2x, https:\/\/i0.wp.com\/www.grieta.org.mx\/wp-content\/uploads\/2020\/02\/photo5672429510909339589-1280x640.jpg?resize=1050%2C600&ssl=1 3x"},"classes":[]},{"id":65820,"url":"https:\/\/www.grieta.org.mx\/index.php\/2022\/11\/25\/exigimos-justicia-para-nuestras-hijas-familiares-de-mujeres-victimas-de-feminicidio-y-desaparicion-en-jalisco\/","url_meta":{"origin":45335,"position":5},"title":"\u201cExigimos justicia para nuestras hijas\u201d: familiares de mujeres v\u00edctimas de feminicidio y desaparici\u00f3n en Jalisco","author":"grieta","date":"25 noviembre, 2022","format":false,"excerpt":"Imagen: Darwin Franco Frente a la Antimonumenta GDL de la Plaza Imelda Virgen,\u00a0familiares de mujeres v\u00edctimas de feminicidio y desaparici\u00f3n, as\u00ed como integrantes del\u00a0Comite\u0301 de Ame\u0301rica Latina y el Caribe para la Defensa de los Derechos Humanos de las Mujeres (CLADEM Jalisco) denunciaron que las autoridades de Jalisco no han\u2026","rel":"","context":"En &quot;CINTILLO&quot;","block_context":{"text":"CINTILLO","link":"https:\/\/www.grieta.org.mx\/index.php\/category\/cintillo\/"},"img":{"alt_text":"","src":"https:\/\/i0.wp.com\/www.grieta.org.mx\/wp-content\/uploads\/2022\/11\/photo5478685335778076605-1068x801-1.jpg?resize=350%2C200&ssl=1","width":350,"height":200,"srcset":"https:\/\/i0.wp.com\/www.grieta.org.mx\/wp-content\/uploads\/2022\/11\/photo5478685335778076605-1068x801-1.jpg?resize=350%2C200&ssl=1 1x, https:\/\/i0.wp.com\/www.grieta.org.mx\/wp-content\/uploads\/2022\/11\/photo5478685335778076605-1068x801-1.jpg?resize=525%2C300&ssl=1 1.5x, https:\/\/i0.wp.com\/www.grieta.org.mx\/wp-content\/uploads\/2022\/11\/photo5478685335778076605-1068x801-1.jpg?resize=700%2C400&ssl=1 2x, https:\/\/i0.wp.com\/www.grieta.org.mx\/wp-content\/uploads\/2022\/11\/photo5478685335778076605-1068x801-1.jpg?resize=1050%2C600&ssl=1 3x"},"classes":[]}],"_links":{"self":[{"href":"https:\/\/www.grieta.org.mx\/index.php\/wp-json\/wp\/v2\/posts\/45335","targetHints":{"allow":["GET"]}}],"collection":[{"href":"https:\/\/www.grieta.org.mx\/index.php\/wp-json\/wp\/v2\/posts"}],"about":[{"href":"https:\/\/www.grieta.org.mx\/index.php\/wp-json\/wp\/v2\/types\/post"}],"author":[{"embeddable":true,"href":"https:\/\/www.grieta.org.mx\/index.php\/wp-json\/wp\/v2\/users\/2"}],"replies":[{"embeddable":true,"href":"https:\/\/www.grieta.org.mx\/index.php\/wp-json\/wp\/v2\/comments?post=45335"}],"version-history":[{"count":1,"href":"https:\/\/www.grieta.org.mx\/index.php\/wp-json\/wp\/v2\/posts\/45335\/revisions"}],"predecessor-version":[{"id":45337,"href":"https:\/\/www.grieta.org.mx\/index.php\/wp-json\/wp\/v2\/posts\/45335\/revisions\/45337"}],"wp:featuredmedia":[{"embeddable":true,"href":"https:\/\/www.grieta.org.mx\/index.php\/wp-json\/wp\/v2\/media\/45336"}],"wp:attachment":[{"href":"https:\/\/www.grieta.org.mx\/index.php\/wp-json\/wp\/v2\/media?parent=45335"}],"wp:term":[{"taxonomy":"category","embeddable":true,"href":"https:\/\/www.grieta.org.mx\/index.php\/wp-json\/wp\/v2\/categories?post=45335"},{"taxonomy":"post_tag","embeddable":true,"href":"https:\/\/www.grieta.org.mx\/index.php\/wp-json\/wp\/v2\/tags?post=45335"}],"curies":[{"name":"wp","href":"https:\/\/api.w.org\/{rel}","templated":true}]}}