{"id":45332,"date":"2020-02-27T19:14:57","date_gmt":"2020-02-28T01:14:57","guid":{"rendered":"http:\/\/www.grieta.org.mx\/?p=45332"},"modified":"2020-02-28T19:20:41","modified_gmt":"2020-02-29T01:20:41","slug":"artistas-hacen-arder-la-frase-mexico-feminicida-frente-al-palacio-de-gobierno-de-jalisco","status":"publish","type":"post","link":"https:\/\/www.grieta.org.mx\/index.php\/2020\/02\/27\/artistas-hacen-arder-la-frase-mexico-feminicida-frente-al-palacio-de-gobierno-de-jalisco\/","title":{"rendered":"Artistas hacen arder la frase \u201cM\u00e9xico feminicida\u201d frente al palacio de gobierno de Jalisco"},"content":{"rendered":"<p><img loading=\"lazy\" decoding=\"async\" data-attachment-id=\"45333\" data-permalink=\"https:\/\/www.grieta.org.mx\/index.php\/2020\/02\/27\/artistas-hacen-arder-la-frase-mexico-feminicida-frente-al-palacio-de-gobierno-de-jalisco\/photo5672429510909339589-1280x640\/\" data-orig-file=\"https:\/\/www.grieta.org.mx\/wp-content\/uploads\/2020\/02\/photo5672429510909339589-1280x640.jpg\" data-orig-size=\"1280,640\" data-comments-opened=\"0\" data-image-meta=\"{&quot;aperture&quot;:&quot;0&quot;,&quot;credit&quot;:&quot;&quot;,&quot;camera&quot;:&quot;&quot;,&quot;caption&quot;:&quot;&quot;,&quot;created_timestamp&quot;:&quot;0&quot;,&quot;copyright&quot;:&quot;&quot;,&quot;focal_length&quot;:&quot;0&quot;,&quot;iso&quot;:&quot;0&quot;,&quot;shutter_speed&quot;:&quot;0&quot;,&quot;title&quot;:&quot;&quot;,&quot;orientation&quot;:&quot;0&quot;}\" data-image-title=\"photo5672429510909339589-1280&amp;#215;640\" data-image-description=\"\" data-image-caption=\"\" data-medium-file=\"https:\/\/www.grieta.org.mx\/wp-content\/uploads\/2020\/02\/photo5672429510909339589-1280x640-300x150.jpg\" data-large-file=\"https:\/\/www.grieta.org.mx\/wp-content\/uploads\/2020\/02\/photo5672429510909339589-1280x640-1024x512.jpg\" class=\"aligncenter wp-image-45333\" src=\"http:\/\/www.grieta.org.mx\/wp-content\/uploads\/2020\/02\/photo5672429510909339589-1280x640.jpg\" alt=\"\" width=\"800\" height=\"400\" srcset=\"https:\/\/www.grieta.org.mx\/wp-content\/uploads\/2020\/02\/photo5672429510909339589-1280x640.jpg 1280w, https:\/\/www.grieta.org.mx\/wp-content\/uploads\/2020\/02\/photo5672429510909339589-1280x640-300x150.jpg 300w, https:\/\/www.grieta.org.mx\/wp-content\/uploads\/2020\/02\/photo5672429510909339589-1280x640-768x384.jpg 768w, https:\/\/www.grieta.org.mx\/wp-content\/uploads\/2020\/02\/photo5672429510909339589-1280x640-1024x512.jpg 1024w, https:\/\/www.grieta.org.mx\/wp-content\/uploads\/2020\/02\/photo5672429510909339589-1280x640-1000x500.jpg 1000w\" sizes=\"auto, (max-width: 800px) 100vw, 800px\" \/><\/p>\n<p>Foto: Mario Marlo<\/p>\n<p>Mario Marlo \/ Zona Docs<\/p>\n<p><strong>Hartas de la violencia contra las mujeres, los feminicidios en M\u00e9xico y la poca acci\u00f3n de las autoridades estatales y federales<\/strong>, un colectivo de mujeres artistas realiz\u00f3 un performance frente al Palacio de Gobierno de Jalisco,\u00a0<strong>para denunciar y exigir justicia para todas las mujeres asesinadas en M\u00e9xico.<\/strong><\/p>\n<p>A trav\u00e9s de un mensaje pintado en el piso de la Plaza de Armas con gel combustible, a pocos metros del Palacio de Gobierno,<strong>\u00a0las mujeres hicieron arder la frase \u201cM\u00e9xico Feminicida\u201d<\/strong>\u00a0con el que exigieron a las autoridades que se haga justicia a todas mujeres asesinadas en el pa\u00eds.<\/p>\n<p><strong><em>\u201cNosotras decidimos hacer arder esta frase para enviar el mensaje a las autoridades y la sociedad, de que no vamos a parar hasta que todas las mujeres est\u00e9n seguras, esto va a arder hasta que nos dejen de matar<\/em>\u201d, explic\u00f3 la artista perfom\u00e1tica, Kiyo Gutierrez.<\/strong><\/p>\n<p>El grupo de mujeres compuesto por poetas, m\u00fasicas, ceramistas, actrices, artistas perfom\u00e1ticas,\u00a0<strong>explicaron que el mensaje tambi\u00e9n estaba dirigido a la sociedad,<\/strong>\u00a0especialmente, a las mujeres para unirse y as\u00ed encontrar soluciones ante la inseguridad que se vive en el pa\u00eds.<\/p>\n<p><em><strong>\u201cAl gobierno ya no le pedimos por que ya perdimos la esperanza de que nos escuchen, el llamado es a la sociedad para que entre todas encontremos las formas de como cuidarnos.\u201d<\/strong><\/em><\/p>\n<p>Sobre el 8 de marzo,\u00a0<em>D\u00eda Internacional de la Mujer<\/em>, las artistas hicieron un llamado\u00a0<strong>a todas las mujeres para que se sumen a las diferentes manifestaciones convocadas para este d\u00eda<\/strong>, as\u00ed como al Paro Nacional de Mujeres convocado para el 9 de marzo.<\/p>\n<p><em><strong>\u201cNosotras decidimos aportar este performance para denunciar la violencia contra las mujeres, pero cada uno puede hacer algo desde su \u00e1mbito, todas las mujeres desde sus trincheras pueden aportar para exigir a autoridades y sociedad, alto a la violencia contra las mujeres.\u201d<\/strong><\/em><\/p>\n<p>Al respecto, en su informe mensual sobre la\u00a0<strong>violencia contra las mujeres<\/strong>,\u00a0el\u00a0<strong>Secretariado Ejecutivo del Sistema Nacional de Seguridad P\u00fablica<\/strong>\u00a0(SESNSP), inform\u00f3 el pasado 26 de febrero, que en el mes de enero del\u00a02020\u00a0<strong>diez<\/strong>\u00a0<strong>mujeres\u00a0fueron<\/strong>\u00a0<strong>asesinadas<\/strong>\u00a0<strong>diariamente en M\u00e9xico;\u00a0<\/strong>del total de asesinatos,<strong>\u00a0<\/strong><strong>\u00a0s\u00f3lo\u00a073 casos\u00a0fueron tipificados como\u00a0feminicidios.\u00a0<\/strong><\/p>\n<p>El\u00a0SESNSP, detall\u00f3 en su informe que dentro de los estados m\u00e1s violentos\u00a0para las mujeres durante enero del 2020 se encuentran:<\/p>\n<ul>\n<li><strong>Guanajuato con 53 v\u00edctimas de homicidio, pero s\u00f3lo cuatro tipificados como feminicidios.<\/strong><\/li>\n<li><strong>Estado de M\u00e9xico con 21 v\u00edctimas de homicidio, pero s\u00f3lo dos tipificados como feminicidio.<\/strong><\/li>\n<li><strong>Jalisco con 22 v\u00edctimas de homicidio, pero s\u00f3lo dos feminicidios.<\/strong><\/li>\n<li><strong>Oaxaca con 22 v\u00edctimas de homicidio,\u00a0pero s\u00f3lo dos feminicidios.<\/strong><\/li>\n<li><strong>Michoac\u00e1n con 19 casos; ninguno tipificado como feminicidio.<\/strong><\/li>\n<li><strong>Chihuahua, 15 asesinatos, uno de ellos feminicidio.<\/strong><\/li>\n<li><strong>Baja California con 14 homicidios, uno de ellos feminicidio.<\/strong><\/li>\n<\/ul>\n<p>Seg\u00fan el\u00a0SESNSP de\u00a0enero a septiembre de 2019,\u00a0 fueron\u00a0<strong>asesinadas en M\u00e9xico 2 mil 833 mujeres;<\/strong>\u00a0sin embargo,\u00a0datos del\u00a0<em>Observatorio Ciudadano Nacional del Feminicidio<\/em>\u00a0(OCNF),\u00a0 informaron que s\u00f3lo\u00a0<strong>726 fueron investigados como feminicidios, mientras que los otros 2 mil 107 asesinatos fueron clasificados como homicidios dolosos.<\/strong><\/p>\n<p><a href=\"https:\/\/www.zonadocs.mx\/2020\/02\/27\/artistas-hacen-arder-la-frase-mexico-feminicida-frente-al-palacio-de-gobierno-de-jalisco\/\">https:\/\/www.zonadocs.mx\/2020\/02\/27\/artistas-hacen-arder-la-frase-mexico-feminicida-frente-al-palacio-de-gobierno-de-jalisco\/<\/a><\/p>\n","protected":false},"excerpt":{"rendered":"<p>Foto: Mario Marlo Mario Marlo \/ Zona Docs Hartas de la violencia contra las mujeres, los feminicidios en M\u00e9xico y la poca acci\u00f3n de las autoridades estatales y federales, un &hellip; <a href=\"https:\/\/www.grieta.org.mx\/index.php\/2020\/02\/27\/artistas-hacen-arder-la-frase-mexico-feminicida-frente-al-palacio-de-gobierno-de-jalisco\/\" class=\"more-link\">Leer m\u00e1s<\/a><\/p>\n","protected":false},"author":2,"featured_media":45333,"comment_status":"closed","ping_status":"closed","sticky":false,"template":"","format":"standard","meta":{"ngg_post_thumbnail":0,"_jetpack_newsletter_access":"","_jetpack_dont_email_post_to_subs":false,"_jetpack_newsletter_tier_id":0,"_jetpack_memberships_contains_paywalled_content":false,"_jetpack_memberships_contains_paid_content":false,"footnotes":""},"categories":[80,84,2107,20,2,83],"tags":[81],"class_list":["post-45332","post","type-post","status-publish","format-standard","has-post-thumbnail","hentry","category-cintillo","category-feminicidios","category-feminicidios-en-jalisco","category-jalisco","category-noticias-nacionales","category-temas-nacionales","tag-feminicidios","entry"],"jetpack_featured_media_url":"https:\/\/www.grieta.org.mx\/wp-content\/uploads\/2020\/02\/photo5672429510909339589-1280x640.jpg","jetpack_sharing_enabled":true,"jetpack_shortlink":"https:\/\/wp.me\/p7ZJR4-bNa","jetpack_likes_enabled":false,"jetpack-related-posts":[{"id":55507,"url":"https:\/\/www.grieta.org.mx\/index.php\/2020\/11\/25\/feministas-instalan-anti-monumenta-no-mas-feminicidios-frente-a-palacio-de-gobierno-en-jalisco\/","url_meta":{"origin":45332,"position":0},"title":"Feministas instalan Anti-Monumenta \u201cNo m\u00e1s feminicidios\u201d frente a Palacio de Gobierno en Jalisco","author":"grieta","date":"25 noviembre, 2020","format":false,"excerpt":"Foto: Mario Marlo Colectivas feministas y mujeres organizadas a trav\u00e9s de la red\u00a0YoVoy8deMarzo\u00a0en Jalisco, junto con familiares y sobrevivientes de la violencia feminicida en el estado, instalaron una antimonumenta con la leyenda \u201cNi perd\u00f3n ni olvido, memoria, verdad y justicia. No m\u00e1s feminicidios\u201d. En el andador Alcalde frente a Palacio\u2026","rel":"","context":"En &quot;CINTILLO&quot;","block_context":{"text":"CINTILLO","link":"https:\/\/www.grieta.org.mx\/index.php\/category\/cintillo\/"},"img":{"alt_text":"","src":"https:\/\/i0.wp.com\/www.grieta.org.mx\/wp-content\/uploads\/2020\/11\/M6.jpeg?resize=350%2C200&ssl=1","width":350,"height":200,"srcset":"https:\/\/i0.wp.com\/www.grieta.org.mx\/wp-content\/uploads\/2020\/11\/M6.jpeg?resize=350%2C200&ssl=1 1x, https:\/\/i0.wp.com\/www.grieta.org.mx\/wp-content\/uploads\/2020\/11\/M6.jpeg?resize=525%2C300&ssl=1 1.5x, https:\/\/i0.wp.com\/www.grieta.org.mx\/wp-content\/uploads\/2020\/11\/M6.jpeg?resize=700%2C400&ssl=1 2x, https:\/\/i0.wp.com\/www.grieta.org.mx\/wp-content\/uploads\/2020\/11\/M6.jpeg?resize=1050%2C600&ssl=1 3x"},"classes":[]},{"id":57694,"url":"https:\/\/www.grieta.org.mx\/index.php\/2021\/03\/09\/con-listones-color-violeta-y-veladoras-feministas-exigen-frente-a-palacio-de-gobierno-justicia-para-victimas-de-feminicidio-y-desaparicion-en-jalisco\/","url_meta":{"origin":45332,"position":1},"title":"Con listones color violeta y veladoras, feministas exigen frente a Palacio de Gobierno justicia para v\u00edctimas de feminicidio y desaparici\u00f3n en Jalisco","author":"grieta","date":"9 marzo, 2021","format":false,"excerpt":"Foto: Mario Marlo Dalia Souza \/ Zona Docs En Jalisco, durante los \u00faltimos cinco a\u00f1os, las autoridades del estado\u00a0han acumulado cerca de 80 mil carpetas de investigaci\u00f3n por delitos cometidos contra mujeres; mientras que, en lo que va del a\u00f1o 2021 -hasta el 8 de marzo-,\u00a0han sido asesinadas de manera\u2026","rel":"","context":"En &quot;CINTILLO&quot;","block_context":{"text":"CINTILLO","link":"https:\/\/www.grieta.org.mx\/index.php\/category\/cintillo\/"},"img":{"alt_text":"","src":"https:\/\/i0.wp.com\/www.grieta.org.mx\/wp-content\/uploads\/2021\/03\/MEMORIAL-8-D.jpeg?resize=350%2C200&ssl=1","width":350,"height":200,"srcset":"https:\/\/i0.wp.com\/www.grieta.org.mx\/wp-content\/uploads\/2021\/03\/MEMORIAL-8-D.jpeg?resize=350%2C200&ssl=1 1x, https:\/\/i0.wp.com\/www.grieta.org.mx\/wp-content\/uploads\/2021\/03\/MEMORIAL-8-D.jpeg?resize=525%2C300&ssl=1 1.5x, https:\/\/i0.wp.com\/www.grieta.org.mx\/wp-content\/uploads\/2021\/03\/MEMORIAL-8-D.jpeg?resize=700%2C400&ssl=1 2x"},"classes":[]},{"id":53613,"url":"https:\/\/www.grieta.org.mx\/index.php\/2020\/09\/16\/colectivas-feministas-realizan-antigrita-en-guadalajara-jalisco\/","url_meta":{"origin":45332,"position":2},"title":"Colectivas feministas realizan Antigrita en Guadalajara (Jalisco)","author":"grieta","date":"16 septiembre, 2020","format":false,"excerpt":"Fotograf\u00edas: Mario Marlo Mario Marlo \/ Somos el Medio Guadalajara, 16 de septiembre. Esta tarde en la Glorieta de los y las Jaliscienses Ilustres, en Guadalajara, mujeres realizaron \u00abLa Antigrita\u00bb donde exigieron justicia por los feminicidios y las desapariciones en este estado. Las colectivas feministas que se reunieron en este\u2026","rel":"","context":"En &quot;CINTILLO&quot;","block_context":{"text":"CINTILLO","link":"https:\/\/www.grieta.org.mx\/index.php\/category\/cintillo\/"},"img":{"alt_text":"","src":"https:\/\/i0.wp.com\/www.grieta.org.mx\/wp-content\/uploads\/2020\/09\/Antigrita-5-1068x704-1.jpg?resize=350%2C200&ssl=1","width":350,"height":200,"srcset":"https:\/\/i0.wp.com\/www.grieta.org.mx\/wp-content\/uploads\/2020\/09\/Antigrita-5-1068x704-1.jpg?resize=350%2C200&ssl=1 1x, https:\/\/i0.wp.com\/www.grieta.org.mx\/wp-content\/uploads\/2020\/09\/Antigrita-5-1068x704-1.jpg?resize=525%2C300&ssl=1 1.5x, https:\/\/i0.wp.com\/www.grieta.org.mx\/wp-content\/uploads\/2020\/09\/Antigrita-5-1068x704-1.jpg?resize=700%2C400&ssl=1 2x, https:\/\/i0.wp.com\/www.grieta.org.mx\/wp-content\/uploads\/2020\/09\/Antigrita-5-1068x704-1.jpg?resize=1050%2C600&ssl=1 3x"},"classes":[]},{"id":64119,"url":"https:\/\/www.grieta.org.mx\/index.php\/2022\/04\/24\/en-guadalajara-amigos-y-familiares-exigen-justicia-para-quimberly-anay-aceves-joven-de-18-anos-asesinada-en-tonala-jalisco\/","url_meta":{"origin":45332,"position":3},"title":"En Guadalajara amigos y familiares exigen justicia para Quimberly Anay Aceves, joven de 18 a\u00f1os asesinada en Tonal\u00e1, Jalisco","author":"grieta","date":"24 abril, 2022","format":false,"excerpt":"Foto: Mario Marlo \/ En Guadalajara, amigos y familiares exigieron justicia para Quimberly Anay Aceves Franco, joven de 18 a\u00f1os v\u00edctima de feminicidio en Tonal\u00e1, Jalisco. Su cuerpo fue localizado sin vida, un d\u00eda despu\u00e9s de que se le report\u00f3 como desaparecida. Mario Marlo \/ Somos El Medio Guadalajara, Jalisco-\u00a0La\u2026","rel":"","context":"En &quot;CINTILLO&quot;","block_context":{"text":"CINTILLO","link":"https:\/\/www.grieta.org.mx\/index.php\/category\/cintillo\/"},"img":{"alt_text":"","src":"https:\/\/i0.wp.com\/www.grieta.org.mx\/wp-content\/uploads\/2022\/05\/Quimberly-Anay-5-1536x1024-1.jpg?resize=350%2C200&ssl=1","width":350,"height":200,"srcset":"https:\/\/i0.wp.com\/www.grieta.org.mx\/wp-content\/uploads\/2022\/05\/Quimberly-Anay-5-1536x1024-1.jpg?resize=350%2C200&ssl=1 1x, https:\/\/i0.wp.com\/www.grieta.org.mx\/wp-content\/uploads\/2022\/05\/Quimberly-Anay-5-1536x1024-1.jpg?resize=525%2C300&ssl=1 1.5x, https:\/\/i0.wp.com\/www.grieta.org.mx\/wp-content\/uploads\/2022\/05\/Quimberly-Anay-5-1536x1024-1.jpg?resize=700%2C400&ssl=1 2x, https:\/\/i0.wp.com\/www.grieta.org.mx\/wp-content\/uploads\/2022\/05\/Quimberly-Anay-5-1536x1024-1.jpg?resize=1050%2C600&ssl=1 3x, https:\/\/i0.wp.com\/www.grieta.org.mx\/wp-content\/uploads\/2022\/05\/Quimberly-Anay-5-1536x1024-1.jpg?resize=1400%2C800&ssl=1 4x"},"classes":[]},{"id":44922,"url":"https:\/\/www.grieta.org.mx\/index.php\/2020\/02\/16\/el-estado-no-me-cuida-me-cuidan-mis-amigas-mujeres-y-ninas-se-pronuncian-en-jalisco-en-contra-de-la-violencia-feminicida\/","url_meta":{"origin":45332,"position":4},"title":"\u00a1El Estado no me cuida, me cuidan mis amigas!: mujeres y ni\u00f1as se pronuncian en Jalisco en contra de la violencia feminicida","author":"grieta","date":"16 febrero, 2020","format":false,"excerpt":"Foto: Dalia Souza En el marco de las acciones de protesta para exigir justicia por el feminicidio de la joven Ingrid Escamilla, as\u00ed como de todas aquellas mujeres y ni\u00f1as que han sido asesinadas en M\u00e9xico, m\u00e1s de 500 j\u00f3venes convocadas por la colectiva \u201cMe Cuidan Mis Amigas GDL\u201d se\u2026","rel":"","context":"En &quot;CINTILLO&quot;","block_context":{"text":"CINTILLO","link":"https:\/\/www.grieta.org.mx\/index.php\/category\/cintillo\/"},"img":{"alt_text":"","src":"https:\/\/i0.wp.com\/www.grieta.org.mx\/wp-content\/uploads\/2020\/02\/DALI-7.jpg?resize=350%2C200&ssl=1","width":350,"height":200,"srcset":"https:\/\/i0.wp.com\/www.grieta.org.mx\/wp-content\/uploads\/2020\/02\/DALI-7.jpg?resize=350%2C200&ssl=1 1x, https:\/\/i0.wp.com\/www.grieta.org.mx\/wp-content\/uploads\/2020\/02\/DALI-7.jpg?resize=525%2C300&ssl=1 1.5x, https:\/\/i0.wp.com\/www.grieta.org.mx\/wp-content\/uploads\/2020\/02\/DALI-7.jpg?resize=700%2C400&ssl=1 2x, https:\/\/i0.wp.com\/www.grieta.org.mx\/wp-content\/uploads\/2020\/02\/DALI-7.jpg?resize=1050%2C600&ssl=1 3x"},"classes":[]},{"id":32732,"url":"https:\/\/www.grieta.org.mx\/index.php\/2019\/04\/28\/mujeres-confrontan-a-gobernador-de-jalisco-por-el-feminicidio-de-vanesa-gaytan\/","url_meta":{"origin":45332,"position":5},"title":"Mujeres confrontan a gobernador de Jalisco por el feminicidio de Vanesa Gayt\u00e1n","author":"grieta","date":"28 abril, 2019","format":false,"excerpt":"Mario Marlo \/ Pie de p\u00e1gina GUADALAJARA, JALISCO.- M\u00e1s de 100 mujeres, activistas y familiares de v\u00edctimas de feminicidio confrontaron al gobernador de Jalisco, Enrique Alfaro, durante \u00a0la vigilia por Vanesa Gayt\u00e1n Ochoa, asesinada por Irving Emanuel Ram\u00edrez Barajas a unos metros de la entrada de Casa Jalisco, residencia oficial\u2026","rel":"","context":"En &quot;CINTILLO&quot;","block_context":{"text":"CINTILLO","link":"https:\/\/www.grieta.org.mx\/index.php\/category\/cintillo\/"},"img":{"alt_text":"","src":"https:\/\/i0.wp.com\/www.grieta.org.mx\/wp-content\/uploads\/2019\/04\/Jalisco-5-1200x800.jpg?resize=350%2C200&ssl=1","width":350,"height":200,"srcset":"https:\/\/i0.wp.com\/www.grieta.org.mx\/wp-content\/uploads\/2019\/04\/Jalisco-5-1200x800.jpg?resize=350%2C200&ssl=1 1x, https:\/\/i0.wp.com\/www.grieta.org.mx\/wp-content\/uploads\/2019\/04\/Jalisco-5-1200x800.jpg?resize=525%2C300&ssl=1 1.5x, https:\/\/i0.wp.com\/www.grieta.org.mx\/wp-content\/uploads\/2019\/04\/Jalisco-5-1200x800.jpg?resize=700%2C400&ssl=1 2x, https:\/\/i0.wp.com\/www.grieta.org.mx\/wp-content\/uploads\/2019\/04\/Jalisco-5-1200x800.jpg?resize=1050%2C600&ssl=1 3x"},"classes":[]}],"_links":{"self":[{"href":"https:\/\/www.grieta.org.mx\/index.php\/wp-json\/wp\/v2\/posts\/45332","targetHints":{"allow":["GET"]}}],"collection":[{"href":"https:\/\/www.grieta.org.mx\/index.php\/wp-json\/wp\/v2\/posts"}],"about":[{"href":"https:\/\/www.grieta.org.mx\/index.php\/wp-json\/wp\/v2\/types\/post"}],"author":[{"embeddable":true,"href":"https:\/\/www.grieta.org.mx\/index.php\/wp-json\/wp\/v2\/users\/2"}],"replies":[{"embeddable":true,"href":"https:\/\/www.grieta.org.mx\/index.php\/wp-json\/wp\/v2\/comments?post=45332"}],"version-history":[{"count":1,"href":"https:\/\/www.grieta.org.mx\/index.php\/wp-json\/wp\/v2\/posts\/45332\/revisions"}],"predecessor-version":[{"id":45334,"href":"https:\/\/www.grieta.org.mx\/index.php\/wp-json\/wp\/v2\/posts\/45332\/revisions\/45334"}],"wp:featuredmedia":[{"embeddable":true,"href":"https:\/\/www.grieta.org.mx\/index.php\/wp-json\/wp\/v2\/media\/45333"}],"wp:attachment":[{"href":"https:\/\/www.grieta.org.mx\/index.php\/wp-json\/wp\/v2\/media?parent=45332"}],"wp:term":[{"taxonomy":"category","embeddable":true,"href":"https:\/\/www.grieta.org.mx\/index.php\/wp-json\/wp\/v2\/categories?post=45332"},{"taxonomy":"post_tag","embeddable":true,"href":"https:\/\/www.grieta.org.mx\/index.php\/wp-json\/wp\/v2\/tags?post=45332"}],"curies":[{"name":"wp","href":"https:\/\/api.w.org\/{rel}","templated":true}]}}