{"id":45303,"date":"2020-02-25T17:32:44","date_gmt":"2020-02-25T23:32:44","guid":{"rendered":"http:\/\/www.grieta.org.mx\/?p=45303"},"modified":"2020-02-28T17:37:31","modified_gmt":"2020-02-28T23:37:31","slug":"protestan-pensionados-ante-ipejal-por-falta-de-medicamentos-jalisco","status":"publish","type":"post","link":"https:\/\/www.grieta.org.mx\/index.php\/2020\/02\/25\/protestan-pensionados-ante-ipejal-por-falta-de-medicamentos-jalisco\/","title":{"rendered":"Protestan pensionados ante IPEJAL por falta de medicamentos (Jalisco)"},"content":{"rendered":"<p><img loading=\"lazy\" decoding=\"async\" data-attachment-id=\"45304\" data-permalink=\"https:\/\/www.grieta.org.mx\/index.php\/2020\/02\/25\/protestan-pensionados-ante-ipejal-por-falta-de-medicamentos-jalisco\/whatsapp-image-2020-02-25-at-11-46-24-696x522\/\" data-orig-file=\"https:\/\/www.grieta.org.mx\/wp-content\/uploads\/2020\/02\/WhatsApp-Image-2020-02-25-at-11.46.24-696x522.jpeg\" data-orig-size=\"696,522\" data-comments-opened=\"0\" data-image-meta=\"{&quot;aperture&quot;:&quot;0&quot;,&quot;credit&quot;:&quot;&quot;,&quot;camera&quot;:&quot;&quot;,&quot;caption&quot;:&quot;&quot;,&quot;created_timestamp&quot;:&quot;0&quot;,&quot;copyright&quot;:&quot;&quot;,&quot;focal_length&quot;:&quot;0&quot;,&quot;iso&quot;:&quot;0&quot;,&quot;shutter_speed&quot;:&quot;0&quot;,&quot;title&quot;:&quot;&quot;,&quot;orientation&quot;:&quot;0&quot;}\" data-image-title=\"WhatsApp-Image-2020-02-25-at-11.46.24-696&amp;#215;522\" data-image-description=\"\" data-image-caption=\"\" data-medium-file=\"https:\/\/www.grieta.org.mx\/wp-content\/uploads\/2020\/02\/WhatsApp-Image-2020-02-25-at-11.46.24-696x522-300x225.jpeg\" data-large-file=\"https:\/\/www.grieta.org.mx\/wp-content\/uploads\/2020\/02\/WhatsApp-Image-2020-02-25-at-11.46.24-696x522.jpeg\" class=\"aligncenter wp-image-45304\" src=\"http:\/\/www.grieta.org.mx\/wp-content\/uploads\/2020\/02\/WhatsApp-Image-2020-02-25-at-11.46.24-696x522.jpeg\" alt=\"\" width=\"800\" height=\"600\" srcset=\"https:\/\/www.grieta.org.mx\/wp-content\/uploads\/2020\/02\/WhatsApp-Image-2020-02-25-at-11.46.24-696x522.jpeg 696w, https:\/\/www.grieta.org.mx\/wp-content\/uploads\/2020\/02\/WhatsApp-Image-2020-02-25-at-11.46.24-696x522-300x225.jpeg 300w, https:\/\/www.grieta.org.mx\/wp-content\/uploads\/2020\/02\/WhatsApp-Image-2020-02-25-at-11.46.24-696x522-667x500.jpeg 667w\" sizes=\"auto, (max-width: 800px) 100vw, 800px\" \/><\/p>\n<p>Foto: Rafael Hern\u00e1ndez<\/p>\n<p>Rafael Harn\u00e1ndez \/ UDGTV<\/p>\n<p>Con la exigencia de la renuncia inmediata del director del Instituto de Pensiones del Estado de Jalisco (IPEJAL), Iv\u00e1n Arg\u00fcelles, y de todos los directivos de este organismo,\u00a0<strong>alrededor de 200 pensionados protestaron en las afueras del edificio principal.<\/strong><\/p>\n<p>Jos\u00e9 Luis Tinoco Mangas, representante de los pensionados, dej\u00f3 en claro que ya no est\u00e1n dispuestos a esperar m\u00e1s por la respuesta del gobernador Enrique Alfaro, pues dijo que\u00a0<strong>persiste el desabasto de medicamentos,<\/strong>\u00a0sobre todo para enfermedades cr\u00f3nico degenerativas, y que por ello en lo que va del a\u00f1o ocho personas han muerto.<\/p>\n<p>Resalt\u00f3 que debido a los decesos de sus compa\u00f1eros,\u00a0<strong>presentaron ya denuncias en la Fiscal\u00eda General del Estado<\/strong>\u00a0y que de no haber respuesta en la semana, el siguiente paso ser\u00e1 cerrar el centro de Guadalajara.<\/p>\n<p>Sentenci\u00f3 que al momento son\u00a0<strong>37 mil pensionados que se ven afectados<\/strong>\u00a0por la falta de medicamentos.<\/p>\n<p>La protesta de los pensionados, const\u00f3 en hacer una cadena humana alrededor del edificio de pensiones del estado,\u00a0<strong>bloqueando el paso a los veh\u00edculos por la calle Magisterio<\/strong>, lo que caus\u00f3 un enorme caos vial. Tambi\u00e9n de forma simb\u00f3lica clausuraron los accesos a la dependencia de gobierno.<\/p>\n<p>Tinoco Mangas\u00a0<strong>acus\u00f3 tambi\u00e9n imposible desv\u00edo de recursos,<\/strong>\u00a0tras exhibir un tal\u00f3n de cheque por m\u00e1s de medio mill\u00f3n de pesos en favor de uno de los l\u00edderes sindicales, Arnoldo Rubio Contreras, al que se le otorg\u00f3 adem\u00e1s de su pensi\u00f3n de 156 mil, un retroactivo de 608 mil 524 pesos.<\/p>\n<p><a href=\"http:\/\/udgtv.com\/noticias\/protestan-pensionados-ipejal-falta-medicamentos\/\">http:\/\/udgtv.com\/noticias\/protestan-pensionados-ipejal-falta-medicamentos\/<\/a><\/p>\n","protected":false},"excerpt":{"rendered":"<p>Foto: Rafael Hern\u00e1ndez Rafael Harn\u00e1ndez \/ UDGTV Con la exigencia de la renuncia inmediata del director del Instituto de Pensiones del Estado de Jalisco (IPEJAL), Iv\u00e1n Arg\u00fcelles, y de todos &hellip; <a href=\"https:\/\/www.grieta.org.mx\/index.php\/2020\/02\/25\/protestan-pensionados-ante-ipejal-por-falta-de-medicamentos-jalisco\/\" class=\"more-link\">Leer m\u00e1s<\/a><\/p>\n","protected":false},"author":2,"featured_media":45304,"comment_status":"closed","ping_status":"closed","sticky":false,"template":"","format":"standard","meta":{"ngg_post_thumbnail":0,"_jetpack_newsletter_access":"","_jetpack_dont_email_post_to_subs":false,"_jetpack_newsletter_tier_id":0,"_jetpack_memberships_contains_paywalled_content":false,"_jetpack_memberships_contains_paid_content":false,"footnotes":""},"categories":[80,918,2535,20,2,83],"tags":[2367,2551,203],"class_list":["post-45303","post","type-post","status-publish","format-standard","has-post-thumbnail","hentry","category-cintillo","category-privatizacion-del-sector-salud","category-crisis-del-sector-salud-en-jalisco","category-jalisco","category-noticias-nacionales","category-temas-nacionales","tag-crisis-en-el-sector-salud","tag-falta-de-medicinas","tag-pensionados","entry"],"jetpack_featured_media_url":"https:\/\/www.grieta.org.mx\/wp-content\/uploads\/2020\/02\/WhatsApp-Image-2020-02-25-at-11.46.24-696x522.jpeg","jetpack_sharing_enabled":true,"jetpack_shortlink":"https:\/\/wp.me\/p7ZJR4-bMH","jetpack_likes_enabled":false,"jetpack-related-posts":[{"id":45297,"url":"https:\/\/www.grieta.org.mx\/index.php\/2020\/02\/22\/pide-seccion-47-del-snte-solucion-inmediata-a-desabasto-de-medicamentos-en-ipejal-jalisco\/","url_meta":{"origin":45303,"position":0},"title":"Pide Secci\u00f3n 47 del SNTE soluci\u00f3n inmediata a desabasto de medicamentos en Ipejal (Jalisco)","author":"grieta","date":"22 febrero, 2020","format":false,"excerpt":"Foto: Ilustrativa Explic\u00f3 que existe un desabasto de m\u00e1s del 90% de medicamentos del cuadro b\u00e1sico, incluidos los especializados, oncol\u00f3gicos, cardiovasculares entre otros V\u00edctor Ram\u00edrez \/ El Occodental Una soluci\u00f3n inmediata al desabasto de medicamentos exige el dirigente de la secci\u00f3n 47 del Sindicato Nacional de Trabajadores de la Educaci\u00f3n\u2026","rel":"","context":"En &quot;CINTILLO&quot;","block_context":{"text":"CINTILLO","link":"https:\/\/www.grieta.org.mx\/index.php\/category\/cintillo\/"},"img":{"alt_text":"","src":"https:\/\/i0.wp.com\/www.grieta.org.mx\/wp-content\/uploads\/2020\/02\/4552411.jpg?resize=350%2C200&ssl=1","width":350,"height":200,"srcset":"https:\/\/i0.wp.com\/www.grieta.org.mx\/wp-content\/uploads\/2020\/02\/4552411.jpg?resize=350%2C200&ssl=1 1x, https:\/\/i0.wp.com\/www.grieta.org.mx\/wp-content\/uploads\/2020\/02\/4552411.jpg?resize=525%2C300&ssl=1 1.5x, https:\/\/i0.wp.com\/www.grieta.org.mx\/wp-content\/uploads\/2020\/02\/4552411.jpg?resize=700%2C400&ssl=1 2x"},"classes":[]},{"id":46503,"url":"https:\/\/www.grieta.org.mx\/index.php\/2020\/03\/10\/padecen-en-ipejal-retraso-en-cirugias-y-falta-de-medicinas-jalisco\/","url_meta":{"origin":45303,"position":1},"title":"Padecen en Ipejal retraso en cirug\u00edas y falta de medicinas (Jalisco)","author":"grieta","date":"10 marzo, 2020","format":false,"excerpt":"Foto: Archivo El Informador Aunque en los \u00faltimos a\u00f1os aumentaron los presupuestos para los servicios m\u00e9dicos de los pensionados, esto no deriv\u00f3 en un mayor n\u00famero de atenciones en los hospitales Redacci\u00f3n \/ El Informador Mientras el n\u00famero de jubilados est\u00e1 en incremento en el Instituto de Pensiones del Estado\u2026","rel":"","context":"En &quot;CINTILLO&quot;","block_context":{"text":"CINTILLO","link":"https:\/\/www.grieta.org.mx\/index.php\/category\/cintillo\/"},"img":{"alt_text":"","src":"https:\/\/i0.wp.com\/www.grieta.org.mx\/wp-content\/uploads\/2020\/03\/4-2.jpg?resize=350%2C200&ssl=1","width":350,"height":200,"srcset":"https:\/\/i0.wp.com\/www.grieta.org.mx\/wp-content\/uploads\/2020\/03\/4-2.jpg?resize=350%2C200&ssl=1 1x, https:\/\/i0.wp.com\/www.grieta.org.mx\/wp-content\/uploads\/2020\/03\/4-2.jpg?resize=525%2C300&ssl=1 1.5x"},"classes":[]},{"id":40640,"url":"https:\/\/www.grieta.org.mx\/index.php\/2019\/10\/18\/pensionados-y-jubilados-de-jalisco-en-desacuerdo-con-actual-manejo-del-ipejal\/","url_meta":{"origin":45303,"position":2},"title":"Pensionados y jubilados de Jalisco en desacuerdo con actual manejo del IPEJAL","author":"grieta","date":"18 octubre, 2019","format":false,"excerpt":"Foto: Ignacio P\u00e9rez Jos\u00e9 Luis Tinoco, explic\u00f3 que dos de las personas que \"abonaron al desfalco millonario de Pensiones\" forman parte del Consejo de Transparencia y Rendici\u00f3n de Cuentas Rafael\u00a0 Hern\u00e1ndez \/ UDGTV Guadalajara, Jalisco. Pensionados y jubilados del estado de Jalisco denunciaron corrupci\u00f3n dentro del Instituto de Pensiones (IPEJAL).\u2026","rel":"","context":"En &quot;CINTILLO&quot;","block_context":{"text":"CINTILLO","link":"https:\/\/www.grieta.org.mx\/index.php\/category\/cintillo\/"},"img":{"alt_text":"","src":"https:\/\/i0.wp.com\/www.grieta.org.mx\/wp-content\/uploads\/2019\/10\/Edificios-IPEJAL-Ignacio-P%C3%A9rez-Vega-696x522.jpg?resize=350%2C200&ssl=1","width":350,"height":200,"srcset":"https:\/\/i0.wp.com\/www.grieta.org.mx\/wp-content\/uploads\/2019\/10\/Edificios-IPEJAL-Ignacio-P%C3%A9rez-Vega-696x522.jpg?resize=350%2C200&ssl=1 1x, https:\/\/i0.wp.com\/www.grieta.org.mx\/wp-content\/uploads\/2019\/10\/Edificios-IPEJAL-Ignacio-P%C3%A9rez-Vega-696x522.jpg?resize=525%2C300&ssl=1 1.5x"},"classes":[]},{"id":36126,"url":"https:\/\/www.grieta.org.mx\/index.php\/2019\/07\/09\/usuarios-del-ipejal-padecen-escasez-de-medicamentos-jalisco\/","url_meta":{"origin":45303,"position":3},"title":"Usuarios del Ipejal padecen escasez de medicamentos (Jalisco)","author":"grieta","date":"9 julio, 2019","format":false,"excerpt":"Foto: El Informador-J. Armendariz Se\u00f1alan dificultades para surtir\u00a0medicamentos en las farmacias de la instituci\u00f3n Redacci\u00f3n \/ El Informador Beneficiarios del Instituto de Pensiones del Estado de Jalisco (Ipejal), se\u00f1alaron que han sufrido dificultades para que se les surtan medicamentos en las farmacias de la instituci\u00f3n. \"Desde diciembre no dan casi\u2026","rel":"","context":"En &quot;CINTILLO&quot;","block_context":{"text":"CINTILLO","link":"https:\/\/www.grieta.org.mx\/index.php\/category\/cintillo\/"},"img":{"alt_text":"","src":"https:\/\/i0.wp.com\/www.grieta.org.mx\/wp-content\/uploads\/2019\/07\/farmacias_ipejal_x31013289x_crop1562670181709.jpg_1970638775.jpg?resize=350%2C200&ssl=1","width":350,"height":200,"srcset":"https:\/\/i0.wp.com\/www.grieta.org.mx\/wp-content\/uploads\/2019\/07\/farmacias_ipejal_x31013289x_crop1562670181709.jpg_1970638775.jpg?resize=350%2C200&ssl=1 1x, https:\/\/i0.wp.com\/www.grieta.org.mx\/wp-content\/uploads\/2019\/07\/farmacias_ipejal_x31013289x_crop1562670181709.jpg_1970638775.jpg?resize=525%2C300&ssl=1 1.5x, https:\/\/i0.wp.com\/www.grieta.org.mx\/wp-content\/uploads\/2019\/07\/farmacias_ipejal_x31013289x_crop1562670181709.jpg_1970638775.jpg?resize=700%2C400&ssl=1 2x"},"classes":[]},{"id":46506,"url":"https:\/\/www.grieta.org.mx\/index.php\/2020\/03\/09\/exige-renuncia-del-director-de-ipejal-jalisco\/","url_meta":{"origin":45303,"position":4},"title":"Exige renuncia del director de Ipejal (Jalisco)","author":"grieta","date":"9 marzo, 2020","format":false,"excerpt":"Foto: Archivo Redacci\u00f3n \/ El Diario NTR Esta informaci\u00f3n es originalmente trabajada por una mujer, quien hoy est\u00e1 en paro. Por diversas irregularidades y la carencia de medicamentos, el Colectivo de Jubilados y Pensionados de Jalisco exigi\u00f3 la renuncia del titular del Instituto de Pensiones del Estado (Ipejal), Iv\u00e1n Arg\u00fcelles.\u2026","rel":"","context":"En &quot;CINTILLO&quot;","block_context":{"text":"CINTILLO","link":"https:\/\/www.grieta.org.mx\/index.php\/category\/cintillo\/"},"img":{"alt_text":"","src":"https:\/\/i0.wp.com\/www.grieta.org.mx\/wp-content\/uploads\/2020\/03\/2020-03-09_01-03-51___6849.jpg?resize=350%2C200&ssl=1","width":350,"height":200,"srcset":"https:\/\/i0.wp.com\/www.grieta.org.mx\/wp-content\/uploads\/2020\/03\/2020-03-09_01-03-51___6849.jpg?resize=350%2C200&ssl=1 1x, https:\/\/i0.wp.com\/www.grieta.org.mx\/wp-content\/uploads\/2020\/03\/2020-03-09_01-03-51___6849.jpg?resize=525%2C300&ssl=1 1.5x, https:\/\/i0.wp.com\/www.grieta.org.mx\/wp-content\/uploads\/2020\/03\/2020-03-09_01-03-51___6849.jpg?resize=700%2C400&ssl=1 2x"},"classes":[]},{"id":36644,"url":"https:\/\/www.grieta.org.mx\/index.php\/2019\/07\/16\/exigen-pensionados-sanciones-a-quienes-provocaron-quebranto-de-finanzas-de-ipejal-jalisco\/","url_meta":{"origin":45303,"position":5},"title":"Exigen pensionados sanciones a quienes provocaron quebranto de finanzas de Ipejal (Jalisco)","author":"grieta","date":"16 julio, 2019","format":false,"excerpt":"Foto: V\u00edctor Ram\u00edrez Integrante de diversas asociaciones agrupadas en el Colectivo Pro Defensa del Patrimonio del Ipejal bloquearon desde muy temprano la avenida Federalismo V\u00edctor Ram\u00edrez \/ El Occidental Con la exigencia de que se sanciones y castigue a todos aquellos que intervinieron en el quebranto y desfalco de las\u2026","rel":"","context":"En &quot;CINTILLO&quot;","block_context":{"text":"CINTILLO","link":"https:\/\/www.grieta.org.mx\/index.php\/category\/cintillo\/"},"img":{"alt_text":"","src":"https:\/\/i0.wp.com\/www.grieta.org.mx\/wp-content\/uploads\/2019\/07\/636a60d1-8857-4a62-b0cb-aee7cd538638.jpg?resize=350%2C200&ssl=1","width":350,"height":200,"srcset":"https:\/\/i0.wp.com\/www.grieta.org.mx\/wp-content\/uploads\/2019\/07\/636a60d1-8857-4a62-b0cb-aee7cd538638.jpg?resize=350%2C200&ssl=1 1x, https:\/\/i0.wp.com\/www.grieta.org.mx\/wp-content\/uploads\/2019\/07\/636a60d1-8857-4a62-b0cb-aee7cd538638.jpg?resize=525%2C300&ssl=1 1.5x, https:\/\/i0.wp.com\/www.grieta.org.mx\/wp-content\/uploads\/2019\/07\/636a60d1-8857-4a62-b0cb-aee7cd538638.jpg?resize=700%2C400&ssl=1 2x"},"classes":[]}],"_links":{"self":[{"href":"https:\/\/www.grieta.org.mx\/index.php\/wp-json\/wp\/v2\/posts\/45303","targetHints":{"allow":["GET"]}}],"collection":[{"href":"https:\/\/www.grieta.org.mx\/index.php\/wp-json\/wp\/v2\/posts"}],"about":[{"href":"https:\/\/www.grieta.org.mx\/index.php\/wp-json\/wp\/v2\/types\/post"}],"author":[{"embeddable":true,"href":"https:\/\/www.grieta.org.mx\/index.php\/wp-json\/wp\/v2\/users\/2"}],"replies":[{"embeddable":true,"href":"https:\/\/www.grieta.org.mx\/index.php\/wp-json\/wp\/v2\/comments?post=45303"}],"version-history":[{"count":1,"href":"https:\/\/www.grieta.org.mx\/index.php\/wp-json\/wp\/v2\/posts\/45303\/revisions"}],"predecessor-version":[{"id":45305,"href":"https:\/\/www.grieta.org.mx\/index.php\/wp-json\/wp\/v2\/posts\/45303\/revisions\/45305"}],"wp:featuredmedia":[{"embeddable":true,"href":"https:\/\/www.grieta.org.mx\/index.php\/wp-json\/wp\/v2\/media\/45304"}],"wp:attachment":[{"href":"https:\/\/www.grieta.org.mx\/index.php\/wp-json\/wp\/v2\/media?parent=45303"}],"wp:term":[{"taxonomy":"category","embeddable":true,"href":"https:\/\/www.grieta.org.mx\/index.php\/wp-json\/wp\/v2\/categories?post=45303"},{"taxonomy":"post_tag","embeddable":true,"href":"https:\/\/www.grieta.org.mx\/index.php\/wp-json\/wp\/v2\/tags?post=45303"}],"curies":[{"name":"wp","href":"https:\/\/api.w.org\/{rel}","templated":true}]}}