{"id":45266,"date":"2020-02-27T20:18:11","date_gmt":"2020-02-28T02:18:11","guid":{"rendered":"http:\/\/www.grieta.org.mx\/?p=45266"},"modified":"2020-02-27T20:20:13","modified_gmt":"2020-02-28T02:20:13","slug":"pronunciamiento-ante-el-secuestro-de-miembros-del-cni-en-chilon-chiapas-por-su-participacion-en-las-jornadas-samir-somos-todas-y-todos-2","status":"publish","type":"post","link":"https:\/\/www.grieta.org.mx\/index.php\/2020\/02\/27\/pronunciamiento-ante-el-secuestro-de-miembros-del-cni-en-chilon-chiapas-por-su-participacion-en-las-jornadas-samir-somos-todas-y-todos-2\/","title":{"rendered":"PRONUNCIAMIENTO ANTE EL SECUESTRO DE MIEMBROS DEL CNI EN CHIL\u00d3N, CHIAPAS, POR SU PARTICIPACI\u00d3N EN LAS \u00abJORNADAS SAMIR SOMOS TODAS Y TODOS\u00bb"},"content":{"rendered":"<p><a href=\"http:\/\/www.grieta.org.mx\/wp-content\/uploads\/2019\/10\/logo-CNI-To.png\"><img loading=\"lazy\" decoding=\"async\" data-attachment-id=\"40102\" data-permalink=\"https:\/\/www.grieta.org.mx\/index.php\/2019\/10\/10\/comunicado-urgente-firma-solidaria-con-codedi-oaxaca\/logo-cni-to-5\/\" data-orig-file=\"https:\/\/www.grieta.org.mx\/wp-content\/uploads\/2019\/10\/logo-CNI-To.png\" data-orig-size=\"558,303\" data-comments-opened=\"0\" data-image-meta=\"{&quot;aperture&quot;:&quot;0&quot;,&quot;credit&quot;:&quot;&quot;,&quot;camera&quot;:&quot;&quot;,&quot;caption&quot;:&quot;&quot;,&quot;created_timestamp&quot;:&quot;0&quot;,&quot;copyright&quot;:&quot;&quot;,&quot;focal_length&quot;:&quot;0&quot;,&quot;iso&quot;:&quot;0&quot;,&quot;shutter_speed&quot;:&quot;0&quot;,&quot;title&quot;:&quot;&quot;,&quot;orientation&quot;:&quot;0&quot;}\" data-image-title=\"logo-CNI-To\" data-image-description=\"\" data-image-caption=\"\" data-medium-file=\"https:\/\/www.grieta.org.mx\/wp-content\/uploads\/2019\/10\/logo-CNI-To-300x163.png\" data-large-file=\"https:\/\/www.grieta.org.mx\/wp-content\/uploads\/2019\/10\/logo-CNI-To.png\" class=\"aligncenter wp-image-40102 size-medium\" src=\"http:\/\/www.grieta.org.mx\/wp-content\/uploads\/2019\/10\/logo-CNI-To-300x163.png\" alt=\"\" width=\"300\" height=\"163\" srcset=\"https:\/\/www.grieta.org.mx\/wp-content\/uploads\/2019\/10\/logo-CNI-To-300x163.png 300w, https:\/\/www.grieta.org.mx\/wp-content\/uploads\/2019\/10\/logo-CNI-To.png 558w\" sizes=\"auto, (max-width: 300px) 100vw, 300px\" \/><\/a><\/p>\n<p>26 de febrero 2020.<\/p>\n<p>Al pueblo de M\u00e9xico.<br \/>\nA las redes de resistencia y rebeld\u00eda.<br \/>\nA la Sexta Nacional e Internacional.<br \/>\nA los medios de comunicaci\u00f3n.<br \/>\nA los organismos de Derechos Humanos.<br \/>\nA las organizaciones en defensa del territorio y de la madre tierra.<\/p>\n<p>Por medio de este comunicado hacemos p\u00fablico que compa\u00f1eros y compa\u00f1eras de las comunidades de San Antonio Bulujib y Guaquitepec, municipio de Chil\u00f3n, Chiapas, pertenecientes al Congreso Nacional Ind\u00edgena (CNI), fueron violentados, reprimidos y secuestrados a las 17:00 horas del pasado 23 de febrero por las autoridades ejidales de San Antonio Bulujib pertenecientes a los grupos paramilitares de los llamados \u201cCHINCHULINES\u201d y \u201cORCAO\u201d, as\u00ed como por integrantes del partido MORENA en la regi\u00f3n; en REPRESALIA POR HABER PARTICIPADO EN LAS JORNADAS EN DEFENSA DEL TERRITORIO Y LA MADRE TIERRA \u201cSAMIR SOMOS TODAS Y TODOS\u201d convocadas por el Ej\u00e9rcito Zapatista de Liberaci\u00f3n Nacional y el CNI. Se trata de Mar\u00eda Cruz Espinoza, Juana P\u00e9rez Espinoza, Feliz L\u00f3pez P\u00e9rez, Mar\u00eda Cruz G\u00f3mez, Ana G\u00f3mez Hern\u00e1ndez, Alejandra G\u00f3mez, Mar\u00eda Luisa P\u00e9rez G\u00f3mez de 1 a\u00f1o de edad, Mar\u00eda del Rosario Mazariegos G\u00f3mez de 11 meses de edad, Manuel Cruz Espinoza, Juan G\u00f3mez N\u00fa\u00f1ez, Isidro P\u00e9rez Cruz, quienes fueron golpeados y secuestrados por haber colocado un letrero alusivo a las Jornadas \u201cSamir Somos Todas y Todos\u201d a la entrada del pueblo de San Antonio Bulujib.<\/p>\n<p>El d\u00eda 24 de febrero, hasta las 8:30 de la noche, despu\u00e9s de m\u00e1s de 24 horas de haber sido privados de su libertad, nuestros compa\u00f1eros y compa\u00f1eras miembros del CNI fueron liberad@s bajo condiciones: las autoridades de la comunidad de San Antonio Bulujib dijeron que si el grupo de CNI quer\u00edan que se arregle el problema pagaran una multa de quince rejas de refrescos y dos mil quinientos pesos, siendo amenazados para el caso de que no paguen la multa que impuso la autoridad y condicionando su permanencia en la comunidad a renunciar los once detenidos a ser integrantes de CNI. Asimismo, las autoridades ejidales indicaron que si nuestros compa\u00f1eros y compa\u00f1eras no pagan la multa para la tarde del domingo 01 de marzo de 2020, ser\u00e1n desalojados de sus tierras y casas, mismas que ser\u00e1n vendidas, y se les encerrar\u00e1 en la c\u00e1rcel del pueblo.<\/p>\n<p>Hacemos responsables a los tres niveles de gobierno y a los grupos paramilitares organizados en las comunidades, de lo que pueda ocurrirle a nuestras compa\u00f1eras y compa\u00f1eros, y espec\u00edficamente hacemos responsables al titular del ejecutivo federal, ANDR\u00c9S MANUEL L\u00d3PEZ OBRADOR, al titular del ejecutivo estatal de Chiapas, RUTILIO ESCAND\u00d3N, a la autoridad ejidal de San Antonio Bulujib, MIGUEL L\u00d3PEZ GUZM\u00c1N, al Consejo de Vigilancia, MATEO G\u00d3MEZ M\u00c9NDEZ, miembro de la organizaci\u00f3n ORCAO y CHINCHULINES, al Agente Auxiliar Municipal JUAN SILVANO MORENO, a su suplente MANUEL G\u00d3MEZ P\u00c9REZ, y a JOS\u00c9 P\u00c9REZ, supuesto l\u00edder de la ORCAO, promotor de paramilitares que se dedica a provocar e invadir tierras, cobijado por los malos gobiernos federal, estatal y municipal; quienes en nombre de una supuesta cuarta transformaci\u00f3n est\u00e1n atentando en contra de la seguridad y la vida de los once compa\u00f1eros y compa\u00f1eras arriba nombrados y dem\u00e1s familias del CNI.<\/p>\n<p>Llamamos a la SOLIDARIDAD Y APOYO HACIA NUESTROS HERMAN@S DEL CNI EN CHIL\u00d3N POR PARTE DE TODAS LAS COMUNIDADES, ORGANIZACIONES Y COLECTIVOS QUE SE ADHIRIERON A LAS JORNADAS EN DEFENSA DEL TERRITORIO Y LA MADRE TIERRA \u201cSAMIR SOMOS TODAS Y TODOS\u201d, en Chiapas, en M\u00e9xico y en el mundo.<\/p>\n<p>Atentamente<\/p>\n<p>A 26 de febrero de 2020<\/p>\n<p>Por la Reconstituci\u00f3n Integral de Nuestros Pueblos<\/p>\n<p>Nunca m\u00e1s un M\u00e9xico sin Nosotros<\/p>\n<p>Congreso Nacional Ind\u00edgena<\/p>\n<p>Concejo Ind\u00edgena de Gobierno<\/p>\n<p>Ej\u00e9rcito Zapatista de Liberaci\u00f3n Nacional.<br \/>\n<a href=\"http:\/\/enlacezapatista.ezln.org.mx\/2020\/02\/27\/pronunciamiento-ante-el-secuestro-de-miembros-del-cni-en-chilon-chiapas-por-su-participacion-en-las-jornadas-samir-somos-todas-y-todos\/\">http:\/\/enlacezapatista.ezln.org.mx\/2020\/02\/27\/pronunciamiento-ante-el-secuestro-de-miembros-del-cni-en-chilon-chiapas-por-su-participacion-en-las-jornadas-samir-somos-todas-y-todos\/<\/a><\/p>\n<p><a href=\"https:\/\/www.congresonacionalindigena.org\/2020\/02\/27\/pronunciamiento-ante-el-secuestro-de-miembros-del-cni-en-chilon-chiapas-por-su-participacion-en-las-jornadas-samir-somos-todas-y-todos\/\">https:\/\/www.congresonacionalindigena.org\/2020\/02\/27\/pronunciamiento-ante-el-secuestro-de-miembros-del-cni-en-chilon-chiapas-por-su-participacion-en-las-jornadas-samir-somos-todas-y-todos\/<\/a><\/p>\n","protected":false},"excerpt":{"rendered":"<p>26 de febrero 2020. Al pueblo de M\u00e9xico. A las redes de resistencia y rebeld\u00eda. A la Sexta Nacional e Internacional. A los medios de comunicaci\u00f3n. A los organismos de &hellip; <a href=\"https:\/\/www.grieta.org.mx\/index.php\/2020\/02\/27\/pronunciamiento-ante-el-secuestro-de-miembros-del-cni-en-chilon-chiapas-por-su-participacion-en-las-jornadas-samir-somos-todas-y-todos-2\/\" class=\"more-link\">Leer m\u00e1s<\/a><\/p>\n","protected":false},"author":1,"featured_media":40102,"comment_status":"closed","ping_status":"closed","sticky":false,"template":"","format":"standard","meta":{"ngg_post_thumbnail":0,"_jetpack_newsletter_access":"","_jetpack_dont_email_post_to_subs":false,"_jetpack_newsletter_tier_id":0,"_jetpack_memberships_contains_paywalled_content":false,"_jetpack_memberships_contains_paid_content":false,"footnotes":""},"categories":[909,80,79,921,74,1707,907],"tags":[3104],"class_list":["post-45266","post","type-post","status-publish","format-standard","has-post-thumbnail","hentry","category-cig","category-cintillo","category-cni","category-comunicados","category-ezln","category-denuncias","category-ezln-2","tag-jornadas-samir","entry"],"jetpack_featured_media_url":"https:\/\/www.grieta.org.mx\/wp-content\/uploads\/2019\/10\/logo-CNI-To.png","jetpack_sharing_enabled":true,"jetpack_shortlink":"https:\/\/wp.me\/p7ZJR4-bM6","jetpack_likes_enabled":false,"jetpack-related-posts":[{"id":45060,"url":"https:\/\/www.grieta.org.mx\/index.php\/2020\/02\/24\/pronunciamiento-ante-el-secuestro-de-miembros-del-cni-en-chilon-chiapas-por-su-participacion-en-las-jornadas-samir-somos-todas-y-todos\/","url_meta":{"origin":45266,"position":0},"title":"PRONUNCIAMIENTO ANTE EL SECUESTRO DE MIEMBROS DEL CNI EN CHIL\u00d3N, CHIAPAS, POR SU PARTICIPACI\u00d3N EN LAS JORNADAS SAMIR SOMOS TODAS Y TODOS.","author":"grieta","date":"24 febrero, 2020","format":false,"excerpt":"Al pueblo de M\u00e9xico A las redes de Resistencia y Rebeld\u00eda A la Sexta Nacional e Internacional A los medios de comunicaci\u00f3n Denunciamos la represi\u00f3n que el mal gobierno municipal de Chil\u00f3n, Chiapas, junto con personas partidistas de Morena est\u00e1n realizando en contra de delegados del Congreso Nacional Ind\u00edgena cuando\u2026","rel":"","context":"En &quot;CIG&quot;","block_context":{"text":"CIG","link":"https:\/\/www.grieta.org.mx\/index.php\/category\/cig\/"},"img":{"alt_text":"","src":"https:\/\/i0.wp.com\/www.grieta.org.mx\/wp-content\/uploads\/2020\/02\/PRONUNCIAMIENTO-ANTE-EL-SECUESTRO-DE-MIEMBROS-DEL-CNI-EN-CHIL%C3%93N-CHIAPAS-POR-SU-PARTICIPACI%C3%93N-EN-LAS-JORNADAS-SAMIR-SOMOS-TODAS-Y-TODOS..jpg?resize=350%2C200&ssl=1","width":350,"height":200,"srcset":"https:\/\/i0.wp.com\/www.grieta.org.mx\/wp-content\/uploads\/2020\/02\/PRONUNCIAMIENTO-ANTE-EL-SECUESTRO-DE-MIEMBROS-DEL-CNI-EN-CHIL%C3%93N-CHIAPAS-POR-SU-PARTICIPACI%C3%93N-EN-LAS-JORNADAS-SAMIR-SOMOS-TODAS-Y-TODOS..jpg?resize=350%2C200&ssl=1 1x, https:\/\/i0.wp.com\/www.grieta.org.mx\/wp-content\/uploads\/2020\/02\/PRONUNCIAMIENTO-ANTE-EL-SECUESTRO-DE-MIEMBROS-DEL-CNI-EN-CHIL%C3%93N-CHIAPAS-POR-SU-PARTICIPACI%C3%93N-EN-LAS-JORNADAS-SAMIR-SOMOS-TODAS-Y-TODOS..jpg?resize=525%2C300&ssl=1 1.5x"},"classes":[]},{"id":70962,"url":"https:\/\/www.grieta.org.mx\/index.php\/2025\/02\/13\/convocatoria-abierta-a-sumarse-a-las-jornadas-globales-justicia-para-samir-flores-soberanes-6-anos-de-impunidad\/","url_meta":{"origin":45266,"position":1},"title":"CONVOCATORIA ABIERTA A SUMARSE A LAS JORNADAS GLOBALES: \u00a1JUSTICIA PARA SAMIR FLORES SOBERANES! 6 A\u00d1OS DE IMPUNIDAD","author":"grieta","date":"13 febrero, 2025","format":false,"excerpt":"CONVOCATORIA ABIERTA A SUMARSE A LAS JORNADAS GLOBALES: \u00a1JUSTICIA PARA SAMIR FLORES SOBERANES! 6 A\u00d1OS DE IMPUNIDAD Los d\u00edas 19, 20, 21, 22, 23 de febrero o cualquier otras fechas que a sus tiempos consideren. Considerando que son 6 a\u00f1os de impunidad desde aquel 20 de febrero de 2019 en\u2026","rel":"","context":"En &quot;CINTILLO&quot;","block_context":{"text":"CINTILLO","link":"https:\/\/www.grieta.org.mx\/index.php\/category\/cintillo\/"},"img":{"alt_text":"","src":"https:\/\/i0.wp.com\/www.grieta.org.mx\/wp-content\/uploads\/2025\/02\/Screenshot-2025-02-13-at-12-45-37-Enlace-Zapatista.jpg?resize=350%2C200&ssl=1","width":350,"height":200,"srcset":"https:\/\/i0.wp.com\/www.grieta.org.mx\/wp-content\/uploads\/2025\/02\/Screenshot-2025-02-13-at-12-45-37-Enlace-Zapatista.jpg?resize=350%2C200&ssl=1 1x, https:\/\/i0.wp.com\/www.grieta.org.mx\/wp-content\/uploads\/2025\/02\/Screenshot-2025-02-13-at-12-45-37-Enlace-Zapatista.jpg?resize=525%2C300&ssl=1 1.5x, https:\/\/i0.wp.com\/www.grieta.org.mx\/wp-content\/uploads\/2025\/02\/Screenshot-2025-02-13-at-12-45-37-Enlace-Zapatista.jpg?resize=700%2C400&ssl=1 2x, https:\/\/i0.wp.com\/www.grieta.org.mx\/wp-content\/uploads\/2025\/02\/Screenshot-2025-02-13-at-12-45-37-Enlace-Zapatista.jpg?resize=1050%2C600&ssl=1 3x"},"classes":[]},{"id":29279,"url":"https:\/\/www.grieta.org.mx\/index.php\/2019\/02\/20\/pronunciamiento-del-cni-cig-ezln-ante-el-asesinato-del-companero-samir-flores-soberanes\/","url_meta":{"origin":45266,"position":2},"title":"Pronunciamiento del CNI-CIG-EZLN ante el asesinato del compa\u00f1ero Samir Flores Soberanes","author":"grieta","date":"20 febrero, 2019","format":false,"excerpt":"20 de febrero del 2019 Al pueblo de M\u00e9xico y a los pueblos del mundo A las redes de apoyo al CIG A las redes de resistencia y rebeld\u00eda A la Sexta Nacional e Internacional A los medios de comunicaci\u00f3n Denunciamos con dolor y rabia el cobarde asesinato de nuestro\u2026","rel":"","context":"En &quot;10. Huexca&quot;","block_context":{"text":"10. Huexca","link":"https:\/\/www.grieta.org.mx\/index.php\/category\/espejos-de-la-resistencia\/10-huexca\/"},"img":{"alt_text":"","src":"https:\/\/i0.wp.com\/www.grieta.org.mx\/wp-content\/uploads\/2019\/02\/Ejecutan-a-Samir-Flores-opositor-de-gasoducto-y-termoel%C3%A9ctrica-de-Morelos-640x424.jpg?resize=350%2C200&ssl=1","width":350,"height":200,"srcset":"https:\/\/i0.wp.com\/www.grieta.org.mx\/wp-content\/uploads\/2019\/02\/Ejecutan-a-Samir-Flores-opositor-de-gasoducto-y-termoel%C3%A9ctrica-de-Morelos-640x424.jpg?resize=350%2C200&ssl=1 1x, https:\/\/i0.wp.com\/www.grieta.org.mx\/wp-content\/uploads\/2019\/02\/Ejecutan-a-Samir-Flores-opositor-de-gasoducto-y-termoel%C3%A9ctrica-de-Morelos-640x424.jpg?resize=525%2C300&ssl=1 1.5x"},"classes":[]},{"id":44869,"url":"https:\/\/www.grieta.org.mx\/index.php\/2020\/02\/22\/galeria-de-fotos-de-la-accion-dislocada-en-la-plazuela-de-la-caja-zacatecas-jornadas-samir-somos-todas-y-todos\/","url_meta":{"origin":45266,"position":3},"title":"Galer\u00eda de fotos de la acci\u00f3n dislocada en la Plazuela de la caja, Zacatecas . Jornadas \u201cSamir Somos Todas y Todos\u201d","author":"grieta","date":"22 febrero, 2020","format":false,"excerpt":"COLECTIVO GRIETA El jueves 20 de febrero, en el marco de las Jornadas en Defensa del Territorio y la Madre Tierra \"Samir somos todas y todos\", se instal\u00f3 una mesa de informaci\u00f3n en Plazuela de la caja, Zacatecas.","rel":"","context":"En &quot;CINTILLO&quot;","block_context":{"text":"CINTILLO","link":"https:\/\/www.grieta.org.mx\/index.php\/category\/cintillo\/"},"img":{"alt_text":"","src":"https:\/\/i0.wp.com\/www.grieta.org.mx\/wp-content\/uploads\/2020\/02\/Dislocada-Zacatecas-1.jpg?resize=350%2C200&ssl=1","width":350,"height":200,"srcset":"https:\/\/i0.wp.com\/www.grieta.org.mx\/wp-content\/uploads\/2020\/02\/Dislocada-Zacatecas-1.jpg?resize=350%2C200&ssl=1 1x, https:\/\/i0.wp.com\/www.grieta.org.mx\/wp-content\/uploads\/2020\/02\/Dislocada-Zacatecas-1.jpg?resize=525%2C300&ssl=1 1.5x, https:\/\/i0.wp.com\/www.grieta.org.mx\/wp-content\/uploads\/2020\/02\/Dislocada-Zacatecas-1.jpg?resize=700%2C400&ssl=1 2x"},"classes":[]},{"id":30863,"url":"https:\/\/www.grieta.org.mx\/index.php\/2019\/03\/16\/convocatoria-a-las-jornadas-de-lucha-zapata-vive-samir-vive-la-lucha-sigue-a-100-anos-del-asesinato-del-general-emiliano-zapata-salazar\/","url_meta":{"origin":45266,"position":4},"title":"CONVOCATORIA A LAS JORNADAS DE LUCHA \u201cZAPATA VIVE, SAMIR VIVE, LA LUCHA SIGUE\u201d A 100 A\u00d1OS DEL ASESINATO DEL GENERAL EMILIANO ZAPATA SALAZAR","author":"grieta","date":"16 marzo, 2019","format":false,"excerpt":"CONVOCATORIA A LAS JORNADAS DE LUCHA \u201cZAPATA VIVE, SAMIR VIVE, LA LUCHA SIGUE\u201d A 100 A\u00d1OS DEL ASESINATO DEL GENERAL EMILIANO ZAPATA SALAZAR Considerando que a nuestro hermano Samir Flores Soberanes lo mat\u00f3 el r\u00e9gimen neoliberal; no sabemos si el gobierno, si los empresarios, si sus c\u00e1rteles delincuenciales, o, si\u2026","rel":"","context":"En &quot;CINTILLO&quot;","block_context":{"text":"CINTILLO","link":"https:\/\/www.grieta.org.mx\/index.php\/category\/cintillo\/"},"img":{"alt_text":"","src":"https:\/\/i0.wp.com\/www.grieta.org.mx\/wp-content\/uploads\/2018\/03\/14524434_1106112876131411_958039263622046936_o.jpg?resize=350%2C200&ssl=1","width":350,"height":200,"srcset":"https:\/\/i0.wp.com\/www.grieta.org.mx\/wp-content\/uploads\/2018\/03\/14524434_1106112876131411_958039263622046936_o.jpg?resize=350%2C200&ssl=1 1x, https:\/\/i0.wp.com\/www.grieta.org.mx\/wp-content\/uploads\/2018\/03\/14524434_1106112876131411_958039263622046936_o.jpg?resize=525%2C300&ssl=1 1.5x, https:\/\/i0.wp.com\/www.grieta.org.mx\/wp-content\/uploads\/2018\/03\/14524434_1106112876131411_958039263622046936_o.jpg?resize=700%2C400&ssl=1 2x"},"classes":[]},{"id":34153,"url":"https:\/\/www.grieta.org.mx\/index.php\/2019\/05\/31\/denuncian-asesinatos-y-aumento-de-militarizacion-en-zonas-zapatistas-ciudad-de-mexico\/","url_meta":{"origin":45266,"position":5},"title":"Denuncian asesinatos y aumento de militarizaci\u00f3n en zonas zapatistas (Ciudad de M\u00e9xico)","author":"grieta","date":"31 mayo, 2019","format":false,"excerpt":"IXTLIX\u00d3CHITL L\u00d3PEZ\/Proceso CIUDAD DE M\u00c9XICO (apro).\u2013 Integrantes de colectivos y redes de apoyo del Congreso Nacional Ind\u00edgena (CNI) y del Ej\u00e9rcito Zapatista de Liberaci\u00f3n Nacional (EZLN) se manifestaron esta ma\u00f1ana frente a Palacio Nacional para exigir el retiro de las fuerzas del Ej\u00e9rcito de territorio zapatista, en el estado de\u2026","rel":"","context":"En &quot;CINTILLO&quot;","block_context":{"text":"CINTILLO","link":"https:\/\/www.grieta.org.mx\/index.php\/category\/cintillo\/"},"img":{"alt_text":"","src":"https:\/\/i0.wp.com\/www.grieta.org.mx\/wp-content\/uploads\/2019\/06\/Zapatistas-OK-1-1078x782.jpg?resize=350%2C200&ssl=1","width":350,"height":200,"srcset":"https:\/\/i0.wp.com\/www.grieta.org.mx\/wp-content\/uploads\/2019\/06\/Zapatistas-OK-1-1078x782.jpg?resize=350%2C200&ssl=1 1x, https:\/\/i0.wp.com\/www.grieta.org.mx\/wp-content\/uploads\/2019\/06\/Zapatistas-OK-1-1078x782.jpg?resize=525%2C300&ssl=1 1.5x, https:\/\/i0.wp.com\/www.grieta.org.mx\/wp-content\/uploads\/2019\/06\/Zapatistas-OK-1-1078x782.jpg?resize=700%2C400&ssl=1 2x, https:\/\/i0.wp.com\/www.grieta.org.mx\/wp-content\/uploads\/2019\/06\/Zapatistas-OK-1-1078x782.jpg?resize=1050%2C600&ssl=1 3x"},"classes":[]}],"_links":{"self":[{"href":"https:\/\/www.grieta.org.mx\/index.php\/wp-json\/wp\/v2\/posts\/45266","targetHints":{"allow":["GET"]}}],"collection":[{"href":"https:\/\/www.grieta.org.mx\/index.php\/wp-json\/wp\/v2\/posts"}],"about":[{"href":"https:\/\/www.grieta.org.mx\/index.php\/wp-json\/wp\/v2\/types\/post"}],"author":[{"embeddable":true,"href":"https:\/\/www.grieta.org.mx\/index.php\/wp-json\/wp\/v2\/users\/1"}],"replies":[{"embeddable":true,"href":"https:\/\/www.grieta.org.mx\/index.php\/wp-json\/wp\/v2\/comments?post=45266"}],"version-history":[{"count":1,"href":"https:\/\/www.grieta.org.mx\/index.php\/wp-json\/wp\/v2\/posts\/45266\/revisions"}],"predecessor-version":[{"id":45269,"href":"https:\/\/www.grieta.org.mx\/index.php\/wp-json\/wp\/v2\/posts\/45266\/revisions\/45269"}],"wp:featuredmedia":[{"embeddable":true,"href":"https:\/\/www.grieta.org.mx\/index.php\/wp-json\/wp\/v2\/media\/40102"}],"wp:attachment":[{"href":"https:\/\/www.grieta.org.mx\/index.php\/wp-json\/wp\/v2\/media?parent=45266"}],"wp:term":[{"taxonomy":"category","embeddable":true,"href":"https:\/\/www.grieta.org.mx\/index.php\/wp-json\/wp\/v2\/categories?post=45266"},{"taxonomy":"post_tag","embeddable":true,"href":"https:\/\/www.grieta.org.mx\/index.php\/wp-json\/wp\/v2\/tags?post=45266"}],"curies":[{"name":"wp","href":"https:\/\/api.w.org\/{rel}","templated":true}]}}