{"id":45260,"date":"2020-02-10T09:44:48","date_gmt":"2020-02-10T15:44:48","guid":{"rendered":"http:\/\/www.grieta.org.mx\/?p=45260"},"modified":"2020-02-27T09:55:08","modified_gmt":"2020-02-27T15:55:08","slug":"brigada-de-busqueda-toma-la-alcaldia-de-poza-rica-veracruz","status":"publish","type":"post","link":"https:\/\/www.grieta.org.mx\/index.php\/2020\/02\/10\/brigada-de-busqueda-toma-la-alcaldia-de-poza-rica-veracruz\/","title":{"rendered":"Brigada de b\u00fasqueda \u201ctoma\u201d la alcald\u00eda de Poza Rica (Veracruz)"},"content":{"rendered":"<figure id=\"attachment_45261\" aria-describedby=\"caption-attachment-45261\" style=\"width: 800px\" class=\"wp-caption aligncenter\"><a href=\"http:\/\/www.grieta.org.mx\/wp-content\/uploads\/2020\/02\/PDP_Brigada2_Busqueda_PozaRica_Feb102020_Andro-Aguilar.jpg\"><img loading=\"lazy\" decoding=\"async\" data-attachment-id=\"45261\" data-permalink=\"https:\/\/www.grieta.org.mx\/index.php\/2020\/02\/10\/brigada-de-busqueda-toma-la-alcaldia-de-poza-rica-veracruz\/pdp_brigada2_busqueda_pozarica_feb102020_andro-aguilar\/\" data-orig-file=\"https:\/\/www.grieta.org.mx\/wp-content\/uploads\/2020\/02\/PDP_Brigada2_Busqueda_PozaRica_Feb102020_Andro-Aguilar.jpg\" data-orig-size=\"1280,800\" data-comments-opened=\"0\" data-image-meta=\"{&quot;aperture&quot;:&quot;0&quot;,&quot;credit&quot;:&quot;&quot;,&quot;camera&quot;:&quot;&quot;,&quot;caption&quot;:&quot;&quot;,&quot;created_timestamp&quot;:&quot;0&quot;,&quot;copyright&quot;:&quot;&quot;,&quot;focal_length&quot;:&quot;0&quot;,&quot;iso&quot;:&quot;0&quot;,&quot;shutter_speed&quot;:&quot;0&quot;,&quot;title&quot;:&quot;&quot;,&quot;orientation&quot;:&quot;1&quot;}\" data-image-title=\"PDP_Brigada2_Busqueda_PozaRica_Feb102020_Andro-Aguilar\" data-image-description=\"\" data-image-caption=\"\" data-medium-file=\"https:\/\/www.grieta.org.mx\/wp-content\/uploads\/2020\/02\/PDP_Brigada2_Busqueda_PozaRica_Feb102020_Andro-Aguilar-300x188.jpg\" data-large-file=\"https:\/\/www.grieta.org.mx\/wp-content\/uploads\/2020\/02\/PDP_Brigada2_Busqueda_PozaRica_Feb102020_Andro-Aguilar-1024x640.jpg\" class=\"wp-image-45261\" src=\"http:\/\/www.grieta.org.mx\/wp-content\/uploads\/2020\/02\/PDP_Brigada2_Busqueda_PozaRica_Feb102020_Andro-Aguilar-300x188.jpg\" alt=\"\" width=\"800\" height=\"500\" srcset=\"https:\/\/www.grieta.org.mx\/wp-content\/uploads\/2020\/02\/PDP_Brigada2_Busqueda_PozaRica_Feb102020_Andro-Aguilar-300x188.jpg 300w, https:\/\/www.grieta.org.mx\/wp-content\/uploads\/2020\/02\/PDP_Brigada2_Busqueda_PozaRica_Feb102020_Andro-Aguilar-768x480.jpg 768w, https:\/\/www.grieta.org.mx\/wp-content\/uploads\/2020\/02\/PDP_Brigada2_Busqueda_PozaRica_Feb102020_Andro-Aguilar-1024x640.jpg 1024w, https:\/\/www.grieta.org.mx\/wp-content\/uploads\/2020\/02\/PDP_Brigada2_Busqueda_PozaRica_Feb102020_Andro-Aguilar-800x500.jpg 800w, https:\/\/www.grieta.org.mx\/wp-content\/uploads\/2020\/02\/PDP_Brigada2_Busqueda_PozaRica_Feb102020_Andro-Aguilar.jpg 1280w\" sizes=\"auto, (max-width: 800px) 100vw, 800px\" \/><\/a><figcaption id=\"caption-attachment-45261\" class=\"wp-caption-text\">Brigadista coloca las fotos de los desaparecidos. Foto: Andro Aguilar.<\/figcaption><\/figure>\n<p>Texto y fotos: Andro Aguilar \/ Pie de P\u00e1gina<\/p>\n<p><strong>En la jornada de este lunes, una fracci\u00f3n de la Brigada de B\u00fasqueda irrumpi\u00f3 en el municipio de Poza Rica. Esta es una de las zonas m\u00e1s peligrosas de Veracruz. Despu\u00e9s de dialogar, brigadistas y funcionarios establecieron una agenda de trabajo<\/strong><\/p>\n<p>POZA RICA, VERACRUZ.- Juan Carlos Trujillo llama a las integrantes de la Brigada a un lado del \u00c1rbol de la Esperanza, donde las madres cuelgan los retratos de los desaparecidos en Poza Rica.<\/p>\n<p>Las im\u00e1genes son m\u00e1s de doscientas.<\/p>\n<p>Trujillo anuncia que intentar\u00e1n ingresar a la alcald\u00eda. Quiere aprovechar la coyuntura pol\u00edtica que deriv\u00f3 en que este municipio, el estado y el pa\u00eds son gobernados por el mismo partido.<\/p>\n<p>Que se comprometan a garantizar el nunca m\u00e1s, se\u00f1ala.<\/p>\n<p>Entre 2009 y 2013, Poza Rica padeci\u00f3 el pico m\u00e1s alto de cr\u00edmenes de desaparici\u00f3n en la zona norte de Veracruz. Las autoridades de este municipio permitieron las desapariciones de sus habitantes durante a\u00f1os.<\/p>\n<p>S\u00f3lo el Colectivo Mar\u00eda Herrera tiene un registro de 210 personas desaparecidas en la regi\u00f3n: Poza Rica, Tihuatl\u00e1n, Coatzintla, Cazones, Papantla, Guti\u00e9rrez de la Torre.<br \/>\nEl norte veracruzano, zona negra<\/p>\n<p>Los familiares de v\u00edctimas relatan los m\u00faltiples secuestros de j\u00f3venes sobre la calle 20 de Noviembre, en el centro de la ciudad petrolera. El hijo de Rogelio L\u00f3pez iba con dos amigos y se llevaron a los tres. El hermano de la maestra Herlinda Baltazar Santiago, que hab\u00eda salido por unos tacos, ya no volvi\u00f3. Unos familiares s\u00ed pagaron el rescate que les pidieron los secuestradores y otros no pudieron hacerlo. Pero en ning\u00fan caso han vuelto a ver a sus seres queridos. Alguno de los familiares se\u00f1ala que hay muchos m\u00e1s casos como los suyos, pero que no todos se animan a platicar.<\/p>\n<p>La Brigada viene a decir a la alcald\u00eda de Poza Rica que eso nunca m\u00e1s debe ocurrir.<\/p>\n<p>Las buscadoras entran en un grupo a las instalaciones del municipio. El edificio est\u00e1 en contraesquina con el \u00c1rbol de la Esperanza.<\/p>\n<p>\u201cQue quede este antecedente para que ellos puedan poner todo su coraz\u00f3n, su humanidad para la b\u00fasqueda de desaparecidos\u201d. Juan Carlos dice que la principal finalidad es dialogar con los funcionarios. As\u00ed, advierte, tomar\u00e1n cada uno de los municipios.<\/p>\n<p>Trujillo quiere que los ciudadanos recuperen, m\u00e1s all\u00e1 del simb\u00f3lico, la demarcaci\u00f3n m\u00e1s vulnerada por los grupos criminales: los municipios.<\/p>\n<p><strong>Encuentro extraordinario<\/strong><\/p>\n<p>El auditorio est\u00e1 lleno de rostros ausentes: im\u00e1genes cargadas por familiares. A una treintena de funcionarios les toca escuchar a las buscadoras.<\/p>\n<p>\u201cHay gente que es luz y la de ustedes es m\u00e1s que la de mediod\u00eda\u201d, comenta el sacerdote Juli\u00e1n Ver\u00f3nica. El sacerdote es uno de los principales impulsores de la Brigada Nacional de B\u00fasqueda de Personas desaparecidas, que este a\u00f1o realizan por quinta ocasi\u00f3n. \u00c9l recuerda el encuentro de la Primera Brigada de B\u00fasqueda con autoridades de distintos niveles en Amatl\u00e1n, Veracruz.<\/p>\n<p>En aquella ocasi\u00f3n, la polic\u00eda cient\u00edfica y la Fiscal\u00eda estatal eludieron la responsabilidad sobre los restos humanos de los que deb\u00edan hacerse cargo.<\/p>\n<p>Pero es diferente lo ocurrido este martes. \u201cLo de hoy es algo extraordinario\u201d, destaca el sacerdote. Frente a los funcionarios de Poza Rica, Juli\u00e1n Ver\u00f3nica invita al entendimiento: \u201cEs el primer encuentro por la empat\u00eda\u201d.<\/p>\n<p><a href=\"http:\/\/www.grieta.org.mx\/wp-content\/uploads\/2020\/02\/PDP_Brigada1_Busqueda_PozaRica_Feb102020_Andro-Aguilar.jpg\"><img loading=\"lazy\" decoding=\"async\" data-attachment-id=\"45263\" data-permalink=\"https:\/\/www.grieta.org.mx\/index.php\/2020\/02\/10\/brigada-de-busqueda-toma-la-alcaldia-de-poza-rica-veracruz\/pdp_brigada1_busqueda_pozarica_feb102020_andro-aguilar\/\" data-orig-file=\"https:\/\/www.grieta.org.mx\/wp-content\/uploads\/2020\/02\/PDP_Brigada1_Busqueda_PozaRica_Feb102020_Andro-Aguilar.jpg\" data-orig-size=\"997,623\" data-comments-opened=\"0\" data-image-meta=\"{&quot;aperture&quot;:&quot;0&quot;,&quot;credit&quot;:&quot;&quot;,&quot;camera&quot;:&quot;&quot;,&quot;caption&quot;:&quot;&quot;,&quot;created_timestamp&quot;:&quot;0&quot;,&quot;copyright&quot;:&quot;&quot;,&quot;focal_length&quot;:&quot;0&quot;,&quot;iso&quot;:&quot;0&quot;,&quot;shutter_speed&quot;:&quot;0&quot;,&quot;title&quot;:&quot;&quot;,&quot;orientation&quot;:&quot;1&quot;}\" data-image-title=\"PDP_Brigada1_Busqueda_PozaRica_Feb102020_Andro-Aguilar\" data-image-description=\"\" data-image-caption=\"\" data-medium-file=\"https:\/\/www.grieta.org.mx\/wp-content\/uploads\/2020\/02\/PDP_Brigada1_Busqueda_PozaRica_Feb102020_Andro-Aguilar-300x187.jpg\" data-large-file=\"https:\/\/www.grieta.org.mx\/wp-content\/uploads\/2020\/02\/PDP_Brigada1_Busqueda_PozaRica_Feb102020_Andro-Aguilar.jpg\" class=\"aligncenter wp-image-45263\" src=\"http:\/\/www.grieta.org.mx\/wp-content\/uploads\/2020\/02\/PDP_Brigada1_Busqueda_PozaRica_Feb102020_Andro-Aguilar-300x187.jpg\" alt=\"\" width=\"800\" height=\"500\" srcset=\"https:\/\/www.grieta.org.mx\/wp-content\/uploads\/2020\/02\/PDP_Brigada1_Busqueda_PozaRica_Feb102020_Andro-Aguilar-300x187.jpg 300w, https:\/\/www.grieta.org.mx\/wp-content\/uploads\/2020\/02\/PDP_Brigada1_Busqueda_PozaRica_Feb102020_Andro-Aguilar-768x480.jpg 768w, https:\/\/www.grieta.org.mx\/wp-content\/uploads\/2020\/02\/PDP_Brigada1_Busqueda_PozaRica_Feb102020_Andro-Aguilar-800x500.jpg 800w, https:\/\/www.grieta.org.mx\/wp-content\/uploads\/2020\/02\/PDP_Brigada1_Busqueda_PozaRica_Feb102020_Andro-Aguilar.jpg 997w\" sizes=\"auto, (max-width: 800px) 100vw, 800px\" \/><\/a><\/p>\n<p><strong>Enga\u00f1os<\/strong><\/p>\n<p>Al micr\u00f3fono, Mar\u00eda Herrera recuerda que los gobiernos de Felipe Calder\u00f3n y Enrique Pe\u00f1a Nieto las enga\u00f1aron. \u201cHasta que tomamos palas y picos. Nos organizamos\u201d.<\/p>\n<p>Los funcionarios escuchan callados. La s\u00edndico dice que las v\u00edctimas cuentan con su apoyo.<\/p>\n<p>\u201cAtenci\u00f3n no es resoluci\u00f3n \u201c, le advierte Juan Carlos Trujillo, \u201cvamos a seguir picando piedra\u201d.<\/p>\n<p>Mar\u00eda Herrera enfatiza: \u201cUstedes, como funcionarios, tienen m\u00e1s medios y la obligaci\u00f3n de ayudarnos a alzar la voz\u201d. Por eso, \u201cesta invitaci\u00f3n se las hacemos con el coraz\u00f3n en la mano\u201d.<\/p>\n<p>Juan Carlos Trujillo toma la palabra. Las v\u00edctimas, explica, buscan tomar los espacios p\u00fablicos m\u00e1s all\u00e1 de lo simb\u00f3lico. Lo p\u00fablico es de todos. Y el trabajo p\u00fablico es para todos.<\/p>\n<p>Adem\u00e1s de buscar a los familiares, la intenci\u00f3n de confrontar a los funcionarios es hallar a esos seres humanos perdidos dentro de las personas. Si no lo logran, jam\u00e1s hallar\u00e1n a los desaparecidos.<\/p>\n<p>\u201cNo soy de Poza Rica, pero me siento como de Poza Rica porque aqu\u00ed se qued\u00f3 gran parte de mi vida\u201d, resume Juan Carlos. En la zona, sus hermanos Gustavo y Luis Armando fueron desaparecidos tras ser detenidos en un ret\u00e9n militar.<\/p>\n<p><strong>Los tres frentes de la Brigada<\/strong><\/p>\n<p>La Brigada de B\u00fasqueda se dividi\u00f3 en tres grupos este lunes.<\/p>\n<p>Los colectivos buscaron a los ausentes en dos prisiones. Tambi\u00e9n recorrieron una zona en campo abierto.<\/p>\n<p>Hallaron restos \u00f3seos a nivel de tierra, a\u00fan no se sabe si corresponden a una persona o es un solo cuerpo enterrado. Descartaron otros puntos.<\/p>\n<p><strong>La hora exacta<\/strong><\/p>\n<p>Luz Hern\u00e1ndez toma el micr\u00f3fono. Les recuerda a los funcionarios que su hijo Brayan desapareci\u00f3 al 20 para las seis del 28 de abril de 2016. Unos hombres se lo llevaron en el parque Benito Ju\u00e1rez, s\u00f3lo a un cruce de calle de distancia de la presidencia municipal de Poza Rica.<\/p>\n<p>Ramon L\u00f3pez agrega que su hijo Rogelio fue secuestrado en el centro del pueblo. \u201cYa no tenemos miedo a nada, estamos muertos en vida\u201d.<\/p>\n<p>Una buscadora de Zacatecas les relata que suma nueve a\u00f1os en la b\u00fasqueda de su familiar. \u201cNosotros no dormimos en la noche como cualquiera de ustedes\u201d.<\/p>\n<p>Para este momento, algunas v\u00edctimas lloran. Y algunos funcionarios pasan saliva, pero otros no se aguantan, se limpian de forma discreta las l\u00e1grimas.<\/p>\n<p>El joven sinaloense \u00c1ngel toma la palabra. \u00c9l fue testigo presencial del secuestro de su hermano en Sinaloa.<\/p>\n<p>\u201cNo tienen idea, escuchar a una madre llorar todas las noches por su hijo sin poder hacer nada\u201d.<\/p>\n<p>Tita Radilla, quien busca a su padre Rosendo Radilla, desaparecido en la Guerra Sucia, recuerda que los desaparecidos son de todos.<\/p>\n<p>La activista propone que el municipio coloque un buz\u00f3n para denuncias an\u00f3nimas que permitan obtener informaci\u00f3n sobre los desaparecidos.<\/p>\n<p>\u201cUn abrazo, una palabra, un apret\u00f3n de manos ayuda\u201d.<\/p>\n<p><a href=\"http:\/\/www.grieta.org.mx\/wp-content\/uploads\/2020\/02\/PDP_Brigada_Busqueda_PozaRica_Feb102020_Andro-Aguilar.jpg\"><img loading=\"lazy\" decoding=\"async\" data-attachment-id=\"45264\" data-permalink=\"https:\/\/www.grieta.org.mx\/index.php\/2020\/02\/10\/brigada-de-busqueda-toma-la-alcaldia-de-poza-rica-veracruz\/pdp_brigada_busqueda_pozarica_feb102020_andro-aguilar\/\" data-orig-file=\"https:\/\/www.grieta.org.mx\/wp-content\/uploads\/2020\/02\/PDP_Brigada_Busqueda_PozaRica_Feb102020_Andro-Aguilar.jpg\" data-orig-size=\"1280,800\" data-comments-opened=\"0\" data-image-meta=\"{&quot;aperture&quot;:&quot;0&quot;,&quot;credit&quot;:&quot;&quot;,&quot;camera&quot;:&quot;&quot;,&quot;caption&quot;:&quot;&quot;,&quot;created_timestamp&quot;:&quot;0&quot;,&quot;copyright&quot;:&quot;&quot;,&quot;focal_length&quot;:&quot;0&quot;,&quot;iso&quot;:&quot;0&quot;,&quot;shutter_speed&quot;:&quot;0&quot;,&quot;title&quot;:&quot;&quot;,&quot;orientation&quot;:&quot;1&quot;}\" data-image-title=\"PDP_Brigada_Busqueda_PozaRica_Feb102020_Andro-Aguilar\" data-image-description=\"\" data-image-caption=\"\" data-medium-file=\"https:\/\/www.grieta.org.mx\/wp-content\/uploads\/2020\/02\/PDP_Brigada_Busqueda_PozaRica_Feb102020_Andro-Aguilar-300x188.jpg\" data-large-file=\"https:\/\/www.grieta.org.mx\/wp-content\/uploads\/2020\/02\/PDP_Brigada_Busqueda_PozaRica_Feb102020_Andro-Aguilar-1024x640.jpg\" class=\"aligncenter wp-image-45264\" src=\"http:\/\/www.grieta.org.mx\/wp-content\/uploads\/2020\/02\/PDP_Brigada_Busqueda_PozaRica_Feb102020_Andro-Aguilar-300x188.jpg\" alt=\"\" width=\"800\" height=\"500\" srcset=\"https:\/\/www.grieta.org.mx\/wp-content\/uploads\/2020\/02\/PDP_Brigada_Busqueda_PozaRica_Feb102020_Andro-Aguilar-300x188.jpg 300w, https:\/\/www.grieta.org.mx\/wp-content\/uploads\/2020\/02\/PDP_Brigada_Busqueda_PozaRica_Feb102020_Andro-Aguilar-768x480.jpg 768w, https:\/\/www.grieta.org.mx\/wp-content\/uploads\/2020\/02\/PDP_Brigada_Busqueda_PozaRica_Feb102020_Andro-Aguilar-1024x640.jpg 1024w, https:\/\/www.grieta.org.mx\/wp-content\/uploads\/2020\/02\/PDP_Brigada_Busqueda_PozaRica_Feb102020_Andro-Aguilar-800x500.jpg 800w, https:\/\/www.grieta.org.mx\/wp-content\/uploads\/2020\/02\/PDP_Brigada_Busqueda_PozaRica_Feb102020_Andro-Aguilar.jpg 1280w\" sizes=\"auto, (max-width: 800px) 100vw, 800px\" \/><\/a><\/p>\n<p><strong>\u00c1rbol de esperanza y recuerdo <\/strong><\/p>\n<p>Durante la ma\u00f1ana los familiares de los desaparecidos hicieron una jornada en el parque Benito Ju\u00e1rez, donde se encuentra el \u00e1rbol de la esperanza. <\/p>\n<p>Con actividades circenses y talleres para ni\u00f1os, buscaron sensibilizar a los paseantes.<\/p>\n<p>Tambi\u00e9n volantearon para brindar informaci\u00f3n sobre los casos.<\/p>\n<p>Desde hace unos tres a\u00f1os ese \u00e1rbol se convirti\u00f3 en un memorial donde las madres colocan las fotos de sus hijos. El D\u00eda del Ni\u00f1o Perdido, el D\u00eda de los Desaparecidos. Eligieron ese punto de forma natural. Esa pr\u00e1ctica se ha reproducido en otros puntos de la regi\u00f3n como Papantla. <\/p>\n<p>Mar\u00eda Herrera repite varias veces: no buscamos culpables.<\/p>\n<p>\u201cEsperamos que m\u00e1s de una persona pueda darnos informaci\u00f3n en donde poder encontrar los restos de nuestros desaparecidos. Solos no vamos a poder, necesitamos de ustedes\u201d.<\/p>\n<p>Los funcionarios hablaron uno a uno. Confesaron no conocer la magnitud del problema. Algunos se abrazaron con las v\u00edctimas. <\/p>\n<p>Los funcionarios del municipio se comprometieron a tener mesas cada tres meses. Tambi\u00e9n a facilitar tr\u00e1mites para documentaci\u00f3n de personas desaparecidas y para los hijos de los ausentes.<\/p>\n<p><strong>La vida sin ellos<\/strong><\/p>\n<p>\u201c\u00bfPuedes tomar una foto donde est\u00e1 mi tesoro? El m\u00e1s hermoso de todos\u201d, dice una madre sonriente.<\/p>\n<p>El llanto se le viene de repente. Hace unos minutos sonre\u00eda, bromeaba.<\/p>\n<p>Un transe\u00fante baraja como estampitas los peque\u00f1os retratos de desaparecidos que una madre sinaloense le pas\u00f3.<\/p>\n<p>Ella le pide que se fije bien por si reconoce a alguno.<\/p>\n<p>\u201cYo los veo bien a todos, ando donde quiera, pero es que aqu\u00ed no se puede hablar con nadie porque se lo llevan, le pegan a uno. En la casa de la opini\u00f3n. Yo por eso ando solo. Yo me he portado bien. Ando dando vueltas porque no tengo trabajo\u2026\u201d.<\/p>\n<p>-Checa si has visto a alguno de ellos, insiste ella.<\/p>\n<p>-No\u2026 no\u2026 no los he visto\u2026 No, para qu\u00e9 voy a decir que s\u00ed\u2026<\/p>\n<p>-Usted obs\u00e9rvelos\u2026<\/p>\n<p>-No los conozco\u2026 <\/p>\n<p>Luz Hern\u00e1ndez perdi\u00f3 a su hijo precisamente en este parque. Dice que no quer\u00eda que ese fuera el punto de reuni\u00f3n de la Brigada. Las otras familiares la sostienen, la abrazan, ella se va desvaneciendo. El sollozo se convierte en un llanto abierto, en gritos. Porque vivos se los llevaron. Vivos los queremos. Hasta cu\u00e1ndo, hasta encontrarlos. \u00bfD\u00f3nde est\u00e1 La Paz?<\/p>\n<p><a href=\"https:\/\/piedepagina.mx\/brigada-de-busqueda-toma-la-alcaldia-de-poza-rica\/\">https:\/\/piedepagina.mx\/brigada-de-busqueda-toma-la-alcaldia-de-poza-rica\/<\/a><\/p>\n","protected":false},"excerpt":{"rendered":"<p>Texto y fotos: Andro Aguilar \/ Pie de P\u00e1gina En la jornada de este lunes, una fracci\u00f3n de la Brigada de B\u00fasqueda irrumpi\u00f3 en el municipio de Poza Rica. Esta &hellip; <a href=\"https:\/\/www.grieta.org.mx\/index.php\/2020\/02\/10\/brigada-de-busqueda-toma-la-alcaldia-de-poza-rica-veracruz\/\" class=\"more-link\">Leer m\u00e1s<\/a><\/p>\n","protected":false},"author":1,"featured_media":45261,"comment_status":"closed","ping_status":"closed","sticky":false,"template":"","format":"standard","meta":{"ngg_post_thumbnail":0,"_jetpack_newsletter_access":"","_jetpack_dont_email_post_to_subs":false,"_jetpack_newsletter_tier_id":0,"_jetpack_memberships_contains_paywalled_content":false,"_jetpack_memberships_contains_paid_content":false,"footnotes":""},"categories":[80,87,1012,2,83,35],"tags":[613,2484,1828],"class_list":["post-45260","post","type-post","status-publish","format-standard","has-post-thumbnail","hentry","category-cintillo","category-desaparecidos","category-desaparecidos-en-veracruz","category-noticias-nacionales","category-temas-nacionales","category-veracruz","tag-brigada-nacional-de-busqueda","tag-buscadoras","tag-busqueda-de-desaparecidos","entry"],"jetpack_featured_media_url":"https:\/\/www.grieta.org.mx\/wp-content\/uploads\/2020\/02\/PDP_Brigada2_Busqueda_PozaRica_Feb102020_Andro-Aguilar.jpg","jetpack_sharing_enabled":true,"jetpack_shortlink":"https:\/\/wp.me\/p7ZJR4-bM0","jetpack_likes_enabled":false,"jetpack-related-posts":[{"id":44221,"url":"https:\/\/www.grieta.org.mx\/index.php\/2020\/02\/09\/familiares-de-desaparecidos-en-mexico-organizan-una-brigada-nacional-de-busqueda-veracruz\/","url_meta":{"origin":45260,"position":0},"title":"Familiares de desaparecidos en M\u00e9xico organizan una brigada nacional de b\u00fasqueda (Veracruz)","author":"grieta","date":"9 febrero, 2020","format":false,"excerpt":"Jos\u00e9 Beltr\u00e1n \/ Reuters Al menos 74 colectivos de familiares realizar\u00e1n recorridos en las comunidades de Papantla, Poza Rica, Tihuatl\u00e1n, Tuxpan y Guti\u00e9rrez Zamora, al norte de Veracruz. Este viernes 7 de febrero, alrededor de 300 personas de 21 estados participar\u00e1n en la Quinta Brigada Nacional de B\u00fasqueda de Personas\u2026","rel":"","context":"En &quot;CINTILLO&quot;","block_context":{"text":"CINTILLO","link":"https:\/\/www.grieta.org.mx\/index.php\/category\/cintillo\/"},"img":{"alt_text":"","src":"https:\/\/i0.wp.com\/www.grieta.org.mx\/wp-content\/uploads\/2020\/02\/5e3da9cde9ff717dd76b9c5e.jpg?resize=350%2C200&ssl=1","width":350,"height":200,"srcset":"https:\/\/i0.wp.com\/www.grieta.org.mx\/wp-content\/uploads\/2020\/02\/5e3da9cde9ff717dd76b9c5e.jpg?resize=350%2C200&ssl=1 1x, https:\/\/i0.wp.com\/www.grieta.org.mx\/wp-content\/uploads\/2020\/02\/5e3da9cde9ff717dd76b9c5e.jpg?resize=525%2C300&ssl=1 1.5x, https:\/\/i0.wp.com\/www.grieta.org.mx\/wp-content\/uploads\/2020\/02\/5e3da9cde9ff717dd76b9c5e.jpg?resize=700%2C400&ssl=1 2x, https:\/\/i0.wp.com\/www.grieta.org.mx\/wp-content\/uploads\/2020\/02\/5e3da9cde9ff717dd76b9c5e.jpg?resize=1050%2C600&ssl=1 3x"},"classes":[]},{"id":14868,"url":"https:\/\/www.grieta.org.mx\/index.php\/2016\/06\/23\/asesinan-a-jesus-jimenez-de-brigada-nacional-de-busqueda-de-desaparecidos\/","url_meta":{"origin":45260,"position":1},"title":"Asesinan a Jes\u00fas Jim\u00e9nez de Brigada Nacional de B\u00fasqueda de desaparecidos","author":"grieta","date":"23 junio, 2016","format":false,"excerpt":"Citlali T\u00e9llez Jos\u00e9 Jes\u00fas Jim\u00e9nez Gaona, integrante de la Brigada Nacional de B\u00fasqueda de Desaparecidos, fue asesinado la noche del mi\u00e9rcoles 22 de junio en Poza Rica, Veracruz; su esposa Francisca V\u00e1zquez fue herida en el mismo ataque y se encuentra grave. La Fiscal\u00eda General del Estado de Veracruz inform\u00f3\u2026","rel":"","context":"En &quot;CINTILLO&quot;","block_context":{"text":"CINTILLO","link":"https:\/\/www.grieta.org.mx\/index.php\/category\/cintillo\/"},"img":{"alt_text":"","src":"https:\/\/i0.wp.com\/www.grieta.org.mx\/wp-content\/uploads\/2018\/03\/14524434_1106112876131411_958039263622046936_o.jpg?resize=350%2C200&ssl=1","width":350,"height":200,"srcset":"https:\/\/i0.wp.com\/www.grieta.org.mx\/wp-content\/uploads\/2018\/03\/14524434_1106112876131411_958039263622046936_o.jpg?resize=350%2C200&ssl=1 1x, https:\/\/i0.wp.com\/www.grieta.org.mx\/wp-content\/uploads\/2018\/03\/14524434_1106112876131411_958039263622046936_o.jpg?resize=525%2C300&ssl=1 1.5x, https:\/\/i0.wp.com\/www.grieta.org.mx\/wp-content\/uploads\/2018\/03\/14524434_1106112876131411_958039263622046936_o.jpg?resize=700%2C400&ssl=1 2x"},"classes":[]},{"id":45648,"url":"https:\/\/www.grieta.org.mx\/index.php\/2020\/02\/26\/familias-de-desaparecidos-denuncian-campos-de-exterminio-en-veracruz\/","url_meta":{"origin":45260,"position":2},"title":"Familias de desaparecidos denuncian campos de exterminio en Veracruz","author":"Admin","date":"26 febrero, 2020","format":false,"excerpt":"Eliana Gilet \/ Sputnik News La quinta Brigada Nacional de B\u00fasqueda de personas desaparecidas en M\u00e9xico trabaj\u00f3 durante 15 d\u00edas en la zona norte del estado de Veracruz, particularmente afectado por la reiterada comisi\u00f3n de este delito de lesa humanidad, es decir, que no prescribe y que siempre puede ser\u2026","rel":"","context":"En &quot;CINTILLO&quot;","block_context":{"text":"CINTILLO","link":"https:\/\/www.grieta.org.mx\/index.php\/category\/cintillo\/"},"img":{"alt_text":"","src":"https:\/\/i0.wp.com\/www.grieta.org.mx\/wp-content\/uploads\/2020\/03\/Screenshot_2020-03-06-Familias-de-desaparecidos-denuncian-campos-de-exterminio-en-Veracruz.png?resize=350%2C200&ssl=1","width":350,"height":200,"srcset":"https:\/\/i0.wp.com\/www.grieta.org.mx\/wp-content\/uploads\/2020\/03\/Screenshot_2020-03-06-Familias-de-desaparecidos-denuncian-campos-de-exterminio-en-Veracruz.png?resize=350%2C200&ssl=1 1x, https:\/\/i0.wp.com\/www.grieta.org.mx\/wp-content\/uploads\/2020\/03\/Screenshot_2020-03-06-Familias-de-desaparecidos-denuncian-campos-de-exterminio-en-Veracruz.png?resize=525%2C300&ssl=1 1.5x, https:\/\/i0.wp.com\/www.grieta.org.mx\/wp-content\/uploads\/2020\/03\/Screenshot_2020-03-06-Familias-de-desaparecidos-denuncian-campos-de-exterminio-en-Veracruz.png?resize=700%2C400&ssl=1 2x, https:\/\/i0.wp.com\/www.grieta.org.mx\/wp-content\/uploads\/2020\/03\/Screenshot_2020-03-06-Familias-de-desaparecidos-denuncian-campos-de-exterminio-en-Veracruz.png?resize=1050%2C600&ssl=1 3x"},"classes":[]},{"id":10560,"url":"https:\/\/www.grieta.org.mx\/index.php\/2016\/09\/12\/desaparecidos-en-veracruz\/","url_meta":{"origin":45260,"position":3},"title":"Desaparecidos en Veracruz","author":"grieta","date":"12 septiembre, 2016","format":false,"excerpt":"El Colectivo Solecito Veracruzano contin\u00faa labores de b\u00fasqueda de desaparecidos 12\/09\/16. Mujeres que buscan fosas acusan que Fiscal\u00eda de Veracruz entorpece su b\u00fasqueda Animal Pol\u00edtico 29\/08\/16. Un narcocementerio llamado Veracruz Proceso 15\/08\/16. Encuentran 37 fosas clandestinas en ocho d\u00edas en Veracruz El Financiero 15\/08\/16. Encuentran fosas clandestinas en Veracruz, suman\u2026","rel":"","context":"En &quot;Desaparecidos&quot;","block_context":{"text":"Desaparecidos","link":"https:\/\/www.grieta.org.mx\/index.php\/category\/temas-nacionales\/desaparecidos\/"},"img":{"alt_text":"","src":"https:\/\/i0.wp.com\/www.grieta.org.mx\/wp-content\/uploads\/2018\/03\/14524434_1106112876131411_958039263622046936_o.jpg?resize=350%2C200&ssl=1","width":350,"height":200,"srcset":"https:\/\/i0.wp.com\/www.grieta.org.mx\/wp-content\/uploads\/2018\/03\/14524434_1106112876131411_958039263622046936_o.jpg?resize=350%2C200&ssl=1 1x, https:\/\/i0.wp.com\/www.grieta.org.mx\/wp-content\/uploads\/2018\/03\/14524434_1106112876131411_958039263622046936_o.jpg?resize=525%2C300&ssl=1 1.5x, https:\/\/i0.wp.com\/www.grieta.org.mx\/wp-content\/uploads\/2018\/03\/14524434_1106112876131411_958039263622046936_o.jpg?resize=700%2C400&ssl=1 2x"},"classes":[]},{"id":44218,"url":"https:\/\/www.grieta.org.mx\/index.php\/2020\/02\/09\/inicia-la-mayor-busqueda-de-desaparecidos-en-mexico-veracruz\/","url_meta":{"origin":45260,"position":4},"title":"Inicia la mayor b\u00fasqueda de desaparecidos en M\u00e9xico (Veracruz)","author":"grieta","date":"9 febrero, 2020","format":false,"excerpt":"Texto: Jos\u00e9 Ignacio De Alba \/ Pie de P\u00e1gina Foto: M\u00f3nica Gonz\u00e1lez Unas 350 personas de 21 estados del pa\u00eds inician en Veracruz una extensa jornada de localizaci\u00f3n de cuerpos. Mientras, el gobierno mexicano se mantiene al margen Papantla, Veracruz, es una de las zonas m\u00e1s peligrosas del pa\u00eds. Y\u2026","rel":"","context":"En &quot;CINTILLO&quot;","block_context":{"text":"CINTILLO","link":"https:\/\/www.grieta.org.mx\/index.php\/category\/cintillo\/"},"img":{"alt_text":"","src":"https:\/\/i0.wp.com\/www.grieta.org.mx\/wp-content\/uploads\/2020\/02\/pdp_brigadadebusqueda_monicagonzalez.jpg?resize=350%2C200&ssl=1","width":350,"height":200,"srcset":"https:\/\/i0.wp.com\/www.grieta.org.mx\/wp-content\/uploads\/2020\/02\/pdp_brigadadebusqueda_monicagonzalez.jpg?resize=350%2C200&ssl=1 1x, https:\/\/i0.wp.com\/www.grieta.org.mx\/wp-content\/uploads\/2020\/02\/pdp_brigadadebusqueda_monicagonzalez.jpg?resize=525%2C300&ssl=1 1.5x, https:\/\/i0.wp.com\/www.grieta.org.mx\/wp-content\/uploads\/2020\/02\/pdp_brigadadebusqueda_monicagonzalez.jpg?resize=700%2C400&ssl=1 2x"},"classes":[]},{"id":10752,"url":"https:\/\/www.grieta.org.mx\/index.php\/2016\/04\/22\/en-solo-15-dias-en-veracruz-brigada-de-busqueda-de-desaparecidos-encontro-15-fosas\/","url_meta":{"origin":45260,"position":5},"title":"En s\u00f3lo 15 d\u00edas en Veracruz, Brigada de b\u00fasqueda de desaparecidos encontr\u00f3 15 fosas","author":"grieta","date":"22 abril, 2016","format":false,"excerpt":"Manu Ureste La Brigada Nacional de B\u00fasqueda de familiares de personas desaparecidas inform\u00f3 la tarde de este viernes que, en tan solo 15 d\u00edas de trabajo en diferentes lugares del estado de Veracruz, localiz\u00f3 15 fosas clandestinas con restos humanos, muchos de ellos calcinados. La Brigada se\u00f1al\u00f3 que los hallazgos\u2026","rel":"","context":"En &quot;CINTILLO&quot;","block_context":{"text":"CINTILLO","link":"https:\/\/www.grieta.org.mx\/index.php\/category\/cintillo\/"},"img":{"alt_text":"","src":"https:\/\/i0.wp.com\/www.grieta.org.mx\/wp-content\/uploads\/2018\/03\/14524434_1106112876131411_958039263622046936_o.jpg?resize=350%2C200&ssl=1","width":350,"height":200,"srcset":"https:\/\/i0.wp.com\/www.grieta.org.mx\/wp-content\/uploads\/2018\/03\/14524434_1106112876131411_958039263622046936_o.jpg?resize=350%2C200&ssl=1 1x, https:\/\/i0.wp.com\/www.grieta.org.mx\/wp-content\/uploads\/2018\/03\/14524434_1106112876131411_958039263622046936_o.jpg?resize=525%2C300&ssl=1 1.5x, https:\/\/i0.wp.com\/www.grieta.org.mx\/wp-content\/uploads\/2018\/03\/14524434_1106112876131411_958039263622046936_o.jpg?resize=700%2C400&ssl=1 2x"},"classes":[]}],"_links":{"self":[{"href":"https:\/\/www.grieta.org.mx\/index.php\/wp-json\/wp\/v2\/posts\/45260","targetHints":{"allow":["GET"]}}],"collection":[{"href":"https:\/\/www.grieta.org.mx\/index.php\/wp-json\/wp\/v2\/posts"}],"about":[{"href":"https:\/\/www.grieta.org.mx\/index.php\/wp-json\/wp\/v2\/types\/post"}],"author":[{"embeddable":true,"href":"https:\/\/www.grieta.org.mx\/index.php\/wp-json\/wp\/v2\/users\/1"}],"replies":[{"embeddable":true,"href":"https:\/\/www.grieta.org.mx\/index.php\/wp-json\/wp\/v2\/comments?post=45260"}],"version-history":[{"count":1,"href":"https:\/\/www.grieta.org.mx\/index.php\/wp-json\/wp\/v2\/posts\/45260\/revisions"}],"predecessor-version":[{"id":45265,"href":"https:\/\/www.grieta.org.mx\/index.php\/wp-json\/wp\/v2\/posts\/45260\/revisions\/45265"}],"wp:featuredmedia":[{"embeddable":true,"href":"https:\/\/www.grieta.org.mx\/index.php\/wp-json\/wp\/v2\/media\/45261"}],"wp:attachment":[{"href":"https:\/\/www.grieta.org.mx\/index.php\/wp-json\/wp\/v2\/media?parent=45260"}],"wp:term":[{"taxonomy":"category","embeddable":true,"href":"https:\/\/www.grieta.org.mx\/index.php\/wp-json\/wp\/v2\/categories?post=45260"},{"taxonomy":"post_tag","embeddable":true,"href":"https:\/\/www.grieta.org.mx\/index.php\/wp-json\/wp\/v2\/tags?post=45260"}],"curies":[{"name":"wp","href":"https:\/\/api.w.org\/{rel}","templated":true}]}}