{"id":45233,"date":"2020-02-23T23:40:22","date_gmt":"2020-02-24T05:40:22","guid":{"rendered":"http:\/\/www.grieta.org.mx\/?p=45233"},"modified":"2020-02-26T23:49:17","modified_gmt":"2020-02-27T05:49:17","slug":"marcha-en-memoria-de-joven-asesinada-en-coacalco-estado-de-mexico","status":"publish","type":"post","link":"https:\/\/www.grieta.org.mx\/index.php\/2020\/02\/23\/marcha-en-memoria-de-joven-asesinada-en-coacalco-estado-de-mexico\/","title":{"rendered":"Marcha en memoria de joven asesinada en Coacalco (Estado de M\u00e9xico)"},"content":{"rendered":"<p><img loading=\"lazy\" decoding=\"async\" data-attachment-id=\"45234\" data-permalink=\"https:\/\/www.grieta.org.mx\/index.php\/2020\/02\/23\/marcha-en-memoria-de-joven-asesinada-en-coacalco-estado-de-mexico\/marcha-en-memoria-de-joven-asesinada-en-coacalco-edomex-feb\/\" data-orig-file=\"https:\/\/www.grieta.org.mx\/wp-content\/uploads\/2020\/02\/Marcha-en-memoria-de-joven-asesinada-en-Coacalco-edomex-feb.jpeg\" data-orig-size=\"958,596\" data-comments-opened=\"0\" data-image-meta=\"{&quot;aperture&quot;:&quot;0&quot;,&quot;credit&quot;:&quot;&quot;,&quot;camera&quot;:&quot;&quot;,&quot;caption&quot;:&quot;&quot;,&quot;created_timestamp&quot;:&quot;0&quot;,&quot;copyright&quot;:&quot;&quot;,&quot;focal_length&quot;:&quot;0&quot;,&quot;iso&quot;:&quot;0&quot;,&quot;shutter_speed&quot;:&quot;0&quot;,&quot;title&quot;:&quot;&quot;,&quot;orientation&quot;:&quot;0&quot;}\" data-image-title=\"Marcha en memoria de joven asesinada en Coacalco edomex feb\" data-image-description=\"\" data-image-caption=\"\" data-medium-file=\"https:\/\/www.grieta.org.mx\/wp-content\/uploads\/2020\/02\/Marcha-en-memoria-de-joven-asesinada-en-Coacalco-edomex-feb-300x187.jpeg\" data-large-file=\"https:\/\/www.grieta.org.mx\/wp-content\/uploads\/2020\/02\/Marcha-en-memoria-de-joven-asesinada-en-Coacalco-edomex-feb.jpeg\" class=\"aligncenter  wp-image-45234\" src=\"http:\/\/www.grieta.org.mx\/wp-content\/uploads\/2020\/02\/Marcha-en-memoria-de-joven-asesinada-en-Coacalco-edomex-feb.jpeg\" alt=\"\" width=\"651\" height=\"405\" srcset=\"https:\/\/www.grieta.org.mx\/wp-content\/uploads\/2020\/02\/Marcha-en-memoria-de-joven-asesinada-en-Coacalco-edomex-feb.jpeg 958w, https:\/\/www.grieta.org.mx\/wp-content\/uploads\/2020\/02\/Marcha-en-memoria-de-joven-asesinada-en-Coacalco-edomex-feb-300x187.jpeg 300w, https:\/\/www.grieta.org.mx\/wp-content\/uploads\/2020\/02\/Marcha-en-memoria-de-joven-asesinada-en-Coacalco-edomex-feb-768x478.jpeg 768w, https:\/\/www.grieta.org.mx\/wp-content\/uploads\/2020\/02\/Marcha-en-memoria-de-joven-asesinada-en-Coacalco-edomex-feb-804x500.jpeg 804w\" sizes=\"auto, (max-width: 651px) 100vw, 651px\" \/><\/p>\n<p><em>Llegaron hasta el palacio municipal. Foto: Alejandra Gudi\u00f1o<\/em><\/p>\n<p>Alejandra Gudi\u00f1o \/ Milenio<\/p>\n<blockquote><p>Diversos colectivos que luchan contra los feminicidios y la violencia contra la mujer tambi\u00e9n colocaron un altar en el lugar que se vio por primera vez a la joven.<\/p><\/blockquote>\n<p>Esta tarde un contingente de mujeres feministas de diversos colectivos que luchan contra los feminicidios y la violencia contra la mujer, efectuaron una marcha que recorri\u00f3 varias calles del pueblo de San Francisco, en Coacalco, para exigir justicia para Josseline, joven de 17 a\u00f1os que fue v\u00edctima de feminicidio hace una semana en esta localidad, y por todas las ni\u00f1as, adolescentes y mujeres que han muerto a manos de feminicidas.<\/p>\n<p>Con ropa negra y paliacates de color morado y verde, las manifestantes de los colectivos \u201cSociedad Ultravioleta\u201d, \u201cBruja Violeta\u201d, \u201cManada Periferia\u201d y \u201cPoemujeria\u201d, colocaron un altar con un ritual que efectu\u00f3 un grupo de m\u00fasica prehisp\u00e1nica, en el lugar donde fue vista por \u00faltima vez Josseline, abajo del puente vehicular del cruce que forman las avenidas Jos\u00e9 L\u00f3pez Portillo y Boulevard Coacalco.<\/p>\n<p>De este sitio parti\u00f3 la marcha que inici\u00f3 en la calle Morelos, para despu\u00e9s continuar por Ixtlememelixtle, y luego por calle 16 de septiembre hasta llegar a la 5 de Febrero, frente a la presidencia municipal, en donde colocaron otra ofrenda en memoria de Josseline y todas las v\u00edctimas.<\/p>\n<p>En el contingente tambi\u00e9n estuvieron los padres, el hermano y los familiares de Josseline, que caminaron junto a las mujeres feministas.<\/p>\n<p><img loading=\"lazy\" decoding=\"async\" data-attachment-id=\"45235\" data-permalink=\"https:\/\/www.grieta.org.mx\/index.php\/2020\/02\/23\/marcha-en-memoria-de-joven-asesinada-en-coacalco-estado-de-mexico\/amigos-familiares-josseline-participaron-alejandra\/\" data-orig-file=\"https:\/\/www.grieta.org.mx\/wp-content\/uploads\/2020\/02\/amigos-familiares-josseline-participaron-alejandra.jpeg\" data-orig-size=\"958,719\" data-comments-opened=\"0\" data-image-meta=\"{&quot;aperture&quot;:&quot;0&quot;,&quot;credit&quot;:&quot;&quot;,&quot;camera&quot;:&quot;&quot;,&quot;caption&quot;:&quot;&quot;,&quot;created_timestamp&quot;:&quot;0&quot;,&quot;copyright&quot;:&quot;&quot;,&quot;focal_length&quot;:&quot;0&quot;,&quot;iso&quot;:&quot;0&quot;,&quot;shutter_speed&quot;:&quot;0&quot;,&quot;title&quot;:&quot;&quot;,&quot;orientation&quot;:&quot;0&quot;}\" data-image-title=\"amigos-familiares-josseline-participaron-alejandra\" data-image-description=\"\" data-image-caption=\"\" data-medium-file=\"https:\/\/www.grieta.org.mx\/wp-content\/uploads\/2020\/02\/amigos-familiares-josseline-participaron-alejandra-300x225.jpeg\" data-large-file=\"https:\/\/www.grieta.org.mx\/wp-content\/uploads\/2020\/02\/amigos-familiares-josseline-participaron-alejandra.jpeg\" class=\"aligncenter  wp-image-45235\" src=\"http:\/\/www.grieta.org.mx\/wp-content\/uploads\/2020\/02\/amigos-familiares-josseline-participaron-alejandra.jpeg\" alt=\"\" width=\"651\" height=\"489\" srcset=\"https:\/\/www.grieta.org.mx\/wp-content\/uploads\/2020\/02\/amigos-familiares-josseline-participaron-alejandra.jpeg 958w, https:\/\/www.grieta.org.mx\/wp-content\/uploads\/2020\/02\/amigos-familiares-josseline-participaron-alejandra-300x225.jpeg 300w, https:\/\/www.grieta.org.mx\/wp-content\/uploads\/2020\/02\/amigos-familiares-josseline-participaron-alejandra-768x576.jpeg 768w, https:\/\/www.grieta.org.mx\/wp-content\/uploads\/2020\/02\/amigos-familiares-josseline-participaron-alejandra-666x500.jpeg 666w\" sizes=\"auto, (max-width: 651px) 100vw, 651px\" \/><\/p>\n<p>Al concluir la marcha, en la escalinata del Ayuntamiento, una de las primas de Josseline solicit\u00f3 el apoyo de las feministas y dijo que este tipo de acciones que son para visibilizar la violencia que se registra en \u00e9ste y otros municipios, y pidi\u00f3 que no dejen de realizarse, \u201cporque hay rumores de que al feminicida de Josseline quieren dejarlo libre\u201d.<\/p>\n<p>A su paso habitantes de la cabecera municipal se fueron integrando al contingente, y exigieron agilizar los protocolos en los centros de justicia, en donde hace falta personal, m\u00e9dicos legistas y material para investigar y dar seguimiento a las denuncias.<\/p>\n<p>Adem\u00e1s, demandaron que Coacalco sea considerado dentro de la alerta de g\u00e9nero por los \u00edndices de inseguridad y violencia contra las mujeres.<\/p>\n<p>Advirtieron que la tristeza\u00a0que las invade y la inacci\u00f3n con la que act\u00faan las autoridades en sus tres \u00f3rdenes de gobierno, las ha motivado a organizarse y a salir a las calles a protestar, a visibilizar lo que est\u00e1 ocurriendo, por lo que demandaron respeto a su activismo y movilizaci\u00f3n.<\/p>\n<p>En las intervenciones que se hicieron durante el mitin frente a la presidencia municipal, una joven recit\u00f3 un poema en el que record\u00f3 los m\u00e1s recientes feminicidios que han ocurrido en la zona metropolitana, y otra pidi\u00f3 a las mujeres reunidas hacer conciencia y a no seguir fomentando la cultura machista que las incita a agredirse entre ellas, a criticarse y hasta odiarse.<\/p>\n<p><a href=\"https:\/\/www.milenio.com\/politica\/comunidad\/marcha-en-memoria-de-joven-asesinada-en-coacalco\" target=\"_blank\" rel=\"noopener noreferrer\">https:\/\/www.milenio.com\/politica\/comunidad\/marcha-en-memoria-de-joven-asesinada-en-coacalco<\/a><\/p>\n<p>&nbsp;<\/p>\n","protected":false},"excerpt":{"rendered":"<p>Llegaron hasta el palacio municipal. Foto: Alejandra Gudi\u00f1o Alejandra Gudi\u00f1o \/ Milenio Diversos colectivos que luchan contra los feminicidios y la violencia contra la mujer tambi\u00e9n colocaron un altar en &hellip; <a href=\"https:\/\/www.grieta.org.mx\/index.php\/2020\/02\/23\/marcha-en-memoria-de-joven-asesinada-en-coacalco-estado-de-mexico\/\" class=\"more-link\">Leer m\u00e1s<\/a><\/p>\n","protected":false},"author":2,"featured_media":45234,"comment_status":"closed","ping_status":"closed","sticky":false,"template":"","format":"standard","meta":{"ngg_post_thumbnail":0,"_jetpack_newsletter_access":"","_jetpack_dont_email_post_to_subs":false,"_jetpack_newsletter_tier_id":0,"_jetpack_memberships_contains_paywalled_content":false,"_jetpack_memberships_contains_paid_content":false,"footnotes":""},"categories":[80,16,84,1013,2765,3035,2,83,2720],"tags":[3069,81],"class_list":["post-45233","post","type-post","status-publish","format-standard","has-post-thumbnail","hentry","category-cintillo","category-estado-de-mexico","category-feminicidios","category-feminicios-en-el-estado-de-mexico","category-incremento-de-la-violencia-en-el-estado-de-mexico","category-movilizaciones-y-protestas-de-habitantes-en-el-estado-de-mexico","category-noticias-nacionales","category-temas-nacionales","category-violencia-contra-las-mujeres-en-el-estado-de-mexico","tag-familiares-de-mujeres-victimas-de-feminicidio","tag-feminicidios","entry"],"jetpack_featured_media_url":"https:\/\/www.grieta.org.mx\/wp-content\/uploads\/2020\/02\/Marcha-en-memoria-de-joven-asesinada-en-Coacalco-edomex-feb.jpeg","jetpack_sharing_enabled":true,"jetpack_shortlink":"https:\/\/wp.me\/p7ZJR4-bLz","jetpack_likes_enabled":false,"jetpack-related-posts":[{"id":55449,"url":"https:\/\/www.grieta.org.mx\/index.php\/2020\/11\/21\/feministas-toman-simbolicamente-puentes-peatonales-en-ecatepec-y-coacalco-estado-de-mexico\/","url_meta":{"origin":45233,"position":0},"title":"Feministas toman simb\u00f3licamente puentes peatonales en Ecatepec y Coacalco (Estado de M\u00e9xico)","author":"grieta","date":"21 noviembre, 2020","format":false,"excerpt":"Fotos: cortes\u00eda Antonio M. Fernando Sol\u00eds \/ El Sol de Toluca Colgaron mantas alusivas a los feminicidios en estos municipios y en la entidad La tarde de este s\u00e1bado, grupos de colectivos feministas tomaron puentes peatonales en los municipios de Ecatepec y Coacalco donde colgaron mantas alusivas a losfeminicidios en\u2026","rel":"","context":"En &quot;CINTILLO&quot;","block_context":{"text":"CINTILLO","link":"https:\/\/www.grieta.org.mx\/index.php\/category\/cintillo\/"},"img":{"alt_text":"","src":"https:\/\/i0.wp.com\/www.grieta.org.mx\/wp-content\/uploads\/2020\/11\/Feministas-toman-simbolicamente-puentes-peatonales-en-Ecatepec-y-Coacalco-edomex-nov.jpeg?resize=350%2C200&ssl=1","width":350,"height":200,"srcset":"https:\/\/i0.wp.com\/www.grieta.org.mx\/wp-content\/uploads\/2020\/11\/Feministas-toman-simbolicamente-puentes-peatonales-en-Ecatepec-y-Coacalco-edomex-nov.jpeg?resize=350%2C200&ssl=1 1x, https:\/\/i0.wp.com\/www.grieta.org.mx\/wp-content\/uploads\/2020\/11\/Feministas-toman-simbolicamente-puentes-peatonales-en-Ecatepec-y-Coacalco-edomex-nov.jpeg?resize=525%2C300&ssl=1 1.5x, https:\/\/i0.wp.com\/www.grieta.org.mx\/wp-content\/uploads\/2020\/11\/Feministas-toman-simbolicamente-puentes-peatonales-en-Ecatepec-y-Coacalco-edomex-nov.jpeg?resize=700%2C400&ssl=1 2x"},"classes":[]},{"id":44353,"url":"https:\/\/www.grieta.org.mx\/index.php\/2020\/02\/14\/protestan-contra-el-manejo-amarillista-del-caso-ingrid-escamilla-estado-de-mexico\/","url_meta":{"origin":45233,"position":1},"title":"Protestan contra el manejo amarillista del caso Ingrid Escamilla (Estado de M\u00e9xico)","author":"grieta","date":"14 febrero, 2020","format":false,"excerpt":"Diversos colectivos se reunieron en la explanada municipal de Ecatepec. (Alejandra Gudi\u00f1o) Alejandra Gudi\u00f1o \/ Milenio Colocaron fotograf\u00edas y cruces en una parte de la alameda local, y quemaron las hojas de los diarios en los que se publicaron las fotos sangrientas del feminicidio. Integrantes de diversos colectivos feministas efectuaron\u2026","rel":"","context":"En &quot;CINTILLO&quot;","block_context":{"text":"CINTILLO","link":"https:\/\/www.grieta.org.mx\/index.php\/category\/cintillo\/"},"img":{"alt_text":"","src":"https:\/\/i0.wp.com\/www.grieta.org.mx\/wp-content\/uploads\/2020\/02\/Protestan-contra-el-manejo-amarillista-del-caso-Ingrid-Escamilla-edomex-feb.jpeg?resize=350%2C200&ssl=1","width":350,"height":200,"srcset":"https:\/\/i0.wp.com\/www.grieta.org.mx\/wp-content\/uploads\/2020\/02\/Protestan-contra-el-manejo-amarillista-del-caso-Ingrid-Escamilla-edomex-feb.jpeg?resize=350%2C200&ssl=1 1x, https:\/\/i0.wp.com\/www.grieta.org.mx\/wp-content\/uploads\/2020\/02\/Protestan-contra-el-manejo-amarillista-del-caso-Ingrid-Escamilla-edomex-feb.jpeg?resize=525%2C300&ssl=1 1.5x, https:\/\/i0.wp.com\/www.grieta.org.mx\/wp-content\/uploads\/2020\/02\/Protestan-contra-el-manejo-amarillista-del-caso-Ingrid-Escamilla-edomex-feb.jpeg?resize=700%2C400&ssl=1 2x"},"classes":[]},{"id":55141,"url":"https:\/\/www.grieta.org.mx\/index.php\/2020\/11\/14\/despliegan-fuerte-operativo-ante-marcha-contra-feminicidios-estado-de-mexico\/","url_meta":{"origin":45233,"position":2},"title":"Despliegan fuerte operativo ante marcha contra feminicidios (Estado de M\u00e9xico)","author":"grieta","date":"14 noviembre, 2020","format":false,"excerpt":"Fotos tomadas de: ADNoticias V\u00edctor Castillo \/ ADNoticias La cuarta protesta en lo que va de la semana por los recientes feminicidios registrados en Toluca fue custodiada por decenas de polic\u00edas Al\u00a0menos 100 polic\u00edas estatales custodiaron la Casa de Gobierno del Estado de M\u00e9xico ubicada sobre Paseo Col\u00f3n, con un\u2026","rel":"","context":"En &quot;Abuso policiaco y tortura en el Estado de M\u00e9xico&quot;","block_context":{"text":"Abuso policiaco y tortura en el Estado de M\u00e9xico","link":"https:\/\/www.grieta.org.mx\/index.php\/category\/noticias-nacionales\/estado-de-mexico\/abuso-policiaco-y-tortura-en-el-estado-de-mexico\/"},"img":{"alt_text":"","src":"https:\/\/i0.wp.com\/www.grieta.org.mx\/wp-content\/uploads\/2020\/11\/Despliegan-fuerte-operativo-ante-marcha-contra-feminicidios-edomex-nov.jpeg?resize=350%2C200&ssl=1","width":350,"height":200,"srcset":"https:\/\/i0.wp.com\/www.grieta.org.mx\/wp-content\/uploads\/2020\/11\/Despliegan-fuerte-operativo-ante-marcha-contra-feminicidios-edomex-nov.jpeg?resize=350%2C200&ssl=1 1x, https:\/\/i0.wp.com\/www.grieta.org.mx\/wp-content\/uploads\/2020\/11\/Despliegan-fuerte-operativo-ante-marcha-contra-feminicidios-edomex-nov.jpeg?resize=525%2C300&ssl=1 1.5x, https:\/\/i0.wp.com\/www.grieta.org.mx\/wp-content\/uploads\/2020\/11\/Despliegan-fuerte-operativo-ante-marcha-contra-feminicidios-edomex-nov.jpeg?resize=700%2C400&ssl=1 2x, https:\/\/i0.wp.com\/www.grieta.org.mx\/wp-content\/uploads\/2020\/11\/Despliegan-fuerte-operativo-ante-marcha-contra-feminicidios-edomex-nov.jpeg?resize=1050%2C600&ssl=1 3x"},"classes":[]},{"id":45793,"url":"https:\/\/www.grieta.org.mx\/index.php\/2020\/03\/06\/con-cacerolazo-protestan-contra-los-feminicidios-en-ecatepec-estado-de-mexico\/","url_meta":{"origin":45233,"position":3},"title":"Con cacerolazo, protestan contra los feminicidios en Ecatepec (Estado de M\u00e9xico)","author":"grieta","date":"6 marzo, 2020","format":false,"excerpt":"Foto: Cortes\u00eda de @abismada_ Karina Almaraz T\u00e9llez \/ La Raz\u00f3n de M\u00e9xico Colectivos feministas protestaron en las afueras del metro R\u00edo de los Remedios, punto emblem\u00e1tico de la violencia que padecen las mujeres en ese municipio. Colectivos feministas protestaron con un cacerolazo en las afueras del metro R\u00edo de los\u2026","rel":"","context":"En &quot;CINTILLO&quot;","block_context":{"text":"CINTILLO","link":"https:\/\/www.grieta.org.mx\/index.php\/category\/cintillo\/"},"img":{"alt_text":"","src":"https:\/\/i0.wp.com\/www.grieta.org.mx\/wp-content\/uploads\/2020\/03\/Con-cacerolazo-protestan-contra-los-feminicidios-en-Ecatepec-edomex-mzo.jpeg?resize=350%2C200&ssl=1","width":350,"height":200,"srcset":"https:\/\/i0.wp.com\/www.grieta.org.mx\/wp-content\/uploads\/2020\/03\/Con-cacerolazo-protestan-contra-los-feminicidios-en-Ecatepec-edomex-mzo.jpeg?resize=350%2C200&ssl=1 1x, https:\/\/i0.wp.com\/www.grieta.org.mx\/wp-content\/uploads\/2020\/03\/Con-cacerolazo-protestan-contra-los-feminicidios-en-Ecatepec-edomex-mzo.jpeg?resize=525%2C300&ssl=1 1.5x"},"classes":[]},{"id":55453,"url":"https:\/\/www.grieta.org.mx\/index.php\/2020\/11\/22\/colectivos-protestan-colgando-mantas-en-toluca-ante-el-aumento-de-femenicidios-estado-de-mexico\/","url_meta":{"origin":45233,"position":4},"title":"Colectivos protestan colgando mantas en Toluca ante el aumento de femenicidios (Estado de M\u00e9xico)","author":"grieta","date":"22 noviembre, 2020","format":false,"excerpt":"Foto tomada de: ADNoticias V\u00edctor Castillo \/ ADNoticias Hasta octubre en el Estado de M\u00e9xico se han contabilizado 119 casos de feminicidio Integrantes de colectivos feministas colocaron este s\u00e1bado mantas sobre un puente peatonal en Paseo Tollocan, en protesta por los feminicidios en el Estado de M\u00e9xico. Esto se suma\u2026","rel":"","context":"En &quot;CINTILLO&quot;","block_context":{"text":"CINTILLO","link":"https:\/\/www.grieta.org.mx\/index.php\/category\/cintillo\/"},"img":{"alt_text":"","src":"https:\/\/i0.wp.com\/www.grieta.org.mx\/wp-content\/uploads\/2020\/11\/Colectivos-protestan-colgando-mantas-en-Toluca-ante-el-aumento-de-femenicidios-edomex-nov.jpg?resize=350%2C200&ssl=1","width":350,"height":200,"srcset":"https:\/\/i0.wp.com\/www.grieta.org.mx\/wp-content\/uploads\/2020\/11\/Colectivos-protestan-colgando-mantas-en-Toluca-ante-el-aumento-de-femenicidios-edomex-nov.jpg?resize=350%2C200&ssl=1 1x, https:\/\/i0.wp.com\/www.grieta.org.mx\/wp-content\/uploads\/2020\/11\/Colectivos-protestan-colgando-mantas-en-Toluca-ante-el-aumento-de-femenicidios-edomex-nov.jpg?resize=525%2C300&ssl=1 1.5x, https:\/\/i0.wp.com\/www.grieta.org.mx\/wp-content\/uploads\/2020\/11\/Colectivos-protestan-colgando-mantas-en-Toluca-ante-el-aumento-de-femenicidios-edomex-nov.jpg?resize=700%2C400&ssl=1 2x"},"classes":[]},{"id":44350,"url":"https:\/\/www.grieta.org.mx\/index.php\/2020\/02\/14\/marchan-para-exigir-fin-a-la-violencia-contra-las-mujeres-estado-de-mexico\/","url_meta":{"origin":45233,"position":5},"title":"Marchan para exigir fin a la violencia contra las mujeres (Estado de M\u00e9xico)","author":"grieta","date":"14 febrero, 2020","format":false,"excerpt":"Aseguraron que las protestas seguir\u00e1n para crear conciencia y terminar la cultura machista que genera violencia. (Archivo) Zuleyma Garc\u00eda \/ Milenio Entre consignas y con pancartas las mujeres caminaron hasta el ayuntamiento donde donde de manera pac\u00edfica pidieron mejores resultados en seguridad. Lejos de festejar el 14 de febrero, este\u2026","rel":"","context":"En &quot;CINTILLO&quot;","block_context":{"text":"CINTILLO","link":"https:\/\/www.grieta.org.mx\/index.php\/category\/cintillo\/"},"img":{"alt_text":"","src":"https:\/\/i0.wp.com\/www.grieta.org.mx\/wp-content\/uploads\/2020\/02\/Marchan-para-exigir-fin-a-la-violencia-contra-las-mujeres-edomex-feb.jpeg?resize=350%2C200&ssl=1","width":350,"height":200,"srcset":"https:\/\/i0.wp.com\/www.grieta.org.mx\/wp-content\/uploads\/2020\/02\/Marchan-para-exigir-fin-a-la-violencia-contra-las-mujeres-edomex-feb.jpeg?resize=350%2C200&ssl=1 1x, https:\/\/i0.wp.com\/www.grieta.org.mx\/wp-content\/uploads\/2020\/02\/Marchan-para-exigir-fin-a-la-violencia-contra-las-mujeres-edomex-feb.jpeg?resize=525%2C300&ssl=1 1.5x, https:\/\/i0.wp.com\/www.grieta.org.mx\/wp-content\/uploads\/2020\/02\/Marchan-para-exigir-fin-a-la-violencia-contra-las-mujeres-edomex-feb.jpeg?resize=700%2C400&ssl=1 2x"},"classes":[]}],"_links":{"self":[{"href":"https:\/\/www.grieta.org.mx\/index.php\/wp-json\/wp\/v2\/posts\/45233","targetHints":{"allow":["GET"]}}],"collection":[{"href":"https:\/\/www.grieta.org.mx\/index.php\/wp-json\/wp\/v2\/posts"}],"about":[{"href":"https:\/\/www.grieta.org.mx\/index.php\/wp-json\/wp\/v2\/types\/post"}],"author":[{"embeddable":true,"href":"https:\/\/www.grieta.org.mx\/index.php\/wp-json\/wp\/v2\/users\/2"}],"replies":[{"embeddable":true,"href":"https:\/\/www.grieta.org.mx\/index.php\/wp-json\/wp\/v2\/comments?post=45233"}],"version-history":[{"count":1,"href":"https:\/\/www.grieta.org.mx\/index.php\/wp-json\/wp\/v2\/posts\/45233\/revisions"}],"predecessor-version":[{"id":45236,"href":"https:\/\/www.grieta.org.mx\/index.php\/wp-json\/wp\/v2\/posts\/45233\/revisions\/45236"}],"wp:featuredmedia":[{"embeddable":true,"href":"https:\/\/www.grieta.org.mx\/index.php\/wp-json\/wp\/v2\/media\/45234"}],"wp:attachment":[{"href":"https:\/\/www.grieta.org.mx\/index.php\/wp-json\/wp\/v2\/media?parent=45233"}],"wp:term":[{"taxonomy":"category","embeddable":true,"href":"https:\/\/www.grieta.org.mx\/index.php\/wp-json\/wp\/v2\/categories?post=45233"},{"taxonomy":"post_tag","embeddable":true,"href":"https:\/\/www.grieta.org.mx\/index.php\/wp-json\/wp\/v2\/tags?post=45233"}],"curies":[{"name":"wp","href":"https:\/\/api.w.org\/{rel}","templated":true}]}}