{"id":45215,"date":"2020-02-25T22:25:25","date_gmt":"2020-02-26T04:25:25","guid":{"rendered":"http:\/\/www.grieta.org.mx\/?p=45215"},"modified":"2020-02-26T22:33:36","modified_gmt":"2020-02-27T04:33:36","slug":"un-plantel-en-huelga-exhibe-la-incertidumbre-en-las-universidades-del-bienestar-ciudad-de-mexico","status":"publish","type":"post","link":"https:\/\/www.grieta.org.mx\/index.php\/2020\/02\/25\/un-plantel-en-huelga-exhibe-la-incertidumbre-en-las-universidades-del-bienestar-ciudad-de-mexico\/","title":{"rendered":"Un plantel en huelga exhibe la incertidumbre en las Universidades del Bienestar (Ciudad de M\u00e9xico)"},"content":{"rendered":"<p><img loading=\"lazy\" decoding=\"async\" data-attachment-id=\"45216\" data-permalink=\"https:\/\/www.grieta.org.mx\/index.php\/2020\/02\/25\/un-plantel-en-huelga-exhibe-la-incertidumbre-en-las-universidades-del-bienestar-ciudad-de-mexico\/un-plantel-en-huelga-exhibe-la-incertidumbre-en-las-universidades-del-bienestar-cdmx-feb\/\" data-orig-file=\"https:\/\/www.grieta.org.mx\/wp-content\/uploads\/2020\/02\/Un-plantel-en-huelga-exhibe-la-incertidumbre-en-las-Universidades-del-Bienestar-cdmx-feb.jpg\" data-orig-size=\"1800,1350\" data-comments-opened=\"0\" data-image-meta=\"{&quot;aperture&quot;:&quot;0&quot;,&quot;credit&quot;:&quot;&quot;,&quot;camera&quot;:&quot;&quot;,&quot;caption&quot;:&quot;&quot;,&quot;created_timestamp&quot;:&quot;0&quot;,&quot;copyright&quot;:&quot;&quot;,&quot;focal_length&quot;:&quot;0&quot;,&quot;iso&quot;:&quot;0&quot;,&quot;shutter_speed&quot;:&quot;0&quot;,&quot;title&quot;:&quot;&quot;,&quot;orientation&quot;:&quot;0&quot;}\" data-image-title=\"Un plantel en huelga exhibe la incertidumbre en las Universidades del Bienestar cdmx feb\" data-image-description=\"\" data-image-caption=\"\" data-medium-file=\"https:\/\/www.grieta.org.mx\/wp-content\/uploads\/2020\/02\/Un-plantel-en-huelga-exhibe-la-incertidumbre-en-las-Universidades-del-Bienestar-cdmx-feb-300x225.jpg\" data-large-file=\"https:\/\/www.grieta.org.mx\/wp-content\/uploads\/2020\/02\/Un-plantel-en-huelga-exhibe-la-incertidumbre-en-las-Universidades-del-Bienestar-cdmx-feb-1024x768.jpg\" class=\"aligncenter  wp-image-45216\" src=\"http:\/\/www.grieta.org.mx\/wp-content\/uploads\/2020\/02\/Un-plantel-en-huelga-exhibe-la-incertidumbre-en-las-Universidades-del-Bienestar-cdmx-feb.jpg\" alt=\"\" width=\"650\" height=\"487\" srcset=\"https:\/\/www.grieta.org.mx\/wp-content\/uploads\/2020\/02\/Un-plantel-en-huelga-exhibe-la-incertidumbre-en-las-Universidades-del-Bienestar-cdmx-feb.jpg 1800w, https:\/\/www.grieta.org.mx\/wp-content\/uploads\/2020\/02\/Un-plantel-en-huelga-exhibe-la-incertidumbre-en-las-Universidades-del-Bienestar-cdmx-feb-300x225.jpg 300w, https:\/\/www.grieta.org.mx\/wp-content\/uploads\/2020\/02\/Un-plantel-en-huelga-exhibe-la-incertidumbre-en-las-Universidades-del-Bienestar-cdmx-feb-768x576.jpg 768w, https:\/\/www.grieta.org.mx\/wp-content\/uploads\/2020\/02\/Un-plantel-en-huelga-exhibe-la-incertidumbre-en-las-Universidades-del-Bienestar-cdmx-feb-1024x768.jpg 1024w, https:\/\/www.grieta.org.mx\/wp-content\/uploads\/2020\/02\/Un-plantel-en-huelga-exhibe-la-incertidumbre-en-las-Universidades-del-Bienestar-cdmx-feb-667x500.jpg 667w\" sizes=\"auto, (max-width: 650px) 100vw, 650px\" \/><br \/>\n<em>Estudiantes de la Escuela de Derecho Ponciano Arriaga exigen certidumbre. (Foto: Ariadna Ortega)<\/em><\/p>\n<p>Ariadna Ortega \/ Expansi\u00f3n Pol\u00edtica<\/p>\n<blockquote><p>La huelga en la Escuela de Derecho Ponciano Arriaga cumple una semana. Los estudiantes exigen certidumbre para los estudios que cursan y para los egresados.<\/p><\/blockquote>\n<p>Los salones de la Escuela de Derecho Ponciano Arriaga est\u00e1n cerrados desde hace una semana. Las puertas de las aulas donde alrededor de 700 j\u00f3venes estudian tienen un sello con los n\u00fameros 17-02-20, la fecha en la que los estudiantes decidieron irse a paro y evidenciar las irregularidades de uno de los programas estrella del actual gobierno, encabezado por Andr\u00e9s Manuel L\u00f3pez Obrador: las Universidades para el Bienestar Benito Ju\u00e1rez Garc\u00eda.<\/p>\n<p>Entre las inconsistencias legales que denuncian maestros y alumnos est\u00e1 la ausencia de procesos de titulaci\u00f3n, de registro oficial, de planes y programas de estudio, as\u00ed como de recursos administrativos y financieros para operar.<\/p>\n<p>Por ello, y luego de una visita de la coordinadora de estas universidades Raquel Sosa, los estudiantes decidieron irse a huelga desde el pasado 17 de febrero para exigir respuestas a sus preocupaciones y certidumbre sobre el funcionamiento de la escuela ubicada en la colonia centro de la Ciudad de M\u00e9xico.<\/p>\n<p>Lizbeth Alan\u00eds, una de las estudiantes de la Ponciano Arriaga, explica que el plantel operaba bien y ya hab\u00edan conseguido el Reconocimiento de Validez Oficial de Estudios (RVOE) de la Secretar\u00eda de Educaci\u00f3n P\u00fablica (SEP), pero cuando se les incorpor\u00f3 al programa de Universidades empezaron los problemas.<\/p>\n<p>\u201cTodo se encontraba bien hasta que se hace la invitaci\u00f3n a formar parte de las 100 universidades. Ya hab\u00edamos conseguido un RVOE para certificar, pero cuando se hace la invitaci\u00f3n se pierde este RVOE&#8221;, dice mientras lamenta su confianza en el proyecto. La SEP tiene vigente todav\u00eda el registro de cuando la escuela funcionaba como organizaci\u00f3n civil.<\/p>\n<p>La falta de reconocimiento de la SEP fue una de las cr\u00edticas a estos planteles, que las llev\u00f3 a ser denominadas como &#8216;patito&#8217; por parte de las fuerzas pol\u00edticas opositoras al proyecto.<\/p>\n<p>La EDPA era una de las 19 universidades creadas por Morena en la Ciudad de M\u00e9xico que funcionaba como asociaci\u00f3n civil y financiada por legisladores del partido que iniciaron labores en 2016. El proyecto fue promocionado como una alternativa a la exclusi\u00f3n de miles de aspirantes en otras universidades p\u00fablicas. Uno de las directores del plantel y fundadores fue Netza\u00ed Sandoval Ballesteros, quien actualmente trabaja al interior del Consejo de la Judicatura Federal como titular del Instituto Federal de Defensor\u00eda P\u00fablica.<\/p>\n<p>La estudiante de Derecho se\u00f1ala que no saben si tras la p\u00e9rdida del RVOE \u2013que les daba certeza como asociaci\u00f3n civil\u2013 est\u00e1n registrados, si se les van a reconocer sus estudios, que no conocen los planes ni programas ni tampoco el reglamento de la escuela, y que esta situaci\u00f3n se intensific\u00f3 tras la salida de la primera generaci\u00f3n de estudiantes, los cuales no pueden titularse porque no hay un proceso establecido para ello.<\/p>\n<p>No solo los estudiantes est\u00e1n en incertidumbre. Tambi\u00e9n los docentes piden que se regularice su situaci\u00f3n y se les respeten sus derechos laborales.<\/p>\n<p>La profesora M\u00f3nica Flores explica que como acad\u00e9micos est\u00e1n apoyando porque hay una serie de irregularidades que les afectan a todos. Asegura que de los 70 docentes que hab\u00eda solo quedan 23 para los cerca de 700 estudiantes activos de la escuela y el despido injustificado del personal administrativo.<\/p>\n<p>\u201cTodas estas cuestiones llevaron a un descontento general. Por toda esta serie de irregularidades es que le hab\u00edan pedido explicaciones a la doctora Raquel Sosa porque estamos en una situaci\u00f3n de vulnerabilidad\u201d, comenta.<\/p>\n<blockquote><p>&#8220;Hemos tenido problem\u00e1tica en cuanto a nuestra certeza jur\u00eddica, porque no hay una contrataci\u00f3n clara, al menos hasta que empez\u00f3 la transici\u00f3n a las Universidades del Bienestar. Desde entonces ha sido una situaci\u00f3n constante de incertidumbre, de vulnerabilidad.&#8221;<\/p><\/blockquote>\n<p>Los j\u00f3venes denuncian que Sosa acudi\u00f3 al plantel el lunes pasado para hacer los despidos de personal administrativo.<\/p>\n<p>Sostienen que Sosa les pidi\u00f3 confianza en el proyecto y paciencia porque estaban en periodo de transici\u00f3n. No obstante ante las dudas de los j\u00f3venes, abandon\u00f3 el plantel junto con la actual coordinadora de la escuela Ver\u00f3nica Castro. Tras ello, estall\u00f3 el conflicto.<\/p>\n<p>Christian Barrera, otro estudiante, acus\u00f3 que la coordinadora los llam\u00f3 \u201crechazados\u201d y les dijo que si no les parec\u00eda la situaci\u00f3n, se fueran a otra universidad.<\/p>\n<p>\u201cNos doli\u00f3 que nos dijera rechazados\u201d, dice el joven que desde el pasado lunes particip\u00f3 en la toma de las instalaciones y declar\u00f3 la huelga.<br \/>\nDesde entonces, los j\u00f3venes han realizado asambleas y protestas afuera de la SEP para pedir apoyo y claridad a las autoridades sobre su situaci\u00f3n. El viernes pasado presentaron un pliego petitorio ante la Secretar\u00eda de Educaci\u00f3n \u2013dependencia de la que se desprende el Organismo Coordinador de las Universidades\u2013, y han acudido a Palacio Nacional a pedir apoyo.<\/p>\n<p>Asimismo, anunciaron que el pr\u00f3ximo mi\u00e9rcoles acudir\u00e1n a la Consejo Nacional Para Prevenir la Discriminaci\u00f3n (Conapred) para poner una queja contra Raquel Sosa.<\/p>\n<p>El programa de las 100 universidades forma parte de los proyectos estrella del presidente, no obstante a m\u00e1s de un a\u00f1o de que los planteles empezaron a operar, existe opacidad en su operaci\u00f3n. En la p\u00e1gina oficial solo est\u00e1n disponibles los municipios y alcald\u00edas en las que se encuentran, pero no su direcci\u00f3n exacta. Tampoco hay claridad en el uso de los recursos, hasta noviembre pasado solo se hab\u00edan el 5% de los 1,000 millones de pesos que se les destinaron para todo 2019.<\/p>\n<p>Al principio las universidades estuvieron bajo la administraci\u00f3n del CREFAL \u2013un organismo internacional ubicado en P\u00e1tzcuaro, Michoac\u00e1n\u2013, y a partir de julio pasado, que se cre\u00f3 el Organismo Coordinador de las Universidades todo fue operado por \u00e9ste, pero sin claridad en el funcionamiento de los planteles.<\/p>\n<p>La organizaci\u00f3n Mexicanos Contra la Corrupci\u00f3n e Impunidad (MCCI) public\u00f3 hace unas semanas el i nforme \u201cUniversidades en el limbo\u201d , en el que detalla algunas de las irregularidades de este programa, mismas que coinciden con el reclamo de la Ponciano Arriaga, c\u00f3mo son las dudas el su registro y la validez de los estudios.<\/p>\n<p><a href=\"https:\/\/politica.expansion.mx\/mexico\/2020\/02\/25\/un-plantel-en-huelga-exhibe-la-incertidumbre-en-las-universidades-del-bienestar\" target=\"_blank\" rel=\"noopener noreferrer\">https:\/\/politica.expansion.mx\/mexico\/2020\/02\/25\/un-plantel-en-huelga-exhibe-la-incertidumbre-en-las-universidades-del-bienestar<\/a><\/p>\n","protected":false},"excerpt":{"rendered":"<p>Estudiantes de la Escuela de Derecho Ponciano Arriaga exigen certidumbre. (Foto: Ariadna Ortega) Ariadna Ortega \/ Expansi\u00f3n Pol\u00edtica La huelga en la Escuela de Derecho Ponciano Arriaga cumple una semana. &hellip; <a href=\"https:\/\/www.grieta.org.mx\/index.php\/2020\/02\/25\/un-plantel-en-huelga-exhibe-la-incertidumbre-en-las-universidades-del-bienestar-ciudad-de-mexico\/\" class=\"more-link\">Leer m\u00e1s<\/a><\/p>\n","protected":false},"author":2,"featured_media":45216,"comment_status":"closed","ping_status":"closed","sticky":false,"template":"","format":"standard","meta":{"ngg_post_thumbnail":0,"_jetpack_newsletter_access":"","_jetpack_dont_email_post_to_subs":false,"_jetpack_newsletter_tier_id":0,"_jetpack_memberships_contains_paywalled_content":false,"_jetpack_memberships_contains_paid_content":false,"footnotes":""},"categories":[80,14,1080,916,2958,1225,910,1670,2,2119,1699,83,1823],"tags":[2566,1893,2683,2841,1692],"class_list":["post-45215","post","type-post","status-publish","format-standard","has-post-thumbnail","hentry","category-cintillo","category-ciudad-de-mexico","category-conflictos-laborales-en-la-ciudad-de-mexico","category-privatizacion-del-la-educacion-publica","category-crisis-de-la-educacion-publica-en-la-ciudad-de-mexico","category-explotacion-laboral-en-la-ciudad-de-mexico","category-explotacion-y-precariedad-laboral","category-movilizaciones-y-protestas-de-estudiantes-de-la-ciudad-de-mexico","category-noticias-nacionales","category-precarizacion-de-las-condiciones-laborales-en-la-ciudad-de-mexico","category-represion-a-estudiantes-en-la-ciudad-de-mexico","category-temas-nacionales","category-violencia-contra-estudiantes","tag-crisis-en-el-sistema-educativo","tag-escuelas-en-paro","tag-estudiantes-organizados","tag-explotacion-y-precariedad-laboral","tag-represion-a-estudiantes","entry"],"jetpack_featured_media_url":"https:\/\/www.grieta.org.mx\/wp-content\/uploads\/2020\/02\/Un-plantel-en-huelga-exhibe-la-incertidumbre-en-las-Universidades-del-Bienestar-cdmx-feb.jpg","jetpack_sharing_enabled":true,"jetpack_shortlink":"https:\/\/wp.me\/p7ZJR4-bLh","jetpack_likes_enabled":false,"jetpack-related-posts":[{"id":40522,"url":"https:\/\/www.grieta.org.mx\/index.php\/2019\/10\/25\/sindicato-de-trabajadores-del-instituto-de-educacion-media-superior-emplazan-a-huelga-ciudad-de-mexico\/","url_meta":{"origin":45215,"position":0},"title":"Sindicato de trabajadores del Instituto de Educaci\u00f3n Media Superior emplazan a huelga (Ciudad de M\u00e9xico)","author":"grieta","date":"25 octubre, 2019","format":false,"excerpt":"\u00a0 La Izquierda Diario de M\u00e9xico El Sindicato pidi\u00f3 crear oportunamente plazas para los nuevos planteles y basificar a los profesores de modalidad semiescolar El Sindicato de la Uni\u00f3n de Trabajadores del Instituto de Educaci\u00f3n Media Superior (Sutiems) emplaz\u00f3 a huelga el pr\u00f3ximo 5 de noviembre. Hizo un llamado a\u2026","rel":"","context":"En &quot;CINTILLO&quot;","block_context":{"text":"CINTILLO","link":"https:\/\/www.grieta.org.mx\/index.php\/category\/cintillo\/"},"img":{"alt_text":"","src":"https:\/\/i0.wp.com\/www.grieta.org.mx\/wp-content\/uploads\/2019\/10\/Sindicato-de-trabajadores-del-Instituto-de-Educaci%C3%B3n-Media-Superior-emplazan-a-huelga-cdmx-oct.jpg?resize=350%2C200&ssl=1","width":350,"height":200},"classes":[]},{"id":46734,"url":"https:\/\/www.grieta.org.mx\/index.php\/2020\/03\/12\/por-organizar-tendedero-de-denuncias-profesora-sera-sancionada-por-director-de-bachilleres-4-ciudad-de-mexico\/","url_meta":{"origin":45215,"position":1},"title":"Por \u201corganizar\u201d tendedero de denuncias, profesora ser\u00e1 sancionada por director de Bachilleres 4 (Ciudad de M\u00e9xico)","author":"grieta","date":"12 marzo, 2020","format":false,"excerpt":"Imagen tomada de: www.radioformula.com.mx Radio F\u00f3rmula La profesora realiz\u00f3 una actividad con los alumnos para exponer frases de acoso que han escuchado de sus profesores y compa\u00f1eros Jos\u00e9 Ra\u00fal S\u00e1nchez, director del Colegio de Bachilleres Plantel 4, anunci\u00f3 que sancionar\u00e1 a la profesora Ericka Mart\u00ednez, por \u201corganizar\u201d un tendedero de\u2026","rel":"","context":"En &quot;CINTILLO&quot;","block_context":{"text":"CINTILLO","link":"https:\/\/www.grieta.org.mx\/index.php\/category\/cintillo\/"},"img":{"alt_text":"","src":"https:\/\/i0.wp.com\/www.grieta.org.mx\/wp-content\/uploads\/2020\/03\/Por-organizar-tendedero-de-denuncias-profesora-ser%C3%A1-sancionada-por-director-de-Bachilleres-4-cdmx-mzo.jpg?resize=350%2C200&ssl=1","width":350,"height":200,"srcset":"https:\/\/i0.wp.com\/www.grieta.org.mx\/wp-content\/uploads\/2020\/03\/Por-organizar-tendedero-de-denuncias-profesora-ser%C3%A1-sancionada-por-director-de-Bachilleres-4-cdmx-mzo.jpg?resize=350%2C200&ssl=1 1x, https:\/\/i0.wp.com\/www.grieta.org.mx\/wp-content\/uploads\/2020\/03\/Por-organizar-tendedero-de-denuncias-profesora-ser%C3%A1-sancionada-por-director-de-Bachilleres-4-cdmx-mzo.jpg?resize=525%2C300&ssl=1 1.5x"},"classes":[]},{"id":43887,"url":"https:\/\/www.grieta.org.mx\/index.php\/2020\/01\/29\/continua-paro-en-tres-escuelas-del-ipn-ciudad-de-mexico\/","url_meta":{"origin":45215,"position":2},"title":"Contin\u00faa paro en tres escuelas del IPN (Ciudad de M\u00e9xico)","author":"grieta","date":"29 enero, 2020","format":false,"excerpt":"La Escuela Nacional de Medicina y Homeopat\u00eda. (Archivo) Alma Paola Wong \/ Milenio El Instituto Polit\u00e9cnico Nacional garantiz\u00f3 que todos los estudiantes podr\u00e1n inscribirse; sin embargo, los alumnos aseguraron que hasta esta ma\u00f1ana no se hab\u00eda establecido comunicaci\u00f3n con las autoridades. La Escuela Nacional de Ciencias Biol\u00f3gicas (ENCB) en el\u2026","rel":"","context":"En &quot;CINTILLO&quot;","block_context":{"text":"CINTILLO","link":"https:\/\/www.grieta.org.mx\/index.php\/category\/cintillo\/"},"img":{"alt_text":"","src":"https:\/\/i0.wp.com\/www.grieta.org.mx\/wp-content\/uploads\/2020\/02\/Contin%C3%BAa-paro-en-tres-escuelas-del-IPN-cdmx-feb.jpeg?resize=350%2C200&ssl=1","width":350,"height":200,"srcset":"https:\/\/i0.wp.com\/www.grieta.org.mx\/wp-content\/uploads\/2020\/02\/Contin%C3%BAa-paro-en-tres-escuelas-del-IPN-cdmx-feb.jpeg?resize=350%2C200&ssl=1 1x, https:\/\/i0.wp.com\/www.grieta.org.mx\/wp-content\/uploads\/2020\/02\/Contin%C3%BAa-paro-en-tres-escuelas-del-IPN-cdmx-feb.jpeg?resize=525%2C300&ssl=1 1.5x, https:\/\/i0.wp.com\/www.grieta.org.mx\/wp-content\/uploads\/2020\/02\/Contin%C3%BAa-paro-en-tres-escuelas-del-IPN-cdmx-feb.jpeg?resize=700%2C400&ssl=1 2x"},"classes":[]},{"id":40133,"url":"https:\/\/www.grieta.org.mx\/index.php\/2019\/10\/10\/estudiantes-exigen-a-la-secretaria-de-cultura-mas-presupuesto-para-la-enah-ciudad-de-mexico\/","url_meta":{"origin":45215,"position":3},"title":"Estudiantes exigen a la Secretar\u00eda de Cultura m\u00e1s presupuesto para la ENAH (Ciudad de M\u00e9xico)","author":"grieta","date":"10 octubre, 2019","format":false,"excerpt":"Jordana Gonz\u00e1lez \/ Contral\u00ednea Estudiantes de la Escuela Nacional de Antropolog\u00eda e Historia (ENAH) realizaron una \u201ctoma\u201d simb\u00f3lica de la Secretar\u00eda de Cultura la tarde de este jueves, en exigencia de mejores condiciones laborales y estudiantiles, as\u00ed como la asignaci\u00f3n de mayor presupuesto para la instituci\u00f3n educativa. Asimismo, acusaron el\u2026","rel":"","context":"En &quot;CINTILLO&quot;","block_context":{"text":"CINTILLO","link":"https:\/\/www.grieta.org.mx\/index.php\/category\/cintillo\/"},"img":{"alt_text":"","src":"https:\/\/i0.wp.com\/www.grieta.org.mx\/wp-content\/uploads\/2019\/10\/Estudiantes-exigen-a-la-Secretar%C3%ADa-de-Cultura-m%C3%A1s-presupuesto-para-la-ENAH-oct-cdmx.jpg?resize=350%2C200&ssl=1","width":350,"height":200,"srcset":"https:\/\/i0.wp.com\/www.grieta.org.mx\/wp-content\/uploads\/2019\/10\/Estudiantes-exigen-a-la-Secretar%C3%ADa-de-Cultura-m%C3%A1s-presupuesto-para-la-ENAH-oct-cdmx.jpg?resize=350%2C200&ssl=1 1x, https:\/\/i0.wp.com\/www.grieta.org.mx\/wp-content\/uploads\/2019\/10\/Estudiantes-exigen-a-la-Secretar%C3%ADa-de-Cultura-m%C3%A1s-presupuesto-para-la-ENAH-oct-cdmx.jpg?resize=525%2C300&ssl=1 1.5x"},"classes":[]},{"id":69794,"url":"https:\/\/www.grieta.org.mx\/index.php\/2024\/09\/22\/18mil-estudiantes-sin-docentes-del-conalep-ciudad-de-mexico\/","url_meta":{"origin":45215,"position":4},"title":"18mil estudiantes sin docentes del CONALEP (Ciudad de M\u00e9xico)","author":"grieta","date":"22 septiembre, 2024","format":false,"excerpt":"\u00a0 Fernando Fuentes Mu\u00f1iz \/ Debate Foto: Cuartoscuro De 27 planteles de CONALEP en la Ciudad de M\u00e9xico 22 est\u00e1n trabajando con una deficiencia de 200 a 300 horas sin clases debido a la falta de contrataci\u00f3n de maestros temporales, afectado con ello alrededor de 18 mil estudiantes de primero,\u2026","rel":"","context":"En &quot;CINTILLO&quot;","block_context":{"text":"CINTILLO","link":"https:\/\/www.grieta.org.mx\/index.php\/category\/cintillo\/"},"img":{"alt_text":"","src":"https:\/\/i0.wp.com\/www.grieta.org.mx\/wp-content\/uploads\/2024\/09\/Captura-de-pantalla-2024-09-23-230832.png?resize=350%2C200&ssl=1","width":350,"height":200,"srcset":"https:\/\/i0.wp.com\/www.grieta.org.mx\/wp-content\/uploads\/2024\/09\/Captura-de-pantalla-2024-09-23-230832.png?resize=350%2C200&ssl=1 1x, https:\/\/i0.wp.com\/www.grieta.org.mx\/wp-content\/uploads\/2024\/09\/Captura-de-pantalla-2024-09-23-230832.png?resize=525%2C300&ssl=1 1.5x, https:\/\/i0.wp.com\/www.grieta.org.mx\/wp-content\/uploads\/2024\/09\/Captura-de-pantalla-2024-09-23-230832.png?resize=700%2C400&ssl=1 2x"},"classes":[]},{"id":41407,"url":"https:\/\/www.grieta.org.mx\/index.php\/2019\/11\/19\/estudiantes-protestan-frente-a-antigua-escuela-de-medicina-ciudad-de-mexico\/","url_meta":{"origin":45215,"position":5},"title":"Estudiantes protestan frente a Antigua Escuela de Medicina (Ciudad de M\u00e9xico)","author":"grieta","date":"19 noviembre, 2019","format":false,"excerpt":"Foto: Teresa Moreno Teresa Moreno \/ El Universal Reclaman la soluci\u00f3n inmediata de los 13 casos de violencia de g\u00e9nero que se han denunciado en la Preparatoria 4 y la FES Cuautitl\u00e1n CDMX.- Integrantes de la Central de Estudiantes Universitarios se manifiestan esta ma\u00f1ana frente a la Antigua Escuela de\u2026","rel":"","context":"En &quot;CINTILLO&quot;","block_context":{"text":"CINTILLO","link":"https:\/\/www.grieta.org.mx\/index.php\/category\/cintillo\/"},"img":{"alt_text":"","src":"https:\/\/i0.wp.com\/www.grieta.org.mx\/wp-content\/uploads\/2019\/11\/Estudiantes-protestan-frente-a-Antigua-Escuela-de-medicina-cdmx-nov.jpg?resize=350%2C200","width":350,"height":200},"classes":[]}],"_links":{"self":[{"href":"https:\/\/www.grieta.org.mx\/index.php\/wp-json\/wp\/v2\/posts\/45215","targetHints":{"allow":["GET"]}}],"collection":[{"href":"https:\/\/www.grieta.org.mx\/index.php\/wp-json\/wp\/v2\/posts"}],"about":[{"href":"https:\/\/www.grieta.org.mx\/index.php\/wp-json\/wp\/v2\/types\/post"}],"author":[{"embeddable":true,"href":"https:\/\/www.grieta.org.mx\/index.php\/wp-json\/wp\/v2\/users\/2"}],"replies":[{"embeddable":true,"href":"https:\/\/www.grieta.org.mx\/index.php\/wp-json\/wp\/v2\/comments?post=45215"}],"version-history":[{"count":1,"href":"https:\/\/www.grieta.org.mx\/index.php\/wp-json\/wp\/v2\/posts\/45215\/revisions"}],"predecessor-version":[{"id":45217,"href":"https:\/\/www.grieta.org.mx\/index.php\/wp-json\/wp\/v2\/posts\/45215\/revisions\/45217"}],"wp:featuredmedia":[{"embeddable":true,"href":"https:\/\/www.grieta.org.mx\/index.php\/wp-json\/wp\/v2\/media\/45216"}],"wp:attachment":[{"href":"https:\/\/www.grieta.org.mx\/index.php\/wp-json\/wp\/v2\/media?parent=45215"}],"wp:term":[{"taxonomy":"category","embeddable":true,"href":"https:\/\/www.grieta.org.mx\/index.php\/wp-json\/wp\/v2\/categories?post=45215"},{"taxonomy":"post_tag","embeddable":true,"href":"https:\/\/www.grieta.org.mx\/index.php\/wp-json\/wp\/v2\/tags?post=45215"}],"curies":[{"name":"wp","href":"https:\/\/api.w.org\/{rel}","templated":true}]}}