{"id":45209,"date":"2020-02-25T20:08:12","date_gmt":"2020-02-26T02:08:12","guid":{"rendered":"http:\/\/www.grieta.org.mx\/?p=45209"},"modified":"2020-02-26T20:18:10","modified_gmt":"2020-02-27T02:18:10","slug":"alumnas-de-prepa-1-de-la-uaemex-denuncian-a-25-maestros-por-acoso-sexual-estado-de-mexico","status":"publish","type":"post","link":"https:\/\/www.grieta.org.mx\/index.php\/2020\/02\/25\/alumnas-de-prepa-1-de-la-uaemex-denuncian-a-25-maestros-por-acoso-sexual-estado-de-mexico\/","title":{"rendered":"Alumnas de Prepa 1 de la UAEMex denuncian a 25 maestros por acoso sexual (Estado de M\u00e9xico)"},"content":{"rendered":"<p><img loading=\"lazy\" decoding=\"async\" data-attachment-id=\"45210\" data-permalink=\"https:\/\/www.grieta.org.mx\/index.php\/2020\/02\/25\/alumnas-de-prepa-1-de-la-uaemex-denuncian-a-25-maestros-por-acoso-sexual-estado-de-mexico\/alumnas-de-prepa-1-de-la-uaemex-denuncian-a-25-maestros-por-acoso-sexual-edomex-feb\/\" data-orig-file=\"https:\/\/www.grieta.org.mx\/wp-content\/uploads\/2020\/02\/Alumnas-de-Prepa-1-de-la-UAEMex-denuncian-a-25-maestros-por-acoso-sexual-edomex-feb.jpg\" data-orig-size=\"287,176\" data-comments-opened=\"0\" data-image-meta=\"{&quot;aperture&quot;:&quot;0&quot;,&quot;credit&quot;:&quot;&quot;,&quot;camera&quot;:&quot;&quot;,&quot;caption&quot;:&quot;&quot;,&quot;created_timestamp&quot;:&quot;0&quot;,&quot;copyright&quot;:&quot;&quot;,&quot;focal_length&quot;:&quot;0&quot;,&quot;iso&quot;:&quot;0&quot;,&quot;shutter_speed&quot;:&quot;0&quot;,&quot;title&quot;:&quot;&quot;,&quot;orientation&quot;:&quot;0&quot;}\" data-image-title=\"Alumnas de Prepa 1 de la UAEMex denuncian a 25 maestros por acoso sexual edomex feb\" data-image-description=\"\" data-image-caption=\"\" data-medium-file=\"https:\/\/www.grieta.org.mx\/wp-content\/uploads\/2020\/02\/Alumnas-de-Prepa-1-de-la-UAEMex-denuncian-a-25-maestros-por-acoso-sexual-edomex-feb.jpg\" data-large-file=\"https:\/\/www.grieta.org.mx\/wp-content\/uploads\/2020\/02\/Alumnas-de-Prepa-1-de-la-UAEMex-denuncian-a-25-maestros-por-acoso-sexual-edomex-feb.jpg\" class=\"aligncenter size-full wp-image-45210\" src=\"http:\/\/www.grieta.org.mx\/wp-content\/uploads\/2020\/02\/Alumnas-de-Prepa-1-de-la-UAEMex-denuncian-a-25-maestros-por-acoso-sexual-edomex-feb.jpg\" alt=\"\" width=\"287\" height=\"176\" \/><br \/>\n<em>Foto: Jorge Alvarado \/ El Universal<\/em><\/p>\n<p>Claudia Gonz\u00e1lez \/ El Universal<\/p>\n<blockquote><p>Una de las alumnas afectadas se\u00f1al\u00f3 que el docente Miguel \u00c1ngel P\u00e9rez le dijo: \u201cte ves bien con tu vestido, pero te ver\u00edas mejor sin el\u201d<\/p><\/blockquote>\n<p>Toluca, M\u00e9x.- En una noche, alumnas de la Preparatoria N\u00famero 1 \u201cAdolfo L\u00f3pez Mateos\u201d de la UAEMex, denunciaron a 25 maestros de la instituci\u00f3n por acoso sexual, tocamientos y hasta abuso sexual, as\u00ed como la distribuci\u00f3n de &#8220;packs&#8221; de las estudiantes, varias menores de edad.<\/p>\n<p>Entre las denuncias se\u00f1alan a 24 maestros hombres y una mujer, adem\u00e1s tambi\u00e9n denunciaron alumnos de la instituci\u00f3n y otros planteles universitarios, de la distribuci\u00f3n de im\u00e1genes suplantando la identidad de algunas alumnas, e incluso tomadas sin el consentimiento de las v\u00edctimas.<\/p>\n<p>En conferencia de prensa, las alumnas Sof\u00eda Mariana Mercado Mendoza, Debbie Padilla Lara, Elvia Estefan\u00eda L\u00f3pez Buend\u00eda, iniciadoras del movimiento Yo S\u00ed Te Creo, informaron que con el apoyo del director de la escuela, anoche comenzaron con un tendedero de denuncias en donde de forma an\u00f3nima y con el nombre de las v\u00edctimas hicieron p\u00fablicos casos de acoso que van desde comentarios lascivos hasta abuso contra alumnas, algunos que datan del 2009.<\/p>\n<p>Sofia Mariana Mercado Mendoza, inform\u00f3 que en su caso, fue el docente Miguel \u00c1ngel P\u00e9rez Villalba quien le hizo comentarios como que: \u201cte ves bien con tu vestido, pero te ver\u00edas mejor sin el\u201d y \u201cle pidi\u00f3 a un compa\u00f1ero que no te tocara, pero dijo: quien podr\u00eda resistirse a tocarte\u201d.<\/p>\n<p>Pese a que acudi\u00f3 ante autoridades de la Universidad Aut\u00f3noma del Estado de M\u00e9xico y a la Fiscal\u00eda de Justicia, en ning\u00fan caso fue tomada en cuenta su denuncias en el primer caso, \u201cla archivaron\u201d y en el segundo \u201cporque el acoso no es un delito\u201d.<\/p>\n<p>Acompa\u00f1ada por su mam\u00e1, Gabriela Mendoza Romero, indic\u00f3 que hasta el momento a trav\u00e9s de diversos medios han recogido denuncias contra el docente Ismael Guzm\u00e1n Silva, de quien hay una carpeta de hasta 30 acusaciones por diversos delitos sexuales, pero todas fueron desestimadas.<\/p>\n<p>Dijo que tienen registro actualmente de tres denuncias penales contra docentes de esta preparatoria, adem\u00e1s uno de los se\u00f1alados fue suspendido un a\u00f1o pero volvi\u00f3 a dar clases.<\/p>\n<p>En conferencia de prensa anunciaron que el movimiento seguir\u00e1, pues ya se ha replicado en al menos seis facultades de la UAEM\u00e9x y dos preparatorias, que son la Tres y la Uno.<\/p>\n<p>Adem\u00e1s, que el director comprometi\u00f3 que esta semana acudir\u00e1 personal de la ofinina del Abogado General de la universidad para apoyarlas y asesorarlas en las denuncias penales.<\/p>\n<p>De no ser suficiente la respuesta, dijeron, podr\u00edan escalar la protesta y tomar planteles como lo hicieron los alumnos de la Facultad de Ciencias de la Conducta desde el viernes pasado.<\/p>\n<p><a href=\"https:\/\/www.eluniversal.com.mx\/metropoli\/edomex\/alumnas-de-prepa-1-de-la-uaemex-denuncian-25-maestros-por-acoso-sexual\" target=\"_blank\" rel=\"noopener noreferrer\">https:\/\/www.eluniversal.com.mx\/metropoli\/edomex\/alumnas-de-prepa-1-de-la-uaemex-denuncian-25-maestros-por-acoso-sexual<\/a><\/p>\n","protected":false},"excerpt":{"rendered":"<p>Foto: Jorge Alvarado \/ El Universal Claudia Gonz\u00e1lez \/ El Universal Una de las alumnas afectadas se\u00f1al\u00f3 que el docente Miguel \u00c1ngel P\u00e9rez le dijo: \u201cte ves bien con tu &hellip; <a href=\"https:\/\/www.grieta.org.mx\/index.php\/2020\/02\/25\/alumnas-de-prepa-1-de-la-uaemex-denuncian-a-25-maestros-por-acoso-sexual-estado-de-mexico\/\" class=\"more-link\">Leer m\u00e1s<\/a><\/p>\n","protected":false},"author":2,"featured_media":45210,"comment_status":"closed","ping_status":"closed","sticky":false,"template":"","format":"standard","meta":{"ngg_post_thumbnail":0,"_jetpack_newsletter_access":"","_jetpack_dont_email_post_to_subs":false,"_jetpack_newsletter_tier_id":0,"_jetpack_memberships_contains_paywalled_content":false,"_jetpack_memberships_contains_paid_content":false,"footnotes":""},"categories":[80,916,2900,16,3035,2,83,2720],"tags":[1824,2566,2683,1565,1630],"class_list":["post-45209","post","type-post","status-publish","format-standard","has-post-thumbnail","hentry","category-cintillo","category-privatizacion-del-la-educacion-publica","category-crisis-en-el-sistema-educativo-en-el-estado-de-mexico","category-estado-de-mexico","category-movilizaciones-y-protestas-de-habitantes-en-el-estado-de-mexico","category-noticias-nacionales","category-temas-nacionales","category-violencia-contra-las-mujeres-en-el-estado-de-mexico","tag-acoso-sexual","tag-crisis-en-el-sistema-educativo","tag-estudiantes-organizados","tag-violencia-contra-estudiantes","tag-violencia-contra-las-mujeres","entry"],"jetpack_featured_media_url":"https:\/\/www.grieta.org.mx\/wp-content\/uploads\/2020\/02\/Alumnas-de-Prepa-1-de-la-UAEMex-denuncian-a-25-maestros-por-acoso-sexual-edomex-feb.jpg","jetpack_sharing_enabled":true,"jetpack_shortlink":"https:\/\/wp.me\/p7ZJR4-bLb","jetpack_likes_enabled":false,"jetpack-related-posts":[{"id":45227,"url":"https:\/\/www.grieta.org.mx\/index.php\/2020\/02\/26\/en-paro-indefinido-facultades-de-ciencias-politicas-y-humanidades-de-uaemex-estado-de-mexico\/","url_meta":{"origin":45209,"position":0},"title":"En paro indefinido, facultades de Ciencias Pol\u00edticas y Humanidades de UAEM\u00e9x (Estado de M\u00e9xico)","author":"grieta","date":"26 febrero, 2020","format":false,"excerpt":"Foto: Jorge Alvarado \/ El Universal Claudia Gonz\u00e1lez \/ El Universal Esta medida es parte de la demanda de atenci\u00f3n a la ola de quejas por violencia de g\u00e9nero y acoso sexual; el rector Alfredo Barrera Baca rechaz\u00f3 que el conflicto haya rebasado a la instituci\u00f3n Los alumnos de las\u2026","rel":"","context":"En &quot;CINTILLO&quot;","block_context":{"text":"CINTILLO","link":"https:\/\/www.grieta.org.mx\/index.php\/category\/cintillo\/"},"img":{"alt_text":"","src":"https:\/\/i0.wp.com\/www.grieta.org.mx\/wp-content\/uploads\/2020\/02\/En-paro-indefinido-facultades-de-Ciencias-Pol%C3%ADticas-y-humanidades-de-uaemex-edomex-feb.jpg?resize=350%2C200","width":350,"height":200},"classes":[]},{"id":46084,"url":"https:\/\/www.grieta.org.mx\/index.php\/2020\/03\/12\/denuncian-acoso-sexual-alumnas-de-la-salle-en-neza-estado-de-mexico\/","url_meta":{"origin":45209,"position":1},"title":"Denuncian acoso sexual alumnas de La Salle en Neza (Estado de M\u00e9xico)","author":"grieta","date":"12 marzo, 2020","format":false,"excerpt":"Las alumnas denuncian a algunos profesores, personal acad\u00e9mico y compa\u00f1eros de la universidad. Foto: Carlos Jim\u00e9nez Excelsior Un centenar de denuncias escritas en hojas de papel que fueron pegadas en la entrada del plantel ubicado sobre avenida Bordo de Xochiaca Un grupo de estudiantes de preparatoria de la Universidad La\u2026","rel":"","context":"En &quot;CINTILLO&quot;","block_context":{"text":"CINTILLO","link":"https:\/\/www.grieta.org.mx\/index.php\/category\/cintillo\/"},"img":{"alt_text":"","src":"https:\/\/i0.wp.com\/www.grieta.org.mx\/wp-content\/uploads\/2020\/03\/Denuncian-acoso-sexual-alumnas-de-La-Salle-en-Neza-edomex-mzo.jpg?resize=350%2C200&ssl=1","width":350,"height":200,"srcset":"https:\/\/i0.wp.com\/www.grieta.org.mx\/wp-content\/uploads\/2020\/03\/Denuncian-acoso-sexual-alumnas-de-La-Salle-en-Neza-edomex-mzo.jpg?resize=350%2C200&ssl=1 1x, https:\/\/i0.wp.com\/www.grieta.org.mx\/wp-content\/uploads\/2020\/03\/Denuncian-acoso-sexual-alumnas-de-La-Salle-en-Neza-edomex-mzo.jpg?resize=525%2C300&ssl=1 1.5x"},"classes":[]},{"id":40775,"url":"https:\/\/www.grieta.org.mx\/index.php\/2019\/10\/30\/se-han-presentado-77-denuncias-por-acoso-en-la-fes-cuautitlan-estado-de-mexico\/","url_meta":{"origin":45209,"position":2},"title":"SE HAN PRESENTADO 77 DENUNCIAS POR ACOSO EN LA FES CUAUTITL\u00c1N (Estado de M\u00e9xico)","author":"grieta","date":"30 octubre, 2019","format":false,"excerpt":"Reporte \u00cdndigo En la FES Cuautitl\u00e1n, alumnas ha presentado 77 denuncias por acoso sexual; los responsables han recibido amonestaciones, expulsi\u00f3n o rescisi\u00f3n Las denuncias por acoso sexual por parte de estudiantes de la FES Cuautitl\u00e1n se elev\u00f3 a 77. Por lo anterior, la Facultad de Estudios Superiores de la Universidad\u2026","rel":"","context":"En &quot;CINTILLO&quot;","block_context":{"text":"CINTILLO","link":"https:\/\/www.grieta.org.mx\/index.php\/category\/cintillo\/"},"img":{"alt_text":"","src":"https:\/\/i0.wp.com\/www.grieta.org.mx\/wp-content\/uploads\/2019\/11\/SE-HAN-PRESENTADO-77-DENUNCIAS-POR-ACOSO-EN-LA-FES-CUAUTITL%C3%81N-edomex-nov.jpg?resize=350%2C200","width":350,"height":200},"classes":[]},{"id":41139,"url":"https:\/\/www.grieta.org.mx\/index.php\/2019\/11\/15\/encapuchados-toman-instalaciones-de-prepa-3-denuncia-acoso-sexual-ciudad-de-mexico\/","url_meta":{"origin":45209,"position":3},"title":"Encapuchados toman instalaciones de Prepa 3; denuncia acoso sexual (Ciudad de M\u00e9xico)","author":"grieta","date":"15 noviembre, 2019","format":false,"excerpt":"Vanessa Solis \/ El Sol de M\u00e9xico Alumnos del plantel exigen la renuncia de docentes que presuntamente acosan a las alumnas Mujeres encapuchadas tomaron las instalaciones de les Escuela Nacional Preparatoria n\u00famero 3 de la UNAM, esto para exigir la renuncia de profesores que acosan a las alumnas. A trav\u00e9s\u2026","rel":"","context":"En &quot;CINTILLO&quot;","block_context":{"text":"CINTILLO","link":"https:\/\/www.grieta.org.mx\/index.php\/category\/cintillo\/"},"img":{"alt_text":"","src":"https:\/\/i0.wp.com\/www.grieta.org.mx\/wp-content\/uploads\/2019\/11\/Encapuchados-toman-instalaciones-de-Prepa-3-denuncia-acoso-sexual-cdmx-nov.png?resize=350%2C200&ssl=1","width":350,"height":200,"srcset":"https:\/\/i0.wp.com\/www.grieta.org.mx\/wp-content\/uploads\/2019\/11\/Encapuchados-toman-instalaciones-de-Prepa-3-denuncia-acoso-sexual-cdmx-nov.png?resize=350%2C200&ssl=1 1x, https:\/\/i0.wp.com\/www.grieta.org.mx\/wp-content\/uploads\/2019\/11\/Encapuchados-toman-instalaciones-de-Prepa-3-denuncia-acoso-sexual-cdmx-nov.png?resize=525%2C300&ssl=1 1.5x, https:\/\/i0.wp.com\/www.grieta.org.mx\/wp-content\/uploads\/2019\/11\/Encapuchados-toman-instalaciones-de-Prepa-3-denuncia-acoso-sexual-cdmx-nov.png?resize=700%2C400&ssl=1 2x"},"classes":[]},{"id":46328,"url":"https:\/\/www.grieta.org.mx\/index.php\/2020\/03\/17\/paristas-de-uaemex-denuncian-red-de-espionaje-estado-de-mexico\/","url_meta":{"origin":45209,"position":4},"title":"Paristas de UAEMex denuncian red de espionaje (Estado de M\u00e9xico)","author":"grieta","date":"17 marzo, 2020","format":false,"excerpt":"El rector de la UAEMex, Alfredo Barrera, con estudiantes de la Facultad de Arquitectura y Dise\u00f1o. Foto: Twitter @Rector_UAEM \u00a0 Veneranda Mendoza \/ Proceso TOLUCA, Edomex. (apro).- El Comit\u00e9 Coordinador de Lucha (Cocol) de la Universidad Aut\u00f3noma del Estado de M\u00e9xico (UAEMex), conformado por asamble\u00edstas de las cinco facultades en\u2026","rel":"","context":"En &quot;CINTILLO&quot;","block_context":{"text":"CINTILLO","link":"https:\/\/www.grieta.org.mx\/index.php\/category\/cintillo\/"},"img":{"alt_text":"","src":"https:\/\/i0.wp.com\/www.grieta.org.mx\/wp-content\/uploads\/2020\/03\/Paristas-de-UAEMex-denuncian-red-de-espionaje-edomex-mzo.jpg?resize=350%2C200&ssl=1","width":350,"height":200,"srcset":"https:\/\/i0.wp.com\/www.grieta.org.mx\/wp-content\/uploads\/2020\/03\/Paristas-de-UAEMex-denuncian-red-de-espionaje-edomex-mzo.jpg?resize=350%2C200&ssl=1 1x, https:\/\/i0.wp.com\/www.grieta.org.mx\/wp-content\/uploads\/2020\/03\/Paristas-de-UAEMex-denuncian-red-de-espionaje-edomex-mzo.jpg?resize=525%2C300&ssl=1 1.5x, https:\/\/i0.wp.com\/www.grieta.org.mx\/wp-content\/uploads\/2020\/03\/Paristas-de-UAEMex-denuncian-red-de-espionaje-edomex-mzo.jpg?resize=700%2C400&ssl=1 2x"},"classes":[]},{"id":40525,"url":"https:\/\/www.grieta.org.mx\/index.php\/2019\/10\/25\/por-denuncias-de-acoso-sexual-alumnos-de-la-fes-cuautitlan-se-van-a-paro-indefinido-estado-de-mexico\/","url_meta":{"origin":45209,"position":5},"title":"Por denuncias de acoso sexual, alumnos de la FES Cuautitl\u00e1n se van a paro indefinido (Estado de M\u00e9xico)","author":"grieta","date":"25 octubre, 2019","format":false,"excerpt":"Nancy G\u00f3mez \/ SDP Noticias Exigen investigar los casos y destituir a los profesores agresores. M\u00e9xico.- Luego de que iniciara la publicaci\u00f3n de denuncias de acoso sexual por parte de profesores contra alumnas de la Facultad de Estudios Superiores (FES) Cuautitl\u00e1n de la UNAM, en asambleas estudiantes se vot\u00f3 paro\u2026","rel":"","context":"En &quot;CINTILLO&quot;","block_context":{"text":"CINTILLO","link":"https:\/\/www.grieta.org.mx\/index.php\/category\/cintillo\/"},"img":{"alt_text":"","src":"https:\/\/i0.wp.com\/www.grieta.org.mx\/wp-content\/uploads\/2019\/10\/Por-denuncias-de-acoso-sexual-alumnos-de-la-FES-Cuautitl%C3%A1n-se-van-a-paro-indefinido-1-edomex-oct.jpeg?resize=350%2C200&ssl=1","width":350,"height":200,"srcset":"https:\/\/i0.wp.com\/www.grieta.org.mx\/wp-content\/uploads\/2019\/10\/Por-denuncias-de-acoso-sexual-alumnos-de-la-FES-Cuautitl%C3%A1n-se-van-a-paro-indefinido-1-edomex-oct.jpeg?resize=350%2C200&ssl=1 1x, https:\/\/i0.wp.com\/www.grieta.org.mx\/wp-content\/uploads\/2019\/10\/Por-denuncias-de-acoso-sexual-alumnos-de-la-FES-Cuautitl%C3%A1n-se-van-a-paro-indefinido-1-edomex-oct.jpeg?resize=525%2C300&ssl=1 1.5x"},"classes":[]}],"_links":{"self":[{"href":"https:\/\/www.grieta.org.mx\/index.php\/wp-json\/wp\/v2\/posts\/45209","targetHints":{"allow":["GET"]}}],"collection":[{"href":"https:\/\/www.grieta.org.mx\/index.php\/wp-json\/wp\/v2\/posts"}],"about":[{"href":"https:\/\/www.grieta.org.mx\/index.php\/wp-json\/wp\/v2\/types\/post"}],"author":[{"embeddable":true,"href":"https:\/\/www.grieta.org.mx\/index.php\/wp-json\/wp\/v2\/users\/2"}],"replies":[{"embeddable":true,"href":"https:\/\/www.grieta.org.mx\/index.php\/wp-json\/wp\/v2\/comments?post=45209"}],"version-history":[{"count":1,"href":"https:\/\/www.grieta.org.mx\/index.php\/wp-json\/wp\/v2\/posts\/45209\/revisions"}],"predecessor-version":[{"id":45211,"href":"https:\/\/www.grieta.org.mx\/index.php\/wp-json\/wp\/v2\/posts\/45209\/revisions\/45211"}],"wp:featuredmedia":[{"embeddable":true,"href":"https:\/\/www.grieta.org.mx\/index.php\/wp-json\/wp\/v2\/media\/45210"}],"wp:attachment":[{"href":"https:\/\/www.grieta.org.mx\/index.php\/wp-json\/wp\/v2\/media?parent=45209"}],"wp:term":[{"taxonomy":"category","embeddable":true,"href":"https:\/\/www.grieta.org.mx\/index.php\/wp-json\/wp\/v2\/categories?post=45209"},{"taxonomy":"post_tag","embeddable":true,"href":"https:\/\/www.grieta.org.mx\/index.php\/wp-json\/wp\/v2\/tags?post=45209"}],"curies":[{"name":"wp","href":"https:\/\/api.w.org\/{rel}","templated":true}]}}