{"id":45199,"date":"2020-02-22T19:43:12","date_gmt":"2020-02-23T01:43:12","guid":{"rendered":"http:\/\/www.grieta.org.mx\/?p=45199"},"modified":"2020-02-26T19:50:18","modified_gmt":"2020-02-27T01:50:18","slug":"comunidades-originarias-en-defensa-de-su-territorio-en-jalisco","status":"publish","type":"post","link":"https:\/\/www.grieta.org.mx\/index.php\/2020\/02\/22\/comunidades-originarias-en-defensa-de-su-territorio-en-jalisco\/","title":{"rendered":"Comunidades originarias en defensa de su territorio en Jalisco"},"content":{"rendered":"<p><img loading=\"lazy\" decoding=\"async\" data-attachment-id=\"45201\" data-permalink=\"https:\/\/www.grieta.org.mx\/index.php\/2020\/02\/22\/comunidades-originarias-en-defensa-de-su-territorio-en-jalisco\/2020-02-22_09-02-04___8406\/\" data-orig-file=\"https:\/\/www.grieta.org.mx\/wp-content\/uploads\/2020\/02\/2020-02-22_09-02-04___8406.jpg\" data-orig-size=\"750,500\" data-comments-opened=\"0\" data-image-meta=\"{&quot;aperture&quot;:&quot;0&quot;,&quot;credit&quot;:&quot;&quot;,&quot;camera&quot;:&quot;&quot;,&quot;caption&quot;:&quot;&quot;,&quot;created_timestamp&quot;:&quot;0&quot;,&quot;copyright&quot;:&quot;&quot;,&quot;focal_length&quot;:&quot;0&quot;,&quot;iso&quot;:&quot;0&quot;,&quot;shutter_speed&quot;:&quot;0&quot;,&quot;title&quot;:&quot;&quot;,&quot;orientation&quot;:&quot;0&quot;}\" data-image-title=\"2020-02-22_09-02-04___8406\" data-image-description=\"\" data-image-caption=\"\" data-medium-file=\"https:\/\/www.grieta.org.mx\/wp-content\/uploads\/2020\/02\/2020-02-22_09-02-04___8406-300x200.jpg\" data-large-file=\"https:\/\/www.grieta.org.mx\/wp-content\/uploads\/2020\/02\/2020-02-22_09-02-04___8406.jpg\" class=\"aligncenter wp-image-45201\" src=\"http:\/\/www.grieta.org.mx\/wp-content\/uploads\/2020\/02\/2020-02-22_09-02-04___8406.jpg\" alt=\"\" width=\"800\" height=\"533\" srcset=\"https:\/\/www.grieta.org.mx\/wp-content\/uploads\/2020\/02\/2020-02-22_09-02-04___8406.jpg 750w, https:\/\/www.grieta.org.mx\/wp-content\/uploads\/2020\/02\/2020-02-22_09-02-04___8406-300x200.jpg 300w\" sizes=\"auto, (max-width: 800px) 100vw, 800px\" \/><\/p>\n<p>Foto: Jorge Alberto Mendoza<\/p>\n<p>Lauro Rodr\u00edguez \/ El Diario NTR<\/p>\n<p>as comunidades originarias de Jalisco participaron de las Jornadas en Defensa del Territorio y la Madre Tierra #SamirSomosTodasyTodos que se organizaron a nivel nacional.<\/p>\n<p>En este caso fue el Rinc\u00f3n Zapatista Guadalajara la sede. Durante nueve horas de trabajo, decenas de personas de todo el estado hablaron de las problem\u00e1ticas que existen en los diferentes puntos de Jalisco por la lucha del territorio.<\/p>\n<p>Uno de los paneles estuvo dedicado a la comunidad ind\u00edgena de San Lorenzo Atzquelt\u00e1n, del norte del estado, justo en el municipio de Villa Guerrero. Ellos comenzaron una lucha contra los gobiernos y caciques del municipio por defender su pueblo, sus costumbres y evitar ser despojados.<\/p>\n<p>Temen que su legado hist\u00f3rico sea invadido por mineras auspiciadas por las autoridades y poderes f\u00e1cticos detr\u00e1s. As\u00ed lo explic\u00f3 Ricardo, uno de los comuneros que fueron atacados el 03 de noviembre.<\/p>\n<p>\u201c(Azquelt\u00e1n) es un terreno muy rico, muy productivo. Es buena tierra. A parte de eso hay, no tengo la certeza, pero se rumora que hay oro y plata y todas esas cosas. Es algo muy grande\u201d. Narr\u00f3 que, desde hace varios a\u00f1os, al menos seis, las disputas por el territorio han llegado a la violencia. Por ejemplo \u201cel d\u00eda 03 de noviembre (un cacique) estaba circulando un predio. La comunidad se organiza y vamos y quitamos el alambre. Nos llevamos el alambre a la casa comunal, lo resguardamos ah\u00ed, se hace todo eso. Por desgracia ese d\u00eda tuve que subir al municipio (Villa Guarrero) que es donde viven estos caciques. En el regreso fue cuando me atacaron a m\u00ed, me dan por muerto me imagino, porque sano no me dejaron\u201d.<\/p>\n<p>Ese mismo d\u00eda, No\u00e9, otro de los comuneros ind\u00edgenas, tambi\u00e9n fue atacado y levantado, de hecho, estuvo desaparecido durante varias horas. Tambi\u00e9n cont\u00f3 parte de su experiencia, aunque con dificultad para hablar, aun consecuencia de los golpes que recibi\u00f3 aquel d\u00eda.<\/p>\n<p>Ambos comentaron que San Pedro Azquelt\u00e1n es una comunidad ind\u00edgena con muchos a\u00f1os de tradiciones, adem\u00e1s de que est\u00e1 conformada por tepehuanos y wix\u00e1rikas, por lo que, a pesar de las amenazas y ataques, continuar\u00e1n en defensa de su territorio.<\/p>\n<p><a href=\"https:\/\/www.ntrguadalajara.com\/post.php?id_nota=144194\">https:\/\/www.ntrguadalajara.com\/post.php?id_nota=144194<\/a><\/p>\n","protected":false},"excerpt":{"rendered":"<p>Foto: Jorge Alberto Mendoza Lauro Rodr\u00edguez \/ El Diario NTR as comunidades originarias de Jalisco participaron de las Jornadas en Defensa del Territorio y la Madre Tierra #SamirSomosTodasyTodos que se &hellip; <a href=\"https:\/\/www.grieta.org.mx\/index.php\/2020\/02\/22\/comunidades-originarias-en-defensa-de-su-territorio-en-jalisco\/\" class=\"more-link\">Leer m\u00e1s<\/a><\/p>\n","protected":false},"author":2,"featured_media":45201,"comment_status":"closed","ping_status":"closed","sticky":false,"template":"","format":"standard","meta":{"ngg_post_thumbnail":0,"_jetpack_newsletter_access":"","_jetpack_dont_email_post_to_subs":false,"_jetpack_newsletter_tier_id":0,"_jetpack_memberships_contains_paywalled_content":false,"_jetpack_memberships_contains_paid_content":false,"footnotes":""},"categories":[80,79,20,3105,1782,2,2661],"tags":[3104],"class_list":["post-45199","post","type-post","status-publish","format-standard","has-post-thumbnail","hentry","category-cintillo","category-cni","category-jalisco","category-jornadas-samir-somos-todas-y-todos","category-lucha-y-resistencia-del-pueblo-en-jalisco","category-noticias-nacionales","category-redes-de-resistencia-y-rebeldia","tag-jornadas-samir","entry"],"jetpack_featured_media_url":"https:\/\/www.grieta.org.mx\/wp-content\/uploads\/2020\/02\/2020-02-22_09-02-04___8406.jpg","jetpack_sharing_enabled":true,"jetpack_shortlink":"https:\/\/wp.me\/p7ZJR4-bL1","jetpack_likes_enabled":false,"jetpack-related-posts":[{"id":44840,"url":"https:\/\/www.grieta.org.mx\/index.php\/2020\/02\/21\/galeria-de-fotos-de-accion-dislocada-en-el-rincon-zapatista-guadalajara-jornadas-samir-somos-todas-y-todos\/","url_meta":{"origin":45199,"position":0},"title":"Galer\u00eda de fotos de acci\u00f3n dislocada en el Rinc\u00f3n Zapatista Guadalajara. Jornadas \u201cSamir Somos Todas y Todos\u201d","author":"grieta","date":"21 febrero, 2020","format":false,"excerpt":"COLECTIVO GRIETA En el Rinc\u00f3n Zapatista de Guadalajara, ubicado en el centro hist\u00f3rico de la capital tapat\u00eda, se llev\u00f3 a cabo la campa\u00f1a en Defensa de la Madre Tierra y el Territorio: \"SAMIR FLORES SOMOS TODAS Y TODOS\". Galer\u00eda de fotos","rel":"","context":"En &quot;CINTILLO&quot;","block_context":{"text":"CINTILLO","link":"https:\/\/www.grieta.org.mx\/index.php\/category\/cintillo\/"},"img":{"alt_text":"","src":"https:\/\/i0.wp.com\/www.grieta.org.mx\/wp-content\/uploads\/2020\/02\/WhatsApp-Image-2020-02-21-at-12.07.30-PM.jpeg?resize=350%2C200&ssl=1","width":350,"height":200,"srcset":"https:\/\/i0.wp.com\/www.grieta.org.mx\/wp-content\/uploads\/2020\/02\/WhatsApp-Image-2020-02-21-at-12.07.30-PM.jpeg?resize=350%2C200&ssl=1 1x, https:\/\/i0.wp.com\/www.grieta.org.mx\/wp-content\/uploads\/2020\/02\/WhatsApp-Image-2020-02-21-at-12.07.30-PM.jpeg?resize=525%2C300&ssl=1 1.5x, https:\/\/i0.wp.com\/www.grieta.org.mx\/wp-content\/uploads\/2020\/02\/WhatsApp-Image-2020-02-21-at-12.07.30-PM.jpeg?resize=700%2C400&ssl=1 2x"},"classes":[]},{"id":44691,"url":"https:\/\/www.grieta.org.mx\/index.php\/2020\/02\/21\/pueblos-comunidades-organizaciones-sindicatos-y-colectivos-de-oaxaca-convocaron-a-las-jornadas-en-defensa-del-territorio-y-la-madre-tierra-samir-somos-todas-y-todos\/","url_meta":{"origin":45199,"position":1},"title":"Pueblos, comunidades, organizaciones, sindicatos y colectivos de Oaxaca convocaron a las Jornadas en Defensa del Territorio y la Madre Tierra \u201cSamir Somos Todas y Todos\u201d (Galer\u00eda de fotos)","author":"grieta","date":"21 febrero, 2020","format":false,"excerpt":"Colectivo Grieta. Pueblos, comunidades, organizaciones, sindicatos y colectivos de Oaxaca llamaron a reforzar la defensa de sus territorios frente a los proyectos capitalistas, como los proyectos mineros, la privatizaci\u00f3n del agua y el Megaproyecto del Istmo, hoy llamado Corredor Interoce\u00e1nico. Asimismo dieron a conocer las acciones a realizar los d\u00edas\u2026","rel":"","context":"En &quot;CINTILLO&quot;","block_context":{"text":"CINTILLO","link":"https:\/\/www.grieta.org.mx\/index.php\/category\/cintillo\/"},"img":{"alt_text":"","src":"https:\/\/i0.wp.com\/www.grieta.org.mx\/wp-content\/uploads\/2020\/02\/photo_2020-02-21-01.11.24.jpeg?resize=350%2C200&ssl=1","width":350,"height":200,"srcset":"https:\/\/i0.wp.com\/www.grieta.org.mx\/wp-content\/uploads\/2020\/02\/photo_2020-02-21-01.11.24.jpeg?resize=350%2C200&ssl=1 1x, https:\/\/i0.wp.com\/www.grieta.org.mx\/wp-content\/uploads\/2020\/02\/photo_2020-02-21-01.11.24.jpeg?resize=525%2C300&ssl=1 1.5x, https:\/\/i0.wp.com\/www.grieta.org.mx\/wp-content\/uploads\/2020\/02\/photo_2020-02-21-01.11.24.jpeg?resize=700%2C400&ssl=1 2x"},"classes":[]},{"id":42794,"url":"https:\/\/www.grieta.org.mx\/index.php\/2020\/01\/07\/convocatoria-a-las-jornadas-en-defensa-del-territorio-y-la-madre-tierra-samir-somos-todas-y-todos\/","url_meta":{"origin":45199,"position":2},"title":"CONVOCATORIA A LAS JORNADAS EN DEFENSA DEL TERRITORIO Y LA MADRE TIERRA \u201cSAMIR SOMOS TODAS Y TODOS\u201d","author":"grieta","date":"7 enero, 2020","format":false,"excerpt":"CONVOCATORIA A LAS JORNADAS EN DEFENSA DEL TERRITORIO Y LA MADRE TIERRA \u201cSAMIR SOMOS TODAS Y TODOS\u201d HERMANAS Y HERMANOS DE LOS PUEBLOS DE M\u00c9XICO Y DEL MUNDO: PRIMERO.- Hoy m\u00e1s que nunca el capitalismo se crece sobre la guerra y el despojo de todas las formas de vida. Los\u2026","rel":"","context":"En &quot;CIG&quot;","block_context":{"text":"CIG","link":"https:\/\/www.grieta.org.mx\/index.php\/category\/cig\/"},"img":{"alt_text":"","src":"https:\/\/i0.wp.com\/www.grieta.org.mx\/wp-content\/uploads\/2018\/03\/14524434_1106112876131411_958039263622046936_o.jpg?resize=350%2C200&ssl=1","width":350,"height":200,"srcset":"https:\/\/i0.wp.com\/www.grieta.org.mx\/wp-content\/uploads\/2018\/03\/14524434_1106112876131411_958039263622046936_o.jpg?resize=350%2C200&ssl=1 1x, https:\/\/i0.wp.com\/www.grieta.org.mx\/wp-content\/uploads\/2018\/03\/14524434_1106112876131411_958039263622046936_o.jpg?resize=525%2C300&ssl=1 1.5x, https:\/\/i0.wp.com\/www.grieta.org.mx\/wp-content\/uploads\/2018\/03\/14524434_1106112876131411_958039263622046936_o.jpg?resize=700%2C400&ssl=1 2x"},"classes":[]},{"id":44437,"url":"https:\/\/www.grieta.org.mx\/index.php\/2020\/02\/18\/jornadas-en-defensa-del-territorio-y-la-madre-tierra-samir-somos-todas-y-todos\/","url_meta":{"origin":45199,"position":3},"title":"Jornadas en Defensa del Territorio y la Madre Tierra \u201cSAMIR SOMOS TODAS Y TODOS\u201d","author":"grieta","date":"18 febrero, 2020","format":false,"excerpt":"Carteles informativos para descargar donde se explica a grandes rasgos en qu\u00e9 consisten los distintos megaproyectos de muerte denunciados por el CNI en el marco de las Jornadas en Defensa del Territorio y la Madre Tierra \u201cSAMIR SOMOS TODAS Y TODOS\u201d:","rel":"","context":"En &quot;CINTILLO&quot;","block_context":{"text":"CINTILLO","link":"https:\/\/www.grieta.org.mx\/index.php\/category\/cintillo\/"},"img":{"alt_text":"","src":"https:\/\/i0.wp.com\/www.grieta.org.mx\/wp-content\/uploads\/2020\/02\/81921737_3944542865571707_462686377142648832_n.jpg?resize=350%2C200&ssl=1","width":350,"height":200,"srcset":"https:\/\/i0.wp.com\/www.grieta.org.mx\/wp-content\/uploads\/2020\/02\/81921737_3944542865571707_462686377142648832_n.jpg?resize=350%2C200&ssl=1 1x, https:\/\/i0.wp.com\/www.grieta.org.mx\/wp-content\/uploads\/2020\/02\/81921737_3944542865571707_462686377142648832_n.jpg?resize=525%2C300&ssl=1 1.5x"},"classes":[]},{"id":64291,"url":"https:\/\/www.grieta.org.mx\/index.php\/2022\/05\/19\/consejo-supremo-indigena-de-michoacan-recibe-a-caravana-wixarika\/","url_meta":{"origin":45199,"position":4},"title":"Consejo Supremo Ind\u00edgena de Michoac\u00e1n recibe a caravana Wix\u00e1rika","author":"grieta","date":"19 mayo, 2022","format":false,"excerpt":"Informativo La Regi\u00f3n, jueves, 19 mayo 2022 Estaci\u00f3n Quer\u00e9ndaro a 19 de mayo del 2022.- El Consejo Supremo Ind\u00edgena de Michoac\u00e1n #CSIM consejo aut\u00f3nomo conformado por autoridades tradiciones de 65 comunidades originarias recibi\u00f3 a la Caravana de la Dignidad y la Conciencia Wix\u00e1rika en el poblado de Estaci\u00f3n de Quer\u00e9ndaro\u2026","rel":"","context":"En &quot;CINTILLO&quot;","block_context":{"text":"CINTILLO","link":"https:\/\/www.grieta.org.mx\/index.php\/category\/cintillo\/"},"img":{"alt_text":"","src":"https:\/\/i0.wp.com\/www.grieta.org.mx\/wp-content\/uploads\/2022\/05\/282247347_2671207033013660_6376625324115801356_n.jpg?resize=350%2C200&ssl=1","width":350,"height":200,"srcset":"https:\/\/i0.wp.com\/www.grieta.org.mx\/wp-content\/uploads\/2022\/05\/282247347_2671207033013660_6376625324115801356_n.jpg?resize=350%2C200&ssl=1 1x, https:\/\/i0.wp.com\/www.grieta.org.mx\/wp-content\/uploads\/2022\/05\/282247347_2671207033013660_6376625324115801356_n.jpg?resize=525%2C300&ssl=1 1.5x, https:\/\/i0.wp.com\/www.grieta.org.mx\/wp-content\/uploads\/2022\/05\/282247347_2671207033013660_6376625324115801356_n.jpg?resize=700%2C400&ssl=1 2x, https:\/\/i0.wp.com\/www.grieta.org.mx\/wp-content\/uploads\/2022\/05\/282247347_2671207033013660_6376625324115801356_n.jpg?resize=1050%2C600&ssl=1 3x, https:\/\/i0.wp.com\/www.grieta.org.mx\/wp-content\/uploads\/2022\/05\/282247347_2671207033013660_6376625324115801356_n.jpg?resize=1400%2C800&ssl=1 4x"},"classes":[]},{"id":72291,"url":"https:\/\/www.grieta.org.mx\/index.php\/2025\/09\/05\/frente-unido-convoca-a-apoyar-a-familias-desplazadas-en-san-sebastian-jalisco\/","url_meta":{"origin":45199,"position":5},"title":"Frente Unido convoca a apoyar a familias desplazadas en San Sebasti\u00e1n (Jalisco)","author":"grieta","date":"5 septiembre, 2025","format":false,"excerpt":"Imagen: Michelle V\u00e1zquez\/Archivo Miguel \u00c1ngel Vidal \/ El Diario NTR El Frente Unido por la Vivienda Digna y el Territorio lanz\u00f3 un llamado a la ciudadan\u00eda para apoyar a m\u00e1s de 300 familias desplazadas por de San Sebasti\u00e1n El Grande, Tlajomulco, por el mismo municipio, y quienes actualmente se encuentran\u2026","rel":"","context":"En &quot;CINTILLO&quot;","block_context":{"text":"CINTILLO","link":"https:\/\/www.grieta.org.mx\/index.php\/category\/cintillo\/"},"img":{"alt_text":"","src":"https:\/\/i0.wp.com\/www.grieta.org.mx\/wp-content\/uploads\/2025\/09\/2025-09-05_12-09-31___8052.jpg?resize=350%2C200&ssl=1","width":350,"height":200,"srcset":"https:\/\/i0.wp.com\/www.grieta.org.mx\/wp-content\/uploads\/2025\/09\/2025-09-05_12-09-31___8052.jpg?resize=350%2C200&ssl=1 1x, https:\/\/i0.wp.com\/www.grieta.org.mx\/wp-content\/uploads\/2025\/09\/2025-09-05_12-09-31___8052.jpg?resize=525%2C300&ssl=1 1.5x, https:\/\/i0.wp.com\/www.grieta.org.mx\/wp-content\/uploads\/2025\/09\/2025-09-05_12-09-31___8052.jpg?resize=700%2C400&ssl=1 2x"},"classes":[]}],"_links":{"self":[{"href":"https:\/\/www.grieta.org.mx\/index.php\/wp-json\/wp\/v2\/posts\/45199","targetHints":{"allow":["GET"]}}],"collection":[{"href":"https:\/\/www.grieta.org.mx\/index.php\/wp-json\/wp\/v2\/posts"}],"about":[{"href":"https:\/\/www.grieta.org.mx\/index.php\/wp-json\/wp\/v2\/types\/post"}],"author":[{"embeddable":true,"href":"https:\/\/www.grieta.org.mx\/index.php\/wp-json\/wp\/v2\/users\/2"}],"replies":[{"embeddable":true,"href":"https:\/\/www.grieta.org.mx\/index.php\/wp-json\/wp\/v2\/comments?post=45199"}],"version-history":[{"count":1,"href":"https:\/\/www.grieta.org.mx\/index.php\/wp-json\/wp\/v2\/posts\/45199\/revisions"}],"predecessor-version":[{"id":45205,"href":"https:\/\/www.grieta.org.mx\/index.php\/wp-json\/wp\/v2\/posts\/45199\/revisions\/45205"}],"wp:featuredmedia":[{"embeddable":true,"href":"https:\/\/www.grieta.org.mx\/index.php\/wp-json\/wp\/v2\/media\/45201"}],"wp:attachment":[{"href":"https:\/\/www.grieta.org.mx\/index.php\/wp-json\/wp\/v2\/media?parent=45199"}],"wp:term":[{"taxonomy":"category","embeddable":true,"href":"https:\/\/www.grieta.org.mx\/index.php\/wp-json\/wp\/v2\/categories?post=45199"},{"taxonomy":"post_tag","embeddable":true,"href":"https:\/\/www.grieta.org.mx\/index.php\/wp-json\/wp\/v2\/tags?post=45199"}],"curies":[{"name":"wp","href":"https:\/\/api.w.org\/{rel}","templated":true}]}}